{"id":15744,"date":"2019-11-11T17:51:21","date_gmt":"2019-11-11T20:51:21","guid":{"rendered":"http:\/\/lahoradelcampo.com.uy\/site\/?p=15744"},"modified":"2019-11-11T17:51:29","modified_gmt":"2019-11-11T20:51:29","slug":"exportaciones-ovinas-caen-un-9-en-el-ultimo-ano-movil","status":"publish","type":"post","link":"https:\/\/lahoradelcampo.com.uy\/site\/exportaciones-ovinas-caen-un-9-en-el-ultimo-ano-movil\/","title":{"rendered":"Exportaciones ovinas caen un 9% en el \u00faltimo a\u00f1o m\u00f3vil"},"content":{"rendered":"\n<figure class=\"wp-block-image\"><img data-recalc-dims=\"1\" loading=\"lazy\" decoding=\"async\" width=\"810\" height=\"405\" data-attachment-id=\"3619\" data-permalink=\"https:\/\/lahoradelcampo.com.uy\/site\/se-vendio-cerca-de-100-000-kilos-de-lanas-por-debajo-de-las-215-micras\/lanas-8\/\" data-orig-file=\"https:\/\/i0.wp.com\/lahoradelcampo.com.uy\/site\/wp-content\/uploads\/2017\/11\/Lanas-1.jpg?fit=880%2C440&amp;ssl=1\" data-orig-size=\"880,440\" data-comments-opened=\"1\" data-image-meta=\"{&quot;aperture&quot;:&quot;0&quot;,&quot;credit&quot;:&quot;Vicente-Manuel-Tort&quot;,&quot;camera&quot;:&quot;&quot;,&quot;caption&quot;:&quot;&quot;,&quot;created_timestamp&quot;:&quot;0&quot;,&quot;copyright&quot;:&quot;Presidencia de la Republica - Sec.Com.Inst.&quot;,&quot;focal_length&quot;:&quot;0&quot;,&quot;iso&quot;:&quot;0&quot;,&quot;shutter_speed&quot;:&quot;0&quot;,&quot;title&quot;:&quot;&quot;,&quot;orientation&quot;:&quot;1&quot;}\" data-image-title=\"Lanas\" data-image-description=\"\" data-image-caption=\"\" data-large-file=\"https:\/\/i0.wp.com\/lahoradelcampo.com.uy\/site\/wp-content\/uploads\/2017\/11\/Lanas-1.jpg?fit=810%2C405&amp;ssl=1\" src=\"https:\/\/i0.wp.com\/lahoradelcampo.com.uy\/site\/wp-content\/uploads\/2017\/11\/Lanas-1.jpg?resize=810%2C405\" alt=\"\" class=\"wp-image-3619\" srcset=\"https:\/\/i0.wp.com\/lahoradelcampo.com.uy\/site\/wp-content\/uploads\/2017\/11\/Lanas-1.jpg?w=880&amp;ssl=1 880w, https:\/\/i0.wp.com\/lahoradelcampo.com.uy\/site\/wp-content\/uploads\/2017\/11\/Lanas-1.jpg?resize=300%2C150&amp;ssl=1 300w, https:\/\/i0.wp.com\/lahoradelcampo.com.uy\/site\/wp-content\/uploads\/2017\/11\/Lanas-1.jpg?resize=768%2C384&amp;ssl=1 768w, https:\/\/i0.wp.com\/lahoradelcampo.com.uy\/site\/wp-content\/uploads\/2017\/11\/Lanas-1.jpg?resize=820%2C410&amp;ssl=1 820w\" sizes=\"auto, (max-width: 810px) 100vw, 810px\" \/><\/figure>\n\n\n\n<p>En el \u00faltimo a\u00f1o m\u00f3vil, noviembre 2018-octubre 2019, las exportaciones del rubro ovino descendieron un 9%, incluyendo lana y productos de lana, carne ovina, animales en pie, pieles ovinas, grasa de lana y lanolina, de acuerdo a los datos de la Direcci\u00f3n Nacional de Aduanas analizados por el Secretariado Uruguayo de la Lana. En este per\u00edodo las exportaciones representaron un ingreso de 298.161.704 d\u00f3lares de ingreso al pa\u00eds.<br><\/p>\n\n\n\n<p>El 74% de estos ingresos correspondi\u00f3 a lanas y productos de lana, que registran una ca\u00edda del 12,3%. En el caso de los otros productos que componen el rubro ovino, las exportaciones de carne ovina y de grasa de lana y lanolina aumentaron un 6,9% y 0,3% respectivamente, en tanto que los ingresos por exportaciones de animales en pie cay\u00f3 un 45,6%.<br><\/p>\n\n\n\n<p>Las exportaciones de pieles ovinas tambi\u00e9n descendieron, en este caso un 57,2%, reflejo de los problemas de colocaci\u00f3n en el exterior y de los bajos valores que se est\u00e1n visualizando en el mercado interno, situaci\u00f3n que tambi\u00e9n se traslada al cuero vacuno. <br><\/p>\n\n\n\n<p><strong>Lana<\/strong><br><\/p>\n\n\n\n<p>Casi el 50% de los ingresos por venta de lana lavada, peinada y sucia, responden a las exportaciones a China, el principal destino para la fibra nacional, dentro de los 30 destinos que posee nuestro producto. En total se export\u00f3 212 millones de d\u00f3lares, representando un 10,3% por debajo del per\u00edodo anterior. <br><\/p>\n\n\n\n<p>En lana sucia las exportaciones cayeron un 28% en el volumen comercializado, lo que tambi\u00e9n gener\u00f3 un descenso del 30,5% en el ingreso de divisas al pa\u00eds. China es el principal destino de este producto con el 60,4%, seguida por Italia (14%) y Bulgaria (14%). <br><\/p>\n\n\n\n<p>La lana lavada disminuy\u00f3 un 18% en el volumen exportado, con un ingreso de divisas que cae un 10,2% entre per\u00edodos. China en este caso representa el 75% de las ventas, seguida por Italia (6,5%) y Tailandia (3,5%). El gigante asi\u00e1tico ha disminuido sus compras un 11% en t\u00e9rminos de valor en este producto. <br><\/p>\n\n\n\n<p>En el caso de la lana peinada (Tops), las ventas al exterior responden por el 57% del volumen total comercializado y registraron un aumento entre per\u00edodos del 2%. En tanto que al analizar en d\u00f3lares las ventas se observa un descenso del 1,2%. China tambi\u00e9n se posicion\u00f3 en este producto como el principal destino con el 35,8% de las ventas en d\u00f3lares, desplazando a Alemania que cay\u00f3 al segundo lugar con el 26,7%, a pesar que increment\u00f3 sus compras respecto al a\u00f1o m\u00f3vil anterior. <br><\/p>\n\n\n\n<p>Los productos con mayor valor agregado, hilados, tejidos, prendas de vestir y mantas, registraron los mayores descensos en las ventas al exterior. Reafirmando lo sucedido en a\u00f1os anteriores, donde Uruguay pierde competitividad en el agregado de valor de su lana. <br><\/p>\n\n\n\n<p><strong>Carne ovina<\/strong><br><\/p>\n\n\n\n<p>En t\u00e9rmino de volumen f\u00edsico, durante el periodo noviembre 2018 a octubre 2019 Uruguay export\u00f3 un total de 13.352.777 kilos de carne ovina un 9.9% m\u00e1s que en igual per\u00edodo anterior. 24 pa\u00edses constituyeron el destino de las ventas de carne ovina, siendo China el l\u00edder en compras con un 40.5% mientras que Brasil adquiri\u00f3 el 39%. Mientras que Brasil registr\u00f3 una baja del 17% en comparaci\u00f3n a igual periodo anterior, China subi\u00f3 un 52%.<br><\/p>\n\n\n\n<p>En t\u00e9rminos de valor se registr\u00f3 una suba del 6.9% m\u00e1s en comparaci\u00f3n periodo anterior (de los US$ 70.339.398 exportados de carne ovina). Los principales destinos fueron: China (44.4%), Brasil (37.6%), Hong Kong (3.7%) y Canad\u00e1 (3.4%). <\/p>\n","protected":false},"excerpt":{"rendered":"<p>En el \u00faltimo a\u00f1o m\u00f3vil, noviembre 2018-octubre 2019, las exportaciones del rubro ovino descendieron un 9%, incluyendo lana y productos de lana, carne ovina, animales en pie, pieles ovinas, grasa [&hellip;]<\/p>\n","protected":false},"author":5,"featured_media":3619,"comment_status":"open","ping_status":"open","sticky":false,"template":"","format":"standard","meta":{"_price":"","_stock":"","_tribe_ticket_header":"","_tribe_default_ticket_provider":"","_tribe_ticket_capacity":"0","_ticket_start_date":"","_ticket_end_date":"","_tribe_ticket_show_description":"","_tribe_ticket_show_not_going":false,"_tribe_ticket_use_global_stock":"","_tribe_ticket_global_stock_level":"","_global_stock_mode":"","_global_stock_cap":"","_tribe_rsvp_for_event":"","_tribe_ticket_going_count":"","_tribe_ticket_not_going_count":"","_tribe_tickets_list":"[]","_tribe_ticket_has_attendee_info_fields":false,"h5ap_radio_sources":[],"_jetpack_newsletter_access":"","_jetpack_dont_email_post_to_subs":false,"_jetpack_newsletter_tier_id":0,"_jetpack_memberships_contains_paywalled_content":false,"_jetpack_memberships_contains_paid_content":false,"footnotes":""},"categories":[21,5],"tags":[],"class_list":["post-15744","post","type-post","status-publish","format-standard","has-post-thumbnail","hentry","category-actualidad","category-ganaderia"],"jetpack_featured_media_url":"https:\/\/i0.wp.com\/lahoradelcampo.com.uy\/site\/wp-content\/uploads\/2017\/11\/Lanas-1.jpg?fit=880%2C440&ssl=1","jetpack_sharing_enabled":true,"jetpack_shortlink":"https:\/\/wp.me\/p99IaT-45W","jetpack-related-posts":[{"id":3851,"url":"https:\/\/lahoradelcampo.com.uy\/site\/exportaciones-del-rubro-ovino-caen-un-24-en-2017\/","url_meta":{"origin":15744,"position":0},"title":"Exportaciones del rubro ovino caen un 24% en 2017","author":"La Hora del Campo","date":"13 noviembre, 2017","format":false,"excerpt":"En octubre de 2017, las exportaciones del rubro ovino registraron una suba del 25% respecto a octubre 2016. La lana sucia, lavada y peinada registr\u00f3 subas en valor y en volumen. Tambi\u00e9n se incrementaron las exportaciones de carne ovina. Las de grasa de lana y lanolina disminuyeron un 9.9%. Por\u2026","rel":"","context":"En \u00abActualidad\u00bb","block_context":{"text":"Actualidad","link":"https:\/\/lahoradelcampo.com.uy\/site\/category\/actualidad\/"},"img":{"alt_text":"","src":"https:\/\/i0.wp.com\/lahoradelcampo.com.uy\/site\/wp-content\/uploads\/2017\/11\/Ovinos.jpg?fit=880%2C440&ssl=1&resize=350%2C200","width":350,"height":200,"srcset":"https:\/\/i0.wp.com\/lahoradelcampo.com.uy\/site\/wp-content\/uploads\/2017\/11\/Ovinos.jpg?fit=880%2C440&ssl=1&resize=350%2C200 1x, https:\/\/i0.wp.com\/lahoradelcampo.com.uy\/site\/wp-content\/uploads\/2017\/11\/Ovinos.jpg?fit=880%2C440&ssl=1&resize=525%2C300 1.5x, https:\/\/i0.wp.com\/lahoradelcampo.com.uy\/site\/wp-content\/uploads\/2017\/11\/Ovinos.jpg?fit=880%2C440&ssl=1&resize=700%2C400 2x"},"classes":[]},{"id":17364,"url":"https:\/\/lahoradelcampo.com.uy\/site\/exportaciones-del-rubro-ovino-cayeron-un-19-a-enero-de-2020\/","url_meta":{"origin":15744,"position":1},"title":"Exportaciones del rubro ovino cayeron un 19% a enero de 2020","author":"La Hora del Campo","date":"12 febrero, 2020","format":false,"excerpt":"Las exportaciones del rubro ovino durante el 2019 disminuyeron 16 % ubic\u00e1ndose en U$S 276 millones. Las exportaciones de lana y productos de lana registraron una baja del 21 % mientras que las exportaciones de carne aumentaron un 7 % alcanzando los U$S 73 millones. A\u00f1o M\u00f3vil En el \u00faltimo\u2026","rel":"","context":"En \u00abActualidad\u00bb","block_context":{"text":"Actualidad","link":"https:\/\/lahoradelcampo.com.uy\/site\/category\/actualidad\/"},"img":{"alt_text":"","src":"https:\/\/i0.wp.com\/lahoradelcampo.com.uy\/site\/wp-content\/uploads\/2018\/04\/Ovinos.jpg?fit=880%2C440&ssl=1&resize=350%2C200","width":350,"height":200,"srcset":"https:\/\/i0.wp.com\/lahoradelcampo.com.uy\/site\/wp-content\/uploads\/2018\/04\/Ovinos.jpg?fit=880%2C440&ssl=1&resize=350%2C200 1x, https:\/\/i0.wp.com\/lahoradelcampo.com.uy\/site\/wp-content\/uploads\/2018\/04\/Ovinos.jpg?fit=880%2C440&ssl=1&resize=525%2C300 1.5x, https:\/\/i0.wp.com\/lahoradelcampo.com.uy\/site\/wp-content\/uploads\/2018\/04\/Ovinos.jpg?fit=880%2C440&ssl=1&resize=700%2C400 2x"},"classes":[]},{"id":18686,"url":"https:\/\/lahoradelcampo.com.uy\/site\/exportaciones-del-rubro-ovino-suman-us-260-millones-en-el-ultimo-ano-movil\/","url_meta":{"origin":15744,"position":2},"title":"Exportaciones del rubro ovino suman US$ 260 millones en el \u00faltimo a\u00f1o m\u00f3vil","author":"La Hora del Campo","date":"7 abril, 2020","format":false,"excerpt":"De acuerdo al informe mensual del Secretariado Uruguayo de la Lana (SUL), el rubro ovino en su conjunto registr\u00f3 un ingreso de US$ 260 millones por las exportaciones en el \u00faltimo a\u00f1o m\u00f3vil (Abril-Marzo), lo cual significa una baja del 20% respecto a igual per\u00edodo anterior. Adem\u00e1s se visualiza en\u2026","rel":"","context":"En \u00abActualidad\u00bb","block_context":{"text":"Actualidad","link":"https:\/\/lahoradelcampo.com.uy\/site\/category\/actualidad\/"},"img":{"alt_text":"","src":"https:\/\/i0.wp.com\/lahoradelcampo.com.uy\/site\/wp-content\/uploads\/2017\/12\/Ovinos.jpg?fit=880%2C440&ssl=1&resize=350%2C200","width":350,"height":200,"srcset":"https:\/\/i0.wp.com\/lahoradelcampo.com.uy\/site\/wp-content\/uploads\/2017\/12\/Ovinos.jpg?fit=880%2C440&ssl=1&resize=350%2C200 1x, https:\/\/i0.wp.com\/lahoradelcampo.com.uy\/site\/wp-content\/uploads\/2017\/12\/Ovinos.jpg?fit=880%2C440&ssl=1&resize=525%2C300 1.5x, https:\/\/i0.wp.com\/lahoradelcampo.com.uy\/site\/wp-content\/uploads\/2017\/12\/Ovinos.jpg?fit=880%2C440&ssl=1&resize=700%2C400 2x"},"classes":[]},{"id":24526,"url":"https:\/\/lahoradelcampo.com.uy\/site\/exportaciones-del-rubro-ovino-sumaron-180-millones-de-dolares-a-setiembre\/","url_meta":{"origin":15744,"position":3},"title":"Exportaciones del rubro ovino sumaron 180 millones de d\u00f3lares a setiembre","author":"La Hora del Campo","date":"10 octubre, 2020","format":false,"excerpt":"Durante el \u00faltimo a\u00f1o m\u00f3vil, octubre 2019-setiembre 2020, ingresaron a Uruguay un total de 180 millones de d\u00f3lares por concepto de exportaciones de los productos que componen el Rubro Ovino (lanas y productos de lana, carne ovina, pieles ovinas, ovinos en pie y grasa de lana y lanolina) de acuerdo\u2026","rel":"","context":"En \u00abActualidad\u00bb","block_context":{"text":"Actualidad","link":"https:\/\/lahoradelcampo.com.uy\/site\/category\/actualidad\/"},"img":{"alt_text":"","src":"https:\/\/i0.wp.com\/lahoradelcampo.com.uy\/site\/wp-content\/uploads\/2017\/11\/Lanas.jpg?fit=880%2C440&ssl=1&resize=350%2C200","width":350,"height":200,"srcset":"https:\/\/i0.wp.com\/lahoradelcampo.com.uy\/site\/wp-content\/uploads\/2017\/11\/Lanas.jpg?fit=880%2C440&ssl=1&resize=350%2C200 1x, https:\/\/i0.wp.com\/lahoradelcampo.com.uy\/site\/wp-content\/uploads\/2017\/11\/Lanas.jpg?fit=880%2C440&ssl=1&resize=525%2C300 1.5x, https:\/\/i0.wp.com\/lahoradelcampo.com.uy\/site\/wp-content\/uploads\/2017\/11\/Lanas.jpg?fit=880%2C440&ssl=1&resize=700%2C400 2x"},"classes":[]},{"id":21790,"url":"https:\/\/lahoradelcampo.com.uy\/site\/exportaciones-de-lana-cayeron-497-en-el-ultimo-ano-movil\/","url_meta":{"origin":15744,"position":4},"title":"Exportaciones de lana cayeron 49,7% en el \u00faltimo a\u00f1o m\u00f3vil","author":"La Hora del Campo","date":"14 julio, 2020","format":false,"excerpt":"Entre julio de 2019 y junio de 2020, las exportaciones del rubro ovino en su conjunto generaron un ingreso de 205 millones de d\u00f3lares al pa\u00eds. Estos ingresos significan una ca\u00edda del 38% respecto a igual per\u00edodo anterior, seg\u00fan las cifras de las \u201cexportaciones cumplidas\u201d proporcionadas al Secretariado Uruguayo de\u2026","rel":"","context":"En \u00abActualidad\u00bb","block_context":{"text":"Actualidad","link":"https:\/\/lahoradelcampo.com.uy\/site\/category\/actualidad\/"},"img":{"alt_text":"","src":"https:\/\/i0.wp.com\/lahoradelcampo.com.uy\/site\/wp-content\/uploads\/2017\/10\/Lanas-australia.jpg?fit=880%2C440&ssl=1&resize=350%2C200","width":350,"height":200,"srcset":"https:\/\/i0.wp.com\/lahoradelcampo.com.uy\/site\/wp-content\/uploads\/2017\/10\/Lanas-australia.jpg?fit=880%2C440&ssl=1&resize=350%2C200 1x, https:\/\/i0.wp.com\/lahoradelcampo.com.uy\/site\/wp-content\/uploads\/2017\/10\/Lanas-australia.jpg?fit=880%2C440&ssl=1&resize=525%2C300 1.5x, https:\/\/i0.wp.com\/lahoradelcampo.com.uy\/site\/wp-content\/uploads\/2017\/10\/Lanas-australia.jpg?fit=880%2C440&ssl=1&resize=700%2C400 2x"},"classes":[]},{"id":16816,"url":"https:\/\/lahoradelcampo.com.uy\/site\/exportaciones-del-rubro-ovino-cayeron-un-16-en-2019\/","url_meta":{"origin":15744,"position":5},"title":"Exportaciones del rubro ovino cayeron un 16% en 2019","author":"La Hora del Campo","date":"10 enero, 2020","format":false,"excerpt":"El aumento de las exportaciones de carne ovina se diluye en la ca\u00edda que han registrado los diferentes productos que conforman el rubro ovino. Principalmente la baja de las ventas al exterior de lana y productos de lana, a las que se suman las bajas en pieles ovinas y animales\u2026","rel":"","context":"En \u00abActualidad\u00bb","block_context":{"text":"Actualidad","link":"https:\/\/lahoradelcampo.com.uy\/site\/category\/actualidad\/"},"img":{"alt_text":"","src":"https:\/\/i0.wp.com\/lahoradelcampo.com.uy\/site\/wp-content\/uploads\/2018\/03\/ovinos.jpg?fit=880%2C440&ssl=1&resize=350%2C200","width":350,"height":200,"srcset":"https:\/\/i0.wp.com\/lahoradelcampo.com.uy\/site\/wp-content\/uploads\/2018\/03\/ovinos.jpg?fit=880%2C440&ssl=1&resize=350%2C200 1x, https:\/\/i0.wp.com\/lahoradelcampo.com.uy\/site\/wp-content\/uploads\/2018\/03\/ovinos.jpg?fit=880%2C440&ssl=1&resize=525%2C300 1.5x, https:\/\/i0.wp.com\/lahoradelcampo.com.uy\/site\/wp-content\/uploads\/2018\/03\/ovinos.jpg?fit=880%2C440&ssl=1&resize=700%2C400 2x"},"classes":[]}],"jetpack_likes_enabled":true,"_links":{"self":[{"href":"https:\/\/lahoradelcampo.com.uy\/site\/wp-json\/wp\/v2\/posts\/15744","targetHints":{"allow":["GET"]}}],"collection":[{"href":"https:\/\/lahoradelcampo.com.uy\/site\/wp-json\/wp\/v2\/posts"}],"about":[{"href":"https:\/\/lahoradelcampo.com.uy\/site\/wp-json\/wp\/v2\/types\/post"}],"author":[{"embeddable":true,"href":"https:\/\/lahoradelcampo.com.uy\/site\/wp-json\/wp\/v2\/users\/5"}],"replies":[{"embeddable":true,"href":"https:\/\/lahoradelcampo.com.uy\/site\/wp-json\/wp\/v2\/comments?post=15744"}],"version-history":[{"count":1,"href":"https:\/\/lahoradelcampo.com.uy\/site\/wp-json\/wp\/v2\/posts\/15744\/revisions"}],"predecessor-version":[{"id":15746,"href":"https:\/\/lahoradelcampo.com.uy\/site\/wp-json\/wp\/v2\/posts\/15744\/revisions\/15746"}],"wp:featuredmedia":[{"embeddable":true,"href":"https:\/\/lahoradelcampo.com.uy\/site\/wp-json\/wp\/v2\/media\/3619"}],"wp:attachment":[{"href":"https:\/\/lahoradelcampo.com.uy\/site\/wp-json\/wp\/v2\/media?parent=15744"}],"wp:term":[{"taxonomy":"category","embeddable":true,"href":"https:\/\/lahoradelcampo.com.uy\/site\/wp-json\/wp\/v2\/categories?post=15744"},{"taxonomy":"post_tag","embeddable":true,"href":"https:\/\/lahoradelcampo.com.uy\/site\/wp-json\/wp\/v2\/tags?post=15744"}],"curies":[{"name":"wp","href":"https:\/\/api.w.org\/{rel}","templated":true}]}}