{"id":15624,"date":"2019-11-06T07:27:10","date_gmt":"2019-11-06T10:27:10","guid":{"rendered":"http:\/\/lahoradelcampo.com.uy\/site\/?p=15624"},"modified":"2019-11-06T07:27:19","modified_gmt":"2019-11-06T10:27:19","slug":"uruguay-firmo-acuerdo-con-china-para-la-exportacion-de-miel","status":"publish","type":"post","link":"https:\/\/lahoradelcampo.com.uy\/site\/uruguay-firmo-acuerdo-con-china-para-la-exportacion-de-miel\/","title":{"rendered":"Uruguay firm\u00f3 acuerdo con China para la exportaci\u00f3n de miel"},"content":{"rendered":"\n<figure class=\"wp-block-image\"><img data-recalc-dims=\"1\" loading=\"lazy\" decoding=\"async\" width=\"810\" height=\"405\" data-attachment-id=\"15628\" data-permalink=\"https:\/\/lahoradelcampo.com.uy\/site\/uruguay-firmo-acuerdo-con-china-para-la-exportacion-de-miel\/china\/\" data-orig-file=\"https:\/\/i0.wp.com\/lahoradelcampo.com.uy\/site\/wp-content\/uploads\/2019\/11\/China.jpg?fit=880%2C440&amp;ssl=1\" data-orig-size=\"880,440\" data-comments-opened=\"1\" data-image-meta=\"{&quot;aperture&quot;:&quot;0&quot;,&quot;credit&quot;:&quot;&quot;,&quot;camera&quot;:&quot;&quot;,&quot;caption&quot;:&quot;&quot;,&quot;created_timestamp&quot;:&quot;0&quot;,&quot;copyright&quot;:&quot;&quot;,&quot;focal_length&quot;:&quot;0&quot;,&quot;iso&quot;:&quot;0&quot;,&quot;shutter_speed&quot;:&quot;0&quot;,&quot;title&quot;:&quot;&quot;,&quot;orientation&quot;:&quot;1&quot;}\" data-image-title=\"China\" data-image-description=\"\" data-image-caption=\"\" data-large-file=\"https:\/\/i0.wp.com\/lahoradelcampo.com.uy\/site\/wp-content\/uploads\/2019\/11\/China.jpg?fit=810%2C405&amp;ssl=1\" src=\"https:\/\/i0.wp.com\/lahoradelcampo.com.uy\/site\/wp-content\/uploads\/2019\/11\/China.jpg?resize=810%2C405\" alt=\"\" class=\"wp-image-15628\" srcset=\"https:\/\/i0.wp.com\/lahoradelcampo.com.uy\/site\/wp-content\/uploads\/2019\/11\/China.jpg?w=880&amp;ssl=1 880w, https:\/\/i0.wp.com\/lahoradelcampo.com.uy\/site\/wp-content\/uploads\/2019\/11\/China.jpg?resize=300%2C150&amp;ssl=1 300w, https:\/\/i0.wp.com\/lahoradelcampo.com.uy\/site\/wp-content\/uploads\/2019\/11\/China.jpg?resize=768%2C384&amp;ssl=1 768w, https:\/\/i0.wp.com\/lahoradelcampo.com.uy\/site\/wp-content\/uploads\/2019\/11\/China.jpg?resize=820%2C410&amp;ssl=1 820w\" sizes=\"auto, (max-width: 810px) 100vw, 810px\" \/><\/figure>\n\n\n\n<p>El mercado de China para el ingreso de miel y carne equina uruguaya qued\u00f3 abierto desde ayer martes 5, tras la firma de los protocolos por parte de ambos Gobiernos, anunci\u00f3 el ministro de Ganader\u00eda, Enzo Benech. \u201cLo importante es la reafirmaci\u00f3n de que China, a trav\u00e9s de la palabra de su presidente Xi Jinping, se mantiene abierto al mundo, especialmente en pa\u00edses m\u00e1s peque\u00f1os que necesitan crecer y desarrollarse\u201d, remarc\u00f3.<br><\/p>\n\n\n\n<p>Benech, desde Shangh\u00e1i, inform\u00f3 sobre la firma de los protocolos para el ingreso de miel y carne equina uruguaya a China. \u00abAbre el mercado del gigante asi\u00e1tico a dos nuevos productos que estaban pendientes y fue lo mejor que se logr\u00f3 negociar\u00bb, asegur\u00f3 el jerarca.<br><\/p>\n\n\n\n<p>\u201cEl protocolo de miel es importante por abarcar el tema del control de residuos que ya fue consultado y discutido con la Comisi\u00f3n Honoraria Ap\u00edcola. Hay gente en Uruguay que puede cumplir esos requisitos.  En tanto el de carne equina no tiene mayores dificultades\u201d, indic\u00f3.<br><\/p>\n\n\n\n<p>El funcionario especific\u00f3 que estos documentos abren la posibilidad de comerciar estos productos nacionales. \u201cDespu\u00e9s veremos hasta adonde avanzamos y cuantos productores pueden aprovechar estos protocolos en un nuevo mercado. Los privados har\u00e1n sus negocios\u201d, aludi\u00f3 el secretario de Estado.<br><\/p>\n\n\n\n<p>Por su parte el integrante de la Asociaci\u00f3n de Exportadores de Miel (Adexmi) Cristopher Lerithier, dijo que \u00aben realidad es un acuerdo exactamente igual que para cualquier otro pa\u00eds que quiera exportar miel a China, o sea que no hay ninguna condici\u00f3n especial\u00bb. <br><\/p>\n\n\n\n<p>De acuerdo al exportador, las condicionantes impuestas por el gigante asi\u00e1tico vuelven pr\u00e1cticamente \u00abrestrictivo\u00bb el ingreso a este mercado, es decir que \u00abla cantidad de miel que podamos exportar a ese pa\u00eds va a ser bastante limitado, por temas de transg\u00e9nicos u otras condiciones\u00bb. <br><\/p>\n\n\n\n<p>Lerithier se\u00f1al\u00f3 que \u00abes imposible saber de valores porque hasta ahora no hemos exportado nada a China, as\u00ed que no sabemo como es el mercado\u00bb. En este sentido dijo entender que \u00abhay un p\u00fablico que busca productos importados, genuinos, y en eso tenemos alguna ventaja\u00bb. <br><\/p>\n\n\n\n<p>Para el exportador de miel, China ser\u00e1 m\u00e1s un mercado \u00abpara miel envasada y no tanto para miel a granel\u00bb. <br><\/p>\n\n\n\n<p>Mercado interno<br><\/p>\n\n\n\n<p>Cristopher Leritihier es adem\u00e1s el principal de la firma Urimpex que act\u00faa en el mercado interno para la compra de miel con destino a la exportaci\u00f3n. Respecto a la comercializaci\u00f3n en nuestro pa\u00eds, dijo que el mercado \u00abest\u00e1 bastante descongestionado, se ha exportado bastante a mercados alternativos que antes no se exportaban, como Polonia y Austria entre otros\u00bb. <br><\/p>\n\n\n\n<p>De acuerdo al exportador \u00abqueda muy poca miel de la zafra anterior y es posible que de aqu\u00ed a fin de a\u00f1o se este exportando todo, por lo que desde este punto de vista est\u00e1 todo bien\u00bb. Aclar\u00f3 que \u00ablos precios son un enorme problema y se est\u00e1 vendiendo a valores que no son rentables para el apicultor\u00bb.  Lerithier dijo esperar una mayor demanda para el a\u00f1o pr\u00f3ximo, principalmente desde Estados Unidos. <\/p>\n","protected":false},"excerpt":{"rendered":"<p>El mercado de China para el ingreso de miel y carne equina uruguaya qued\u00f3 abierto desde ayer martes 5, tras la firma de los protocolos por parte de ambos Gobiernos, [&hellip;]<\/p>\n","protected":false},"author":5,"featured_media":15628,"comment_status":"open","ping_status":"open","sticky":false,"template":"","format":"standard","meta":{"_price":"","_stock":"","_tribe_ticket_header":"","_tribe_default_ticket_provider":"","_tribe_ticket_capacity":"0","_ticket_start_date":"","_ticket_end_date":"","_tribe_ticket_show_description":"","_tribe_ticket_show_not_going":false,"_tribe_ticket_use_global_stock":"","_tribe_ticket_global_stock_level":"","_global_stock_mode":"","_global_stock_cap":"","_tribe_rsvp_for_event":"","_tribe_ticket_going_count":"","_tribe_ticket_not_going_count":"","_tribe_tickets_list":"[]","_tribe_ticket_has_attendee_info_fields":false,"h5ap_radio_sources":[],"_jetpack_newsletter_access":"","_jetpack_dont_email_post_to_subs":false,"_jetpack_newsletter_tier_id":0,"_jetpack_memberships_contains_paywalled_content":false,"_jetpack_memberships_contains_paid_content":false,"footnotes":""},"categories":[21,9],"tags":[],"class_list":["post-15624","post","type-post","status-publish","format-standard","has-post-thumbnail","hentry","category-actualidad","category-granja"],"jetpack_featured_media_url":"https:\/\/i0.wp.com\/lahoradelcampo.com.uy\/site\/wp-content\/uploads\/2019\/11\/China.jpg?fit=880%2C440&ssl=1","jetpack_sharing_enabled":true,"jetpack_shortlink":"https:\/\/wp.me\/p99IaT-440","jetpack-related-posts":[{"id":15892,"url":"https:\/\/lahoradelcampo.com.uy\/site\/ministro-benech-realizo-once-anuncios-tras-regreso-de-mision-a-china-y-vietnam\/","url_meta":{"origin":15624,"position":0},"title":"Ministro Benech realiz\u00f3 once anuncios tras regreso de misi\u00f3n a China y Vietnam","author":"La Hora del Campo","date":"19 noviembre, 2019","format":false,"excerpt":"En conferencia de prensa el Ministro Benech, acompa\u00f1ado por el embajador de China Wang Gang, anunci\u00f3 los resultados de la misi\u00f3n oficial. La conferencia tuvo lugar este lunes 18 en el MGAP. Participaron, adem\u00e1s, el Presidente del INAC, Federico Stanham; el Director de Servicios Ganaderos, Eduardo Barre; el Director de\u2026","rel":"","context":"En \u00abActualidad\u00bb","block_context":{"text":"Actualidad","link":"https:\/\/lahoradelcampo.com.uy\/site\/category\/actualidad\/"},"img":{"alt_text":"","src":"https:\/\/i0.wp.com\/lahoradelcampo.com.uy\/site\/wp-content\/uploads\/2019\/11\/Benech-china.jpg?fit=880%2C440&ssl=1&resize=350%2C200","width":350,"height":200,"srcset":"https:\/\/i0.wp.com\/lahoradelcampo.com.uy\/site\/wp-content\/uploads\/2019\/11\/Benech-china.jpg?fit=880%2C440&ssl=1&resize=350%2C200 1x, https:\/\/i0.wp.com\/lahoradelcampo.com.uy\/site\/wp-content\/uploads\/2019\/11\/Benech-china.jpg?fit=880%2C440&ssl=1&resize=525%2C300 1.5x, https:\/\/i0.wp.com\/lahoradelcampo.com.uy\/site\/wp-content\/uploads\/2019\/11\/Benech-china.jpg?fit=880%2C440&ssl=1&resize=700%2C400 2x"},"classes":[]},{"id":48833,"url":"https:\/\/lahoradelcampo.com.uy\/site\/mgap-analiza-los-protocolos-sanitarios-para-la-venta-de-miel-a-marruecos\/","url_meta":{"origin":15624,"position":1},"title":"MGAP analiza los protocolos sanitarios para la venta de miel a Marruecos","author":"La Hora del Campo","date":"24 febrero, 2023","format":false,"excerpt":"El Senador Germ\u00e1n Coutinho, dijo este mi\u00e9rcoles en comunicaci\u00f3n con Diario Cambio, que estar\u00e1 visitando Marruecos en estos d\u00edas y que continuar\u00e1 con sus gestiones para que se pueda concretar en los hechos la apertura del mercado para la miel uruguaya. La apertura del mercado fue anunciada por el Subsecretario\u2026","rel":"","context":"En \u00abActualidad\u00bb","block_context":{"text":"Actualidad","link":"https:\/\/lahoradelcampo.com.uy\/site\/category\/actualidad\/"},"img":{"alt_text":"","src":"https:\/\/i0.wp.com\/lahoradelcampo.com.uy\/site\/wp-content\/uploads\/2023\/02\/Miel.jpg?fit=880%2C440&ssl=1&resize=350%2C200","width":350,"height":200,"srcset":"https:\/\/i0.wp.com\/lahoradelcampo.com.uy\/site\/wp-content\/uploads\/2023\/02\/Miel.jpg?fit=880%2C440&ssl=1&resize=350%2C200 1x, https:\/\/i0.wp.com\/lahoradelcampo.com.uy\/site\/wp-content\/uploads\/2023\/02\/Miel.jpg?fit=880%2C440&ssl=1&resize=525%2C300 1.5x, https:\/\/i0.wp.com\/lahoradelcampo.com.uy\/site\/wp-content\/uploads\/2023\/02\/Miel.jpg?fit=880%2C440&ssl=1&resize=700%2C400 2x"},"classes":[]},{"id":29012,"url":"https:\/\/lahoradelcampo.com.uy\/site\/uruguay-negocia-protocolos-con-china-para-la-exportacion-de-miel\/","url_meta":{"origin":15624,"position":2},"title":"Uruguay negocia protocolos con China para la exportaci\u00f3n de miel","author":"La Hora del Campo","date":"5 abril, 2021","format":false,"excerpt":"El gobierno uruguayo est\u00e1 negociando con su par asi\u00e1tico, los protocolos para habilitar la exportaci\u00f3n de miel, en todas sus presentaciones, hacia China. En este sentido la Direcci\u00f3n General de los Servicios Ganaderos (DGSG) a trav\u00e9s de la secci\u00f3n de apicultura de la Divisi\u00f3n de Laboratorios Veterinarios (Dilave) han elaborado\u2026","rel":"","context":"En \u00abActualidad\u00bb","block_context":{"text":"Actualidad","link":"https:\/\/lahoradelcampo.com.uy\/site\/category\/actualidad\/"},"img":{"alt_text":"","src":"https:\/\/i0.wp.com\/lahoradelcampo.com.uy\/site\/wp-content\/uploads\/2017\/12\/Miel.jpg?fit=880%2C440&ssl=1&resize=350%2C200","width":350,"height":200,"srcset":"https:\/\/i0.wp.com\/lahoradelcampo.com.uy\/site\/wp-content\/uploads\/2017\/12\/Miel.jpg?fit=880%2C440&ssl=1&resize=350%2C200 1x, https:\/\/i0.wp.com\/lahoradelcampo.com.uy\/site\/wp-content\/uploads\/2017\/12\/Miel.jpg?fit=880%2C440&ssl=1&resize=525%2C300 1.5x, https:\/\/i0.wp.com\/lahoradelcampo.com.uy\/site\/wp-content\/uploads\/2017\/12\/Miel.jpg?fit=880%2C440&ssl=1&resize=700%2C400 2x"},"classes":[]},{"id":15800,"url":"https:\/\/lahoradelcampo.com.uy\/site\/uruguay-trabaja-en-la-apertura-de-vietnam-para-carne-y-citricos\/","url_meta":{"origin":15624,"position":3},"title":"Uruguay trabaja en la apertura de Vietnam para carne y c\u00edtricos","author":"La Hora del Campo","date":"13 noviembre, 2019","format":false,"excerpt":"Autoridades del Gobierno negocian el ingreso de carne, citrus y granos uruguayos a Vietnam, pa\u00eds que busca un tratado de libre comercio con el Mercosur. \u201cNo hay inconveniente pol\u00edtico para habilitar estos productos, son solo temas t\u00e9cnicos. Antes de fin de a\u00f1o vamos a tener noticias de que puedan ingresar,\u2026","rel":"","context":"En \u00abActualidad\u00bb","block_context":{"text":"Actualidad","link":"https:\/\/lahoradelcampo.com.uy\/site\/category\/actualidad\/"},"img":{"alt_text":"","src":"https:\/\/i0.wp.com\/lahoradelcampo.com.uy\/site\/wp-content\/uploads\/2017\/11\/Enzo-Benech.jpg?fit=880%2C440&ssl=1&resize=350%2C200","width":350,"height":200,"srcset":"https:\/\/i0.wp.com\/lahoradelcampo.com.uy\/site\/wp-content\/uploads\/2017\/11\/Enzo-Benech.jpg?fit=880%2C440&ssl=1&resize=350%2C200 1x, https:\/\/i0.wp.com\/lahoradelcampo.com.uy\/site\/wp-content\/uploads\/2017\/11\/Enzo-Benech.jpg?fit=880%2C440&ssl=1&resize=525%2C300 1.5x, https:\/\/i0.wp.com\/lahoradelcampo.com.uy\/site\/wp-content\/uploads\/2017\/11\/Enzo-Benech.jpg?fit=880%2C440&ssl=1&resize=700%2C400 2x"},"classes":[]},{"id":17716,"url":"https:\/\/lahoradelcampo.com.uy\/site\/en-la-miel-no-todo-es-adulteracion-tambien-hay-un-aumento-de-produccion\/","url_meta":{"origin":15624,"position":4},"title":"En la miel no todo es adulteraci\u00f3n, tambi\u00e9n hay un aumento de producci\u00f3n","author":"La Hora del Campo","date":"2 marzo, 2020","format":false,"excerpt":"La producci\u00f3n ap\u00edcola se encuentra jaqueada por varias problem\u00e1ticas, desde la presencia de glifosato en las mieles hasta las dificultades en la colocaci\u00f3n a nivel internacional, pasando tambi\u00e9n por un alto nivel de costos a nivel productivo. En lo que respecta a los valores, los mismos se posicionan entre US$\u2026","rel":"","context":"En \u00abActualidad\u00bb","block_context":{"text":"Actualidad","link":"https:\/\/lahoradelcampo.com.uy\/site\/category\/actualidad\/"},"img":{"alt_text":"","src":"https:\/\/i0.wp.com\/lahoradelcampo.com.uy\/site\/wp-content\/uploads\/2017\/12\/Miel.jpg?fit=880%2C440&ssl=1&resize=350%2C200","width":350,"height":200,"srcset":"https:\/\/i0.wp.com\/lahoradelcampo.com.uy\/site\/wp-content\/uploads\/2017\/12\/Miel.jpg?fit=880%2C440&ssl=1&resize=350%2C200 1x, https:\/\/i0.wp.com\/lahoradelcampo.com.uy\/site\/wp-content\/uploads\/2017\/12\/Miel.jpg?fit=880%2C440&ssl=1&resize=525%2C300 1.5x, https:\/\/i0.wp.com\/lahoradelcampo.com.uy\/site\/wp-content\/uploads\/2017\/12\/Miel.jpg?fit=880%2C440&ssl=1&resize=700%2C400 2x"},"classes":[]},{"id":7197,"url":"https:\/\/lahoradelcampo.com.uy\/site\/instituto-nacional-de-carnes-agiliza-el-intercambio-comercial-con-china\/","url_meta":{"origin":15624,"position":5},"title":"INAC agiliza el intercambio comercial con China","author":"La Hora del Campo","date":"15 mayo, 2018","format":false,"excerpt":"El Instituto Nacional de Carnes (INAC) suscribi\u00f3, con la Asociaci\u00f3n de Inspectores de Alimentos de China (CIQA), un documento que establece acciones de asesoramiento, consulta e informaci\u00f3n para el intercambio comercial de carne. Por el organismo nacional, firm\u00f3 su titular, Federico Stanham. \u201cChina sabe que necesita importar much\u00edsimos alimentos, necesita\u2026","rel":"","context":"En \u00abActualidad\u00bb","block_context":{"text":"Actualidad","link":"https:\/\/lahoradelcampo.com.uy\/site\/category\/actualidad\/"},"img":{"alt_text":"","src":"https:\/\/i0.wp.com\/lahoradelcampo.com.uy\/site\/wp-content\/uploads\/2018\/05\/Stanham.jpg?fit=880%2C440&ssl=1&resize=350%2C200","width":350,"height":200,"srcset":"https:\/\/i0.wp.com\/lahoradelcampo.com.uy\/site\/wp-content\/uploads\/2018\/05\/Stanham.jpg?fit=880%2C440&ssl=1&resize=350%2C200 1x, https:\/\/i0.wp.com\/lahoradelcampo.com.uy\/site\/wp-content\/uploads\/2018\/05\/Stanham.jpg?fit=880%2C440&ssl=1&resize=525%2C300 1.5x, https:\/\/i0.wp.com\/lahoradelcampo.com.uy\/site\/wp-content\/uploads\/2018\/05\/Stanham.jpg?fit=880%2C440&ssl=1&resize=700%2C400 2x"},"classes":[]}],"jetpack_likes_enabled":true,"_links":{"self":[{"href":"https:\/\/lahoradelcampo.com.uy\/site\/wp-json\/wp\/v2\/posts\/15624","targetHints":{"allow":["GET"]}}],"collection":[{"href":"https:\/\/lahoradelcampo.com.uy\/site\/wp-json\/wp\/v2\/posts"}],"about":[{"href":"https:\/\/lahoradelcampo.com.uy\/site\/wp-json\/wp\/v2\/types\/post"}],"author":[{"embeddable":true,"href":"https:\/\/lahoradelcampo.com.uy\/site\/wp-json\/wp\/v2\/users\/5"}],"replies":[{"embeddable":true,"href":"https:\/\/lahoradelcampo.com.uy\/site\/wp-json\/wp\/v2\/comments?post=15624"}],"version-history":[{"count":1,"href":"https:\/\/lahoradelcampo.com.uy\/site\/wp-json\/wp\/v2\/posts\/15624\/revisions"}],"predecessor-version":[{"id":15630,"href":"https:\/\/lahoradelcampo.com.uy\/site\/wp-json\/wp\/v2\/posts\/15624\/revisions\/15630"}],"wp:featuredmedia":[{"embeddable":true,"href":"https:\/\/lahoradelcampo.com.uy\/site\/wp-json\/wp\/v2\/media\/15628"}],"wp:attachment":[{"href":"https:\/\/lahoradelcampo.com.uy\/site\/wp-json\/wp\/v2\/media?parent=15624"}],"wp:term":[{"taxonomy":"category","embeddable":true,"href":"https:\/\/lahoradelcampo.com.uy\/site\/wp-json\/wp\/v2\/categories?post=15624"},{"taxonomy":"post_tag","embeddable":true,"href":"https:\/\/lahoradelcampo.com.uy\/site\/wp-json\/wp\/v2\/tags?post=15624"}],"curies":[{"name":"wp","href":"https:\/\/api.w.org\/{rel}","templated":true}]}}