{"id":15606,"date":"2019-11-05T09:36:32","date_gmt":"2019-11-05T12:36:32","guid":{"rendered":"http:\/\/lahoradelcampo.com.uy\/site\/?p=15606"},"modified":"2019-11-05T09:36:41","modified_gmt":"2019-11-05T12:36:41","slug":"el-exceso-de-lluvias-genera-problemas-en-los-cultivos-de-invierno-y-de-verano","status":"publish","type":"post","link":"https:\/\/lahoradelcampo.com.uy\/site\/el-exceso-de-lluvias-genera-problemas-en-los-cultivos-de-invierno-y-de-verano\/","title":{"rendered":"El exceso de lluvias genera problemas en los cultivos de invierno y de verano"},"content":{"rendered":"\n<figure class=\"wp-block-image\"><img data-recalc-dims=\"1\" loading=\"lazy\" decoding=\"async\" width=\"810\" height=\"405\" data-attachment-id=\"15600\" data-permalink=\"https:\/\/lahoradelcampo.com.uy\/site\/lecheria-al-ver-las-diferencias-de-escala-nos-damos-cuenta-que-somos-insignificantes\/martincordoba\/\" data-orig-file=\"https:\/\/i0.wp.com\/lahoradelcampo.com.uy\/site\/wp-content\/uploads\/2019\/11\/Martincordoba.jpg?fit=880%2C440&amp;ssl=1\" data-orig-size=\"880,440\" data-comments-opened=\"1\" data-image-meta=\"{&quot;aperture&quot;:&quot;0&quot;,&quot;credit&quot;:&quot;&quot;,&quot;camera&quot;:&quot;&quot;,&quot;caption&quot;:&quot;&quot;,&quot;created_timestamp&quot;:&quot;0&quot;,&quot;copyright&quot;:&quot;&quot;,&quot;focal_length&quot;:&quot;0&quot;,&quot;iso&quot;:&quot;0&quot;,&quot;shutter_speed&quot;:&quot;0&quot;,&quot;title&quot;:&quot;&quot;,&quot;orientation&quot;:&quot;1&quot;}\" data-image-title=\"Martincordoba\" data-image-description=\"\" data-image-caption=\"\" data-large-file=\"https:\/\/i0.wp.com\/lahoradelcampo.com.uy\/site\/wp-content\/uploads\/2019\/11\/Martincordoba.jpg?fit=810%2C405&amp;ssl=1\" src=\"https:\/\/i0.wp.com\/lahoradelcampo.com.uy\/site\/wp-content\/uploads\/2019\/11\/Martincordoba.jpg?resize=810%2C405\" alt=\"\" class=\"wp-image-15600\" srcset=\"https:\/\/i0.wp.com\/lahoradelcampo.com.uy\/site\/wp-content\/uploads\/2019\/11\/Martincordoba.jpg?w=880&amp;ssl=1 880w, https:\/\/i0.wp.com\/lahoradelcampo.com.uy\/site\/wp-content\/uploads\/2019\/11\/Martincordoba.jpg?resize=300%2C150&amp;ssl=1 300w, https:\/\/i0.wp.com\/lahoradelcampo.com.uy\/site\/wp-content\/uploads\/2019\/11\/Martincordoba.jpg?resize=768%2C384&amp;ssl=1 768w, https:\/\/i0.wp.com\/lahoradelcampo.com.uy\/site\/wp-content\/uploads\/2019\/11\/Martincordoba.jpg?resize=820%2C410&amp;ssl=1 820w\" sizes=\"auto, (max-width: 810px) 100vw, 810px\" \/><\/figure>\n\n\n\n<p>Las copiosas y frecuentes precipitaciones que se han venido desarrollando en todo el territorio nacional han generado grandes problemas en los cultivos de verano y complican la salida del trigo de invierno. El \u00e1rea arrocera apenas supera el 50%, gran parte del \u00e1rea registra perdida de plantas y la secuencia de d\u00edas lluviosos y grises no est\u00e1 permitiendo retirar el trigo de las chacras lo que posibilita la aparici\u00f3n de fusarium y la p\u00e9rdida de calidad panadera del grano. <br><\/p>\n\n\n\n<p>En el caso del trigo, en la zona norte del pa\u00eds, el Ing. Mart\u00edn C\u00f3rdoba de Cooperativa Calsal dijo a La Hora del Campo que \u00abven\u00edamos con cultivos muy buenos, con buenos rendimientos en general, pero justo en el momento en que peor vienen las lluvias, en el tema floraci\u00f3n y llenado de grano, el tiempo no nos ha acompa\u00f1ado nada\u00bb. <br><\/p>\n\n\n\n<p>De acuerdo al t\u00e9cnico salte\u00f1o, los cultivos de trigo y cebada que est\u00e1n llegando al final del ciclo se ver\u00e1n afectados. \u00abLo m\u00e1s preocupante es la presencia de fusarium, porque afecta directamente el grano y  la toxina que queda despu\u00e9s en los granos que se cosechan van a reducir la aptitud panadera de esos trigos para hacer harina\u00bb. El profesional dijo que en estos momentos y con las lluvias que se vienen registrando \u00abno hay muchas herramientas para prevenir o curar eso, porque el clima no da ni siquiera la chance para entrar en los cultivos\u00bb. <br><\/p>\n\n\n\n<p>Respecto a los cultivos de verano, C\u00f3rdoba se\u00f1al\u00f3 que \u00abestos excesos perjudican a todo nivel, tanto a quienes tienen las chacras prontas y no pueden ingresar como a quienes ya sembraron y estos excesos han generado p\u00e9rdidas de plantas y ya se han dado a conocer casos de resiembras de chacras porque la floraci\u00f3n lograda fue muy baja\u00bb. <br><\/p>\n\n\n\n<p>Arroz<br><\/p>\n\n\n\n<p>En el sector arrocero se espera un nuevo descenso del \u00e1rea principalmente por los resultados econ\u00f3micos del cultivo en los \u00faltimos a\u00f1os. Aqu\u00ed en el norte del pa\u00eds, Salto y Artigas, la Asociaci\u00f3n de Cultivadores de Arroz del Uruguay, estima que se logr\u00f3 sembrar el 65% del \u00e1rea, sin embargo en el este del pa\u00eds la implementaci\u00f3n del cultivo a\u00fan no alcanz\u00f3 el 45%, siendo est\u00e1 la zona de mayor \u00e1rea de siembra. <br><\/p>\n\n\n\n<p>Si bien la ventana de siembra \u00f3ptima para el cultivo, seg\u00fan los t\u00e9cnicos, se extiende hasta el 15 de noviembre, aqu\u00ed en el norte pr\u00e1cticamente ya estar\u00eda p\u00e9rdida, porque en esta zona debido a las condicionantes clim\u00e1ticas del verano la siembra se realiza de forma temprana. En este sentido ya se ha resembrado cerca del 15% del \u00e1rea debido al clima. <br><\/p>\n\n\n\n<p>Si bien el sector arrocero, por su experiencia, sostiene que posteriormente al 10 de noviembre se hipoteca la productividad del cultivo y con ello el resultado econ\u00f3mico, la posibilidad de un buen clima durante las pr\u00f3ximas semanas permitir\u00e1 avanzar con gran parte el \u00e1rea prevista, que no llegar\u00e1 a las 135.000 hect\u00e1reas que se proyectaron, por lo que la ca\u00edda ser\u00e1 mayor a la de la zafra 2018-19.<br><\/p>\n\n\n\n<p>La Asociaci\u00f3n de Cultivadores de Arroz del Uruguay est\u00e1 convocando a la Asamblea Anual Ordinaria para el pr\u00f3ximo 29 de noviembre, en INIA Treinta y Tres a las 9:30 horas, donde se analizar\u00e1 la situaci\u00f3n del sector, la zafra y sus perspectivas y entre otros temas el posicionamiento de la gremial ante el pr\u00f3ximo gobierno.<\/p>\n","protected":false},"excerpt":{"rendered":"<p>Las copiosas y frecuentes precipitaciones que se han venido desarrollando en todo el territorio nacional han generado grandes problemas en los cultivos de verano y complican la salida del trigo [&hellip;]<\/p>\n","protected":false},"author":5,"featured_media":15600,"comment_status":"open","ping_status":"open","sticky":false,"template":"","format":"standard","meta":{"_price":"","_stock":"","_tribe_ticket_header":"","_tribe_default_ticket_provider":"","_tribe_ticket_capacity":"0","_ticket_start_date":"","_ticket_end_date":"","_tribe_ticket_show_description":"","_tribe_ticket_show_not_going":false,"_tribe_ticket_use_global_stock":"","_tribe_ticket_global_stock_level":"","_global_stock_mode":"","_global_stock_cap":"","_tribe_rsvp_for_event":"","_tribe_ticket_going_count":"","_tribe_ticket_not_going_count":"","_tribe_tickets_list":"[]","_tribe_ticket_has_attendee_info_fields":false,"h5ap_radio_sources":[],"_jetpack_newsletter_access":"","_jetpack_dont_email_post_to_subs":false,"_jetpack_newsletter_tier_id":0,"_jetpack_memberships_contains_paywalled_content":false,"_jetpack_memberships_contains_paid_content":false,"footnotes":""},"categories":[21,7],"tags":[],"class_list":["post-15606","post","type-post","status-publish","format-standard","has-post-thumbnail","hentry","category-actualidad","category-agricultura"],"jetpack_featured_media_url":"https:\/\/i0.wp.com\/lahoradelcampo.com.uy\/site\/wp-content\/uploads\/2019\/11\/Martincordoba.jpg?fit=880%2C440&ssl=1","jetpack_sharing_enabled":true,"jetpack_shortlink":"https:\/\/wp.me\/p99IaT-43I","jetpack-related-posts":[{"id":4281,"url":"https:\/\/lahoradelcampo.com.uy\/site\/ausencia-de-lluvias-compromete-la-implantacion-de-cultivos-de-verano\/","url_meta":{"origin":15606,"position":0},"title":"Ausencia de lluvias compromete la  implantaci\u00f3n de cultivos de verano","author":"La Hora del Campo","date":"28 noviembre, 2017","format":false,"excerpt":"El clima ha jugado en momentos claves de manera muy favorable para el sector ganadero y en otros para el agr\u00edcola durante este a\u00f1o 2017, sin embargo hace poco tiempo el agricultor que ped\u00eda que disminuyeran las precipitaciones para poder cosechar su producci\u00f3n hoy mira el cielo a la espera\u2026","rel":"","context":"En \u00abActualidad\u00bb","block_context":{"text":"Actualidad","link":"https:\/\/lahoradelcampo.com.uy\/site\/category\/actualidad\/"},"img":{"alt_text":"","src":"https:\/\/i0.wp.com\/lahoradelcampo.com.uy\/site\/wp-content\/uploads\/2017\/11\/Martin-Cordoba.jpg?fit=880%2C440&ssl=1&resize=350%2C200","width":350,"height":200,"srcset":"https:\/\/i0.wp.com\/lahoradelcampo.com.uy\/site\/wp-content\/uploads\/2017\/11\/Martin-Cordoba.jpg?fit=880%2C440&ssl=1&resize=350%2C200 1x, https:\/\/i0.wp.com\/lahoradelcampo.com.uy\/site\/wp-content\/uploads\/2017\/11\/Martin-Cordoba.jpg?fit=880%2C440&ssl=1&resize=525%2C300 1.5x, https:\/\/i0.wp.com\/lahoradelcampo.com.uy\/site\/wp-content\/uploads\/2017\/11\/Martin-Cordoba.jpg?fit=880%2C440&ssl=1&resize=700%2C400 2x"},"classes":[]},{"id":2745,"url":"https:\/\/lahoradelcampo.com.uy\/site\/cultivos-de-trigo-a-la-espera-de-mayor-luminosidad\/","url_meta":{"origin":15606,"position":1},"title":"Cultivos de trigo a la espera de mayor luminosidad","author":"La Hora del Campo","date":"16 octubre, 2017","format":false,"excerpt":"\u00a0 \u00a0 \u00a0 \u00a0 \u00a0 \u00a0 \u00a0 \u00a0 \u00a0 Las condiciones clim\u00e1ticas est\u00e1n mejorando para los cultivos de invierno, con d\u00edas m\u00e1s frescos y sin excesos de lluvias, pero necesitando mayor luminosidad. \u201cNo tenemos tantos problemas de agua. Si bien est\u00e1 fresco, y eso prolonga los periodos de llenado de\u2026","rel":"","context":"En \u00abAgricultura\u00bb","block_context":{"text":"Agricultura","link":"https:\/\/lahoradelcampo.com.uy\/site\/category\/agricultura\/"},"img":{"alt_text":"","src":"https:\/\/i0.wp.com\/lahoradelcampo.com.uy\/site\/wp-content\/uploads\/2017\/10\/Trigo-espiga.jpg?fit=880%2C440&ssl=1&resize=350%2C200","width":350,"height":200,"srcset":"https:\/\/i0.wp.com\/lahoradelcampo.com.uy\/site\/wp-content\/uploads\/2017\/10\/Trigo-espiga.jpg?fit=880%2C440&ssl=1&resize=350%2C200 1x, https:\/\/i0.wp.com\/lahoradelcampo.com.uy\/site\/wp-content\/uploads\/2017\/10\/Trigo-espiga.jpg?fit=880%2C440&ssl=1&resize=525%2C300 1.5x, https:\/\/i0.wp.com\/lahoradelcampo.com.uy\/site\/wp-content\/uploads\/2017\/10\/Trigo-espiga.jpg?fit=880%2C440&ssl=1&resize=700%2C400 2x"},"classes":[]},{"id":763,"url":"https:\/\/lahoradelcampo.com.uy\/site\/exceso-de-lluvias-presiona-el-potencial-de-rendimiento-en-trigo\/","url_meta":{"origin":15606,"position":2},"title":"Exceso de lluvias presiona el potencial de rendimiento en trigo","author":"La Hora del Campo","date":"10 septiembre, 2017","format":false,"excerpt":"El exceso de lluvias sigue complicando a los cultivos de invierno, principalmente a la cebada. Se siguen registrando precipitaciones voluminosas semanalmente, en suelos ya que est\u00e1n saturados. Carolina Silveyra, integrante del equipo t\u00e9cnico de Calmer, se\u00f1al\u00f3 que sigue retras\u00e1ndose los tratamientos en cultivos que han registrado enfermedades \u2013principalmente roya- as\u00ed\u2026","rel":"","context":"En \u00abAgricultura\u00bb","block_context":{"text":"Agricultura","link":"https:\/\/lahoradelcampo.com.uy\/site\/category\/agricultura\/"},"img":{"alt_text":"","src":"https:\/\/i0.wp.com\/lahoradelcampo.com.uy\/site\/wp-content\/uploads\/2017\/09\/Trigo-en-tormenta.jpg?fit=880%2C440&ssl=1&resize=350%2C200","width":350,"height":200,"srcset":"https:\/\/i0.wp.com\/lahoradelcampo.com.uy\/site\/wp-content\/uploads\/2017\/09\/Trigo-en-tormenta.jpg?fit=880%2C440&ssl=1&resize=350%2C200 1x, https:\/\/i0.wp.com\/lahoradelcampo.com.uy\/site\/wp-content\/uploads\/2017\/09\/Trigo-en-tormenta.jpg?fit=880%2C440&ssl=1&resize=525%2C300 1.5x, https:\/\/i0.wp.com\/lahoradelcampo.com.uy\/site\/wp-content\/uploads\/2017\/09\/Trigo-en-tormenta.jpg?fit=880%2C440&ssl=1&resize=700%2C400 2x"},"classes":[]},{"id":51660,"url":"https:\/\/lahoradelcampo.com.uy\/site\/segun-el-informe-de-la-diea-quedo-un-28-de-los-cultivos-de-verano-sin-cosechar\/","url_meta":{"origin":15606,"position":3},"title":"Seg\u00fan el informe de la DIEA qued\u00f3 un 28% de los cultivos de verano sin cosechar","author":"La Hora del Campo","date":"4 julio, 2023","format":false,"excerpt":"La Encuesta Agr\u00edcola \"Invierno 2023\" revela datos preocupantes sobre los cultivos de verano y las proyecciones para los cultivos de invierno. La falta de lluvias ha afectado significativamente la producci\u00f3n agr\u00edcola, generando un impacto en los rendimientos y las estimaciones de siembra. En relaci\u00f3n a los cultivos de verano con\u2026","rel":"","context":"En \u00abActualidad\u00bb","block_context":{"text":"Actualidad","link":"https:\/\/lahoradelcampo.com.uy\/site\/category\/actualidad\/"},"img":{"alt_text":"","src":"https:\/\/i0.wp.com\/lahoradelcampo.com.uy\/site\/wp-content\/uploads\/2017\/11\/Soja-brasil.jpg?fit=880%2C440&ssl=1&resize=350%2C200","width":350,"height":200,"srcset":"https:\/\/i0.wp.com\/lahoradelcampo.com.uy\/site\/wp-content\/uploads\/2017\/11\/Soja-brasil.jpg?fit=880%2C440&ssl=1&resize=350%2C200 1x, https:\/\/i0.wp.com\/lahoradelcampo.com.uy\/site\/wp-content\/uploads\/2017\/11\/Soja-brasil.jpg?fit=880%2C440&ssl=1&resize=525%2C300 1.5x, https:\/\/i0.wp.com\/lahoradelcampo.com.uy\/site\/wp-content\/uploads\/2017\/11\/Soja-brasil.jpg?fit=880%2C440&ssl=1&resize=700%2C400 2x"},"classes":[]},{"id":3869,"url":"https:\/\/lahoradelcampo.com.uy\/site\/lluvias-generan-magros-rendimientos-en-trigo\/","url_meta":{"origin":15606,"position":4},"title":"Lluvias generan magros rendimientos en trigo","author":"La Hora del Campo","date":"12 noviembre, 2017","format":false,"excerpt":"Aunque ya se han trillado algunas chacras, la cosecha de trigo va a empezar con m\u00e1s firmeza los primeros d\u00edas de la semana que viene. Estas primeras cosechas son la mayor\u00eda para silo de grano h\u00famedo. Las expectativas son de rendimientos magros, por el impacto que causaron las lluvias intensas\u2026","rel":"","context":"En \u00abAgricultura\u00bb","block_context":{"text":"Agricultura","link":"https:\/\/lahoradelcampo.com.uy\/site\/category\/agricultura\/"},"img":{"alt_text":"","src":"https:\/\/i0.wp.com\/lahoradelcampo.com.uy\/site\/wp-content\/uploads\/2017\/11\/trigo-1.jpg?fit=880%2C440&ssl=1&resize=350%2C200","width":350,"height":200,"srcset":"https:\/\/i0.wp.com\/lahoradelcampo.com.uy\/site\/wp-content\/uploads\/2017\/11\/trigo-1.jpg?fit=880%2C440&ssl=1&resize=350%2C200 1x, https:\/\/i0.wp.com\/lahoradelcampo.com.uy\/site\/wp-content\/uploads\/2017\/11\/trigo-1.jpg?fit=880%2C440&ssl=1&resize=525%2C300 1.5x, https:\/\/i0.wp.com\/lahoradelcampo.com.uy\/site\/wp-content\/uploads\/2017\/11\/trigo-1.jpg?fit=880%2C440&ssl=1&resize=700%2C400 2x"},"classes":[]},{"id":55104,"url":"https:\/\/lahoradelcampo.com.uy\/site\/el-norte-con-problemas-de-fusarium-en-el-trigo-y-el-maiz-solo-se-sembro-de-primera\/","url_meta":{"origin":15606,"position":5},"title":"El norte con problemas de fusarium en el trigo y el ma\u00edz solo se sembr\u00f3 de primera","author":"La Hora del Campo","date":"12 noviembre, 2024","format":false,"excerpt":"La secuencia de precipitaciones que se han venido registrando en esta primavera, se han convertido en un dolor de cabeza para muchos agricultores, mientras que para los ganaderos es toda una bendici\u00f3n.El Ing. Mart\u00edn C\u00f3rdoba de Cooperativa Calsal, dijo que los cultivos de invierno \"arrancaron muy bien, con buenas implantaciones\u2026","rel":"","context":"En \u00abActualidad\u00bb","block_context":{"text":"Actualidad","link":"https:\/\/lahoradelcampo.com.uy\/site\/category\/actualidad\/"},"img":{"alt_text":"","src":"https:\/\/i0.wp.com\/lahoradelcampo.com.uy\/site\/wp-content\/uploads\/2024\/11\/MartinCordoba-calsal.jpg?fit=880%2C440&ssl=1&resize=350%2C200","width":350,"height":200,"srcset":"https:\/\/i0.wp.com\/lahoradelcampo.com.uy\/site\/wp-content\/uploads\/2024\/11\/MartinCordoba-calsal.jpg?fit=880%2C440&ssl=1&resize=350%2C200 1x, https:\/\/i0.wp.com\/lahoradelcampo.com.uy\/site\/wp-content\/uploads\/2024\/11\/MartinCordoba-calsal.jpg?fit=880%2C440&ssl=1&resize=525%2C300 1.5x, https:\/\/i0.wp.com\/lahoradelcampo.com.uy\/site\/wp-content\/uploads\/2024\/11\/MartinCordoba-calsal.jpg?fit=880%2C440&ssl=1&resize=700%2C400 2x"},"classes":[]}],"jetpack_likes_enabled":true,"_links":{"self":[{"href":"https:\/\/lahoradelcampo.com.uy\/site\/wp-json\/wp\/v2\/posts\/15606","targetHints":{"allow":["GET"]}}],"collection":[{"href":"https:\/\/lahoradelcampo.com.uy\/site\/wp-json\/wp\/v2\/posts"}],"about":[{"href":"https:\/\/lahoradelcampo.com.uy\/site\/wp-json\/wp\/v2\/types\/post"}],"author":[{"embeddable":true,"href":"https:\/\/lahoradelcampo.com.uy\/site\/wp-json\/wp\/v2\/users\/5"}],"replies":[{"embeddable":true,"href":"https:\/\/lahoradelcampo.com.uy\/site\/wp-json\/wp\/v2\/comments?post=15606"}],"version-history":[{"count":1,"href":"https:\/\/lahoradelcampo.com.uy\/site\/wp-json\/wp\/v2\/posts\/15606\/revisions"}],"predecessor-version":[{"id":15608,"href":"https:\/\/lahoradelcampo.com.uy\/site\/wp-json\/wp\/v2\/posts\/15606\/revisions\/15608"}],"wp:featuredmedia":[{"embeddable":true,"href":"https:\/\/lahoradelcampo.com.uy\/site\/wp-json\/wp\/v2\/media\/15600"}],"wp:attachment":[{"href":"https:\/\/lahoradelcampo.com.uy\/site\/wp-json\/wp\/v2\/media?parent=15606"}],"wp:term":[{"taxonomy":"category","embeddable":true,"href":"https:\/\/lahoradelcampo.com.uy\/site\/wp-json\/wp\/v2\/categories?post=15606"},{"taxonomy":"post_tag","embeddable":true,"href":"https:\/\/lahoradelcampo.com.uy\/site\/wp-json\/wp\/v2\/tags?post=15606"}],"curies":[{"name":"wp","href":"https:\/\/api.w.org\/{rel}","templated":true}]}}