{"id":15594,"date":"2019-11-05T09:31:21","date_gmt":"2019-11-05T12:31:21","guid":{"rendered":"http:\/\/lahoradelcampo.com.uy\/site\/?p=15594"},"modified":"2019-11-05T09:31:30","modified_gmt":"2019-11-05T12:31:30","slug":"volvio-a-crecer-esta-semana-la-faena-vacuna-un-1","status":"publish","type":"post","link":"https:\/\/lahoradelcampo.com.uy\/site\/volvio-a-crecer-esta-semana-la-faena-vacuna-un-1\/","title":{"rendered":"Volvi\u00f3 a crecer esta semana  la faena vacuna un 1%"},"content":{"rendered":"\n<figure class=\"wp-block-image\"><img data-recalc-dims=\"1\" loading=\"lazy\" decoding=\"async\" width=\"810\" height=\"405\" data-attachment-id=\"3377\" data-permalink=\"https:\/\/lahoradelcampo.com.uy\/site\/faena-vacuna-crecio-un-86-en-la-semana\/faena\/\" data-orig-file=\"https:\/\/i0.wp.com\/lahoradelcampo.com.uy\/site\/wp-content\/uploads\/2017\/10\/Faena.jpg?fit=880%2C440&amp;ssl=1\" data-orig-size=\"880,440\" data-comments-opened=\"1\" data-image-meta=\"{&quot;aperture&quot;:&quot;0&quot;,&quot;credit&quot;:&quot;Vicente-Manuel-Tort&quot;,&quot;camera&quot;:&quot;&quot;,&quot;caption&quot;:&quot;&quot;,&quot;created_timestamp&quot;:&quot;0&quot;,&quot;copyright&quot;:&quot;Presidencia de la Republica - Sec.Com.Inst.&quot;,&quot;focal_length&quot;:&quot;0&quot;,&quot;iso&quot;:&quot;0&quot;,&quot;shutter_speed&quot;:&quot;0&quot;,&quot;title&quot;:&quot;&quot;,&quot;orientation&quot;:&quot;1&quot;}\" data-image-title=\"Faena\" data-image-description=\"\" data-image-caption=\"\" data-large-file=\"https:\/\/i0.wp.com\/lahoradelcampo.com.uy\/site\/wp-content\/uploads\/2017\/10\/Faena.jpg?fit=810%2C405&amp;ssl=1\" src=\"https:\/\/i0.wp.com\/lahoradelcampo.com.uy\/site\/wp-content\/uploads\/2017\/10\/Faena.jpg?resize=810%2C405\" alt=\"\" class=\"wp-image-3377\" srcset=\"https:\/\/i0.wp.com\/lahoradelcampo.com.uy\/site\/wp-content\/uploads\/2017\/10\/Faena.jpg?w=880&amp;ssl=1 880w, https:\/\/i0.wp.com\/lahoradelcampo.com.uy\/site\/wp-content\/uploads\/2017\/10\/Faena.jpg?resize=300%2C150&amp;ssl=1 300w, https:\/\/i0.wp.com\/lahoradelcampo.com.uy\/site\/wp-content\/uploads\/2017\/10\/Faena.jpg?resize=768%2C384&amp;ssl=1 768w, https:\/\/i0.wp.com\/lahoradelcampo.com.uy\/site\/wp-content\/uploads\/2017\/10\/Faena.jpg?resize=820%2C410&amp;ssl=1 820w\" sizes=\"auto, (max-width: 810px) 100vw, 810px\" \/><\/figure>\n\n\n\n<p>La faena vacuna vuelve a crecer esta semana un 1% respecto a la anterior, que ya hab\u00eda crecido un 3,5%, tras posicionarse en las 35.018 cabezas seg\u00fan los datos del Instituto Nacional de Carnes (INAC).  El volumen de vacas faenadas compens\u00f3 la ca\u00edda tanto de los novillos como de las vaquillonas respecto a la semana anterior.<br><\/p>\n\n\n\n<p>De acuerdo a las diferentes categor\u00edas, en la semana cerrada el 2 de noviembre, alcanz\u00f3 los 14.918 novillos, un 5,5% menos que la semana anterior, en tanto que las vaquillonas retrocedieron un 5,4% al ubicarse en las 4.447 cabezas. Por su parte las vacas compensaron esa ca\u00edda con un incremento del 11,6%, pasando a faenarse un total de 14.957 cabezas en la \u00faltima semana. <br><\/p>\n\n\n\n<p>La planta de mayor actividad fue frigor\u00edfico PUL, perteneciente al grupo Minerva, seguido por Tacuaremb\u00f3 Marfrig y Frigor\u00edfico Las Piedras.  En Salto, la planta del grupo brasile\u00f1o Marfrig, posicionada en el s\u00e9ptimo lugar del ranking a nivel nacional, faen\u00f3 2.380 vacunos, en su mayor\u00eda novillos, en tanto que Somicar faen\u00f3 540 vacunos y Sidercol 16 cabezas. <br><\/p>\n\n\n\n<p>En el acumulado de 2019, hasta el 2 de noviembre, el volumen de vacunos faenado cae un 5,5% de acuerdo a los datos de INAC, un total de 103.231 cabezas menos. <br><\/p>\n\n\n\n<p>Si bien existe una ca\u00edda en la faena de novillos del 9,1% y en las vacas del 1,1%, en el interior de estas categor\u00edas se puede observar un aumento del 3% en los novillos de 2-4 dientes y del 10,1% en las vacas de 6 dientes. Las vaquillonas tambi\u00e9n crecen un 1% entre a\u00f1os y los toros crecen un 2,6% compensando en parte el fuerte descenso del 42,7% en la categor\u00eda de terneros. <\/p>\n","protected":false},"excerpt":{"rendered":"<p>La faena vacuna vuelve a crecer esta semana un 1% respecto a la anterior, que ya hab\u00eda crecido un 3,5%, tras posicionarse en las 35.018 cabezas seg\u00fan los datos del [&hellip;]<\/p>\n","protected":false},"author":5,"featured_media":3377,"comment_status":"open","ping_status":"open","sticky":false,"template":"","format":"standard","meta":{"_price":"","_stock":"","_tribe_ticket_header":"","_tribe_default_ticket_provider":"","_tribe_ticket_capacity":"0","_ticket_start_date":"","_ticket_end_date":"","_tribe_ticket_show_description":"","_tribe_ticket_show_not_going":false,"_tribe_ticket_use_global_stock":"","_tribe_ticket_global_stock_level":"","_global_stock_mode":"","_global_stock_cap":"","_tribe_rsvp_for_event":"","_tribe_ticket_going_count":"","_tribe_ticket_not_going_count":"","_tribe_tickets_list":"[]","_tribe_ticket_has_attendee_info_fields":false,"h5ap_radio_sources":[],"_jetpack_newsletter_access":"","_jetpack_dont_email_post_to_subs":false,"_jetpack_newsletter_tier_id":0,"_jetpack_memberships_contains_paywalled_content":false,"_jetpack_memberships_contains_paid_content":false,"footnotes":""},"categories":[21,5],"tags":[],"class_list":["post-15594","post","type-post","status-publish","format-standard","has-post-thumbnail","hentry","category-actualidad","category-ganaderia"],"jetpack_featured_media_url":"https:\/\/i0.wp.com\/lahoradelcampo.com.uy\/site\/wp-content\/uploads\/2017\/10\/Faena.jpg?fit=880%2C440&ssl=1","jetpack_sharing_enabled":true,"jetpack_shortlink":"https:\/\/wp.me\/p99IaT-43w","jetpack-related-posts":[{"id":43481,"url":"https:\/\/lahoradelcampo.com.uy\/site\/en-junio-la-faena-vacuna-cayo-un-128\/","url_meta":{"origin":15594,"position":0},"title":"En junio, la faena vacuna cay\u00f3 un 12,8%","author":"La Hora del Campo","date":"5 julio, 2022","format":false,"excerpt":"La pasada semana cerrada el 2 de julio de 2022, la faena vacuna registr\u00f3 el segundo menor nivel semanal de actividad del presente a\u00f1o. Seg\u00fan los datos aportados por el Instituto Nacional de Carnes (INAC), la faena cerr\u00f3 en 39.987 cabezas de vacunos, un 8,7% por debajo de la semana\u2026","rel":"","context":"En \u00abActualidad\u00bb","block_context":{"text":"Actualidad","link":"https:\/\/lahoradelcampo.com.uy\/site\/category\/actualidad\/"},"img":{"alt_text":"","src":"https:\/\/i0.wp.com\/lahoradelcampo.com.uy\/site\/wp-content\/uploads\/2022\/07\/FAENA-vacuna1.jpg?fit=880%2C440&ssl=1&resize=350%2C200","width":350,"height":200,"srcset":"https:\/\/i0.wp.com\/lahoradelcampo.com.uy\/site\/wp-content\/uploads\/2022\/07\/FAENA-vacuna1.jpg?fit=880%2C440&ssl=1&resize=350%2C200 1x, https:\/\/i0.wp.com\/lahoradelcampo.com.uy\/site\/wp-content\/uploads\/2022\/07\/FAENA-vacuna1.jpg?fit=880%2C440&ssl=1&resize=525%2C300 1.5x, https:\/\/i0.wp.com\/lahoradelcampo.com.uy\/site\/wp-content\/uploads\/2022\/07\/FAENA-vacuna1.jpg?fit=880%2C440&ssl=1&resize=700%2C400 2x"},"classes":[]},{"id":20970,"url":"https:\/\/lahoradelcampo.com.uy\/site\/faena-vacuna-cayo-un-6-en-la-ultima-semana\/","url_meta":{"origin":15594,"position":1},"title":"Faena vacuna cay\u00f3 un 6% en la \u00faltima semana","author":"La Hora del Campo","date":"16 junio, 2020","format":false,"excerpt":"En la semana cerrada el s\u00e1bado 13 de junio, la faena vacuna en el Uruguay se posicion\u00f3 en las 39.465 cabezas, registrando as\u00ed una ca\u00edda del 6% respecto a la semana anterior. Al mismo tiempo el volumen de esta semana se encuentra por debajo de la misma semana del a\u00f1o\u2026","rel":"","context":"En \u00abActualidad\u00bb","block_context":{"text":"Actualidad","link":"https:\/\/lahoradelcampo.com.uy\/site\/category\/actualidad\/"},"img":{"alt_text":"","src":"https:\/\/i0.wp.com\/lahoradelcampo.com.uy\/site\/wp-content\/uploads\/2020\/06\/faenavacuna.jpg?fit=880%2C440&ssl=1&resize=350%2C200","width":350,"height":200,"srcset":"https:\/\/i0.wp.com\/lahoradelcampo.com.uy\/site\/wp-content\/uploads\/2020\/06\/faenavacuna.jpg?fit=880%2C440&ssl=1&resize=350%2C200 1x, https:\/\/i0.wp.com\/lahoradelcampo.com.uy\/site\/wp-content\/uploads\/2020\/06\/faenavacuna.jpg?fit=880%2C440&ssl=1&resize=525%2C300 1.5x, https:\/\/i0.wp.com\/lahoradelcampo.com.uy\/site\/wp-content\/uploads\/2020\/06\/faenavacuna.jpg?fit=880%2C440&ssl=1&resize=700%2C400 2x"},"classes":[]},{"id":37509,"url":"https:\/\/lahoradelcampo.com.uy\/site\/la-faena-vacuna-cayo-pero-continua-sobre-las-60-000-cabezas\/","url_meta":{"origin":15594,"position":2},"title":"La faena vacuna cay\u00f3, pero contin\u00faa sobre las 60.000 cabezas","author":"La Hora del Campo","date":"13 diciembre, 2021","format":false,"excerpt":"En la semana del 5 al 11 de diciembre de 2021, la faena vacuna alcanz\u00f3 las 60.233 cabezas lo que significa una ca\u00edda del 4,4% respecto a la pasada semana, sin embargo es la cuarta mayor faena del a\u00f1o. Seg\u00fan los datos aportados por el Instituto Nacional de Carnes (INAC),\u2026","rel":"","context":"En \u00abActualidad\u00bb","block_context":{"text":"Actualidad","link":"https:\/\/lahoradelcampo.com.uy\/site\/category\/actualidad\/"},"img":{"alt_text":"","src":"https:\/\/i0.wp.com\/lahoradelcampo.com.uy\/site\/wp-content\/uploads\/2019\/05\/Faena-1.jpg?fit=880%2C440&ssl=1&resize=350%2C200","width":350,"height":200,"srcset":"https:\/\/i0.wp.com\/lahoradelcampo.com.uy\/site\/wp-content\/uploads\/2019\/05\/Faena-1.jpg?fit=880%2C440&ssl=1&resize=350%2C200 1x, https:\/\/i0.wp.com\/lahoradelcampo.com.uy\/site\/wp-content\/uploads\/2019\/05\/Faena-1.jpg?fit=880%2C440&ssl=1&resize=525%2C300 1.5x, https:\/\/i0.wp.com\/lahoradelcampo.com.uy\/site\/wp-content\/uploads\/2019\/05\/Faena-1.jpg?fit=880%2C440&ssl=1&resize=700%2C400 2x"},"classes":[]},{"id":26432,"url":"https:\/\/lahoradelcampo.com.uy\/site\/la-faena-vacuna-cayo-un-35-en-la-ultima-semana\/","url_meta":{"origin":15594,"position":3},"title":"La faena vacuna cay\u00f3 un 35% en la \u00faltima semana","author":"La Hora del Campo","date":"29 diciembre, 2020","format":false,"excerpt":"La faena vacuna en la \u00faltima semana, cerrada el pasado 26 de diciembre, con menos d\u00edas de actividad registr\u00f3 un descenso del 35% respecto a la semana anterior, seg\u00fan los datos del Instituto Nacional de Carnes (INAC) tras situarse en las 29.062 cabezas. En el acumulado de 2020, la faena\u2026","rel":"","context":"En \u00abActualidad\u00bb","block_context":{"text":"Actualidad","link":"https:\/\/lahoradelcampo.com.uy\/site\/category\/actualidad\/"},"img":{"alt_text":"","src":"https:\/\/i0.wp.com\/lahoradelcampo.com.uy\/site\/wp-content\/uploads\/2017\/09\/Faena-vacuna.jpg?fit=880%2C440&ssl=1&resize=350%2C200","width":350,"height":200,"srcset":"https:\/\/i0.wp.com\/lahoradelcampo.com.uy\/site\/wp-content\/uploads\/2017\/09\/Faena-vacuna.jpg?fit=880%2C440&ssl=1&resize=350%2C200 1x, https:\/\/i0.wp.com\/lahoradelcampo.com.uy\/site\/wp-content\/uploads\/2017\/09\/Faena-vacuna.jpg?fit=880%2C440&ssl=1&resize=525%2C300 1.5x, https:\/\/i0.wp.com\/lahoradelcampo.com.uy\/site\/wp-content\/uploads\/2017\/09\/Faena-vacuna.jpg?fit=880%2C440&ssl=1&resize=700%2C400 2x"},"classes":[]},{"id":13440,"url":"https:\/\/lahoradelcampo.com.uy\/site\/faena-vacuna-semanal-volvio-a-crecer-un-14\/","url_meta":{"origin":15594,"position":4},"title":"Faena vacuna semanal volvi\u00f3 a crecer un 14%","author":"La Hora del Campo","date":"12 agosto, 2019","format":false,"excerpt":"Entre el 4 y el 10 de agosto la faena vacuna se acerc\u00f3 nuevamente a las 40.000 cabezas luego de crecer un 14% respecto a la semana anterior. De acuerdo a los datos del Instituto Nacional de Carnes (INAC), se faenaron en el pa\u00eds un total de 39.637 cabezas, es\u2026","rel":"","context":"En \u00abActualidad\u00bb","block_context":{"text":"Actualidad","link":"https:\/\/lahoradelcampo.com.uy\/site\/category\/actualidad\/"},"img":{"alt_text":"","src":"https:\/\/i0.wp.com\/lahoradelcampo.com.uy\/site\/wp-content\/uploads\/2018\/05\/Faena.jpg?fit=880%2C440&ssl=1&resize=350%2C200","width":350,"height":200,"srcset":"https:\/\/i0.wp.com\/lahoradelcampo.com.uy\/site\/wp-content\/uploads\/2018\/05\/Faena.jpg?fit=880%2C440&ssl=1&resize=350%2C200 1x, https:\/\/i0.wp.com\/lahoradelcampo.com.uy\/site\/wp-content\/uploads\/2018\/05\/Faena.jpg?fit=880%2C440&ssl=1&resize=525%2C300 1.5x, https:\/\/i0.wp.com\/lahoradelcampo.com.uy\/site\/wp-content\/uploads\/2018\/05\/Faena.jpg?fit=880%2C440&ssl=1&resize=700%2C400 2x"},"classes":[]},{"id":13106,"url":"https:\/\/lahoradelcampo.com.uy\/site\/faena-vacuna-semanal-crecio-un-14-al-27-de-julio\/","url_meta":{"origin":15594,"position":5},"title":"Faena vacuna semanal creci\u00f3 un 14% al 27 de julio","author":"La Hora del Campo","date":"29 julio, 2019","format":false,"excerpt":"La faena vacuna en la semana cerrada el 27 de julio se posicion\u00f3 en las 34.054 cabezas, lo que representa un incremento del 14% respecto a la semana anterior. El incremento semanal se sustenta en un crecimiento de la faena de novillos y vaquillonas con participaci\u00f3n de los corrales de\u2026","rel":"","context":"En \u00abActualidad\u00bb","block_context":{"text":"Actualidad","link":"https:\/\/lahoradelcampo.com.uy\/site\/category\/actualidad\/"},"img":{"alt_text":"","src":"https:\/\/i0.wp.com\/lahoradelcampo.com.uy\/site\/wp-content\/uploads\/2019\/04\/Faena.jpg?fit=880%2C440&ssl=1&resize=350%2C200","width":350,"height":200,"srcset":"https:\/\/i0.wp.com\/lahoradelcampo.com.uy\/site\/wp-content\/uploads\/2019\/04\/Faena.jpg?fit=880%2C440&ssl=1&resize=350%2C200 1x, https:\/\/i0.wp.com\/lahoradelcampo.com.uy\/site\/wp-content\/uploads\/2019\/04\/Faena.jpg?fit=880%2C440&ssl=1&resize=525%2C300 1.5x, https:\/\/i0.wp.com\/lahoradelcampo.com.uy\/site\/wp-content\/uploads\/2019\/04\/Faena.jpg?fit=880%2C440&ssl=1&resize=700%2C400 2x"},"classes":[]}],"jetpack_likes_enabled":true,"_links":{"self":[{"href":"https:\/\/lahoradelcampo.com.uy\/site\/wp-json\/wp\/v2\/posts\/15594","targetHints":{"allow":["GET"]}}],"collection":[{"href":"https:\/\/lahoradelcampo.com.uy\/site\/wp-json\/wp\/v2\/posts"}],"about":[{"href":"https:\/\/lahoradelcampo.com.uy\/site\/wp-json\/wp\/v2\/types\/post"}],"author":[{"embeddable":true,"href":"https:\/\/lahoradelcampo.com.uy\/site\/wp-json\/wp\/v2\/users\/5"}],"replies":[{"embeddable":true,"href":"https:\/\/lahoradelcampo.com.uy\/site\/wp-json\/wp\/v2\/comments?post=15594"}],"version-history":[{"count":1,"href":"https:\/\/lahoradelcampo.com.uy\/site\/wp-json\/wp\/v2\/posts\/15594\/revisions"}],"predecessor-version":[{"id":15596,"href":"https:\/\/lahoradelcampo.com.uy\/site\/wp-json\/wp\/v2\/posts\/15594\/revisions\/15596"}],"wp:featuredmedia":[{"embeddable":true,"href":"https:\/\/lahoradelcampo.com.uy\/site\/wp-json\/wp\/v2\/media\/3377"}],"wp:attachment":[{"href":"https:\/\/lahoradelcampo.com.uy\/site\/wp-json\/wp\/v2\/media?parent=15594"}],"wp:term":[{"taxonomy":"category","embeddable":true,"href":"https:\/\/lahoradelcampo.com.uy\/site\/wp-json\/wp\/v2\/categories?post=15594"},{"taxonomy":"post_tag","embeddable":true,"href":"https:\/\/lahoradelcampo.com.uy\/site\/wp-json\/wp\/v2\/tags?post=15594"}],"curies":[{"name":"wp","href":"https:\/\/api.w.org\/{rel}","templated":true}]}}