{"id":15590,"date":"2019-11-05T09:29:11","date_gmt":"2019-11-05T12:29:11","guid":{"rendered":"http:\/\/lahoradelcampo.com.uy\/site\/?p=15590"},"modified":"2019-11-05T09:29:21","modified_gmt":"2019-11-05T12:29:21","slug":"fiebre-aftosa-no-estamos-capacitados-para-ejercer-un-control-eficiente","status":"publish","type":"post","link":"https:\/\/lahoradelcampo.com.uy\/site\/fiebre-aftosa-no-estamos-capacitados-para-ejercer-un-control-eficiente\/","title":{"rendered":"Fiebre aftosa: \u00abNo estamos capacitados para ejercer un control eficiente\u00bb"},"content":{"rendered":"\n<figure class=\"wp-block-image\"><img data-recalc-dims=\"1\" loading=\"lazy\" decoding=\"async\" width=\"810\" height=\"405\" data-attachment-id=\"15242\" data-permalink=\"https:\/\/lahoradelcampo.com.uy\/site\/hay-senales-muy-favorables-para-el-sector-criador\/senattore-2\/\" data-orig-file=\"https:\/\/i0.wp.com\/lahoradelcampo.com.uy\/site\/wp-content\/uploads\/2019\/10\/Senattore.jpg?fit=880%2C440&amp;ssl=1\" data-orig-size=\"880,440\" data-comments-opened=\"1\" data-image-meta=\"{&quot;aperture&quot;:&quot;0&quot;,&quot;credit&quot;:&quot;&quot;,&quot;camera&quot;:&quot;&quot;,&quot;caption&quot;:&quot;&quot;,&quot;created_timestamp&quot;:&quot;0&quot;,&quot;copyright&quot;:&quot;&quot;,&quot;focal_length&quot;:&quot;0&quot;,&quot;iso&quot;:&quot;0&quot;,&quot;shutter_speed&quot;:&quot;0&quot;,&quot;title&quot;:&quot;&quot;,&quot;orientation&quot;:&quot;1&quot;}\" data-image-title=\"Senattore\" data-image-description=\"\" data-image-caption=\"\" data-large-file=\"https:\/\/i0.wp.com\/lahoradelcampo.com.uy\/site\/wp-content\/uploads\/2019\/10\/Senattore.jpg?fit=810%2C405&amp;ssl=1\" src=\"https:\/\/i0.wp.com\/lahoradelcampo.com.uy\/site\/wp-content\/uploads\/2019\/10\/Senattore.jpg?resize=810%2C405\" alt=\"\" class=\"wp-image-15242\" srcset=\"https:\/\/i0.wp.com\/lahoradelcampo.com.uy\/site\/wp-content\/uploads\/2019\/10\/Senattore.jpg?w=880&amp;ssl=1 880w, https:\/\/i0.wp.com\/lahoradelcampo.com.uy\/site\/wp-content\/uploads\/2019\/10\/Senattore.jpg?resize=300%2C150&amp;ssl=1 300w, https:\/\/i0.wp.com\/lahoradelcampo.com.uy\/site\/wp-content\/uploads\/2019\/10\/Senattore.jpg?resize=768%2C384&amp;ssl=1 768w, https:\/\/i0.wp.com\/lahoradelcampo.com.uy\/site\/wp-content\/uploads\/2019\/10\/Senattore.jpg?resize=820%2C410&amp;ssl=1 820w\" sizes=\"auto, (max-width: 810px) 100vw, 810px\" \/><\/figure>\n\n\n\n<p>El Ministerio de Ganader\u00eda, Agricultura y Pesca y la Comisi\u00f3n Nacional Honoraria de Sanidad Animal (Conhasa) se encuentran analizando conjuntamente con un grupo consultor las posibilidades de dejar de vacunar o no contra la fiebre aftosa, luego de la decisi\u00f3n adoptada por Brasil y que ya ha comenzado a poner en marcha en el estado de Paran\u00e1.<br><\/p>\n\n\n\n<p>El Dr. Juan Jos\u00e9 Senattore, representante de la Federaci\u00f3n Rural en la Conhasa, confirm\u00f3 que en el mes de octubre se realiz\u00f3 una reuni\u00f3n donde se plantearon por parte del grupo consultor tres posibles escenarios para nuestro pa\u00eds. En primer lugar continuar con el actual sistema de vacunaci\u00f3n, el segundo dejar de vacunar y el tercero dejar de vacunar pero con el plus de un incremento en el control de las barreras sanitarias y controles de bioseguridad. <br><\/p>\n\n\n\n<p>\u00abSe han tirado algunos n\u00fameros, van a seguir trabajando y este mes seguramente tendremos alg\u00fan otro resultado\u00bb dijo Senattore, qui\u00e9n remarc\u00f3 que la Federaci\u00f3n Rural del Uruguay \u00abno est\u00e1 de acuerdo en dejar de vacunar en las circunstancias actuales del pa\u00eds, no podemos dejar de vacunar porque no estamos capacitados para ejercer un control eficiente para un posible ingreso\u00bb. <br><\/p>\n\n\n\n<p>Si bien el profesional reconoci\u00f3 que \u00abla regi\u00f3n est\u00e1 tranquila\u00bb insisti\u00f3 en que \u00ablos m\u00e1s tranquilos tenemos que ser nosotros, lo nuestro tiene que darnos tranquilidad y hoy no tenemos la seguridad de que si dejamos de vacunar vamos a estar libre de aftosa\u00bb.  Para Senattore esto ser\u00e1 un proceso que deber\u00e1 durar entre tres y cuatro a\u00f1os de estudio y poner al MGAP y a los veterinarios del libre ejercicio \u00aba tono con un sistema de vigilancia acorde con la falta de la vacuna\u00bb. <br><\/p>\n\n\n\n<p>Entre los planteos realizados en la pasada reuni\u00f3n de octubre, estuvo la necesidad de \u00abaumentar los montos econ\u00f3micos del Ministerio para que se ponga a tono con un buen control\u00bb, pensando en dejar de vacunar pero con el plus de mayores controles en las barreras sanitarias. Senattore dijo que \u00ablo mejor ser\u00eda seguir vacunando y que el Ministerio tenga todo lo que tiene que tener, tendr\u00edamos que tender a eso porque seguramente con un Ministerio trabajando bien y con la regi\u00f3n tranquila quiz\u00e1s podamos dejar de vacunar en cinco o siete a\u00f1os\u00bb. <br><\/p>\n\n\n\n<p>Teniendo en cuenta los kil\u00f3metros de frontera seca con Brasil y la permeabilidad que puede generarse con la variabilidad de precios, como la actual, Senattore dijo que \u00abseguramente\u00bb se pueda generar alg\u00fan incidente. En este sentido record\u00f3 que hace m\u00e1s de un a\u00f1o atr\u00e1s \u00abUruguay tuvo un suceso en Estados Unidos con el Ethi\u00f3n, por los residuos en carne y ac\u00e1 en la frontera sabemos que lamentablemente los productores est\u00e1n usando productos brasile\u00f1os que son primo hermanos del Ethi\u00f3n\u00bb. <br><\/p>\n\n\n\n<p>El veterinario reconoci\u00f3 que el MGAP est\u00e1 \u00abhaciendo todo lo que tiene al alcance para vigilar algunas tropas que van de la frontera sobretodo\u00bb y advirti\u00f3 que \u00abojal\u00e1 que con estos precios no tengamos una pena de ese tipo porque ser\u00eda catastr\u00f3fico para los productores, ser\u00eda una l\u00e1stima que no podamos aprovechar estos precios de mercado, sobre todo el chino, que tengamos una limitante por mala intervenci\u00f3n de los productores\u00bb. <\/p>\n","protected":false},"excerpt":{"rendered":"<p>El Ministerio de Ganader\u00eda, Agricultura y Pesca y la Comisi\u00f3n Nacional Honoraria de Sanidad Animal (Conhasa) se encuentran analizando conjuntamente con un grupo consultor las posibilidades de dejar de vacunar [&hellip;]<\/p>\n","protected":false},"author":5,"featured_media":15242,"comment_status":"open","ping_status":"open","sticky":false,"template":"","format":"standard","meta":{"_price":"","_stock":"","_tribe_ticket_header":"","_tribe_default_ticket_provider":"","_tribe_ticket_capacity":"0","_ticket_start_date":"","_ticket_end_date":"","_tribe_ticket_show_description":"","_tribe_ticket_show_not_going":false,"_tribe_ticket_use_global_stock":"","_tribe_ticket_global_stock_level":"","_global_stock_mode":"","_global_stock_cap":"","_tribe_rsvp_for_event":"","_tribe_ticket_going_count":"","_tribe_ticket_not_going_count":"","_tribe_tickets_list":"[]","_tribe_ticket_has_attendee_info_fields":false,"h5ap_radio_sources":[],"_jetpack_newsletter_access":"","_jetpack_dont_email_post_to_subs":false,"_jetpack_newsletter_tier_id":0,"_jetpack_memberships_contains_paywalled_content":false,"_jetpack_memberships_contains_paid_content":false,"footnotes":""},"categories":[21,5],"tags":[],"class_list":["post-15590","post","type-post","status-publish","format-standard","has-post-thumbnail","hentry","category-actualidad","category-ganaderia"],"jetpack_featured_media_url":"https:\/\/i0.wp.com\/lahoradelcampo.com.uy\/site\/wp-content\/uploads\/2019\/10\/Senattore.jpg?fit=880%2C440&ssl=1","jetpack_sharing_enabled":true,"jetpack_shortlink":"https:\/\/wp.me\/p99IaT-43s","jetpack-related-posts":[{"id":33389,"url":"https:\/\/lahoradelcampo.com.uy\/site\/productores-paraguayos-se-oponen-a-dejar-de-vacunar-contra-la-fiebre-aftosa\/","url_meta":{"origin":15590,"position":0},"title":"Productores paraguayos se oponen a dejar de vacunar contra la fiebre aftosa","author":"La Hora del Campo","date":"26 agosto, 2021","format":false,"excerpt":"Los productores ganaderos guaran\u00edes no apoyan la decisi\u00f3n de dejar de vacunar contra la fiebre aftosa. Seg\u00fan manifest\u00f3 el presidente de la Asociaci\u00f3n Rural del Paraguay (ARP), Pedro Galli, \u201cun posible levantamiento de la vacunaci\u00f3n contra la fiebre aftosa en el corto plazo representar\u00e1 un aumento de costos para el\u2026","rel":"","context":"En \u00abActualidad\u00bb","block_context":{"text":"Actualidad","link":"https:\/\/lahoradelcampo.com.uy\/site\/category\/actualidad\/"},"img":{"alt_text":"","src":"https:\/\/i0.wp.com\/lahoradelcampo.com.uy\/site\/wp-content\/uploads\/2017\/09\/Aftosa-Brasil.jpg?fit=880%2C440&ssl=1&resize=350%2C200","width":350,"height":200,"srcset":"https:\/\/i0.wp.com\/lahoradelcampo.com.uy\/site\/wp-content\/uploads\/2017\/09\/Aftosa-Brasil.jpg?fit=880%2C440&ssl=1&resize=350%2C200 1x, https:\/\/i0.wp.com\/lahoradelcampo.com.uy\/site\/wp-content\/uploads\/2017\/09\/Aftosa-Brasil.jpg?fit=880%2C440&ssl=1&resize=525%2C300 1.5x, https:\/\/i0.wp.com\/lahoradelcampo.com.uy\/site\/wp-content\/uploads\/2017\/09\/Aftosa-Brasil.jpg?fit=880%2C440&ssl=1&resize=700%2C400 2x"},"classes":[]},{"id":25270,"url":"https:\/\/lahoradelcampo.com.uy\/site\/argentina-evalua-dejar-de-vacunar-contra-la-fiebre-aftosa\/","url_meta":{"origin":15590,"position":1},"title":"Argentina eval\u00faa dejar de vacunar contra la fiebre aftosa","author":"La Hora del Campo","date":"3 noviembre, 2020","format":false,"excerpt":"Ante la decisi\u00f3n de Brasil de dejar de vacunar en varios Estados fronterizos con Argentina, el Senasa emiti\u00f3 la resoluci\u00f3n 767\/2020, en la cual busca fortalecer dichas zonas y reforzar la cobertura de la vacuna en las localidades fronterizas, sin embargo el Jefe del Programa de Vacunaci\u00f3n Antiaftosa del Senasa,\u2026","rel":"","context":"En \u00abInternacionales\u00bb","block_context":{"text":"Internacionales","link":"https:\/\/lahoradelcampo.com.uy\/site\/category\/columnistas\/"},"img":{"alt_text":"","src":"https:\/\/i0.wp.com\/lahoradelcampo.com.uy\/site\/wp-content\/uploads\/2020\/11\/aftosaargentina.jpg?fit=880%2C440&ssl=1&resize=350%2C200","width":350,"height":200,"srcset":"https:\/\/i0.wp.com\/lahoradelcampo.com.uy\/site\/wp-content\/uploads\/2020\/11\/aftosaargentina.jpg?fit=880%2C440&ssl=1&resize=350%2C200 1x, https:\/\/i0.wp.com\/lahoradelcampo.com.uy\/site\/wp-content\/uploads\/2020\/11\/aftosaargentina.jpg?fit=880%2C440&ssl=1&resize=525%2C300 1.5x, https:\/\/i0.wp.com\/lahoradelcampo.com.uy\/site\/wp-content\/uploads\/2020\/11\/aftosaargentina.jpg?fit=880%2C440&ssl=1&resize=700%2C400 2x"},"classes":[]},{"id":9957,"url":"https:\/\/lahoradelcampo.com.uy\/site\/fallas-en-el-plan-estrategico-ponen-en-duda-el-plan-para-dejar-de-vacunar-contra-aftosa-en-brasil\/","url_meta":{"origin":15590,"position":2},"title":"Fallas en el \u201cPlan Estrat\u00e9gico\u201d ponen en duda el plan para dejar de vacunar contra aftosa en Brasil","author":"La Hora del Campo","date":"20 abril, 2019","format":false,"excerpt":"Un documento de 83 p\u00e1ginas disponible en el sitio del Mapa (Ministerio de Agricultura, Ganader\u00eda y Abastecimiento) explica el \"Plan Estrat\u00e9gico\" del Programa Nacional de Fiebre Aftosa (Pnefa). Sin embargo, tal documento estar\u00e1 obsoleto justamente en el punto m\u00e1s importante del grandioso programa trazado por los agentes del gobierno federal:\u2026","rel":"","context":"En \u00abActualidad\u00bb","block_context":{"text":"Actualidad","link":"https:\/\/lahoradelcampo.com.uy\/site\/category\/actualidad\/"},"img":{"alt_text":"","src":"https:\/\/i0.wp.com\/lahoradelcampo.com.uy\/site\/wp-content\/uploads\/2019\/04\/vacunacion.jpg?fit=880%2C440&ssl=1&resize=350%2C200","width":350,"height":200,"srcset":"https:\/\/i0.wp.com\/lahoradelcampo.com.uy\/site\/wp-content\/uploads\/2019\/04\/vacunacion.jpg?fit=880%2C440&ssl=1&resize=350%2C200 1x, https:\/\/i0.wp.com\/lahoradelcampo.com.uy\/site\/wp-content\/uploads\/2019\/04\/vacunacion.jpg?fit=880%2C440&ssl=1&resize=525%2C300 1.5x, https:\/\/i0.wp.com\/lahoradelcampo.com.uy\/site\/wp-content\/uploads\/2019\/04\/vacunacion.jpg?fit=880%2C440&ssl=1&resize=700%2C400 2x"},"classes":[]},{"id":15095,"url":"https:\/\/lahoradelcampo.com.uy\/site\/brasil-habilito-dejar-de-vacunar-contra-aftosa-en-el-estado-de-parana\/","url_meta":{"origin":15590,"position":3},"title":"Brasil habilit\u00f3 dejar de vacunar contra aftosa en el estado de Paran\u00e1","author":"La Hora del Campo","date":"16 octubre, 2019","format":false,"excerpt":"La ministra de Agricultura, Pecuaria y Abastecimento de Brasil, Tereza Cristina, dijo en la jornada de ayer que la suspensi\u00f3n de la vacunaci\u00f3n contra la fiebre aftosa en el estado de Paran\u00e1, abre la perspectiva de nuevos mercados para la carne bovina brasilera. \"Brasil tiene una oportunidad gigante de ser\u2026","rel":"","context":"En \u00abActualidad\u00bb","block_context":{"text":"Actualidad","link":"https:\/\/lahoradelcampo.com.uy\/site\/category\/actualidad\/"},"img":{"alt_text":"","src":"https:\/\/i0.wp.com\/lahoradelcampo.com.uy\/site\/wp-content\/uploads\/2017\/09\/Aftosa-Brasil.jpg?fit=880%2C440&ssl=1&resize=350%2C200","width":350,"height":200,"srcset":"https:\/\/i0.wp.com\/lahoradelcampo.com.uy\/site\/wp-content\/uploads\/2017\/09\/Aftosa-Brasil.jpg?fit=880%2C440&ssl=1&resize=350%2C200 1x, https:\/\/i0.wp.com\/lahoradelcampo.com.uy\/site\/wp-content\/uploads\/2017\/09\/Aftosa-Brasil.jpg?fit=880%2C440&ssl=1&resize=525%2C300 1.5x, https:\/\/i0.wp.com\/lahoradelcampo.com.uy\/site\/wp-content\/uploads\/2017\/09\/Aftosa-Brasil.jpg?fit=880%2C440&ssl=1&resize=700%2C400 2x"},"classes":[]},{"id":6157,"url":"https:\/\/lahoradelcampo.com.uy\/site\/paraguay-planea-dejar-de-vacunar-contra-la-aftosa-en-2023\/","url_meta":{"origin":15590,"position":4},"title":"Paraguay planea dejar de vacunar contra la aftosa en 2023","author":"La Hora del Campo","date":"26 marzo, 2018","format":false,"excerpt":"El cronograma de acciones regresivas de inmunizaci\u00f3n contra la enfermedad y la posterior vigilancia sanitaria fue presentado por el Senacsa a la Directora de la OIE. De las tres vacunaciones por a\u00f1o que se realizaban en Paraguay contra la aftosa se pasar\u00e1 a dos en 2019, seg\u00fan anunci\u00f3 el titular\u2026","rel":"","context":"En \u00abActualidad\u00bb","block_context":{"text":"Actualidad","link":"https:\/\/lahoradelcampo.com.uy\/site\/category\/actualidad\/"},"img":{"alt_text":"","src":"https:\/\/i0.wp.com\/lahoradelcampo.com.uy\/site\/wp-content\/uploads\/2018\/03\/Aftosa.jpg?fit=880%2C440&ssl=1&resize=350%2C200","width":350,"height":200,"srcset":"https:\/\/i0.wp.com\/lahoradelcampo.com.uy\/site\/wp-content\/uploads\/2018\/03\/Aftosa.jpg?fit=880%2C440&ssl=1&resize=350%2C200 1x, https:\/\/i0.wp.com\/lahoradelcampo.com.uy\/site\/wp-content\/uploads\/2018\/03\/Aftosa.jpg?fit=880%2C440&ssl=1&resize=525%2C300 1.5x, https:\/\/i0.wp.com\/lahoradelcampo.com.uy\/site\/wp-content\/uploads\/2018\/03\/Aftosa.jpg?fit=880%2C440&ssl=1&resize=700%2C400 2x"},"classes":[]},{"id":16484,"url":"https:\/\/lahoradelcampo.com.uy\/site\/mgap-emitio-resolucion-sobre-vacunacion-contra-la-fiebre-aftosa\/","url_meta":{"origin":15590,"position":5},"title":"MGAP emiti\u00f3 resoluci\u00f3n sobre vacunaci\u00f3n contra la fiebre aftosa","author":"La Hora del Campo","date":"19 diciembre, 2019","format":false,"excerpt":"Brasil comenz\u00f3 ya su trayecto para dejar de vacunar contra la fiebre aftosa, tema que ha sido planteado en varias oportunidades y ha encontrado resistencia tanto en los productores como en las autoridades de nuestro pa\u00eds, que han decidido continuar con la vacunaci\u00f3n del rodeo nacional. En este sentido el\u2026","rel":"","context":"En \u00abActualidad\u00bb","block_context":{"text":"Actualidad","link":"https:\/\/lahoradelcampo.com.uy\/site\/category\/actualidad\/"},"img":{"alt_text":"","src":"https:\/\/i0.wp.com\/lahoradelcampo.com.uy\/site\/wp-content\/uploads\/2018\/03\/Aftosa.jpg?fit=880%2C440&ssl=1&resize=350%2C200","width":350,"height":200,"srcset":"https:\/\/i0.wp.com\/lahoradelcampo.com.uy\/site\/wp-content\/uploads\/2018\/03\/Aftosa.jpg?fit=880%2C440&ssl=1&resize=350%2C200 1x, https:\/\/i0.wp.com\/lahoradelcampo.com.uy\/site\/wp-content\/uploads\/2018\/03\/Aftosa.jpg?fit=880%2C440&ssl=1&resize=525%2C300 1.5x, https:\/\/i0.wp.com\/lahoradelcampo.com.uy\/site\/wp-content\/uploads\/2018\/03\/Aftosa.jpg?fit=880%2C440&ssl=1&resize=700%2C400 2x"},"classes":[]}],"jetpack_likes_enabled":true,"_links":{"self":[{"href":"https:\/\/lahoradelcampo.com.uy\/site\/wp-json\/wp\/v2\/posts\/15590","targetHints":{"allow":["GET"]}}],"collection":[{"href":"https:\/\/lahoradelcampo.com.uy\/site\/wp-json\/wp\/v2\/posts"}],"about":[{"href":"https:\/\/lahoradelcampo.com.uy\/site\/wp-json\/wp\/v2\/types\/post"}],"author":[{"embeddable":true,"href":"https:\/\/lahoradelcampo.com.uy\/site\/wp-json\/wp\/v2\/users\/5"}],"replies":[{"embeddable":true,"href":"https:\/\/lahoradelcampo.com.uy\/site\/wp-json\/wp\/v2\/comments?post=15590"}],"version-history":[{"count":1,"href":"https:\/\/lahoradelcampo.com.uy\/site\/wp-json\/wp\/v2\/posts\/15590\/revisions"}],"predecessor-version":[{"id":15592,"href":"https:\/\/lahoradelcampo.com.uy\/site\/wp-json\/wp\/v2\/posts\/15590\/revisions\/15592"}],"wp:featuredmedia":[{"embeddable":true,"href":"https:\/\/lahoradelcampo.com.uy\/site\/wp-json\/wp\/v2\/media\/15242"}],"wp:attachment":[{"href":"https:\/\/lahoradelcampo.com.uy\/site\/wp-json\/wp\/v2\/media?parent=15590"}],"wp:term":[{"taxonomy":"category","embeddable":true,"href":"https:\/\/lahoradelcampo.com.uy\/site\/wp-json\/wp\/v2\/categories?post=15590"},{"taxonomy":"post_tag","embeddable":true,"href":"https:\/\/lahoradelcampo.com.uy\/site\/wp-json\/wp\/v2\/tags?post=15590"}],"curies":[{"name":"wp","href":"https:\/\/api.w.org\/{rel}","templated":true}]}}