{"id":55474,"date":"2025-01-10T11:14:10","date_gmt":"2025-01-10T14:14:10","guid":{"rendered":"http:\/\/lahoradelcampo.com.uy\/site\/?p=55474"},"modified":"2025-01-10T11:14:15","modified_gmt":"2025-01-10T14:14:15","slug":"faena-semanal-de-aves-cayo-84","status":"publish","type":"post","link":"http:\/\/lahoradelcampo.com.uy\/site\/faena-semanal-de-aves-cayo-84\/","title":{"rendered":"Faena semanal de aves cay\u00f3 8,4%"},"content":{"rendered":"\n<figure class=\"wp-block-image size-full\"><a href=\"https:\/\/i0.wp.com\/lahoradelcampo.com.uy\/site\/wp-content\/uploads\/2025\/01\/Faena-aves.jpg\"><img data-recalc-dims=\"1\" loading=\"lazy\" decoding=\"async\" width=\"810\" height=\"405\" data-attachment-id=\"55475\" data-permalink=\"http:\/\/lahoradelcampo.com.uy\/site\/faena-semanal-de-aves-cayo-84\/faena-aves\/\" data-orig-file=\"https:\/\/i0.wp.com\/lahoradelcampo.com.uy\/site\/wp-content\/uploads\/2025\/01\/Faena-aves.jpg?fit=880%2C440\" data-orig-size=\"880,440\" data-comments-opened=\"0\" data-image-meta=\"{&quot;aperture&quot;:&quot;0&quot;,&quot;credit&quot;:&quot;&quot;,&quot;camera&quot;:&quot;&quot;,&quot;caption&quot;:&quot;&quot;,&quot;created_timestamp&quot;:&quot;0&quot;,&quot;copyright&quot;:&quot;&quot;,&quot;focal_length&quot;:&quot;0&quot;,&quot;iso&quot;:&quot;0&quot;,&quot;shutter_speed&quot;:&quot;0&quot;,&quot;title&quot;:&quot;&quot;,&quot;orientation&quot;:&quot;1&quot;}\" data-image-title=\"Faena-aves\" data-image-description=\"\" data-image-caption=\"\" data-large-file=\"https:\/\/i0.wp.com\/lahoradelcampo.com.uy\/site\/wp-content\/uploads\/2025\/01\/Faena-aves.jpg?fit=810%2C405\" src=\"https:\/\/i0.wp.com\/lahoradelcampo.com.uy\/site\/wp-content\/uploads\/2025\/01\/Faena-aves.jpg?resize=810%2C405\" alt=\"\" class=\"wp-image-55475\" srcset=\"https:\/\/i0.wp.com\/lahoradelcampo.com.uy\/site\/wp-content\/uploads\/2025\/01\/Faena-aves.jpg?w=880 880w, https:\/\/i0.wp.com\/lahoradelcampo.com.uy\/site\/wp-content\/uploads\/2025\/01\/Faena-aves.jpg?resize=300%2C150 300w, https:\/\/i0.wp.com\/lahoradelcampo.com.uy\/site\/wp-content\/uploads\/2025\/01\/Faena-aves.jpg?resize=768%2C384 768w, https:\/\/i0.wp.com\/lahoradelcampo.com.uy\/site\/wp-content\/uploads\/2025\/01\/Faena-aves.jpg?resize=820%2C410 820w\" sizes=\"auto, (max-width: 810px) 100vw, 810px\" \/><\/a><\/figure>\n\n\n\n<p>La faena semanal de pollos parrilleros descendi\u00f3 8,4% en la \u00faltima semana cerrada el 4 de enero, con la influencia del feriado de fin de a\u00f1o de por medio. En total se han procesado en la industria frigor\u00edfica 570.135 aves, con un 96% correspondiente a pollos parrilleros, complement\u00e1ndose con gallinas livianas.<\/p>\n\n\n\n<p>De acuerdo con los datos de INAC, la faena semanal fue liderada por Granja Tres Arroyos Uruguay S.A. con el 25,8% del total, seguida por Tileo S.A. (22,6%) y Av\u00edcola Frontini S.A. (22,3%).<\/p>\n\n\n\n<p>Salto, 10 de enero de 2025<\/p>\n","protected":false},"excerpt":{"rendered":"<p>La faena semanal de pollos parrilleros descendi\u00f3 8,4% en la \u00faltima semana cerrada el 4 de enero, con la influencia del feriado de fin de a\u00f1o de por medio. En [&hellip;]<\/p>\n","protected":false},"author":5,"featured_media":55475,"comment_status":"closed","ping_status":"closed","sticky":false,"template":"","format":"standard","meta":{"_price":"","_stock":"","_tribe_ticket_header":"","_tribe_default_ticket_provider":"","_tribe_ticket_capacity":"0","_ticket_start_date":"","_ticket_end_date":"","_tribe_ticket_show_description":"","_tribe_ticket_show_not_going":false,"_tribe_ticket_use_global_stock":"","_tribe_ticket_global_stock_level":"","_global_stock_mode":"","_global_stock_cap":"","_tribe_rsvp_for_event":"","_tribe_ticket_going_count":"","_tribe_ticket_not_going_count":"","_tribe_tickets_list":"[]","_tribe_ticket_has_attendee_info_fields":false,"h5ap_radio_sources":[],"_jetpack_newsletter_access":"","_jetpack_dont_email_post_to_subs":false,"_jetpack_newsletter_tier_id":0,"_jetpack_memberships_contains_paywalled_content":false,"_jetpack_memberships_contains_paid_content":false,"footnotes":""},"categories":[21,9],"tags":[107,363,6844,71,657,6787],"class_list":["post-55474","post","type-post","status-publish","format-standard","has-post-thumbnail","hentry","category-actualidad","category-granja","tag-aves","tag-faena","tag-granja-tres-arroyos","tag-inac","tag-instituto-nacional-de-carnes","tag-pollos-parrilleros"],"jetpack_featured_media_url":"https:\/\/i0.wp.com\/lahoradelcampo.com.uy\/site\/wp-content\/uploads\/2025\/01\/Faena-aves.jpg?fit=880%2C440","jetpack_sharing_enabled":true,"jetpack_shortlink":"https:\/\/wp.me\/p99IaT-eqK","jetpack-related-posts":[{"id":55360,"url":"http:\/\/lahoradelcampo.com.uy\/site\/se-faenaron-mas-de-33-millones-de-pollos-parrilleros-en-2024\/","url_meta":{"origin":55474,"position":0},"title":"Se faenaron m\u00e1s de 33 millones de pollos parrilleros en 2024","author":"La Hora del Campo","date":"3 enero, 2025","format":false,"excerpt":"De acuerdo con la informaci\u00f3n proporcionada por el Instituto Nacional de Carnes (INAC), la faena de aves creci\u00f3 un 4,3% en 2024, siendo este aumento mayor al de los tres \u00faltimos a\u00f1os anteriores, que tambi\u00e9n mostraron un crecimiento del sector aviar. El a\u00f1o pasado la faena aviar alcanz\u00f3 los 34.407.803\u2026","rel":"","context":"En \u00abActualidad\u00bb","block_context":{"text":"Actualidad","link":"http:\/\/lahoradelcampo.com.uy\/site\/category\/actualidad\/"},"img":{"alt_text":"","src":"https:\/\/i0.wp.com\/lahoradelcampo.com.uy\/site\/wp-content\/uploads\/2025\/01\/Faena-Aviar-1.jpg?fit=880%2C440&resize=350%2C200","width":350,"height":200,"srcset":"https:\/\/i0.wp.com\/lahoradelcampo.com.uy\/site\/wp-content\/uploads\/2025\/01\/Faena-Aviar-1.jpg?fit=880%2C440&resize=350%2C200 1x, https:\/\/i0.wp.com\/lahoradelcampo.com.uy\/site\/wp-content\/uploads\/2025\/01\/Faena-Aviar-1.jpg?fit=880%2C440&resize=525%2C300 1.5x, https:\/\/i0.wp.com\/lahoradelcampo.com.uy\/site\/wp-content\/uploads\/2025\/01\/Faena-Aviar-1.jpg?fit=880%2C440&resize=700%2C400 2x"},"classes":[]},{"id":17818,"url":"http:\/\/lahoradelcampo.com.uy\/site\/faena-de-aves-cayo-un-136-desde-2016\/","url_meta":{"origin":55474,"position":1},"title":"Faena de aves cay\u00f3 un 13,6% desde 2016","author":"La Hora del Campo","date":"5 marzo, 2020","format":false,"excerpt":"De acuerdo a los datos aportados por el Instituto Nacional de Carnes, la faena de aves en el pa\u00eds ha ca\u00eddo un 13,6% desde el a\u00f1o 2016 hasta 2019, con un fuerte incremento en la categor\u00eda de gallinas livianas y menor presencia de pollos parrilleros, es decir que el productor\u2026","rel":"","context":"En \u00abActualidad\u00bb","block_context":{"text":"Actualidad","link":"http:\/\/lahoradelcampo.com.uy\/site\/category\/actualidad\/"},"img":{"alt_text":"","src":"https:\/\/i0.wp.com\/lahoradelcampo.com.uy\/site\/wp-content\/uploads\/2020\/03\/Aves.jpg?fit=880%2C440&resize=350%2C200","width":350,"height":200,"srcset":"https:\/\/i0.wp.com\/lahoradelcampo.com.uy\/site\/wp-content\/uploads\/2020\/03\/Aves.jpg?fit=880%2C440&resize=350%2C200 1x, https:\/\/i0.wp.com\/lahoradelcampo.com.uy\/site\/wp-content\/uploads\/2020\/03\/Aves.jpg?fit=880%2C440&resize=525%2C300 1.5x, https:\/\/i0.wp.com\/lahoradelcampo.com.uy\/site\/wp-content\/uploads\/2020\/03\/Aves.jpg?fit=880%2C440&resize=700%2C400 2x"},"classes":[]},{"id":54277,"url":"http:\/\/lahoradelcampo.com.uy\/site\/se-faenaron-mas-de-20-millones-de-aves\/","url_meta":{"origin":55474,"position":2},"title":"Se faenaron m\u00e1s de 20 millones de aves","author":"La Hora del Campo","date":"26 agosto, 2024","format":false,"excerpt":"Seg\u00fan los datos del Instituto Nacional de Carnes, la faena de aves en el pa\u00eds se situ\u00f3 hasta el pasado 17 de agosto en 21.832.411 animales. Este volumen supera en un 5,63% lo faenado en igual per\u00edodo de 2023 (20,67 millones) y 5,64% respecto a 2022 (20,66 millones). Teniendo en\u2026","rel":"","context":"En \u00abActualidad\u00bb","block_context":{"text":"Actualidad","link":"http:\/\/lahoradelcampo.com.uy\/site\/category\/actualidad\/"},"img":{"alt_text":"","src":"https:\/\/i0.wp.com\/lahoradelcampo.com.uy\/site\/wp-content\/uploads\/2020\/03\/Aves.jpg?fit=880%2C440&resize=350%2C200","width":350,"height":200,"srcset":"https:\/\/i0.wp.com\/lahoradelcampo.com.uy\/site\/wp-content\/uploads\/2020\/03\/Aves.jpg?fit=880%2C440&resize=350%2C200 1x, https:\/\/i0.wp.com\/lahoradelcampo.com.uy\/site\/wp-content\/uploads\/2020\/03\/Aves.jpg?fit=880%2C440&resize=525%2C300 1.5x, https:\/\/i0.wp.com\/lahoradelcampo.com.uy\/site\/wp-content\/uploads\/2020\/03\/Aves.jpg?fit=880%2C440&resize=700%2C400 2x"},"classes":[]},{"id":6401,"url":"http:\/\/lahoradelcampo.com.uy\/site\/inac-faena-se-situo-en-las-45-363-cabezas-de-vacunos\/","url_meta":{"origin":55474,"position":3},"title":"INAC: Faena se situ\u00f3 en las 45.363 cabezas de vacunos","author":"La Hora del Campo","date":"10 abril, 2018","format":false,"excerpt":"De acuerdo a la informaci\u00f3n proporcionada por el Instituto Nacional de Carnes, la faena durante la semana del 1 al 7 de abril, se posicion\u00f3 en las 45.363 cabezas de vacunos, 16.709 ovinos y 3.014 porcinos, en los datos dados a conocer no se incluye la faena semanal ni de\u2026","rel":"","context":"En \u00abActualidad\u00bb","block_context":{"text":"Actualidad","link":"http:\/\/lahoradelcampo.com.uy\/site\/category\/actualidad\/"},"img":{"alt_text":"","src":"https:\/\/i0.wp.com\/lahoradelcampo.com.uy\/site\/wp-content\/uploads\/2017\/10\/Faena.jpg?fit=880%2C440&resize=350%2C200","width":350,"height":200,"srcset":"https:\/\/i0.wp.com\/lahoradelcampo.com.uy\/site\/wp-content\/uploads\/2017\/10\/Faena.jpg?fit=880%2C440&resize=350%2C200 1x, https:\/\/i0.wp.com\/lahoradelcampo.com.uy\/site\/wp-content\/uploads\/2017\/10\/Faena.jpg?fit=880%2C440&resize=525%2C300 1.5x, https:\/\/i0.wp.com\/lahoradelcampo.com.uy\/site\/wp-content\/uploads\/2017\/10\/Faena.jpg?fit=880%2C440&resize=700%2C400 2x"},"classes":[]},{"id":20168,"url":"http:\/\/lahoradelcampo.com.uy\/site\/faena-vacuna-retrocedio-un-25-respecto-a-2019\/","url_meta":{"origin":55474,"position":4},"title":"Faena vacuna retrocedi\u00f3 un 25% respecto a 2019","author":"La Hora del Campo","date":"26 mayo, 2020","format":false,"excerpt":"La faena semanal Bovina fue de 45.484 cabezas disminuyendo, de acuerdo a los datos publicados por el Instituto Nacional de Carnes (INAC). Este volumen signific\u00f3 una baja del 5% respecto a la semana anterior. En el acumulado de 2020, hasta el 23 de mayo, se procesaron en la industria frigor\u00edfica\u2026","rel":"","context":"En \u00abActualidad\u00bb","block_context":{"text":"Actualidad","link":"http:\/\/lahoradelcampo.com.uy\/site\/category\/actualidad\/"},"img":{"alt_text":"","src":"https:\/\/i0.wp.com\/lahoradelcampo.com.uy\/site\/wp-content\/uploads\/2017\/10\/faena-vacuna.jpg?fit=880%2C440&resize=350%2C200","width":350,"height":200,"srcset":"https:\/\/i0.wp.com\/lahoradelcampo.com.uy\/site\/wp-content\/uploads\/2017\/10\/faena-vacuna.jpg?fit=880%2C440&resize=350%2C200 1x, https:\/\/i0.wp.com\/lahoradelcampo.com.uy\/site\/wp-content\/uploads\/2017\/10\/faena-vacuna.jpg?fit=880%2C440&resize=525%2C300 1.5x, https:\/\/i0.wp.com\/lahoradelcampo.com.uy\/site\/wp-content\/uploads\/2017\/10\/faena-vacuna.jpg?fit=880%2C440&resize=700%2C400 2x"},"classes":[]},{"id":26752,"url":"http:\/\/lahoradelcampo.com.uy\/site\/se-faenaron-2-204-porcinos\/","url_meta":{"origin":55474,"position":5},"title":"Se faenaron 2.204 porcinos","author":"La Hora del Campo","date":"12 enero, 2021","format":false,"excerpt":"De acuerdo a los datos del Instituto Nacional de Carnes (INAC) en la semana del 3 al 9 de enero se procesaron en el pa\u00eds un total de 2.204 cabezas de porcinos, levemente por debajo de las 2.414 de la semana anterior. La faena estuvo compuesta por 1.425 cerdos, 689\u2026","rel":"","context":"En \u00abActualidad\u00bb","block_context":{"text":"Actualidad","link":"http:\/\/lahoradelcampo.com.uy\/site\/category\/actualidad\/"},"img":{"alt_text":"","src":"https:\/\/i0.wp.com\/lahoradelcampo.com.uy\/site\/wp-content\/uploads\/2020\/05\/suinos.jpg?fit=880%2C440&resize=350%2C200","width":350,"height":200,"srcset":"https:\/\/i0.wp.com\/lahoradelcampo.com.uy\/site\/wp-content\/uploads\/2020\/05\/suinos.jpg?fit=880%2C440&resize=350%2C200 1x, https:\/\/i0.wp.com\/lahoradelcampo.com.uy\/site\/wp-content\/uploads\/2020\/05\/suinos.jpg?fit=880%2C440&resize=525%2C300 1.5x, https:\/\/i0.wp.com\/lahoradelcampo.com.uy\/site\/wp-content\/uploads\/2020\/05\/suinos.jpg?fit=880%2C440&resize=700%2C400 2x"},"classes":[]}],"jetpack_likes_enabled":true,"_links":{"self":[{"href":"http:\/\/lahoradelcampo.com.uy\/site\/wp-json\/wp\/v2\/posts\/55474","targetHints":{"allow":["GET"]}}],"collection":[{"href":"http:\/\/lahoradelcampo.com.uy\/site\/wp-json\/wp\/v2\/posts"}],"about":[{"href":"http:\/\/lahoradelcampo.com.uy\/site\/wp-json\/wp\/v2\/types\/post"}],"author":[{"embeddable":true,"href":"http:\/\/lahoradelcampo.com.uy\/site\/wp-json\/wp\/v2\/users\/5"}],"replies":[{"embeddable":true,"href":"http:\/\/lahoradelcampo.com.uy\/site\/wp-json\/wp\/v2\/comments?post=55474"}],"version-history":[{"count":1,"href":"http:\/\/lahoradelcampo.com.uy\/site\/wp-json\/wp\/v2\/posts\/55474\/revisions"}],"predecessor-version":[{"id":55476,"href":"http:\/\/lahoradelcampo.com.uy\/site\/wp-json\/wp\/v2\/posts\/55474\/revisions\/55476"}],"wp:featuredmedia":[{"embeddable":true,"href":"http:\/\/lahoradelcampo.com.uy\/site\/wp-json\/wp\/v2\/media\/55475"}],"wp:attachment":[{"href":"http:\/\/lahoradelcampo.com.uy\/site\/wp-json\/wp\/v2\/media?parent=55474"}],"wp:term":[{"taxonomy":"category","embeddable":true,"href":"http:\/\/lahoradelcampo.com.uy\/site\/wp-json\/wp\/v2\/categories?post=55474"},{"taxonomy":"post_tag","embeddable":true,"href":"http:\/\/lahoradelcampo.com.uy\/site\/wp-json\/wp\/v2\/tags?post=55474"}],"curies":[{"name":"wp","href":"https:\/\/api.w.org\/{rel}","templated":true}]}}