{"id":51141,"date":"2023-06-09T07:34:03","date_gmt":"2023-06-09T10:34:03","guid":{"rendered":"http:\/\/lahoradelcampo.com.uy\/site\/?p=51141"},"modified":"2023-06-09T07:34:14","modified_gmt":"2023-06-09T10:34:14","slug":"suba-de-22-centavos-en-el-ime-al-inicio-de-junio","status":"publish","type":"post","link":"http:\/\/lahoradelcampo.com.uy\/site\/suba-de-22-centavos-en-el-ime-al-inicio-de-junio\/","title":{"rendered":"Suba de 22 centavos en el IME al inicio de junio"},"content":{"rendered":"\n<figure class=\"wp-block-image size-full\"><a href=\"https:\/\/i0.wp.com\/lahoradelcampo.com.uy\/site\/wp-content\/uploads\/2018\/03\/Lanaa.jpg\"><img data-recalc-dims=\"1\" loading=\"lazy\" decoding=\"async\" width=\"810\" height=\"405\" data-attachment-id=\"6173\" data-permalink=\"http:\/\/lahoradelcampo.com.uy\/site\/mercado-lanero-australiano-cerro-a-us-1377-por-kilogramo-base-limpia\/lanaa\/\" data-orig-file=\"https:\/\/i0.wp.com\/lahoradelcampo.com.uy\/site\/wp-content\/uploads\/2018\/03\/Lanaa.jpg?fit=880%2C440\" data-orig-size=\"880,440\" data-comments-opened=\"1\" data-image-meta=\"{&quot;aperture&quot;:&quot;0&quot;,&quot;credit&quot;:&quot;Vicente-Manuel-Tort&quot;,&quot;camera&quot;:&quot;&quot;,&quot;caption&quot;:&quot;&quot;,&quot;created_timestamp&quot;:&quot;0&quot;,&quot;copyright&quot;:&quot;Presidencia de la Republica - Sec.Com.Inst.&quot;,&quot;focal_length&quot;:&quot;0&quot;,&quot;iso&quot;:&quot;0&quot;,&quot;shutter_speed&quot;:&quot;0&quot;,&quot;title&quot;:&quot;&quot;,&quot;orientation&quot;:&quot;1&quot;}\" data-image-title=\"Lanaa\" data-image-description=\"\" data-image-caption=\"\" data-large-file=\"https:\/\/i0.wp.com\/lahoradelcampo.com.uy\/site\/wp-content\/uploads\/2018\/03\/Lanaa.jpg?fit=810%2C405\" src=\"https:\/\/i0.wp.com\/lahoradelcampo.com.uy\/site\/wp-content\/uploads\/2018\/03\/Lanaa.jpg?resize=810%2C405\" alt=\"\" class=\"wp-image-6173\" srcset=\"https:\/\/i0.wp.com\/lahoradelcampo.com.uy\/site\/wp-content\/uploads\/2018\/03\/Lanaa.jpg?w=880 880w, https:\/\/i0.wp.com\/lahoradelcampo.com.uy\/site\/wp-content\/uploads\/2018\/03\/Lanaa.jpg?resize=300%2C150 300w, https:\/\/i0.wp.com\/lahoradelcampo.com.uy\/site\/wp-content\/uploads\/2018\/03\/Lanaa.jpg?resize=768%2C384 768w, https:\/\/i0.wp.com\/lahoradelcampo.com.uy\/site\/wp-content\/uploads\/2018\/03\/Lanaa.jpg?resize=820%2C410 820w\" sizes=\"auto, (max-width: 810px) 100vw, 810px\" \/><\/a><\/figure>\n\n\n\n<p>El Indicador de Mercados del Este (IME) comenz\u00f3 el \u00faltimo mes de la zafra 2022-23 con buenas noticias, ya que registr\u00f3 un aumento de 22 centavos, cotizando en US$ 8,07. Un importante incremento en comparaci\u00f3n con el cierre de la semana anterior, que se ubic\u00f3 en 7,85, el punto m\u00e1s bajo de la zafra que se hab\u00eda registrado en octubre del a\u00f1o pasado.<\/p>\n\n\n\n<p>Durante el inicio de junio, se observ\u00f3 una menor oferta pero de mejor calidad, lo que impuls\u00f3 las subidas en el IME en los primeros d\u00edas. Sin embargo, en la segunda jornada, el mercado mostr\u00f3 un comportamiento m\u00e1s moderado y una mayor selectividad debido al aumento de la oferta entre jornadas.<\/p>\n\n\n\n<p>En Sidney, se destac\u00f3 una demanda por lanas de alta calidad y con bajo contenido de materia vegetal en los micronajes m\u00e1s finos. Por otro lado, se castigaron fuertemente las lanas de menor calidad.<\/p>\n\n\n\n<p>En Melbourne, se registr\u00f3 una debilidad generalizada para las lanas con mayor contenido de materia vegetal, lo que llev\u00f3 a los vendedores a mostrar resistencia en el segundo d\u00eda de ventas, con un 23,3% de la oferta sin comercializar. Adem\u00e1s, las lanas medias y gruesas experimentaron cierta debilidad en los precios debido a una mayor oferta de menor calidad.<\/p>\n\n\n\n<p>En este escenario, el IME cerr\u00f3 en A$ 12,08 por kilogramo base limpia al finalizar la semana, lo que representa una disminuci\u00f3n de un centavo en comparaci\u00f3n con la semana pasada. En cuanto a la moneda estadounidense, el IME cerr\u00f3 en US$ 8,07, sumando 22 centavos de subida durante la semana.<br>En las dos jornadas de ventas, se ofertaron un total de 33.435 fardos, con un 86,8% de colocaci\u00f3n. Este volumen ofertado fue un 7,5% superior al de la misma semana del a\u00f1o pasado.<\/p>\n\n\n\n<p>De los fardos ofertados, 17.750 fueron exclusivamente de vellones merino, de los cuales se coloc\u00f3 el 86%. Por otro lado, se ofertaron 6.815 fardos de vellones cruzas (no merino), con un \u00edndice de colocaci\u00f3n del 87,2%.<\/p>\n\n\n\n<p>Las cinco principales firmas compradoras, lideradas por Techwool Trading, representaron el 58,5% de lo comercializado durante esta semana.<\/p>\n\n\n\n<p>En la pr\u00f3xima semana, se reanudar\u00e1n las ventas en el mercado lanero australiano con una oferta de 45.325 fardos distribuidos en los tres centros de venta, que se llevar\u00e1n a cabo los d\u00edas mi\u00e9rcoles y jueves.<br>Con el retorno de Fremantle, la oferta prevista es un 35,6% superior a la semana anterior y un 27,5% mayor en comparaci\u00f3n con el a\u00f1o pasado.<\/p>\n\n\n\n<p>Salto, 9 de junio de 2023<\/p>\n","protected":false},"excerpt":{"rendered":"<p>El Indicador de Mercados del Este (IME) comenz\u00f3 el \u00faltimo mes de la zafra 2022-23 con buenas noticias, ya que registr\u00f3 un aumento de 22 centavos, cotizando en US$ 8,07. [&hellip;]<\/p>\n","protected":false},"author":5,"featured_media":48841,"comment_status":"open","ping_status":"open","sticky":false,"template":"","format":"standard","meta":{"_price":"","_stock":"","_tribe_ticket_header":"","_tribe_default_ticket_provider":"","_tribe_ticket_capacity":"0","_ticket_start_date":"","_ticket_end_date":"","_tribe_ticket_show_description":"","_tribe_ticket_show_not_going":false,"_tribe_ticket_use_global_stock":"","_tribe_ticket_global_stock_level":"","_global_stock_mode":"","_global_stock_cap":"","_tribe_rsvp_for_event":"","_tribe_ticket_going_count":"","_tribe_ticket_not_going_count":"","_tribe_tickets_list":"[]","_tribe_ticket_has_attendee_info_fields":false,"h5ap_radio_sources":[],"_jetpack_newsletter_access":"","_jetpack_dont_email_post_to_subs":false,"_jetpack_newsletter_tier_id":0,"_jetpack_memberships_contains_paywalled_content":false,"_jetpack_memberships_contains_paid_content":false,"footnotes":""},"categories":[21,13],"tags":[],"class_list":["post-51141","post","type-post","status-publish","format-standard","has-post-thumbnail","hentry","category-actualidad","category-ovinos"],"jetpack_featured_media_url":"https:\/\/i0.wp.com\/lahoradelcampo.com.uy\/site\/wp-content\/uploads\/2023\/02\/Lana-australia5.jpg?fit=880%2C440","jetpack_sharing_enabled":true,"jetpack_shortlink":"https:\/\/wp.me\/p99IaT-diR","jetpack-related-posts":[{"id":42615,"url":"http:\/\/lahoradelcampo.com.uy\/site\/el-ime-subio-26-centavos-esta-semana\/","url_meta":{"origin":51141,"position":0},"title":"El IME subi\u00f3 26 centavos esta semana","author":"La Hora del Campo","date":"10 junio, 2022","format":false,"excerpt":"El mercado lanero australiano cerr\u00f3 una semana m\u00e1s que positiva para el Indicador de Mercados del Este (IME) con la cuarta suba semanal m\u00e1s importante de la presente zafra en la moneda norteamericana. Al mismo tiempo esta semana se observ\u00f3 la menor oferta de los \u00faltimos nueve meses, seg\u00fan la\u2026","rel":"","context":"En \u00abActualidad\u00bb","block_context":{"text":"Actualidad","link":"http:\/\/lahoradelcampo.com.uy\/site\/category\/actualidad\/"},"img":{"alt_text":"","src":"https:\/\/i0.wp.com\/lahoradelcampo.com.uy\/site\/wp-content\/uploads\/2022\/06\/lanas-australia.jpg?fit=880%2C440&resize=350%2C200","width":350,"height":200,"srcset":"https:\/\/i0.wp.com\/lahoradelcampo.com.uy\/site\/wp-content\/uploads\/2022\/06\/lanas-australia.jpg?fit=880%2C440&resize=350%2C200 1x, https:\/\/i0.wp.com\/lahoradelcampo.com.uy\/site\/wp-content\/uploads\/2022\/06\/lanas-australia.jpg?fit=880%2C440&resize=525%2C300 1.5x, https:\/\/i0.wp.com\/lahoradelcampo.com.uy\/site\/wp-content\/uploads\/2022\/06\/lanas-australia.jpg?fit=880%2C440&resize=700%2C400 2x"},"classes":[]},{"id":31936,"url":"http:\/\/lahoradelcampo.com.uy\/site\/termino-la-primera-semana-2021-22-con-un-ime-a-la-baja\/","url_meta":{"origin":51141,"position":1},"title":"Termin\u00f3 la primera semana 2021-22, con un IME a la baja","author":"La Hora del Campo","date":"9 julio, 2021","format":false,"excerpt":"Luego del arranque de semana, el pasado martes, con subas en varios micronajes en las lanas finas y un Indicador de Mercados del Este (IME) que gan\u00f3 8 centavos, el mi\u00e9rcoles y ayer jueves cambi\u00f3 la tendencia y la semana termin\u00f3 cerrando con una ca\u00edda de 10 centavos frente al\u2026","rel":"","context":"En \u00abActualidad\u00bb","block_context":{"text":"Actualidad","link":"http:\/\/lahoradelcampo.com.uy\/site\/category\/actualidad\/"},"img":{"alt_text":"","src":"https:\/\/i0.wp.com\/lahoradelcampo.com.uy\/site\/wp-content\/uploads\/2019\/06\/Lana-australia-1.jpg?fit=880%2C440&resize=350%2C200","width":350,"height":200,"srcset":"https:\/\/i0.wp.com\/lahoradelcampo.com.uy\/site\/wp-content\/uploads\/2019\/06\/Lana-australia-1.jpg?fit=880%2C440&resize=350%2C200 1x, https:\/\/i0.wp.com\/lahoradelcampo.com.uy\/site\/wp-content\/uploads\/2019\/06\/Lana-australia-1.jpg?fit=880%2C440&resize=525%2C300 1.5x, https:\/\/i0.wp.com\/lahoradelcampo.com.uy\/site\/wp-content\/uploads\/2019\/06\/Lana-australia-1.jpg?fit=880%2C440&resize=700%2C400 2x"},"classes":[]},{"id":56363,"url":"http:\/\/lahoradelcampo.com.uy\/site\/mercado-lanero-australiano-se-fue-al-receso-con-fuerte-suba-en-el-ime\/","url_meta":{"origin":51141,"position":2},"title":"Mercado Lanero Australiano se fue al receso con fuerte suba en el IME","author":"La Hora del Campo","date":"25 julio, 2025","format":false,"excerpt":"El mercado lanero australiano cerr\u00f3 las primeras cuatro semanas de ventas de la presente zafra lanera, previo al tradicional receso de invierno, con un destacado incremento en las cotizaciones de los distintos micronajes, superando la barrera de los US$ 8,00 en el Indicador de Mercados del Este (IME). Esta \u00faltima\u2026","rel":"","context":"En \u00abActualidad\u00bb","block_context":{"text":"Actualidad","link":"http:\/\/lahoradelcampo.com.uy\/site\/category\/actualidad\/"},"img":{"alt_text":"","src":"https:\/\/i0.wp.com\/lahoradelcampo.com.uy\/site\/wp-content\/uploads\/2024\/05\/Lana-australiaaa.jpg?fit=880%2C440&resize=350%2C200","width":350,"height":200,"srcset":"https:\/\/i0.wp.com\/lahoradelcampo.com.uy\/site\/wp-content\/uploads\/2024\/05\/Lana-australiaaa.jpg?fit=880%2C440&resize=350%2C200 1x, https:\/\/i0.wp.com\/lahoradelcampo.com.uy\/site\/wp-content\/uploads\/2024\/05\/Lana-australiaaa.jpg?fit=880%2C440&resize=525%2C300 1.5x, https:\/\/i0.wp.com\/lahoradelcampo.com.uy\/site\/wp-content\/uploads\/2024\/05\/Lana-australiaaa.jpg?fit=880%2C440&resize=700%2C400 2x"},"classes":[]},{"id":43393,"url":"http:\/\/lahoradelcampo.com.uy\/site\/el-ime-cayo-fuerte-al-cierre-de-la-zafra-lanera-2021-22\/","url_meta":{"origin":51141,"position":3},"title":"El IME cay\u00f3 fuerte al cierre de la zafra lanera 2021-22","author":"La Hora del Campo","date":"1 julio, 2022","format":false,"excerpt":"El mi\u00e9rcoles cerr\u00f3 la zafra lanera 2021-2022 en Australia, con una fuerte correcci\u00f3n a la baja en las referencias de precios para todos los micronajes, principalmente en las lanas finas debido a la baja calidad en la gran mayor\u00eda de la oferta. A modo de ejemplo de lo que signific\u00f3\u2026","rel":"","context":"En \u00abActualidad\u00bb","block_context":{"text":"Actualidad","link":"http:\/\/lahoradelcampo.com.uy\/site\/category\/actualidad\/"},"img":{"alt_text":"","src":"https:\/\/i0.wp.com\/lahoradelcampo.com.uy\/site\/wp-content\/uploads\/2022\/06\/lanas-australia.jpg?fit=880%2C440&resize=350%2C200","width":350,"height":200,"srcset":"https:\/\/i0.wp.com\/lahoradelcampo.com.uy\/site\/wp-content\/uploads\/2022\/06\/lanas-australia.jpg?fit=880%2C440&resize=350%2C200 1x, https:\/\/i0.wp.com\/lahoradelcampo.com.uy\/site\/wp-content\/uploads\/2022\/06\/lanas-australia.jpg?fit=880%2C440&resize=525%2C300 1.5x, https:\/\/i0.wp.com\/lahoradelcampo.com.uy\/site\/wp-content\/uploads\/2022\/06\/lanas-australia.jpg?fit=880%2C440&resize=700%2C400 2x"},"classes":[]},{"id":20320,"url":"http:\/\/lahoradelcampo.com.uy\/site\/el-ime-cerro-la-semana-al-alza-y-cotizo-a-us-777\/","url_meta":{"origin":51141,"position":4},"title":"El IME cerr\u00f3 la semana al alza y cotiz\u00f3 a US$ 7,77","author":"La Hora del Campo","date":"28 mayo, 2020","format":false,"excerpt":"Una demanda m\u00e1s activa, menor cantidad y mejor calidad de la lana ofertada y el tipo de cambio, fueron los fundamentos para una semana positiva para el mercado lanero australiano que culmin\u00f3 con la colocaci\u00f3n del 92% de la oferta y una suba del 2,7% luego de los dos d\u00edas\u2026","rel":"","context":"En \u00abActualidad\u00bb","block_context":{"text":"Actualidad","link":"http:\/\/lahoradelcampo.com.uy\/site\/category\/actualidad\/"},"img":{"alt_text":"","src":"https:\/\/i0.wp.com\/lahoradelcampo.com.uy\/site\/wp-content\/uploads\/2018\/03\/Lanaa.jpg?fit=880%2C440&resize=350%2C200","width":350,"height":200,"srcset":"https:\/\/i0.wp.com\/lahoradelcampo.com.uy\/site\/wp-content\/uploads\/2018\/03\/Lanaa.jpg?fit=880%2C440&resize=350%2C200 1x, https:\/\/i0.wp.com\/lahoradelcampo.com.uy\/site\/wp-content\/uploads\/2018\/03\/Lanaa.jpg?fit=880%2C440&resize=525%2C300 1.5x, https:\/\/i0.wp.com\/lahoradelcampo.com.uy\/site\/wp-content\/uploads\/2018\/03\/Lanaa.jpg?fit=880%2C440&resize=700%2C400 2x"},"classes":[]},{"id":31194,"url":"http:\/\/lahoradelcampo.com.uy\/site\/el-ime-sigue-al-alza-tras-cerrar-la-semana-en-us-1078\/","url_meta":{"origin":51141,"position":5},"title":"El IME sigue al alza tras cerrar la semana en US$ 10,78","author":"La Hora del Campo","date":"11 junio, 2021","format":false,"excerpt":"Dos jornadas consecutivas de suba esta semana y el mercado lanero australiano registr\u00f3 un nuevo m\u00e1ximo en el Indicador de Mercados del Este, tanto en d\u00f3lares australianos como norteamericanos. La oferta de lanas mejor\u00f3 en la calidad esta semana, tanto en finas como lanas medias y gruesas, lo que tambi\u00e9n\u2026","rel":"","context":"En \u00abActualidad\u00bb","block_context":{"text":"Actualidad","link":"http:\/\/lahoradelcampo.com.uy\/site\/category\/actualidad\/"},"img":{"alt_text":"","src":"https:\/\/i0.wp.com\/lahoradelcampo.com.uy\/site\/wp-content\/uploads\/2021\/06\/lanaaustralia1.jpg?fit=880%2C440&resize=350%2C200","width":350,"height":200,"srcset":"https:\/\/i0.wp.com\/lahoradelcampo.com.uy\/site\/wp-content\/uploads\/2021\/06\/lanaaustralia1.jpg?fit=880%2C440&resize=350%2C200 1x, https:\/\/i0.wp.com\/lahoradelcampo.com.uy\/site\/wp-content\/uploads\/2021\/06\/lanaaustralia1.jpg?fit=880%2C440&resize=525%2C300 1.5x, https:\/\/i0.wp.com\/lahoradelcampo.com.uy\/site\/wp-content\/uploads\/2021\/06\/lanaaustralia1.jpg?fit=880%2C440&resize=700%2C400 2x"},"classes":[]}],"jetpack_likes_enabled":true,"_links":{"self":[{"href":"http:\/\/lahoradelcampo.com.uy\/site\/wp-json\/wp\/v2\/posts\/51141","targetHints":{"allow":["GET"]}}],"collection":[{"href":"http:\/\/lahoradelcampo.com.uy\/site\/wp-json\/wp\/v2\/posts"}],"about":[{"href":"http:\/\/lahoradelcampo.com.uy\/site\/wp-json\/wp\/v2\/types\/post"}],"author":[{"embeddable":true,"href":"http:\/\/lahoradelcampo.com.uy\/site\/wp-json\/wp\/v2\/users\/5"}],"replies":[{"embeddable":true,"href":"http:\/\/lahoradelcampo.com.uy\/site\/wp-json\/wp\/v2\/comments?post=51141"}],"version-history":[{"count":1,"href":"http:\/\/lahoradelcampo.com.uy\/site\/wp-json\/wp\/v2\/posts\/51141\/revisions"}],"predecessor-version":[{"id":51143,"href":"http:\/\/lahoradelcampo.com.uy\/site\/wp-json\/wp\/v2\/posts\/51141\/revisions\/51143"}],"wp:featuredmedia":[{"embeddable":true,"href":"http:\/\/lahoradelcampo.com.uy\/site\/wp-json\/wp\/v2\/media\/48841"}],"wp:attachment":[{"href":"http:\/\/lahoradelcampo.com.uy\/site\/wp-json\/wp\/v2\/media?parent=51141"}],"wp:term":[{"taxonomy":"category","embeddable":true,"href":"http:\/\/lahoradelcampo.com.uy\/site\/wp-json\/wp\/v2\/categories?post=51141"},{"taxonomy":"post_tag","embeddable":true,"href":"http:\/\/lahoradelcampo.com.uy\/site\/wp-json\/wp\/v2\/tags?post=51141"}],"curies":[{"name":"wp","href":"https:\/\/api.w.org\/{rel}","templated":true}]}}