{"id":51105,"date":"2023-06-07T06:54:29","date_gmt":"2023-06-07T09:54:29","guid":{"rendered":"http:\/\/lahoradelcampo.com.uy\/site\/?p=51105"},"modified":"2023-06-07T07:25:24","modified_gmt":"2023-06-07T10:25:24","slug":"hoy-inicia-la-gira-ganadera-2023-de-la-hereford-en-tacuarembo","status":"publish","type":"post","link":"http:\/\/lahoradelcampo.com.uy\/site\/hoy-inicia-la-gira-ganadera-2023-de-la-hereford-en-tacuarembo\/","title":{"rendered":"Hoy inicia la gira ganadera 2023 de la Hereford en Tacuaremb\u00f3"},"content":{"rendered":"\n<figure class=\"wp-block-image size-full\"><a href=\"https:\/\/i0.wp.com\/lahoradelcampo.com.uy\/site\/wp-content\/uploads\/2018\/05\/toros-hereford.jpg\"><img data-recalc-dims=\"1\" loading=\"lazy\" decoding=\"async\" width=\"810\" height=\"405\" data-attachment-id=\"6701\" data-permalink=\"http:\/\/lahoradelcampo.com.uy\/site\/facturacion-bruta-de-tamberos-subio-7-en-el-primer-trimestre\/toros-hereford\/\" data-orig-file=\"https:\/\/i0.wp.com\/lahoradelcampo.com.uy\/site\/wp-content\/uploads\/2018\/05\/toros-hereford.jpg?fit=880%2C440\" data-orig-size=\"880,440\" data-comments-opened=\"1\" data-image-meta=\"{&quot;aperture&quot;:&quot;0&quot;,&quot;credit&quot;:&quot;&quot;,&quot;camera&quot;:&quot;&quot;,&quot;caption&quot;:&quot;&quot;,&quot;created_timestamp&quot;:&quot;0&quot;,&quot;copyright&quot;:&quot;&quot;,&quot;focal_length&quot;:&quot;0&quot;,&quot;iso&quot;:&quot;0&quot;,&quot;shutter_speed&quot;:&quot;0&quot;,&quot;title&quot;:&quot;&quot;,&quot;orientation&quot;:&quot;1&quot;}\" data-image-title=\"toros hereford\" data-image-description=\"\" data-image-caption=\"\" data-large-file=\"https:\/\/i0.wp.com\/lahoradelcampo.com.uy\/site\/wp-content\/uploads\/2018\/05\/toros-hereford.jpg?fit=810%2C405\" src=\"https:\/\/i0.wp.com\/lahoradelcampo.com.uy\/site\/wp-content\/uploads\/2018\/05\/toros-hereford.jpg?resize=810%2C405\" alt=\"\" class=\"wp-image-6701\" srcset=\"https:\/\/i0.wp.com\/lahoradelcampo.com.uy\/site\/wp-content\/uploads\/2018\/05\/toros-hereford.jpg?w=880 880w, https:\/\/i0.wp.com\/lahoradelcampo.com.uy\/site\/wp-content\/uploads\/2018\/05\/toros-hereford.jpg?resize=300%2C150 300w, https:\/\/i0.wp.com\/lahoradelcampo.com.uy\/site\/wp-content\/uploads\/2018\/05\/toros-hereford.jpg?resize=768%2C384 768w, https:\/\/i0.wp.com\/lahoradelcampo.com.uy\/site\/wp-content\/uploads\/2018\/05\/toros-hereford.jpg?resize=820%2C410 820w\" sizes=\"auto, (max-width: 810px) 100vw, 810px\" \/><\/a><\/figure>\n\n\n\n<p>Hoy comienza una de las actividades m\u00e1s esperadas por los amantes de la ganader\u00eda en Uruguay: la Gira Ganadera Hereford 2023, organizada por la Sociedad de Criadores Hereford del Uruguay (SCHU). Durante los d\u00edas mi\u00e9rcoles 7, jueves 8 y viernes 9 de junio, los participantes tendr\u00e1n la oportunidad de explorar la zona norte del pa\u00eds y sumergirse en el fascinante mundo de la cr\u00eda de ganado Hereford.<\/p>\n\n\n\n<p>La jornada dar\u00e1 inicio con una visita a la reconocida planta de Marfrig, donde los asistentes podr\u00e1n conocer de cerca los \u00faltimos cambios y actualizaciones implementados en la instalaci\u00f3n. Adem\u00e1s, se contar\u00e1 con una interesante charla a cargo de Marcelo Secco, quien abordar\u00e1 la tem\u00e1tica de la ganader\u00eda sustentable. La cena de bienvenida cerrar\u00e1 esta primera jornada, brindando un espacio de encuentro y camarader\u00eda.<\/p>\n\n\n\n<p>El segundo d\u00eda de la gira estar\u00e1 dedicado a la visita de establecimientos destacados en la regi\u00f3n. En el paraje Amarillo, se explorar\u00e1 el establecimiento Marca Norte, propiedad de Marcelo Rodr\u00edguez. Este lugar se destaca por su enfoque en la cr\u00eda comercial y por los excelentes resultados obtenidos gracias al trabajo con la raza Hereford. El almuerzo se llevar\u00e1 a cabo en la escuela de Minas de Corrales, y posteriormente se visitar\u00e1 el establecimiento La Tapera de Marcela Iba\u00f1ez, reconocido por su exitosa labor en campos complicados y desafiantes del norte del pa\u00eds.<\/p>\n\n\n\n<p>El \u00faltimo d\u00eda de la gira, el viernes, se dirigir\u00e1n hacia el paraje Carumb\u00e9 en Salto, donde se encuentra la Estancia Navidad, propiedad de la familia Sanguinetti Vivo. Este establecimiento tambi\u00e9n se destaca en la cr\u00eda comercial y hace uso de una cuidadosa selecci\u00f3n gen\u00e9tica para obtener resultados sobresalientes.<br>El presidente de la SCHU, en el contexto de este a\u00f1o complejo en cuanto al clima, destac\u00f3 la importancia de presenciar la resistencia y adaptabilidad de la raza Hereford en diferentes entornos. A pesar de las adversidades, la raza sigue demostrando su fortaleza y capacidad de enfrentar los desaf\u00edos del sector ganadero.<\/p>\n\n\n\n<p>Salto, 7 de junio de 2023<\/p>\n","protected":false},"excerpt":{"rendered":"<p>Hoy comienza una de las actividades m\u00e1s esperadas por los amantes de la ganader\u00eda en Uruguay: la Gira Ganadera Hereford 2023, organizada por la Sociedad de Criadores Hereford del Uruguay [&hellip;]<\/p>\n","protected":false},"author":5,"featured_media":6701,"comment_status":"open","ping_status":"open","sticky":false,"template":"","format":"standard","meta":{"_price":"","_stock":"","_tribe_ticket_header":"","_tribe_default_ticket_provider":"","_tribe_ticket_capacity":"0","_ticket_start_date":"","_ticket_end_date":"","_tribe_ticket_show_description":"","_tribe_ticket_show_not_going":false,"_tribe_ticket_use_global_stock":"","_tribe_ticket_global_stock_level":"","_global_stock_mode":"","_global_stock_cap":"","_tribe_rsvp_for_event":"","_tribe_ticket_going_count":"","_tribe_ticket_not_going_count":"","_tribe_tickets_list":"[]","_tribe_ticket_has_attendee_info_fields":false,"h5ap_radio_sources":[],"_jetpack_newsletter_access":"","_jetpack_dont_email_post_to_subs":false,"_jetpack_newsletter_tier_id":0,"_jetpack_memberships_contains_paywalled_content":false,"_jetpack_memberships_contains_paid_content":false,"footnotes":""},"categories":[21,5],"tags":[6537,6529,6523,6511,6531,6541,6517,6533,6535,6539,27,6515,6507,157,6525,6519,6527,6521,521,6543,6513,597,2948,6509,1227,83],"class_list":["post-51105","post","type-post","status-publish","format-standard","has-post-thumbnail","hentry","category-actualidad","category-ganaderia","tag-adaptabilidad","tag-campos-complicados","tag-cria-comercial","tag-cria-de-ganado-hereford","tag-desafiantes","tag-desafios-del-sector-ganadero","tag-establecimientos-destacados","tag-estancia-navidad","tag-familia-sanguinetti-vivo","tag-fortaleza","tag-ganaderia","tag-ganaderia-sustentable","tag-gira-ganadera-hereford-2023","tag-hereford","tag-la-tapera","tag-marca-norte","tag-marcela-ibanez","tag-marcelo-rodriguez","tag-marcelo-secco","tag-miercoles-7-al-viernes-9-de-junio","tag-planta-de-marfrig","tag-resistencia","tag-schu","tag-sociedad-de-criadores-hereford-del-uruguay","tag-tacuarembo","tag-uruguay"],"jetpack_featured_media_url":"https:\/\/i0.wp.com\/lahoradelcampo.com.uy\/site\/wp-content\/uploads\/2018\/05\/toros-hereford.jpg?fit=880%2C440","jetpack_sharing_enabled":true,"jetpack_shortlink":"https:\/\/wp.me\/p99IaT-dih","jetpack-related-posts":[{"id":31004,"url":"http:\/\/lahoradelcampo.com.uy\/site\/3-de-julio-nueva-fecha-para-la-expo-nacional-hereford\/","url_meta":{"origin":51105,"position":0},"title":"3 de julio, nueva fecha para la Expo Nacional Hereford","author":"La Hora del Campo","date":"7 junio, 2021","format":false,"excerpt":"La Sociedad de Criadores de Hereford del Uruguay definieron una nueva fecha para la realizaci\u00f3n de la Expo Nacional Hereford, que este a\u00f1o se desarrollar\u00e1 en el predio de la Sociedad Agropecuaria de Lavalleja. La muestra, considerada por la gremial como la \"exposici\u00f3n Hereford m\u00e1s grande de sudam\u00e9rica\" tiene como\u2026","rel":"","context":"En \u00abActualidad\u00bb","block_context":{"text":"Actualidad","link":"http:\/\/lahoradelcampo.com.uy\/site\/category\/actualidad\/"},"img":{"alt_text":"","src":"https:\/\/i0.wp.com\/lahoradelcampo.com.uy\/site\/wp-content\/uploads\/2021\/06\/ExpoHereford.jpg?fit=880%2C440&resize=350%2C200","width":350,"height":200,"srcset":"https:\/\/i0.wp.com\/lahoradelcampo.com.uy\/site\/wp-content\/uploads\/2021\/06\/ExpoHereford.jpg?fit=880%2C440&resize=350%2C200 1x, https:\/\/i0.wp.com\/lahoradelcampo.com.uy\/site\/wp-content\/uploads\/2021\/06\/ExpoHereford.jpg?fit=880%2C440&resize=525%2C300 1.5x, https:\/\/i0.wp.com\/lahoradelcampo.com.uy\/site\/wp-content\/uploads\/2021\/06\/ExpoHereford.jpg?fit=880%2C440&resize=700%2C400 2x"},"classes":[]},{"id":29290,"url":"http:\/\/lahoradelcampo.com.uy\/site\/se-postergo-la-expo-nacional-hereford-2021\/","url_meta":{"origin":51105,"position":1},"title":"Se posterg\u00f3 la Expo Nacional Hereford 2021","author":"La Hora del Campo","date":"16 abril, 2021","format":false,"excerpt":"La Sociedad de Criadores de Hereford del Uruguay (SCHU) ten\u00eda organizada la realizaci\u00f3n de la Exposici\u00f3n Nacional Hereford, durante los d\u00edas 7 y 8 de mayo en el predio de la Asociaci\u00f3n Agropecuaria de Lavalleja. Junto a dicha exposici\u00f3n estaba tambi\u00e9n organizada la realizaci\u00f3n del primer concurso Nacional de Terneros,\u2026","rel":"","context":"En \u00abActualidad\u00bb","block_context":{"text":"Actualidad","link":"http:\/\/lahoradelcampo.com.uy\/site\/category\/actualidad\/"},"img":{"alt_text":"","src":"https:\/\/i0.wp.com\/lahoradelcampo.com.uy\/site\/wp-content\/uploads\/2020\/02\/Expo-hereford-1.jpg?fit=880%2C440&resize=350%2C200","width":350,"height":200,"srcset":"https:\/\/i0.wp.com\/lahoradelcampo.com.uy\/site\/wp-content\/uploads\/2020\/02\/Expo-hereford-1.jpg?fit=880%2C440&resize=350%2C200 1x, https:\/\/i0.wp.com\/lahoradelcampo.com.uy\/site\/wp-content\/uploads\/2020\/02\/Expo-hereford-1.jpg?fit=880%2C440&resize=525%2C300 1.5x, https:\/\/i0.wp.com\/lahoradelcampo.com.uy\/site\/wp-content\/uploads\/2020\/02\/Expo-hereford-1.jpg?fit=880%2C440&resize=700%2C400 2x"},"classes":[]},{"id":42111,"url":"http:\/\/lahoradelcampo.com.uy\/site\/el-mes-de-junio-viene-con-importantes-actividades-de-la-hereford\/","url_meta":{"origin":51105,"position":2},"title":"El mes de junio viene con importantes actividades de la Hereford","author":"La Hora del Campo","date":"23 mayo, 2022","format":false,"excerpt":"Junio ser\u00e1 un mes de destaque para la raza Hereford, con el desarrollo de la cuarta edici\u00f3n de la Exposici\u00f3n Nacional Hereford y posteriormente la realizaci\u00f3n de la gira que este a\u00f1o visitar\u00e1 el departamento de Cerro Largo. Exposici\u00f3n Nacional La exposici\u00f3n nacional, que se realiza de forma itinerante, este\u2026","rel":"","context":"En \u00abActualidad\u00bb","block_context":{"text":"Actualidad","link":"http:\/\/lahoradelcampo.com.uy\/site\/category\/actualidad\/"},"img":{"alt_text":"","src":"https:\/\/i0.wp.com\/lahoradelcampo.com.uy\/site\/wp-content\/uploads\/2022\/04\/Hereford-nacional.jpg?fit=880%2C440&resize=350%2C200","width":350,"height":200,"srcset":"https:\/\/i0.wp.com\/lahoradelcampo.com.uy\/site\/wp-content\/uploads\/2022\/04\/Hereford-nacional.jpg?fit=880%2C440&resize=350%2C200 1x, https:\/\/i0.wp.com\/lahoradelcampo.com.uy\/site\/wp-content\/uploads\/2022\/04\/Hereford-nacional.jpg?fit=880%2C440&resize=525%2C300 1.5x, https:\/\/i0.wp.com\/lahoradelcampo.com.uy\/site\/wp-content\/uploads\/2022\/04\/Hereford-nacional.jpg?fit=880%2C440&resize=700%2C400 2x"},"classes":[]},{"id":41115,"url":"http:\/\/lahoradelcampo.com.uy\/site\/ganadera-hereford-un-remate-para-adquirir-calidad\/","url_meta":{"origin":51105,"position":3},"title":"Ganadera Hereford: un remate para adquirir \u00abcalidad\u00bb","author":"La Hora del Campo","date":"24 abril, 2022","format":false,"excerpt":"En un momento excepcional del mercado ganadero, donde las haciendas se valorizan semana a semana, el consorcio de rematadores de Pantalla Uruguay realizar\u00e1 su remate 241, donde se incluye una nueva Ganadera Hereford, uno de los remates m\u00e1s tradicionales en las ventas por pantalla en nuestro pa\u00eds. Del 27 al\u2026","rel":"","context":"En \u00abActualidad\u00bb","block_context":{"text":"Actualidad","link":"http:\/\/lahoradelcampo.com.uy\/site\/category\/actualidad\/"},"img":{"alt_text":"","src":"https:\/\/i0.wp.com\/lahoradelcampo.com.uy\/site\/wp-content\/uploads\/2022\/04\/Hereford-Alfonso-.jpg?fit=880%2C440&resize=350%2C200","width":350,"height":200,"srcset":"https:\/\/i0.wp.com\/lahoradelcampo.com.uy\/site\/wp-content\/uploads\/2022\/04\/Hereford-Alfonso-.jpg?fit=880%2C440&resize=350%2C200 1x, https:\/\/i0.wp.com\/lahoradelcampo.com.uy\/site\/wp-content\/uploads\/2022\/04\/Hereford-Alfonso-.jpg?fit=880%2C440&resize=525%2C300 1.5x, https:\/\/i0.wp.com\/lahoradelcampo.com.uy\/site\/wp-content\/uploads\/2022\/04\/Hereford-Alfonso-.jpg?fit=880%2C440&resize=700%2C400 2x"},"classes":[]},{"id":50439,"url":"http:\/\/lahoradelcampo.com.uy\/site\/toda-la-grandeza-de-la-hereford-en-salto-hoy-comienza-la-expo-nacional\/","url_meta":{"origin":51105,"position":4},"title":"Toda la grandeza de la Hereford en Salto: Hoy comienza la Expo Nacional","author":"La Hora del Campo","date":"19 mayo, 2023","format":false,"excerpt":"Este fin de semana, los d\u00edas viernes 19 y s\u00e1bado 20, se llevar\u00e1 a cabo aqu\u00ed en Salto, la quinta edici\u00f3n de la Expo Nacional Hereford, un destacado evento que re\u00fane a las mejores caba\u00f1as y animales de esta raza provenientes de todos los rincones del pa\u00eds. La vicepresidenta de\u2026","rel":"","context":"En \u00abActualidad\u00bb","block_context":{"text":"Actualidad","link":"http:\/\/lahoradelcampo.com.uy\/site\/category\/actualidad\/"},"img":{"alt_text":"","src":"https:\/\/i0.wp.com\/lahoradelcampo.com.uy\/site\/wp-content\/uploads\/2023\/05\/hereford-web.jpg?fit=880%2C440&resize=350%2C200","width":350,"height":200,"srcset":"https:\/\/i0.wp.com\/lahoradelcampo.com.uy\/site\/wp-content\/uploads\/2023\/05\/hereford-web.jpg?fit=880%2C440&resize=350%2C200 1x, https:\/\/i0.wp.com\/lahoradelcampo.com.uy\/site\/wp-content\/uploads\/2023\/05\/hereford-web.jpg?fit=880%2C440&resize=525%2C300 1.5x, https:\/\/i0.wp.com\/lahoradelcampo.com.uy\/site\/wp-content\/uploads\/2023\/05\/hereford-web.jpg?fit=880%2C440&resize=700%2C400 2x"},"classes":[]},{"id":56213,"url":"http:\/\/lahoradelcampo.com.uy\/site\/gira-hereford-2025-uruguay-mostro-eficiencia-y-tradicion\/","url_meta":{"origin":51105,"position":5},"title":"Gira Hereford 2025: Uruguay mostr\u00f3 eficiencia y tradici\u00f3n","author":"La Hora del Campo","date":"16 junio, 2025","format":false,"excerpt":"Las gremiales de criadores de Hereford de Argentina, Brasil y Uruguay, realizaron entre el 11 y el 13 de junio, una gira internacional donde se visitaron seis establecimientos criadores. La gira comenz\u00f3 el mi\u00e9rcoles 11 de junio en Argentina, con la visita al establecimiento Aguaceritos, en Mercedes, un predio de\u2026","rel":"","context":"En \u00abActualidad\u00bb","block_context":{"text":"Actualidad","link":"http:\/\/lahoradelcampo.com.uy\/site\/category\/actualidad\/"},"img":{"alt_text":"","src":"https:\/\/i0.wp.com\/lahoradelcampo.com.uy\/site\/wp-content\/uploads\/2025\/06\/Hereford-Pingoviejo.jpg?fit=880%2C440&resize=350%2C200","width":350,"height":200,"srcset":"https:\/\/i0.wp.com\/lahoradelcampo.com.uy\/site\/wp-content\/uploads\/2025\/06\/Hereford-Pingoviejo.jpg?fit=880%2C440&resize=350%2C200 1x, https:\/\/i0.wp.com\/lahoradelcampo.com.uy\/site\/wp-content\/uploads\/2025\/06\/Hereford-Pingoviejo.jpg?fit=880%2C440&resize=525%2C300 1.5x, https:\/\/i0.wp.com\/lahoradelcampo.com.uy\/site\/wp-content\/uploads\/2025\/06\/Hereford-Pingoviejo.jpg?fit=880%2C440&resize=700%2C400 2x"},"classes":[]}],"jetpack_likes_enabled":true,"_links":{"self":[{"href":"http:\/\/lahoradelcampo.com.uy\/site\/wp-json\/wp\/v2\/posts\/51105","targetHints":{"allow":["GET"]}}],"collection":[{"href":"http:\/\/lahoradelcampo.com.uy\/site\/wp-json\/wp\/v2\/posts"}],"about":[{"href":"http:\/\/lahoradelcampo.com.uy\/site\/wp-json\/wp\/v2\/types\/post"}],"author":[{"embeddable":true,"href":"http:\/\/lahoradelcampo.com.uy\/site\/wp-json\/wp\/v2\/users\/5"}],"replies":[{"embeddable":true,"href":"http:\/\/lahoradelcampo.com.uy\/site\/wp-json\/wp\/v2\/comments?post=51105"}],"version-history":[{"count":1,"href":"http:\/\/lahoradelcampo.com.uy\/site\/wp-json\/wp\/v2\/posts\/51105\/revisions"}],"predecessor-version":[{"id":51107,"href":"http:\/\/lahoradelcampo.com.uy\/site\/wp-json\/wp\/v2\/posts\/51105\/revisions\/51107"}],"wp:featuredmedia":[{"embeddable":true,"href":"http:\/\/lahoradelcampo.com.uy\/site\/wp-json\/wp\/v2\/media\/6701"}],"wp:attachment":[{"href":"http:\/\/lahoradelcampo.com.uy\/site\/wp-json\/wp\/v2\/media?parent=51105"}],"wp:term":[{"taxonomy":"category","embeddable":true,"href":"http:\/\/lahoradelcampo.com.uy\/site\/wp-json\/wp\/v2\/categories?post=51105"},{"taxonomy":"post_tag","embeddable":true,"href":"http:\/\/lahoradelcampo.com.uy\/site\/wp-json\/wp\/v2\/tags?post=51105"}],"curies":[{"name":"wp","href":"https:\/\/api.w.org\/{rel}","templated":true}]}}