{"id":51101,"date":"2023-06-07T06:51:47","date_gmt":"2023-06-07T09:51:47","guid":{"rendered":"http:\/\/lahoradelcampo.com.uy\/site\/?p=51101"},"modified":"2023-06-07T07:23:52","modified_gmt":"2023-06-07T10:23:52","slug":"comienza-la-vacunacion-contra-la-fiebre-aftosa-a-todos-los-bovinos-menores-de-dos-anos","status":"publish","type":"post","link":"http:\/\/lahoradelcampo.com.uy\/site\/comienza-la-vacunacion-contra-la-fiebre-aftosa-a-todos-los-bovinos-menores-de-dos-anos\/","title":{"rendered":"Comienza la vacunaci\u00f3n contra la Fiebre Aftosa a todos los bovinos menores de dos a\u00f1os"},"content":{"rendered":"\n<figure class=\"wp-block-image size-full\"><a href=\"https:\/\/i0.wp.com\/lahoradelcampo.com.uy\/site\/wp-content\/uploads\/2023\/03\/MGAP-Vacunacion-Aftosa.jpg\"><img data-recalc-dims=\"1\" loading=\"lazy\" decoding=\"async\" width=\"810\" height=\"405\" data-attachment-id=\"49103\" data-permalink=\"http:\/\/lahoradelcampo.com.uy\/site\/el-15-de-marzo-comienza-la-vacunacion-contra-la-fiebre-aftosa\/mgap-vacunacion-aftosa\/\" data-orig-file=\"https:\/\/i0.wp.com\/lahoradelcampo.com.uy\/site\/wp-content\/uploads\/2023\/03\/MGAP-Vacunacion-Aftosa.jpg?fit=880%2C440\" data-orig-size=\"880,440\" data-comments-opened=\"1\" data-image-meta=\"{&quot;aperture&quot;:&quot;0&quot;,&quot;credit&quot;:&quot;&quot;,&quot;camera&quot;:&quot;&quot;,&quot;caption&quot;:&quot;&quot;,&quot;created_timestamp&quot;:&quot;0&quot;,&quot;copyright&quot;:&quot;&quot;,&quot;focal_length&quot;:&quot;0&quot;,&quot;iso&quot;:&quot;0&quot;,&quot;shutter_speed&quot;:&quot;0&quot;,&quot;title&quot;:&quot;&quot;,&quot;orientation&quot;:&quot;1&quot;}\" data-image-title=\"MGAP-Vacunacion Aftosa\" data-image-description=\"\" data-image-caption=\"\" data-large-file=\"https:\/\/i0.wp.com\/lahoradelcampo.com.uy\/site\/wp-content\/uploads\/2023\/03\/MGAP-Vacunacion-Aftosa.jpg?fit=810%2C405\" src=\"https:\/\/i0.wp.com\/lahoradelcampo.com.uy\/site\/wp-content\/uploads\/2023\/03\/MGAP-Vacunacion-Aftosa.jpg?resize=810%2C405\" alt=\"\" class=\"wp-image-49103\" srcset=\"https:\/\/i0.wp.com\/lahoradelcampo.com.uy\/site\/wp-content\/uploads\/2023\/03\/MGAP-Vacunacion-Aftosa.jpg?w=880 880w, https:\/\/i0.wp.com\/lahoradelcampo.com.uy\/site\/wp-content\/uploads\/2023\/03\/MGAP-Vacunacion-Aftosa.jpg?resize=300%2C150 300w, https:\/\/i0.wp.com\/lahoradelcampo.com.uy\/site\/wp-content\/uploads\/2023\/03\/MGAP-Vacunacion-Aftosa.jpg?resize=768%2C384 768w, https:\/\/i0.wp.com\/lahoradelcampo.com.uy\/site\/wp-content\/uploads\/2023\/03\/MGAP-Vacunacion-Aftosa.jpg?resize=820%2C410 820w\" sizes=\"auto, (max-width: 810px) 100vw, 810px\" \/><\/a><\/figure>\n\n\n\n<p>El Ministerio de Ganader\u00eda, Agricultura y Pesca (MGAP) ha anunciado el inicio del per\u00edodo de vacunaci\u00f3n contra la Fiebre Aftosa en el litoral norte del pa\u00eds. Esta campa\u00f1a, que abarcar\u00e1 a todas las categor\u00edas bovinas nacidas en los a\u00f1os 2022 y 2023, se llevar\u00e1 a cabo del 15 de junio al 15 de julio de 2023.<\/p>\n\n\n\n<p>Es fundamental que los titulares cumplan con ciertos requisitos para recibir la vacuna. Deber\u00e1n presentar una Declaraci\u00f3n Jurada al 30 de junio de 2022 y una Planilla de Control Sanitario actualizada. Asimismo, es importante recordar que al retirar las dosis, se deben contar con los elementos adecuados para mantener la cadena de fr\u00edo y garantizar la eficacia de las vacunas, como conservadoras con hielo o refrigerante en cantidad suficiente.<\/p>\n\n\n\n<p>A continuaci\u00f3n, se detallan los cronogramas de entrega de la vacuna en los departamentos de Salto, Artigas y Paysand\u00fa<\/p>\n\n\n\n<p><strong>Salto:<\/strong><\/p>\n\n\n\n<p>Secci\u00f3n Policial 10: Entrega el 15 de junio en Pueblo Lavalleja y Guaviy\u00fa de Arapey, de 9:00 a 13:00 horas.<br>Secci\u00f3n Policial 11: Entrega el 20 de junio en Sarand\u00ed de Arapey y Pueblo Fern\u00e1ndez, de 9:00 a 13:00 horas.<br>Secci\u00f3n Policial 12: Entrega el 22 de junio en Pepe N\u00fa\u00f1ez, Quintana y Paso la Herrer\u00eda, de 9:00 a 13:00 horas.<br>Secci\u00f3n Policial 13: Entrega el 27 de junio en Carumb\u00e9 y Paso de las Piedras, de 9:00 a 13:00 horas.<br>Secci\u00f3n Policial 14: Entrega el 27 de junio en Vera y Sal\u00f3n Comunal Paso Cementerio, de 9:00 a 13:00 horas.<br>Secci\u00f3n Policial 15: Entrega el 29 de junio en Local Valent\u00edn, de 9:00 a 13:00 horas.<br>Secci\u00f3n Policial 16: Entrega el 29 de junio en Policl\u00ednica de Campo de Todos, de 10:00 a 12:00 horas.<br>Secci\u00f3n Policial 6: Entrega el 29 de junio en Parada Herrer\u00eda, de 9:00 a 12:00 horas.<br>Secci\u00f3n Policial 7: Entrega el 4 de julio en Saucedo y Constituci\u00f3n, de 9:00 a 13:00 horas.<br>Secci\u00f3n Policial 8: Entrega el 6 de julio en Bel\u00e9n, de 9:00 a 13:00 horas.<br>Secci\u00f3n Policial 9: Entrega el 6 de julio en Comisar\u00eda 9\u00aa, de 10:00 a 12:00 horas.<\/p>\n\n\n\n<p>Adem\u00e1s, se llevar\u00e1 a cabo la entrega de vacunas de lunes a viernes, de 8:30 a 13:00 horas, en la Oficina del MGAP ubicada en la calle Artigas 992.<\/p>\n\n\n\n<p><strong>Artigas:<\/strong><\/p>\n\n\n\n<p>En el departamento de Artigas se podr\u00e1n levantar las dosis tanto a nivel de puestos de distribuci\u00f3n como en las oficinas del MGAP. Quienes levantan la vacuna en los puestos de distribuci\u00f3n deben comenzar a vacunar en la misma jornada y en las oficinas en la misma semana.<\/p>\n\n\n\n<p>Levantamiento de dosis en puestos de distribuci\u00f3n:<\/p>\n\n\n\n<p>Comisar\u00eda 11ma.: Entrega el 15 de junio.<br>Comisar\u00eda 3ra.: Entrega el 16 de junio.<br>Comisar\u00eda 10ma.: Entrega el 20 de junio.<br>Comisar\u00eda 9na.: Entrega el 21 de junio.<br>Fomento Col. Artigas: Entrega el 22 de junio.<br>Baltasar Brum, en Terminal Omnibus: Entrega del 27 al 30 de junio.<br>Comisar\u00eda Colonia Palma: Entrega el 4 de julio.<br>Bella Uni\u00f3n, Oficina MGAP: Entrega el 6 y 7 de julio.<\/p>\n\n\n\n<p>Levantamiento de dosis en oficina:<\/p>\n\n\n\n<p>Seccionales 4ta. y 12ma.: Entrega del 15 de junio al 23 de junio.<br>Seccionales 8va. y 9na.: Entrega del 26 de junio al 30 de junio.<br>Seccionales 5ta., 6ta., 7ma. y 10ma.: Entrega del 3 de julio al 7 de julio.<br>Seccionales 1ra., 2da., 3ra. y 11ma.: Entrega del 10 de julio al 14 de julio.<\/p>\n\n\n\n<p><strong>Paysand\u00fa:<\/strong><\/p>\n\n\n\n<p>En el departamento sanducero, se ha definido el siguiente calendario:<\/p>\n\n\n\n<p>Secci\u00f3n Policial 5\u00aa: Entrega el 16 de junio en Colonia 19 de Abril (Casa Sr. Lancieri), de 09:00 a 12:00 horas.<br>Secci\u00f3n Policial 6\u00aa: Entrega el 20 de junio en Santa Kilda (Sal\u00f3n Comunal) y Arroyo Malo (Casa Sr. Hector Lima), de 8:00 a 11:00 y de 12:00 a 15:00 horas, respectivamente.<br>Secciones Policiales 8\u00b0 y 9\u00b0: Entrega el 21 de junio en Gallinal (Sal\u00f3n Comunal), Piedras Coloradas (Comisar\u00eda) y El Eucalipto (Comisar\u00eda), de 8:00 a 15:00 horas.<br>Secci\u00f3n Policial 12\u00b0: Entrega el 22 de junio en Beisso (Sal\u00f3n Comunal) y Merino (Sal\u00f3n Comunal), de 9:00 a 11:00 y de 12:00 a 14:00 horas, respectivamente.<br>Secci\u00f3n Policial 7\u00b0: Entrega el 23 de junio en Bella Vista (Sal\u00f3n Comunal), de 8:00 a 12:00 horas.<br>Secci\u00f3n Policial 12\u00aa: Entrega el 23 de junio en Arroyo Negro (Almac\u00e9n Planch\u00f3n) y La Tentaci\u00f3n (Sal\u00f3n Comunal Mevir), de 9:00 a 11:00 y de 12:00 a 14:00 horas, respectivamente.<br>Secciones Policiales 7\u00b0 y 10\u00b0: Entrega el 27 de junio en Chapicuy (Sal\u00f3n Comunal), Arbolito, Tiatucura y Tres Arboles, de 8:00 a 15:00 horas.<br>Secci\u00f3n Policial 10\u00b0: Entrega el 1 de julio en Piedra Sola, de 9:00 a 12:00 horas.<\/p>\n\n\n\n<p>Adem\u00e1s, se realizar\u00e1 la entrega de vacunas en las oficinas del MGAP en Paysand\u00fa, Tambores y Guich\u00f3n, de lunes a viernes, de 8:00 a 15:00 horas, durante todo el per\u00edodo de vacunaci\u00f3n, desde el 15 de junio hasta el 15 de julio de 2023.<\/p>\n\n\n\n<p>Salto, 7 de junio de 2023<\/p>\n","protected":false},"excerpt":{"rendered":"<p>El Ministerio de Ganader\u00eda, Agricultura y Pesca (MGAP) ha anunciado el inicio del per\u00edodo de vacunaci\u00f3n contra la Fiebre Aftosa en el litoral norte del pa\u00eds. Esta campa\u00f1a, que abarcar\u00e1 [&hellip;]<\/p>\n","protected":false},"author":5,"featured_media":49103,"comment_status":"open","ping_status":"open","sticky":false,"template":"","format":"standard","meta":{"_price":"","_stock":"","_tribe_ticket_header":"","_tribe_default_ticket_provider":"","_tribe_ticket_capacity":"0","_ticket_start_date":"","_ticket_end_date":"","_tribe_ticket_show_description":"","_tribe_ticket_show_not_going":false,"_tribe_ticket_use_global_stock":"","_tribe_ticket_global_stock_level":"","_global_stock_mode":"","_global_stock_cap":"","_tribe_rsvp_for_event":"","_tribe_ticket_going_count":"","_tribe_ticket_not_going_count":"","_tribe_tickets_list":"[]","_tribe_ticket_has_attendee_info_fields":false,"h5ap_radio_sources":[],"_jetpack_newsletter_access":"","_jetpack_dont_email_post_to_subs":false,"_jetpack_newsletter_tier_id":0,"_jetpack_memberships_contains_paywalled_content":false,"_jetpack_memberships_contains_paid_content":false,"footnotes":""},"categories":[21,5],"tags":[6505,6481,1125,353,495,6489,6503,3024,6493,1897,6491,795,6499,463,6483,63,1123,6497,371,6487,6485,247,6495,6501,2818],"class_list":["post-51101","post","type-post","status-publish","format-standard","has-post-thumbnail","hentry","category-actualidad","category-ganaderia","tag-15-de-junio-al-15-de-julio-de-2023","tag-acunacion","tag-agricultura-y-pesca","tag-artigas","tag-bovinos","tag-cadena-de-frio","tag-calendario","tag-campana","tag-cronogramas-de-entrega","tag-declaracion-jurada","tag-eficacia-de-las-vacunas","tag-fiebre-aftosa","tag-levantamiento-de-dosis","tag-litoral-norte","tag-menores-de-dos-anos","tag-mgap","tag-ministerio-de-ganaderia","tag-oficinas-del-mgap","tag-paysandu","tag-planilla-de-control-sanitario","tag-requisitos","tag-salto","tag-seccion-policial","tag-seccionales","tag-vacunas"],"jetpack_featured_media_url":"https:\/\/i0.wp.com\/lahoradelcampo.com.uy\/site\/wp-content\/uploads\/2023\/03\/MGAP-Vacunacion-Aftosa.jpg?fit=880%2C440","jetpack_sharing_enabled":true,"jetpack_shortlink":"https:\/\/wp.me\/p99IaT-did","jetpack-related-posts":[{"id":30184,"url":"http:\/\/lahoradelcampo.com.uy\/site\/bovinos-menores-de-2-anos-se-vacunan-del-1-al-30-de-junio\/","url_meta":{"origin":51101,"position":0},"title":"Bovinos menores de 2 a\u00f1os se vacunan del 1 al 30 de junio","author":"La Hora del Campo","date":"17 mayo, 2021","format":false,"excerpt":"La Direcci\u00f3n General de los Servicios Ganaderos ha dispuesto, la vacunaci\u00f3n obligatoria contra la Fiebre Aftosa de las categor\u00edas bovinas menores de 2 a\u00f1os, en el per\u00edodo entre el 1\u00ba y el 30 de junio. Asimismo, se deber\u00e1 cumplir estrictamente con los protocolos de bioseguridad dispuestos por la normativa vigente,\u2026","rel":"","context":"En \u00abActualidad\u00bb","block_context":{"text":"Actualidad","link":"http:\/\/lahoradelcampo.com.uy\/site\/category\/actualidad\/"},"img":{"alt_text":"","src":"https:\/\/i0.wp.com\/lahoradelcampo.com.uy\/site\/wp-content\/uploads\/2021\/05\/vacunando.jpg?fit=880%2C440&resize=350%2C200","width":350,"height":200,"srcset":"https:\/\/i0.wp.com\/lahoradelcampo.com.uy\/site\/wp-content\/uploads\/2021\/05\/vacunando.jpg?fit=880%2C440&resize=350%2C200 1x, https:\/\/i0.wp.com\/lahoradelcampo.com.uy\/site\/wp-content\/uploads\/2021\/05\/vacunando.jpg?fit=880%2C440&resize=525%2C300 1.5x, https:\/\/i0.wp.com\/lahoradelcampo.com.uy\/site\/wp-content\/uploads\/2021\/05\/vacunando.jpg?fit=880%2C440&resize=700%2C400 2x"},"classes":[]},{"id":19060,"url":"http:\/\/lahoradelcampo.com.uy\/site\/vacunacion-contra-aftosa-a-menores-de-2-anos-desde-el-15-de-mayo\/","url_meta":{"origin":51101,"position":1},"title":"Vacunaci\u00f3n contra aftosa a menores de 2 a\u00f1os desde el 15 de mayo","author":"La Hora del Campo","date":"21 abril, 2020","format":false,"excerpt":"La Direcci\u00f3n General de Servicios Ganaderos resolvi\u00f3, por decreto 108\/20 del 15 de abril, establecer \u201ccon car\u00e1cter obligatorio entre el 15 de mayo y el 15 de junio\u201d la \u201cvacunaci\u00f3n contra la fiebre aftosa\u201d para las categor\u00edas vacunas menores a dos a\u00f1os. Por ese motivo, entre el 15 y el\u2026","rel":"","context":"En \u00abActualidad\u00bb","block_context":{"text":"Actualidad","link":"http:\/\/lahoradelcampo.com.uy\/site\/category\/actualidad\/"},"img":{"alt_text":"","src":"https:\/\/i0.wp.com\/lahoradelcampo.com.uy\/site\/wp-content\/uploads\/2017\/12\/Aftosa.jpg?fit=880%2C440&resize=350%2C200","width":350,"height":200,"srcset":"https:\/\/i0.wp.com\/lahoradelcampo.com.uy\/site\/wp-content\/uploads\/2017\/12\/Aftosa.jpg?fit=880%2C440&resize=350%2C200 1x, https:\/\/i0.wp.com\/lahoradelcampo.com.uy\/site\/wp-content\/uploads\/2017\/12\/Aftosa.jpg?fit=880%2C440&resize=525%2C300 1.5x, https:\/\/i0.wp.com\/lahoradelcampo.com.uy\/site\/wp-content\/uploads\/2017\/12\/Aftosa.jpg?fit=880%2C440&resize=700%2C400 2x"},"classes":[]},{"id":38967,"url":"http:\/\/lahoradelcampo.com.uy\/site\/vacunacion-contra-la-fiebre-aftosa-comienza-el-15-de-marzo\/","url_meta":{"origin":51101,"position":2},"title":"Vacunaci\u00f3n contra la Fiebre Aftosa comienza el 15 de marzo","author":"La Hora del Campo","date":"8 febrero, 2022","format":false,"excerpt":"La Direcci\u00f3n General de Servicios Ganaderos (DGSG) del MGAP aprob\u00f3, el 4 de febrero de 2022, una serie de disposiciones en relaci\u00f3n a la Fiebre Aftosa, que incluye establecer la vacunaci\u00f3n obligatoria contra la Fiebre Aftosa de todas las categor\u00edas bovinas, entre el 15 de marzo y el 15 de\u2026","rel":"","context":"En \u00abActualidad\u00bb","block_context":{"text":"Actualidad","link":"http:\/\/lahoradelcampo.com.uy\/site\/category\/actualidad\/"},"img":{"alt_text":"","src":"https:\/\/i0.wp.com\/lahoradelcampo.com.uy\/site\/wp-content\/uploads\/2022\/02\/MGAP-Aftosa-vacuna.jpg?fit=880%2C440&resize=350%2C200","width":350,"height":200,"srcset":"https:\/\/i0.wp.com\/lahoradelcampo.com.uy\/site\/wp-content\/uploads\/2022\/02\/MGAP-Aftosa-vacuna.jpg?fit=880%2C440&resize=350%2C200 1x, https:\/\/i0.wp.com\/lahoradelcampo.com.uy\/site\/wp-content\/uploads\/2022\/02\/MGAP-Aftosa-vacuna.jpg?fit=880%2C440&resize=525%2C300 1.5x, https:\/\/i0.wp.com\/lahoradelcampo.com.uy\/site\/wp-content\/uploads\/2022\/02\/MGAP-Aftosa-vacuna.jpg?fit=880%2C440&resize=700%2C400 2x"},"classes":[]},{"id":51477,"url":"http:\/\/lahoradelcampo.com.uy\/site\/biogenesis-bago-aporto-mas-70-millones-dosis-en-la-campana-contra-la-fiebre-aftosa\/","url_meta":{"origin":51101,"position":3},"title":"Biog\u00e9nesis Bag\u00f3 aport\u00f3 m\u00e1s 70 millones dosis en la campa\u00f1a contra la fiebre aftosa","author":"La Hora del Campo","date":"26 junio, 2023","format":false,"excerpt":"La campa\u00f1a de vacunaci\u00f3n contra la fiebre aftosa, que se extender\u00e1 hasta el 15 de julio, se est\u00e1 llevando a cabo de manera exitosa, seg\u00fan inform\u00f3 el Dr. Horacio Mederos del Laboratorio Biog\u00e9nesis Bag\u00f3. En esta etapa de la campa\u00f1a, se est\u00e1n vacunando todas las categor\u00edas menores, es decir, los\u2026","rel":"","context":"En \u00abActualidad\u00bb","block_context":{"text":"Actualidad","link":"http:\/\/lahoradelcampo.com.uy\/site\/category\/actualidad\/"},"img":{"alt_text":"","src":"https:\/\/i0.wp.com\/lahoradelcampo.com.uy\/site\/wp-content\/uploads\/2023\/06\/Biogenesis-vacuna.jpg?fit=880%2C440&resize=350%2C200","width":350,"height":200,"srcset":"https:\/\/i0.wp.com\/lahoradelcampo.com.uy\/site\/wp-content\/uploads\/2023\/06\/Biogenesis-vacuna.jpg?fit=880%2C440&resize=350%2C200 1x, https:\/\/i0.wp.com\/lahoradelcampo.com.uy\/site\/wp-content\/uploads\/2023\/06\/Biogenesis-vacuna.jpg?fit=880%2C440&resize=525%2C300 1.5x, https:\/\/i0.wp.com\/lahoradelcampo.com.uy\/site\/wp-content\/uploads\/2023\/06\/Biogenesis-vacuna.jpg?fit=880%2C440&resize=700%2C400 2x"},"classes":[]},{"id":53479,"url":"http:\/\/lahoradelcampo.com.uy\/site\/el-15-de-marzo-comienzael-periodo-de-vacunacion-contra-la-fiebre-aftosa\/","url_meta":{"origin":51101,"position":4},"title":"El 15 de marzo comienza el per\u00edodo de vacunaci\u00f3n contra la fiebre aftosa","author":"La Hora del Campo","date":"27 febrero, 2024","format":false,"excerpt":"La Direcci\u00f3n General de los Servicios Ganaderos (DGSG) del Ministerio de Ganader\u00eda, Agricultura y Pesca (MGAP) ha establecido el per\u00edodo de vacunaci\u00f3n contra la fiebre aftosa, fijando las fechas entre el 15 de marzo y el 15 de abril del presente a\u00f1o. Durante el per\u00edodo comprendido entre el 15 y\u2026","rel":"","context":"En \u00abActualidad\u00bb","block_context":{"text":"Actualidad","link":"http:\/\/lahoradelcampo.com.uy\/site\/category\/actualidad\/"},"img":{"alt_text":"","src":"https:\/\/i0.wp.com\/lahoradelcampo.com.uy\/site\/wp-content\/uploads\/2023\/11\/biogenesis-bago-aftosa.jpg?fit=880%2C440&resize=350%2C200","width":350,"height":200,"srcset":"https:\/\/i0.wp.com\/lahoradelcampo.com.uy\/site\/wp-content\/uploads\/2023\/11\/biogenesis-bago-aftosa.jpg?fit=880%2C440&resize=350%2C200 1x, https:\/\/i0.wp.com\/lahoradelcampo.com.uy\/site\/wp-content\/uploads\/2023\/11\/biogenesis-bago-aftosa.jpg?fit=880%2C440&resize=525%2C300 1.5x, https:\/\/i0.wp.com\/lahoradelcampo.com.uy\/site\/wp-content\/uploads\/2023\/11\/biogenesis-bago-aftosa.jpg?fit=880%2C440&resize=700%2C400 2x"},"classes":[]},{"id":57212,"url":"http:\/\/lahoradelcampo.com.uy\/site\/mgap-posterga-al-16-de-mayo-el-inicio-de-la-vacunacion-contra-la-fiebre-aftosa\/","url_meta":{"origin":51101,"position":5},"title":"MGAP posterga al 16 de mayo el inicio de la vacunaci\u00f3n contra la fiebre aftosa","author":"La Hora del Campo","date":"2 marzo, 2026","format":false,"excerpt":"El Ministerio de Ganader\u00eda, Agricultura y Pesca (MGAP) resolvi\u00f3 trasladar el inicio del primer per\u00edodo de vacunaci\u00f3n contra la fiebre aftosa, que estaba previsto para el 16 de marzo, fijando como nueva fecha de comienzo el 16 de mayo. As\u00ed lo anunci\u00f3 el director general de Servicios Ganaderos, Dr. Marcelo\u2026","rel":"","context":"En \u00abActualidad\u00bb","block_context":{"text":"Actualidad","link":"http:\/\/lahoradelcampo.com.uy\/site\/category\/actualidad\/"},"img":{"alt_text":"","src":"https:\/\/i0.wp.com\/lahoradelcampo.com.uy\/site\/wp-content\/uploads\/2026\/03\/20250318_1223171-scaled.jpg?fit=1200%2C883&resize=350%2C200","width":350,"height":200,"srcset":"https:\/\/i0.wp.com\/lahoradelcampo.com.uy\/site\/wp-content\/uploads\/2026\/03\/20250318_1223171-scaled.jpg?fit=1200%2C883&resize=350%2C200 1x, https:\/\/i0.wp.com\/lahoradelcampo.com.uy\/site\/wp-content\/uploads\/2026\/03\/20250318_1223171-scaled.jpg?fit=1200%2C883&resize=525%2C300 1.5x, https:\/\/i0.wp.com\/lahoradelcampo.com.uy\/site\/wp-content\/uploads\/2026\/03\/20250318_1223171-scaled.jpg?fit=1200%2C883&resize=700%2C400 2x, https:\/\/i0.wp.com\/lahoradelcampo.com.uy\/site\/wp-content\/uploads\/2026\/03\/20250318_1223171-scaled.jpg?fit=1200%2C883&resize=1050%2C600 3x"},"classes":[]}],"jetpack_likes_enabled":true,"_links":{"self":[{"href":"http:\/\/lahoradelcampo.com.uy\/site\/wp-json\/wp\/v2\/posts\/51101","targetHints":{"allow":["GET"]}}],"collection":[{"href":"http:\/\/lahoradelcampo.com.uy\/site\/wp-json\/wp\/v2\/posts"}],"about":[{"href":"http:\/\/lahoradelcampo.com.uy\/site\/wp-json\/wp\/v2\/types\/post"}],"author":[{"embeddable":true,"href":"http:\/\/lahoradelcampo.com.uy\/site\/wp-json\/wp\/v2\/users\/5"}],"replies":[{"embeddable":true,"href":"http:\/\/lahoradelcampo.com.uy\/site\/wp-json\/wp\/v2\/comments?post=51101"}],"version-history":[{"count":1,"href":"http:\/\/lahoradelcampo.com.uy\/site\/wp-json\/wp\/v2\/posts\/51101\/revisions"}],"predecessor-version":[{"id":51103,"href":"http:\/\/lahoradelcampo.com.uy\/site\/wp-json\/wp\/v2\/posts\/51101\/revisions\/51103"}],"wp:featuredmedia":[{"embeddable":true,"href":"http:\/\/lahoradelcampo.com.uy\/site\/wp-json\/wp\/v2\/media\/49103"}],"wp:attachment":[{"href":"http:\/\/lahoradelcampo.com.uy\/site\/wp-json\/wp\/v2\/media?parent=51101"}],"wp:term":[{"taxonomy":"category","embeddable":true,"href":"http:\/\/lahoradelcampo.com.uy\/site\/wp-json\/wp\/v2\/categories?post=51101"},{"taxonomy":"post_tag","embeddable":true,"href":"http:\/\/lahoradelcampo.com.uy\/site\/wp-json\/wp\/v2\/tags?post=51101"}],"curies":[{"name":"wp","href":"https:\/\/api.w.org\/{rel}","templated":true}]}}