{"id":48303,"date":"2023-01-23T07:05:15","date_gmt":"2023-01-23T10:05:15","guid":{"rendered":"http:\/\/lahoradelcampo.com.uy\/site\/?p=48303"},"modified":"2023-01-22T09:54:12","modified_gmt":"2023-01-22T12:54:12","slug":"registro-nacional-de-consignatarios-de-ganados","status":"publish","type":"post","link":"http:\/\/lahoradelcampo.com.uy\/site\/registro-nacional-de-consignatarios-de-ganados\/","title":{"rendered":"Registro Nacional de Consignatarios de Ganados"},"content":{"rendered":"\n<figure class=\"wp-block-image\"><img data-recalc-dims=\"1\" loading=\"lazy\" decoding=\"async\" width=\"810\" height=\"405\" data-attachment-id=\"48305\" data-permalink=\"http:\/\/lahoradelcampo.com.uy\/site\/registro-nacional-de-consignatarios-de-ganados\/ganados-tubo\/\" data-orig-file=\"https:\/\/i0.wp.com\/lahoradelcampo.com.uy\/site\/wp-content\/uploads\/2023\/01\/Ganados-tubo.jpg?fit=880%2C440\" data-orig-size=\"880,440\" data-comments-opened=\"1\" data-image-meta=\"{&quot;aperture&quot;:&quot;0&quot;,&quot;credit&quot;:&quot;&quot;,&quot;camera&quot;:&quot;&quot;,&quot;caption&quot;:&quot;&quot;,&quot;created_timestamp&quot;:&quot;0&quot;,&quot;copyright&quot;:&quot;&quot;,&quot;focal_length&quot;:&quot;0&quot;,&quot;iso&quot;:&quot;0&quot;,&quot;shutter_speed&quot;:&quot;0&quot;,&quot;title&quot;:&quot;&quot;,&quot;orientation&quot;:&quot;1&quot;}\" data-image-title=\"Ganados-tubo\" data-image-description=\"\" data-image-caption=\"\" data-large-file=\"https:\/\/i0.wp.com\/lahoradelcampo.com.uy\/site\/wp-content\/uploads\/2023\/01\/Ganados-tubo.jpg?fit=810%2C405\" src=\"https:\/\/i0.wp.com\/lahoradelcampo.com.uy\/site\/wp-content\/uploads\/2023\/01\/Ganados-tubo.jpg?resize=810%2C405\" alt=\"\" class=\"wp-image-48305\" srcset=\"https:\/\/i0.wp.com\/lahoradelcampo.com.uy\/site\/wp-content\/uploads\/2023\/01\/Ganados-tubo.jpg?w=880 880w, https:\/\/i0.wp.com\/lahoradelcampo.com.uy\/site\/wp-content\/uploads\/2023\/01\/Ganados-tubo.jpg?resize=300%2C150 300w, https:\/\/i0.wp.com\/lahoradelcampo.com.uy\/site\/wp-content\/uploads\/2023\/01\/Ganados-tubo.jpg?resize=768%2C384 768w, https:\/\/i0.wp.com\/lahoradelcampo.com.uy\/site\/wp-content\/uploads\/2023\/01\/Ganados-tubo.jpg?resize=820%2C410 820w\" sizes=\"auto, (max-width: 810px) 100vw, 810px\" \/><\/figure>\n\n\n\n<p>La C\u00e1mara Mercantil de Productos del Pa\u00eds comunica que est\u00e1 realizando una actualizaci\u00f3n del \u201cRegistro Nacional de Consignatarios de Ganado\u201d, que le corresponde administrar seg\u00fan lo dispuesto por el art\u00edculo 1\u00b0 de la Ley 16.064 del 6 de octubre de 1989.<br><\/p>\n\n\n\n<p>En dicho Registro, obligatoriamente deben estar inscriptos los consignatarios que realizan \u201coperaciones de venta y despacho de ganado con destino a las plantas de faena\u201d (art\u00edculo 2\u00b0); ya que: \u201cLas plantas de faena s\u00f3lo podr\u00e1n adquirir ganado a sus propietarios o, en su caso, a consignatarios, a los que deber\u00e1n exigir estar inscriptos en el Registro Nacional de Consignatarios de Ganado\u201d (art\u00edculo 3\u00b0).<br><\/p>\n\n\n\n<p>En ese sentido, la administraci\u00f3n de la C\u00e1mara Mercantil se est\u00e1 comunicando con los consignatarios inscriptos para corroborar y en todo caso renovar los datos de inscripci\u00f3n.<br><\/p>\n\n\n\n<p>Ser\u00e1 un tr\u00e1mite sumamente sencillo y una vez culminado el mismo, el consignatario que desee seguir inscripto recibir\u00e1 una constancia de renovaci\u00f3n firmada digitalmente con validez por dos a\u00f1os (Anexo I). <\/p>\n\n\n\n<p>Esta constancia ser\u00e1 el documento que comenzar\u00e1n a solicitar los frigor\u00edficos para acreditar la inscripci\u00f3n en el Registro, y paulatinamente ir\u00e1 sustituyendo a la tradicional tarjeta verde en cart\u00f3n que se sol\u00eda entregar con cada alta.<br><\/p>\n\n\n\n<p>Los consignatarios que no deseen seguir inscriptos, o que no cumplan con el tr\u00e1mite de renovaci\u00f3n dentro del plazo establecido (15 d\u00edas h\u00e1biles desde la notificaci\u00f3n por correo electr\u00f3nico), ser\u00e1n dados de baja del mencionado Registro.<\/p>\n\n\n\n<p>Salto, lunes 23 de enero de 2023<\/p>\n","protected":false},"excerpt":{"rendered":"<p>La C\u00e1mara Mercantil de Productos del Pa\u00eds comunica que est\u00e1 realizando una actualizaci\u00f3n del \u201cRegistro Nacional de Consignatarios de Ganado\u201d, que le corresponde administrar seg\u00fan lo dispuesto por el art\u00edculo [&hellip;]<\/p>\n","protected":false},"author":5,"featured_media":48305,"comment_status":"open","ping_status":"open","sticky":false,"template":"","format":"standard","meta":{"_price":"","_stock":"","_tribe_ticket_header":"","_tribe_default_ticket_provider":"","_tribe_ticket_capacity":"0","_ticket_start_date":"","_ticket_end_date":"","_tribe_ticket_show_description":"","_tribe_ticket_show_not_going":false,"_tribe_ticket_use_global_stock":"","_tribe_ticket_global_stock_level":"","_global_stock_mode":"","_global_stock_cap":"","_tribe_rsvp_for_event":"","_tribe_ticket_going_count":"","_tribe_ticket_not_going_count":"","_tribe_tickets_list":"[]","_tribe_ticket_has_attendee_info_fields":false,"h5ap_radio_sources":[],"_jetpack_newsletter_access":"","_jetpack_dont_email_post_to_subs":false,"_jetpack_newsletter_tier_id":0,"_jetpack_memberships_contains_paywalled_content":false,"_jetpack_memberships_contains_paid_content":false,"footnotes":""},"categories":[21,5],"tags":[],"class_list":["post-48303","post","type-post","status-publish","format-standard","has-post-thumbnail","hentry","category-actualidad","category-ganaderia"],"jetpack_featured_media_url":"https:\/\/i0.wp.com\/lahoradelcampo.com.uy\/site\/wp-content\/uploads\/2023\/01\/Ganados-tubo.jpg?fit=880%2C440","jetpack_sharing_enabled":true,"jetpack_shortlink":"https:\/\/wp.me\/p99IaT-cz5","jetpack-related-posts":[{"id":56042,"url":"http:\/\/lahoradelcampo.com.uy\/site\/se-mantiene-la-firmeza-en-el-gordo-con-nuevas-subas-en-los-valores\/","url_meta":{"origin":48303,"position":0},"title":"Se mantiene la firmeza en el gordo con nuevas subas en los valores","author":"La Hora del Campo","date":"30 abril, 2025","format":false,"excerpt":"Durante la semana comprendida entre el 20 y el 26 de abril, el mercado de haciendas registr\u00f3 una nueva suba en los valores del ganado vacuno, con una faena activa marcada por la participaci\u00f3n de animales provenientes de corrales. As\u00ed lo indic\u00f3 la Asociaci\u00f3n de Consignatarios de Ganado (ACG) tras\u2026","rel":"","context":"En \u00abActualidad\u00bb","block_context":{"text":"Actualidad","link":"http:\/\/lahoradelcampo.com.uy\/site\/category\/actualidad\/"},"img":{"alt_text":"","src":"https:\/\/i0.wp.com\/lahoradelcampo.com.uy\/site\/wp-content\/uploads\/2024\/12\/ganado-reposicion.jpg?fit=880%2C440&resize=350%2C200","width":350,"height":200,"srcset":"https:\/\/i0.wp.com\/lahoradelcampo.com.uy\/site\/wp-content\/uploads\/2024\/12\/ganado-reposicion.jpg?fit=880%2C440&resize=350%2C200 1x, https:\/\/i0.wp.com\/lahoradelcampo.com.uy\/site\/wp-content\/uploads\/2024\/12\/ganado-reposicion.jpg?fit=880%2C440&resize=525%2C300 1.5x, https:\/\/i0.wp.com\/lahoradelcampo.com.uy\/site\/wp-content\/uploads\/2024\/12\/ganado-reposicion.jpg?fit=880%2C440&resize=700%2C400 2x"},"classes":[]},{"id":3909,"url":"http:\/\/lahoradelcampo.com.uy\/site\/ganado-gordo-ajusto-a-la-baja-ante-aumento-de-la-oferta\/","url_meta":{"origin":48303,"position":1},"title":"Ganado gordo ajust\u00f3 a la baja ante aumento de la oferta","author":"La Hora del Campo","date":"14 noviembre, 2017","format":false,"excerpt":"Seg\u00fan los datos aportados por el Instituto Nacional de Carnes, la faena semanal Bovina fue de 49.376 cabezas, registrando un aumento del 11% respecto a la semana anterior. Este incremento que se visualiza en la oferta ha generado disparidad en las compras por parte de la demanda y un claro\u2026","rel":"","context":"En \u00abActualidad\u00bb","block_context":{"text":"Actualidad","link":"http:\/\/lahoradelcampo.com.uy\/site\/category\/actualidad\/"},"img":{"alt_text":"","src":"https:\/\/i0.wp.com\/lahoradelcampo.com.uy\/site\/wp-content\/uploads\/2017\/11\/Ganado.jpg?fit=880%2C440&resize=350%2C200","width":350,"height":200,"srcset":"https:\/\/i0.wp.com\/lahoradelcampo.com.uy\/site\/wp-content\/uploads\/2017\/11\/Ganado.jpg?fit=880%2C440&resize=350%2C200 1x, https:\/\/i0.wp.com\/lahoradelcampo.com.uy\/site\/wp-content\/uploads\/2017\/11\/Ganado.jpg?fit=880%2C440&resize=525%2C300 1.5x, https:\/\/i0.wp.com\/lahoradelcampo.com.uy\/site\/wp-content\/uploads\/2017\/11\/Ganado.jpg?fit=880%2C440&resize=700%2C400 2x"},"classes":[]},{"id":54108,"url":"http:\/\/lahoradelcampo.com.uy\/site\/acg-marco-un-mercado-firme-con-el-novillo-especial-a-394\/","url_meta":{"origin":48303,"position":2},"title":"ACG marc\u00f3 un mercado firme, con el novillo especial a 3,94","author":"La Hora del Campo","date":"31 julio, 2024","format":false,"excerpt":"El pasado lunes, la Asociaci\u00f3n de Consignatarios de Ganado (ACG) se reuni\u00f3 de manera presencial. En la reuni\u00f3n se inform\u00f3 que la faena de vacunos aument\u00f3 a 42,500 cabezas, casi 9,000 m\u00e1s que la semana anterior. Este incremento se debe, en parte, a la cuota 481, que actualmente est\u00e1 en\u2026","rel":"","context":"En \u00abActualidad\u00bb","block_context":{"text":"Actualidad","link":"http:\/\/lahoradelcampo.com.uy\/site\/category\/actualidad\/"},"img":{"alt_text":"","src":"https:\/\/i0.wp.com\/lahoradelcampo.com.uy\/site\/wp-content\/uploads\/2024\/07\/GanadoHereford.jpg?fit=880%2C440&resize=350%2C200","width":350,"height":200,"srcset":"https:\/\/i0.wp.com\/lahoradelcampo.com.uy\/site\/wp-content\/uploads\/2024\/07\/GanadoHereford.jpg?fit=880%2C440&resize=350%2C200 1x, https:\/\/i0.wp.com\/lahoradelcampo.com.uy\/site\/wp-content\/uploads\/2024\/07\/GanadoHereford.jpg?fit=880%2C440&resize=525%2C300 1.5x, https:\/\/i0.wp.com\/lahoradelcampo.com.uy\/site\/wp-content\/uploads\/2024\/07\/GanadoHereford.jpg?fit=880%2C440&resize=700%2C400 2x"},"classes":[]},{"id":53058,"url":"http:\/\/lahoradelcampo.com.uy\/site\/el-ganado-gordo-ajusto-a-la-baja-con-la-industria-dedicada-a-los-corrales\/","url_meta":{"origin":48303,"position":3},"title":"El ganado gordo ajust\u00f3 a la baja, con la industria dedicada a los corrales","author":"La Hora del Campo","date":"7 noviembre, 2023","format":false,"excerpt":"Tras la reuni\u00f3n de los lunes de la Asociaci\u00f3n de Consignatarios de Ganados (ACG) la planilla de valores para la hacienda con destino a la industria frigor\u00edfica registr\u00f3 un nuevo ajuste a la baja en las distintas categor\u00edas. En tanto que la reposici\u00f3n, frente a una demanda cautelosa, muestras leves\u2026","rel":"","context":"En \u00abActualidad\u00bb","block_context":{"text":"Actualidad","link":"http:\/\/lahoradelcampo.com.uy\/site\/category\/actualidad\/"},"img":{"alt_text":"","src":"https:\/\/i0.wp.com\/lahoradelcampo.com.uy\/site\/wp-content\/uploads\/2023\/11\/ACG-ChristopherBrown.jpg?fit=880%2C440&resize=350%2C200","width":350,"height":200,"srcset":"https:\/\/i0.wp.com\/lahoradelcampo.com.uy\/site\/wp-content\/uploads\/2023\/11\/ACG-ChristopherBrown.jpg?fit=880%2C440&resize=350%2C200 1x, https:\/\/i0.wp.com\/lahoradelcampo.com.uy\/site\/wp-content\/uploads\/2023\/11\/ACG-ChristopherBrown.jpg?fit=880%2C440&resize=525%2C300 1.5x, https:\/\/i0.wp.com\/lahoradelcampo.com.uy\/site\/wp-content\/uploads\/2023\/11\/ACG-ChristopherBrown.jpg?fit=880%2C440&resize=700%2C400 2x"},"classes":[]},{"id":3387,"url":"http:\/\/lahoradelcampo.com.uy\/site\/ganado-gordo-mercado-firme-con-aumento-de-faena-y-oferta\/","url_meta":{"origin":48303,"position":4},"title":"Ganado Gordo: Mercado firme, con aumento de faena y oferta","author":"La Hora del Campo","date":"30 octubre, 2017","format":false,"excerpt":"El mercado de hacienda gorda vuelve a mostrar firmeza en los valores, con peque\u00f1os ajustes al alza, a pesar del incremento de la faena. Se debe tener en cuenta que este incremento se registra a\u00fan con la planta de Marfrig Salto sin actividad. Los consignatarios, luego de su reuni\u00f3n de\u2026","rel":"","context":"En \u00abActualidad\u00bb","block_context":{"text":"Actualidad","link":"http:\/\/lahoradelcampo.com.uy\/site\/category\/actualidad\/"},"img":{"alt_text":"","src":"https:\/\/i0.wp.com\/lahoradelcampo.com.uy\/site\/wp-content\/uploads\/2017\/10\/Ganadogordo.jpg?fit=880%2C440&resize=350%2C200","width":350,"height":200,"srcset":"https:\/\/i0.wp.com\/lahoradelcampo.com.uy\/site\/wp-content\/uploads\/2017\/10\/Ganadogordo.jpg?fit=880%2C440&resize=350%2C200 1x, https:\/\/i0.wp.com\/lahoradelcampo.com.uy\/site\/wp-content\/uploads\/2017\/10\/Ganadogordo.jpg?fit=880%2C440&resize=525%2C300 1.5x, https:\/\/i0.wp.com\/lahoradelcampo.com.uy\/site\/wp-content\/uploads\/2017\/10\/Ganadogordo.jpg?fit=880%2C440&resize=700%2C400 2x"},"classes":[]},{"id":2789,"url":"http:\/\/lahoradelcampo.com.uy\/site\/mercado-del-gordo-confirma-su-tendencia-alcista\/","url_meta":{"origin":48303,"position":5},"title":"Mercado del gordo confirma su tendencia alcista","author":"La Hora del Campo","date":"17 octubre, 2017","format":false,"excerpt":"La planilla semanal de la Asociaci\u00f3n de Consignatarios de Ganados del Uruguay confirm\u00f3 la tendencia alcista que se ha mencionado en las \u00faltimas semanas con respecto al ganado gordo, aunque puntualmente algunos consignatarios han se\u00f1alado que los valores tienden a detener su incremento. El comentario de los consignatarios a sido:\u2026","rel":"","context":"En \u00abActualidad\u00bb","block_context":{"text":"Actualidad","link":"http:\/\/lahoradelcampo.com.uy\/site\/category\/actualidad\/"},"img":{"alt_text":"","src":"https:\/\/i0.wp.com\/lahoradelcampo.com.uy\/site\/wp-content\/uploads\/2017\/10\/Ganado-gordo-1.jpg?fit=880%2C440&resize=350%2C200","width":350,"height":200,"srcset":"https:\/\/i0.wp.com\/lahoradelcampo.com.uy\/site\/wp-content\/uploads\/2017\/10\/Ganado-gordo-1.jpg?fit=880%2C440&resize=350%2C200 1x, https:\/\/i0.wp.com\/lahoradelcampo.com.uy\/site\/wp-content\/uploads\/2017\/10\/Ganado-gordo-1.jpg?fit=880%2C440&resize=525%2C300 1.5x, https:\/\/i0.wp.com\/lahoradelcampo.com.uy\/site\/wp-content\/uploads\/2017\/10\/Ganado-gordo-1.jpg?fit=880%2C440&resize=700%2C400 2x"},"classes":[]}],"jetpack_likes_enabled":true,"_links":{"self":[{"href":"http:\/\/lahoradelcampo.com.uy\/site\/wp-json\/wp\/v2\/posts\/48303","targetHints":{"allow":["GET"]}}],"collection":[{"href":"http:\/\/lahoradelcampo.com.uy\/site\/wp-json\/wp\/v2\/posts"}],"about":[{"href":"http:\/\/lahoradelcampo.com.uy\/site\/wp-json\/wp\/v2\/types\/post"}],"author":[{"embeddable":true,"href":"http:\/\/lahoradelcampo.com.uy\/site\/wp-json\/wp\/v2\/users\/5"}],"replies":[{"embeddable":true,"href":"http:\/\/lahoradelcampo.com.uy\/site\/wp-json\/wp\/v2\/comments?post=48303"}],"version-history":[{"count":1,"href":"http:\/\/lahoradelcampo.com.uy\/site\/wp-json\/wp\/v2\/posts\/48303\/revisions"}],"predecessor-version":[{"id":48307,"href":"http:\/\/lahoradelcampo.com.uy\/site\/wp-json\/wp\/v2\/posts\/48303\/revisions\/48307"}],"wp:featuredmedia":[{"embeddable":true,"href":"http:\/\/lahoradelcampo.com.uy\/site\/wp-json\/wp\/v2\/media\/48305"}],"wp:attachment":[{"href":"http:\/\/lahoradelcampo.com.uy\/site\/wp-json\/wp\/v2\/media?parent=48303"}],"wp:term":[{"taxonomy":"category","embeddable":true,"href":"http:\/\/lahoradelcampo.com.uy\/site\/wp-json\/wp\/v2\/categories?post=48303"},{"taxonomy":"post_tag","embeddable":true,"href":"http:\/\/lahoradelcampo.com.uy\/site\/wp-json\/wp\/v2\/tags?post=48303"}],"curies":[{"name":"wp","href":"https:\/\/api.w.org\/{rel}","templated":true}]}}