{"id":31792,"date":"2021-07-05T08:37:24","date_gmt":"2021-07-05T11:37:24","guid":{"rendered":"http:\/\/lahoradelcampo.com.uy\/site\/?p=31792"},"modified":"2021-07-05T08:37:29","modified_gmt":"2021-07-05T11:37:29","slug":"mevir-instauro-clausulas-para-proteger-a-las-familias-ante-violencia-domestica","status":"publish","type":"post","link":"http:\/\/lahoradelcampo.com.uy\/site\/mevir-instauro-clausulas-para-proteger-a-las-familias-ante-violencia-domestica\/","title":{"rendered":"MEVIR instaur\u00f3 clausulas para proteger a las familias ante violencia dom\u00e9stica"},"content":{"rendered":"\n<figure class=\"wp-block-image\"><img data-recalc-dims=\"1\" loading=\"lazy\" decoding=\"async\" width=\"810\" height=\"405\" data-attachment-id=\"31794\" data-permalink=\"http:\/\/lahoradelcampo.com.uy\/site\/mevir-instauro-clausulas-para-proteger-a-las-familias-ante-violencia-domestica\/mevir-2\/\" data-orig-file=\"https:\/\/i0.wp.com\/lahoradelcampo.com.uy\/site\/wp-content\/uploads\/2021\/07\/MEvir.jpg?fit=880%2C440\" data-orig-size=\"880,440\" data-comments-opened=\"1\" data-image-meta=\"{&quot;aperture&quot;:&quot;0&quot;,&quot;credit&quot;:&quot;&quot;,&quot;camera&quot;:&quot;&quot;,&quot;caption&quot;:&quot;&quot;,&quot;created_timestamp&quot;:&quot;0&quot;,&quot;copyright&quot;:&quot;&quot;,&quot;focal_length&quot;:&quot;0&quot;,&quot;iso&quot;:&quot;0&quot;,&quot;shutter_speed&quot;:&quot;0&quot;,&quot;title&quot;:&quot;&quot;,&quot;orientation&quot;:&quot;1&quot;}\" data-image-title=\"MEvir\" data-image-description=\"\" data-image-caption=\"\" data-large-file=\"https:\/\/i0.wp.com\/lahoradelcampo.com.uy\/site\/wp-content\/uploads\/2021\/07\/MEvir.jpg?fit=810%2C405\" src=\"https:\/\/i0.wp.com\/lahoradelcampo.com.uy\/site\/wp-content\/uploads\/2021\/07\/MEvir.jpg?resize=810%2C405\" alt=\"\" class=\"wp-image-31794\" srcset=\"https:\/\/i0.wp.com\/lahoradelcampo.com.uy\/site\/wp-content\/uploads\/2021\/07\/MEvir.jpg?w=880 880w, https:\/\/i0.wp.com\/lahoradelcampo.com.uy\/site\/wp-content\/uploads\/2021\/07\/MEvir.jpg?resize=300%2C150 300w, https:\/\/i0.wp.com\/lahoradelcampo.com.uy\/site\/wp-content\/uploads\/2021\/07\/MEvir.jpg?resize=768%2C384 768w, https:\/\/i0.wp.com\/lahoradelcampo.com.uy\/site\/wp-content\/uploads\/2021\/07\/MEvir.jpg?resize=820%2C410 820w\" sizes=\"auto, (max-width: 810px) 100vw, 810px\" \/><\/figure>\n\n\n\n<p>Desde MEVIR se ha informado que se ha venido trabajando desde hace algunos a\u00f1os atr\u00e1s, en dar respuesta habitacional a las v\u00edctimas en violencia de g\u00e9nero en procesos de salida de situaciones de violencia. La ley N.\u00ba 19.580 establece que los integrantes del sistema p\u00fablico de vivienda prever\u00e1n garantizar, a las v\u00edctimas de violencia basada en g\u00e9nero, la permanencia en la vivienda que habitan. MEVIR forma parte del sistema p\u00fablico de vivienda por lo que entra en esta disposici\u00f3n.<br><\/p>\n\n\n\n<p>Para los planes nucleados MEVIR suscribe dos contratos: el estructural que se firma para regular la etapa de pre obra y el desarrollo de la misma y el definitivo o de arrendamiento que regula la relaci\u00f3n desde que se comienza a ocupar la vivienda, se paga la cuota y hasta saldarla.<br><\/p>\n\n\n\n<p>En este marco de trabajo, y avanzando por este camino, es que el directorio de MEVIR ha definido la incorporaci\u00f3n de cl\u00e1usulas en en los contratos de MEVIR. Por un lado, se incorpora una cl\u00e1usula para el contrato estructural que establece lo siguiente: Los participantes declaran que conocen y aceptan que ser\u00e1 causal de desvinculaci\u00f3n de la obra respecto a su persona, la imposici\u00f3n de medidas cautelares por actos o hechos constitutivos de violencia dom\u00e9stica o violencia basada en g\u00e9nero respecto a otro integrante del n\u00facleo familiar participante, seg\u00fan lo dispuesto por el art\u00edculo 10 de la Ley N.o 17.514, de 2 de julio de 2002, y los art\u00edculos 64 y 65 de la Ley N.o 19.580, de 22 de diciembre de 2017, no teniendo en tal caso, derecho a reclamar el reembolso de las horas aportadas al programa hasta dicho momento.<br><\/p>\n\n\n\n<p>Asimismo y en cumplimiento del la Ley N.\u00ba 19.580 del 2017, en sus art\u00edculos 37 y 38 se incorpora una cl\u00e1usula en los contratos de arrendamiento \u201csimple\u201d y comodatos, la misma establece que: Cuando en sede judicial se hubiere dispuesto la medida de retiro de hogar respecto del titular de un contrato de comodato o arrendamiento de un inmueble con destino casa habitaci\u00f3n, operar\u00e1 siempre que medie el consentimiento de la v\u00edctima de cesi\u00f3n legal del contrato en favor de la v\u00edctima que cohabitare con aquel, debiendo comunicarlo a MEVIR. <\/p>\n\n\n\n<p style=\"text-align:right\"><strong>Salto, 5 de julio de 2021<\/strong><\/p>\n","protected":false},"excerpt":{"rendered":"<p>Desde MEVIR se ha informado que se ha venido trabajando desde hace algunos a\u00f1os atr\u00e1s, en dar respuesta habitacional a las v\u00edctimas en violencia de g\u00e9nero en procesos de salida [&hellip;]<\/p>\n","protected":false},"author":5,"featured_media":31794,"comment_status":"open","ping_status":"open","sticky":false,"template":"","format":"standard","meta":{"_price":"","_stock":"","_tribe_ticket_header":"","_tribe_default_ticket_provider":"","_tribe_ticket_capacity":"0","_ticket_start_date":"","_ticket_end_date":"","_tribe_ticket_show_description":"","_tribe_ticket_show_not_going":false,"_tribe_ticket_use_global_stock":"","_tribe_ticket_global_stock_level":"","_global_stock_mode":"","_global_stock_cap":"","_tribe_rsvp_for_event":"","_tribe_ticket_going_count":"","_tribe_ticket_not_going_count":"","_tribe_tickets_list":"[]","_tribe_ticket_has_attendee_info_fields":false,"h5ap_radio_sources":[],"_jetpack_newsletter_access":"","_jetpack_dont_email_post_to_subs":false,"_jetpack_newsletter_tier_id":0,"_jetpack_memberships_contains_paywalled_content":false,"_jetpack_memberships_contains_paid_content":false,"footnotes":""},"categories":[21,5],"tags":[],"class_list":["post-31792","post","type-post","status-publish","format-standard","has-post-thumbnail","hentry","category-actualidad","category-ganaderia"],"jetpack_featured_media_url":"https:\/\/i0.wp.com\/lahoradelcampo.com.uy\/site\/wp-content\/uploads\/2021\/07\/MEvir.jpg?fit=880%2C440","jetpack_sharing_enabled":true,"jetpack_shortlink":"https:\/\/wp.me\/p99IaT-8gM","jetpack-related-posts":[{"id":39367,"url":"http:\/\/lahoradelcampo.com.uy\/site\/mevir-trabaja-en-la-erradicacion-de-asentamientos-en-el-area-rural\/","url_meta":{"origin":31792,"position":0},"title":"Mevir trabaja en la erradicaci\u00f3n de asentamientos en el \u00e1rea rural","author":"La Hora del Campo","date":"23 febrero, 2022","format":false,"excerpt":"La generaci\u00f3n de comunidad no es s\u00f3lo hacer la vivienda, hay casos en que esa vivienda en la que se va a trabajar no es mala pero no tiene los servicios b\u00e1sicos de saneamiento, agua, electricidad, urbanizaciones, y esos aspectos tambi\u00e9n se atienden. \u201cSe busca erradicar la vivienda insalubre que\u2026","rel":"","context":"En \u00abActualidad\u00bb","block_context":{"text":"Actualidad","link":"http:\/\/lahoradelcampo.com.uy\/site\/category\/actualidad\/"},"img":{"alt_text":"","src":"https:\/\/i0.wp.com\/lahoradelcampo.com.uy\/site\/wp-content\/uploads\/2022\/02\/MEVIR-Asentamientorural.jpg?fit=880%2C440&resize=350%2C200","width":350,"height":200,"srcset":"https:\/\/i0.wp.com\/lahoradelcampo.com.uy\/site\/wp-content\/uploads\/2022\/02\/MEVIR-Asentamientorural.jpg?fit=880%2C440&resize=350%2C200 1x, https:\/\/i0.wp.com\/lahoradelcampo.com.uy\/site\/wp-content\/uploads\/2022\/02\/MEVIR-Asentamientorural.jpg?fit=880%2C440&resize=525%2C300 1.5x, https:\/\/i0.wp.com\/lahoradelcampo.com.uy\/site\/wp-content\/uploads\/2022\/02\/MEVIR-Asentamientorural.jpg?fit=880%2C440&resize=700%2C400 2x"},"classes":[]},{"id":32962,"url":"http:\/\/lahoradelcampo.com.uy\/site\/mevir-impulsa-la-construccion-en-madera-de-viviendas-sustentables\/","url_meta":{"origin":31792,"position":1},"title":"Mevir impulsa la construcci\u00f3n en madera de \u00abViviendas Sustentables\u00bb","author":"La Hora del Campo","date":"11 agosto, 2021","format":false,"excerpt":"El Movimiento de Erradicaci\u00f3n de la Vivienda Insalubre Rural (MEVIR) realiz\u00f3 el lanzamiento de un nuevo plan de \"Viviendas Sustentables\" construidas en madera, a iniciativa de la ministra de Vivienda, Irene Moreira. El Arq. Juan Pablo Delgado, presidente de Mevir, resalt\u00f3 en la presentaci\u00f3n que \"el concepto de concepto de\u2026","rel":"","context":"En \u00abActualidad\u00bb","block_context":{"text":"Actualidad","link":"http:\/\/lahoradelcampo.com.uy\/site\/category\/actualidad\/"},"img":{"alt_text":"","src":"https:\/\/i0.wp.com\/lahoradelcampo.com.uy\/site\/wp-content\/uploads\/2021\/08\/Mevir3.jpg?fit=880%2C440&resize=350%2C200","width":350,"height":200,"srcset":"https:\/\/i0.wp.com\/lahoradelcampo.com.uy\/site\/wp-content\/uploads\/2021\/08\/Mevir3.jpg?fit=880%2C440&resize=350%2C200 1x, https:\/\/i0.wp.com\/lahoradelcampo.com.uy\/site\/wp-content\/uploads\/2021\/08\/Mevir3.jpg?fit=880%2C440&resize=525%2C300 1.5x, https:\/\/i0.wp.com\/lahoradelcampo.com.uy\/site\/wp-content\/uploads\/2021\/08\/Mevir3.jpg?fit=880%2C440&resize=700%2C400 2x"},"classes":[]},{"id":27976,"url":"http:\/\/lahoradelcampo.com.uy\/site\/mevir-denuncio-acciones-del-mandato-anterior-que-comprometieron-su-financiamiento\/","url_meta":{"origin":31792,"position":2},"title":"Mevir denunci\u00f3 acciones del mandato anterior que comprometieron su financiamiento","author":"La Hora del Campo","date":"24 febrero, 2021","format":false,"excerpt":"Las autoridades del Movimiento de Erradicaci\u00f3n de la Vivienda Insalubre Rural (MEVIR) Dr. Alberto Gallinal, presentaron en los \u00faltimos d\u00edas su balance de gesti\u00f3n del a\u00f1o 2020 y las proyecciones para el 2021, en un documento que est\u00e1 publicado en su p\u00e1gina web, con el objetivo de fomentar la transparencia\u2026","rel":"","context":"En \u00abActualidad\u00bb","block_context":{"text":"Actualidad","link":"http:\/\/lahoradelcampo.com.uy\/site\/category\/actualidad\/"},"img":{"alt_text":"","src":"https:\/\/i0.wp.com\/lahoradelcampo.com.uy\/site\/wp-content\/uploads\/2020\/04\/Mevir.jpg?fit=880%2C440&resize=350%2C200","width":350,"height":200,"srcset":"https:\/\/i0.wp.com\/lahoradelcampo.com.uy\/site\/wp-content\/uploads\/2020\/04\/Mevir.jpg?fit=880%2C440&resize=350%2C200 1x, https:\/\/i0.wp.com\/lahoradelcampo.com.uy\/site\/wp-content\/uploads\/2020\/04\/Mevir.jpg?fit=880%2C440&resize=525%2C300 1.5x, https:\/\/i0.wp.com\/lahoradelcampo.com.uy\/site\/wp-content\/uploads\/2020\/04\/Mevir.jpg?fit=880%2C440&resize=700%2C400 2x"},"classes":[]},{"id":31926,"url":"http:\/\/lahoradelcampo.com.uy\/site\/mevir-lanzo-esta-semana-el-proyecto-pequenas-grandes-obras-rurales\/","url_meta":{"origin":31792,"position":3},"title":"Mevir lanz\u00f3 esta semana el proyecto \u00abPeque\u00f1as Grandes Obras Rurales\u00bb","author":"La Hora del Campo","date":"9 julio, 2021","format":false,"excerpt":"Las autoridades de Vivienda y Ordenamiento Territorial, Irene Moreira, y de Ganader\u00eda, Agricultura y Pesca, Fernando Mattos, junto al Presidente de Mevir, Juan Pablo Delgado, realizaron el lanzamiento del plan piloto, \u201cPeque\u00f1as Grandes Obras Rurales\u201d. La actividad que tuvo lugar esta semana, cont\u00f3 adem\u00e1s, con la presencia de la Intendenta\u2026","rel":"","context":"En \u00abActualidad\u00bb","block_context":{"text":"Actualidad","link":"http:\/\/lahoradelcampo.com.uy\/site\/category\/actualidad\/"},"img":{"alt_text":"","src":"https:\/\/i0.wp.com\/lahoradelcampo.com.uy\/site\/wp-content\/uploads\/2021\/07\/Mevir2.jpg?fit=880%2C440&resize=350%2C200","width":350,"height":200,"srcset":"https:\/\/i0.wp.com\/lahoradelcampo.com.uy\/site\/wp-content\/uploads\/2021\/07\/Mevir2.jpg?fit=880%2C440&resize=350%2C200 1x, https:\/\/i0.wp.com\/lahoradelcampo.com.uy\/site\/wp-content\/uploads\/2021\/07\/Mevir2.jpg?fit=880%2C440&resize=525%2C300 1.5x, https:\/\/i0.wp.com\/lahoradelcampo.com.uy\/site\/wp-content\/uploads\/2021\/07\/Mevir2.jpg?fit=880%2C440&resize=700%2C400 2x"},"classes":[]},{"id":18778,"url":"http:\/\/lahoradelcampo.com.uy\/site\/mevir-no-cobrara-multas-en-atrasos-de-abril-y-mayo\/","url_meta":{"origin":31792,"position":4},"title":"Mevir no cobrar\u00e1 multas en atrasos de abril y mayo","author":"La Hora del Campo","date":"9 abril, 2020","format":false,"excerpt":"El Movimiento de Erradicaci\u00f3n de la Vivienda Insalubre Rural Dr. Alberto Gallinal (MEVIR) anunci\u00f3 que durante los meses de abril y mayo, no se cobrar\u00e1 multas, ni recargo, en los atrasos registrados de las cuotas mensuales, al mismo tiempo que no se realizar\u00e1n acciones judiciales o extrajudiciales debido a eventuales\u2026","rel":"","context":"En \u00abActualidad\u00bb","block_context":{"text":"Actualidad","link":"http:\/\/lahoradelcampo.com.uy\/site\/category\/actualidad\/"},"img":{"alt_text":"","src":"https:\/\/i0.wp.com\/lahoradelcampo.com.uy\/site\/wp-content\/uploads\/2020\/04\/Mevir.jpg?fit=880%2C440&resize=350%2C200","width":350,"height":200,"srcset":"https:\/\/i0.wp.com\/lahoradelcampo.com.uy\/site\/wp-content\/uploads\/2020\/04\/Mevir.jpg?fit=880%2C440&resize=350%2C200 1x, https:\/\/i0.wp.com\/lahoradelcampo.com.uy\/site\/wp-content\/uploads\/2020\/04\/Mevir.jpg?fit=880%2C440&resize=525%2C300 1.5x, https:\/\/i0.wp.com\/lahoradelcampo.com.uy\/site\/wp-content\/uploads\/2020\/04\/Mevir.jpg?fit=880%2C440&resize=700%2C400 2x"},"classes":[]},{"id":48923,"url":"http:\/\/lahoradelcampo.com.uy\/site\/colonizacion-y-mevir-invierten-us-17-millones-en-salas-de-ordene\/","url_meta":{"origin":31792,"position":5},"title":"Colonizaci\u00f3n y Mevir invierten  US$ 1,7 millones en salas de orde\u00f1e","author":"La Hora del Campo","date":"1 marzo, 2023","format":false,"excerpt":"El Instituto Nacional de Colonizaci\u00f3n y Mevir firmaron, este lunes 27, un convenio para la construcci\u00f3n de 22 salas de orde\u00f1e en predios de los departamentos de Florida, Colonia y Soriano. La inversi\u00f3n asciende a 1,7 millones de d\u00f3lares y las obras comenzar\u00e1n este a\u00f1o. El ministro de Ganader\u00eda, Fernando\u2026","rel":"","context":"En \u00abActualidad\u00bb","block_context":{"text":"Actualidad","link":"http:\/\/lahoradelcampo.com.uy\/site\/category\/actualidad\/"},"img":{"alt_text":"","src":"https:\/\/i0.wp.com\/lahoradelcampo.com.uy\/site\/wp-content\/uploads\/2023\/03\/Colonizaci%C3%B3n-Mevir-MGAP.jpg?fit=880%2C440&resize=350%2C200","width":350,"height":200,"srcset":"https:\/\/i0.wp.com\/lahoradelcampo.com.uy\/site\/wp-content\/uploads\/2023\/03\/Colonizaci%C3%B3n-Mevir-MGAP.jpg?fit=880%2C440&resize=350%2C200 1x, https:\/\/i0.wp.com\/lahoradelcampo.com.uy\/site\/wp-content\/uploads\/2023\/03\/Colonizaci%C3%B3n-Mevir-MGAP.jpg?fit=880%2C440&resize=525%2C300 1.5x, https:\/\/i0.wp.com\/lahoradelcampo.com.uy\/site\/wp-content\/uploads\/2023\/03\/Colonizaci%C3%B3n-Mevir-MGAP.jpg?fit=880%2C440&resize=700%2C400 2x"},"classes":[]}],"jetpack_likes_enabled":true,"_links":{"self":[{"href":"http:\/\/lahoradelcampo.com.uy\/site\/wp-json\/wp\/v2\/posts\/31792","targetHints":{"allow":["GET"]}}],"collection":[{"href":"http:\/\/lahoradelcampo.com.uy\/site\/wp-json\/wp\/v2\/posts"}],"about":[{"href":"http:\/\/lahoradelcampo.com.uy\/site\/wp-json\/wp\/v2\/types\/post"}],"author":[{"embeddable":true,"href":"http:\/\/lahoradelcampo.com.uy\/site\/wp-json\/wp\/v2\/users\/5"}],"replies":[{"embeddable":true,"href":"http:\/\/lahoradelcampo.com.uy\/site\/wp-json\/wp\/v2\/comments?post=31792"}],"version-history":[{"count":1,"href":"http:\/\/lahoradelcampo.com.uy\/site\/wp-json\/wp\/v2\/posts\/31792\/revisions"}],"predecessor-version":[{"id":31796,"href":"http:\/\/lahoradelcampo.com.uy\/site\/wp-json\/wp\/v2\/posts\/31792\/revisions\/31796"}],"wp:featuredmedia":[{"embeddable":true,"href":"http:\/\/lahoradelcampo.com.uy\/site\/wp-json\/wp\/v2\/media\/31794"}],"wp:attachment":[{"href":"http:\/\/lahoradelcampo.com.uy\/site\/wp-json\/wp\/v2\/media?parent=31792"}],"wp:term":[{"taxonomy":"category","embeddable":true,"href":"http:\/\/lahoradelcampo.com.uy\/site\/wp-json\/wp\/v2\/categories?post=31792"},{"taxonomy":"post_tag","embeddable":true,"href":"http:\/\/lahoradelcampo.com.uy\/site\/wp-json\/wp\/v2\/tags?post=31792"}],"curies":[{"name":"wp","href":"https:\/\/api.w.org\/{rel}","templated":true}]}}