{"id":31760,"date":"2021-07-02T06:25:29","date_gmt":"2021-07-02T09:25:29","guid":{"rendered":"http:\/\/lahoradelcampo.com.uy\/site\/?p=31760"},"modified":"2021-07-01T23:04:50","modified_gmt":"2021-07-02T02:04:50","slug":"bpu-fue-habilitado-nuevamente-para-exportar-a-china","status":"publish","type":"post","link":"http:\/\/lahoradelcampo.com.uy\/site\/bpu-fue-habilitado-nuevamente-para-exportar-a-china\/","title":{"rendered":"BPU fue habilitado nuevamente para exportar a China"},"content":{"rendered":"\n<figure class=\"wp-block-image\"><img data-recalc-dims=\"1\" loading=\"lazy\" decoding=\"async\" width=\"810\" height=\"405\" data-attachment-id=\"31762\" data-permalink=\"http:\/\/lahoradelcampo.com.uy\/site\/bpu-fue-habilitado-nuevamente-para-exportar-a-china\/bustillo\/\" data-orig-file=\"https:\/\/i0.wp.com\/lahoradelcampo.com.uy\/site\/wp-content\/uploads\/2021\/07\/Bustillo.jpg?fit=880%2C440\" data-orig-size=\"880,440\" data-comments-opened=\"1\" data-image-meta=\"{&quot;aperture&quot;:&quot;0&quot;,&quot;credit&quot;:&quot;&quot;,&quot;camera&quot;:&quot;&quot;,&quot;caption&quot;:&quot;&quot;,&quot;created_timestamp&quot;:&quot;0&quot;,&quot;copyright&quot;:&quot;&quot;,&quot;focal_length&quot;:&quot;0&quot;,&quot;iso&quot;:&quot;0&quot;,&quot;shutter_speed&quot;:&quot;0&quot;,&quot;title&quot;:&quot;&quot;,&quot;orientation&quot;:&quot;1&quot;}\" data-image-title=\"Bustillo\" data-image-description=\"\" data-image-caption=\"\" data-large-file=\"https:\/\/i0.wp.com\/lahoradelcampo.com.uy\/site\/wp-content\/uploads\/2021\/07\/Bustillo.jpg?fit=810%2C405\" src=\"https:\/\/i0.wp.com\/lahoradelcampo.com.uy\/site\/wp-content\/uploads\/2021\/07\/Bustillo.jpg?resize=810%2C405\" alt=\"\" class=\"wp-image-31762\" srcset=\"https:\/\/i0.wp.com\/lahoradelcampo.com.uy\/site\/wp-content\/uploads\/2021\/07\/Bustillo.jpg?w=880 880w, https:\/\/i0.wp.com\/lahoradelcampo.com.uy\/site\/wp-content\/uploads\/2021\/07\/Bustillo.jpg?resize=300%2C150 300w, https:\/\/i0.wp.com\/lahoradelcampo.com.uy\/site\/wp-content\/uploads\/2021\/07\/Bustillo.jpg?resize=768%2C384 768w, https:\/\/i0.wp.com\/lahoradelcampo.com.uy\/site\/wp-content\/uploads\/2021\/07\/Bustillo.jpg?resize=820%2C410 820w\" sizes=\"auto, (max-width: 810px) 100vw, 810px\" \/><\/figure>\n\n\n\n<p>A partir del 1.\u00b0 de julio, qued\u00f3 rehabilitado el frigor\u00edfico BPU para la exportaci\u00f3n de carne a China, con la trascendencia de que el destino del 70% de la faena de esa planta industrial es el pa\u00eds asi\u00e1tico, inform\u00f3 el ministro de Relaciones Exteriores, Francisco Bustillo. Enfatiz\u00f3 que no existe ning\u00fan requisito adicional, lo que deja en claro la buena relaci\u00f3n con China. Ejemplific\u00f3 que el tiempo para levantar una suspensi\u00f3n es de seis meses, y, en esta ocasi\u00f3n, fue de dos meses y medio.<br><\/p>\n\n\n\n<p>En una conferencia de prensa realizada en el Ministerio de Relaciones Exteriores, Bustillo anunci\u00f3 que este jueves 1.\u00b0 recibi\u00f3 la noticia del levantamiento de la suspensi\u00f3n de exportar carne a China por parte del frigor\u00edfico BPU. Explic\u00f3 que puede comenzar a operar de inmediato, a partir de lo cual 810 empleados de la empresa retornan a la actividad y tambi\u00e9n otras 6.000 personas que trabajaban vinculadas, de manera indirecta, a la planta industrial.<br><\/p>\n\n\n\n<p>El secretario de Estado record\u00f3 que el martes 29 se reuni\u00f3 con el embajador de China en Uruguay, Wang Gang, para dialogar acerca de este tema. En tanto, el lunes 28 visit\u00f3 las instalaciones de la planta industrial ubicada en el departamento de Durazno para conversar con directivos y el gremio de los trabajadores.<br><\/p>\n\n\n\n<p>\u201cFue un reclamo que nos trasladaron, por lo que es una muy buena noticia para Flores y Durazno, para los que trabajan en el frigor\u00edfico y para todo el pa\u00eds, en lo pol\u00edtico y social\u201d, asegur\u00f3 Bustillo. <br><\/p>\n\n\n\n<p>El jerarca agradeci\u00f3 el trabajo intenso de los embajadores Wang Gang y Fernando Lugris en el pa\u00eds asi\u00e1tico, as\u00ed como el de autoridades del Ministerio de Ganader\u00eda y de la propia Canciller\u00eda, en estos dos meses y medio de gestiones.<br><\/p>\n\n\n\n<p>Enfatiz\u00f3 que para la rehabilitaci\u00f3n no se prev\u00e9 ning\u00fan requisito adicional, ni pol\u00edtico ni comercial, lo que es una demostraci\u00f3n m\u00e1s de las buenas relaciones que Uruguay mantiene con el Gobierno de China. Ejemplific\u00f3 que el tiempo promedio para levantar una suspensi\u00f3n es de seis meses, y, en esta ocasi\u00f3n, fue de poco m\u00e1s de dos meses.<\/p>\n\n\n\n<p style=\"text-align:right\"><strong>Salto, 2 de julio de 2021<\/strong><\/p>\n","protected":false},"excerpt":{"rendered":"<p>A partir del 1.\u00b0 de julio, qued\u00f3 rehabilitado el frigor\u00edfico BPU para la exportaci\u00f3n de carne a China, con la trascendencia de que el destino del 70% de la faena [&hellip;]<\/p>\n","protected":false},"author":5,"featured_media":31762,"comment_status":"open","ping_status":"open","sticky":false,"template":"","format":"standard","meta":{"_price":"","_stock":"","_tribe_ticket_header":"","_tribe_default_ticket_provider":"","_tribe_ticket_capacity":"0","_ticket_start_date":"","_ticket_end_date":"","_tribe_ticket_show_description":"","_tribe_ticket_show_not_going":false,"_tribe_ticket_use_global_stock":"","_tribe_ticket_global_stock_level":"","_global_stock_mode":"","_global_stock_cap":"","_tribe_rsvp_for_event":"","_tribe_ticket_going_count":"","_tribe_ticket_not_going_count":"","_tribe_tickets_list":"[]","_tribe_ticket_has_attendee_info_fields":false,"h5ap_radio_sources":[],"_jetpack_newsletter_access":"","_jetpack_dont_email_post_to_subs":false,"_jetpack_newsletter_tier_id":0,"_jetpack_memberships_contains_paywalled_content":false,"_jetpack_memberships_contains_paid_content":false,"footnotes":""},"categories":[21,5],"tags":[],"class_list":["post-31760","post","type-post","status-publish","format-standard","has-post-thumbnail","hentry","category-actualidad","category-ganaderia"],"jetpack_featured_media_url":"https:\/\/i0.wp.com\/lahoradelcampo.com.uy\/site\/wp-content\/uploads\/2021\/07\/Bustillo.jpg?fit=880%2C440","jetpack_sharing_enabled":true,"jetpack_shortlink":"https:\/\/wp.me\/p99IaT-8gg","jetpack-related-posts":[{"id":31610,"url":"http:\/\/lahoradelcampo.com.uy\/site\/bustillo-visito-bpu-y-se-comprometio-a-trabajar-para-habilitar-el-mercado-chino\/","url_meta":{"origin":31760,"position":0},"title":"Bustillo visit\u00f3 BPU y se comprometi\u00f3 a trabajar para  habilitar el mercado chino","author":"La Hora del Campo","date":"29 junio, 2021","format":false,"excerpt":"El Canciller Francisco Bustillo visit\u00f3 este lunes la planta industrial de la empresa frigor\u00edfica Breeders And Packers Meat Uruguay (BPU) ubicada en el departamento de Durazno, sobre la ruta 14 que une la capital duraznense con Trinidad, la capital de Flores y por ende tiene personal de ambas localidades. Esta\u2026","rel":"","context":"En \u00abActualidad\u00bb","block_context":{"text":"Actualidad","link":"http:\/\/lahoradelcampo.com.uy\/site\/category\/actualidad\/"},"img":{"alt_text":"","src":"https:\/\/i0.wp.com\/lahoradelcampo.com.uy\/site\/wp-content\/uploads\/2021\/06\/BPU-Bustillo.jpg?fit=880%2C440&resize=350%2C200","width":350,"height":200,"srcset":"https:\/\/i0.wp.com\/lahoradelcampo.com.uy\/site\/wp-content\/uploads\/2021\/06\/BPU-Bustillo.jpg?fit=880%2C440&resize=350%2C200 1x, https:\/\/i0.wp.com\/lahoradelcampo.com.uy\/site\/wp-content\/uploads\/2021\/06\/BPU-Bustillo.jpg?fit=880%2C440&resize=525%2C300 1.5x, https:\/\/i0.wp.com\/lahoradelcampo.com.uy\/site\/wp-content\/uploads\/2021\/06\/BPU-Bustillo.jpg?fit=880%2C440&resize=700%2C400 2x"},"classes":[]},{"id":46771,"url":"http:\/\/lahoradelcampo.com.uy\/site\/china-habilito-al-frigorifico-la-trinidad-para-exportar-carne-bovina-y-ovina\/","url_meta":{"origin":31760,"position":1},"title":"China habilit\u00f3 al Frigor\u00edfico \u00abLa Trinidad\u00bb para exportar carne bovina y ovina","author":"La Hora del Campo","date":"4 noviembre, 2022","format":false,"excerpt":"El pasado 1 de novimbre, la General Administration of Customs China (GACC) inform\u00f3 que tras un largo trabajo t\u00e9cnico, a partir de este 1\u00b0 de noviembre de 2022, fue aprobada la habilitaci\u00f3n para el Frigor\u00edfico \"La Trinidad\" (OFERAN S.A.) Nro. 91, para exportar carne bovina y ovina a China, de\u2026","rel":"","context":"En \u00abActualidad\u00bb","block_context":{"text":"Actualidad","link":"http:\/\/lahoradelcampo.com.uy\/site\/category\/actualidad\/"},"img":{"alt_text":"","src":"https:\/\/i0.wp.com\/lahoradelcampo.com.uy\/site\/wp-content\/uploads\/2022\/11\/Latrinidad.jpg?fit=880%2C440&resize=350%2C200","width":350,"height":200,"srcset":"https:\/\/i0.wp.com\/lahoradelcampo.com.uy\/site\/wp-content\/uploads\/2022\/11\/Latrinidad.jpg?fit=880%2C440&resize=350%2C200 1x, https:\/\/i0.wp.com\/lahoradelcampo.com.uy\/site\/wp-content\/uploads\/2022\/11\/Latrinidad.jpg?fit=880%2C440&resize=525%2C300 1.5x, https:\/\/i0.wp.com\/lahoradelcampo.com.uy\/site\/wp-content\/uploads\/2022\/11\/Latrinidad.jpg?fit=880%2C440&resize=700%2C400 2x"},"classes":[]},{"id":30006,"url":"http:\/\/lahoradelcampo.com.uy\/site\/china-comunico-que-aceptara-el-reetiquetado-de-los-embarques-de-carne\/","url_meta":{"origin":31760,"position":2},"title":"China comunic\u00f3 que aceptar\u00e1 el reetiquetado de los embarques de carne","author":"La Hora del Campo","date":"13 mayo, 2021","format":false,"excerpt":"La Aduana de China comunic\u00f3 a las autoridades uruguayas que aceptar\u00e1 el reetiquetado de los embarques con carne uruguaya que est\u00e1n mal etiquetados, aunque para ello debe haber previamente un acuerdo entre exportadores e importadores que est\u00e1 siendo analizado por las partes, inform\u00f3 la publicaci\u00f3n electr\u00f3nica Faxcarne en la jornada\u2026","rel":"","context":"En \u00abActualidad\u00bb","block_context":{"text":"Actualidad","link":"http:\/\/lahoradelcampo.com.uy\/site\/category\/actualidad\/"},"img":{"alt_text":"","src":"https:\/\/i0.wp.com\/lahoradelcampo.com.uy\/site\/wp-content\/uploads\/2020\/03\/Fernando-Mattos.jpg?fit=880%2C440&resize=350%2C200","width":350,"height":200,"srcset":"https:\/\/i0.wp.com\/lahoradelcampo.com.uy\/site\/wp-content\/uploads\/2020\/03\/Fernando-Mattos.jpg?fit=880%2C440&resize=350%2C200 1x, https:\/\/i0.wp.com\/lahoradelcampo.com.uy\/site\/wp-content\/uploads\/2020\/03\/Fernando-Mattos.jpg?fit=880%2C440&resize=525%2C300 1.5x, https:\/\/i0.wp.com\/lahoradelcampo.com.uy\/site\/wp-content\/uploads\/2020\/03\/Fernando-Mattos.jpg?fit=880%2C440&resize=700%2C400 2x"},"classes":[]},{"id":14495,"url":"http:\/\/lahoradelcampo.com.uy\/site\/frigorifico-florida-comenzara-faenas-hacia-china-en-octubre\/","url_meta":{"origin":31760,"position":3},"title":"Frigor\u00edfico Florida comenzar\u00e1 faenas hacia China en octubre","author":"La Hora del Campo","date":"24 septiembre, 2019","format":false,"excerpt":"Frigor\u00edfico Florida espera comenzar en la segunda quincena de octubre a procesar la faena para exportar a China, tras la habilitaci\u00f3n lograda el 12 de setiembre. El ministro Enzo Benech y el presidente del INAC, Federico Stanham, valoraron el diferencial que significa el pa\u00eds asi\u00e1tico, mercado con un arancel de\u2026","rel":"","context":"En \u00abGanader\u00eda\u00bb","block_context":{"text":"Ganader\u00eda","link":"http:\/\/lahoradelcampo.com.uy\/site\/category\/ganaderia\/"},"img":{"alt_text":"","src":"https:\/\/i0.wp.com\/lahoradelcampo.com.uy\/site\/wp-content\/uploads\/2019\/09\/Frigorifico-Florida.jpg?fit=880%2C440&resize=350%2C200","width":350,"height":200,"srcset":"https:\/\/i0.wp.com\/lahoradelcampo.com.uy\/site\/wp-content\/uploads\/2019\/09\/Frigorifico-Florida.jpg?fit=880%2C440&resize=350%2C200 1x, https:\/\/i0.wp.com\/lahoradelcampo.com.uy\/site\/wp-content\/uploads\/2019\/09\/Frigorifico-Florida.jpg?fit=880%2C440&resize=525%2C300 1.5x, https:\/\/i0.wp.com\/lahoradelcampo.com.uy\/site\/wp-content\/uploads\/2019\/09\/Frigorifico-Florida.jpg?fit=880%2C440&resize=700%2C400 2x"},"classes":[]},{"id":18792,"url":"http:\/\/lahoradelcampo.com.uy\/site\/rusia-comenzo-a-exportar-carne-angus-a-china\/","url_meta":{"origin":31760,"position":4},"title":"Rusia comenz\u00f3 a exportar carne angus a China","author":"La Hora del Campo","date":"9 abril, 2020","format":false,"excerpt":"Rusia inicia la venta de carne angus a China. El mayor productor de carne porcina y vacuna de Rusia, se convirti\u00f3 en el primer exportador en colocar carne angus en China con una partida de 200 toneladas. La viceprimer ministra de Rusia, inform\u00f3 que el 7 de abril, los primeros\u2026","rel":"","context":"En \u00abInternacionales\u00bb","block_context":{"text":"Internacionales","link":"http:\/\/lahoradelcampo.com.uy\/site\/category\/columnistas\/"},"img":{"alt_text":"","src":"https:\/\/i0.wp.com\/lahoradelcampo.com.uy\/site\/wp-content\/uploads\/2020\/04\/Carneanguschina.jpg?fit=880%2C440&resize=350%2C200","width":350,"height":200,"srcset":"https:\/\/i0.wp.com\/lahoradelcampo.com.uy\/site\/wp-content\/uploads\/2020\/04\/Carneanguschina.jpg?fit=880%2C440&resize=350%2C200 1x, https:\/\/i0.wp.com\/lahoradelcampo.com.uy\/site\/wp-content\/uploads\/2020\/04\/Carneanguschina.jpg?fit=880%2C440&resize=525%2C300 1.5x, https:\/\/i0.wp.com\/lahoradelcampo.com.uy\/site\/wp-content\/uploads\/2020\/04\/Carneanguschina.jpg?fit=880%2C440&resize=700%2C400 2x"},"classes":[]},{"id":29154,"url":"http:\/\/lahoradelcampo.com.uy\/site\/cambio-en-el-etiquetado-de-los-trimmings-bovinos-deja-a-bpu-fuera-de-china\/","url_meta":{"origin":31760,"position":5},"title":"Cambio en el etiquetado de los \u00abTrimmings Bovinos\u00bb deja a BPU fuera de China","author":"La Hora del Campo","date":"12 abril, 2021","format":false,"excerpt":"En la jornada del viernes se dio a conocer que la planta de Breeders & Packers Uruguay S.A. quedaba suspendida de las exportaciones al mercado de China. A la llega de la noticia a las redes sociales se manejaron varias hip\u00f3tesis y la que sonaba con mayor fuerza, era la\u2026","rel":"","context":"En \u00abActualidad\u00bb","block_context":{"text":"Actualidad","link":"http:\/\/lahoradelcampo.com.uy\/site\/category\/actualidad\/"},"img":{"alt_text":"","src":"https:\/\/i0.wp.com\/lahoradelcampo.com.uy\/site\/wp-content\/uploads\/2021\/04\/BPUfrigo.jpg?fit=880%2C440&resize=350%2C200","width":350,"height":200,"srcset":"https:\/\/i0.wp.com\/lahoradelcampo.com.uy\/site\/wp-content\/uploads\/2021\/04\/BPUfrigo.jpg?fit=880%2C440&resize=350%2C200 1x, https:\/\/i0.wp.com\/lahoradelcampo.com.uy\/site\/wp-content\/uploads\/2021\/04\/BPUfrigo.jpg?fit=880%2C440&resize=525%2C300 1.5x, https:\/\/i0.wp.com\/lahoradelcampo.com.uy\/site\/wp-content\/uploads\/2021\/04\/BPUfrigo.jpg?fit=880%2C440&resize=700%2C400 2x"},"classes":[]}],"jetpack_likes_enabled":true,"_links":{"self":[{"href":"http:\/\/lahoradelcampo.com.uy\/site\/wp-json\/wp\/v2\/posts\/31760","targetHints":{"allow":["GET"]}}],"collection":[{"href":"http:\/\/lahoradelcampo.com.uy\/site\/wp-json\/wp\/v2\/posts"}],"about":[{"href":"http:\/\/lahoradelcampo.com.uy\/site\/wp-json\/wp\/v2\/types\/post"}],"author":[{"embeddable":true,"href":"http:\/\/lahoradelcampo.com.uy\/site\/wp-json\/wp\/v2\/users\/5"}],"replies":[{"embeddable":true,"href":"http:\/\/lahoradelcampo.com.uy\/site\/wp-json\/wp\/v2\/comments?post=31760"}],"version-history":[{"count":1,"href":"http:\/\/lahoradelcampo.com.uy\/site\/wp-json\/wp\/v2\/posts\/31760\/revisions"}],"predecessor-version":[{"id":31764,"href":"http:\/\/lahoradelcampo.com.uy\/site\/wp-json\/wp\/v2\/posts\/31760\/revisions\/31764"}],"wp:featuredmedia":[{"embeddable":true,"href":"http:\/\/lahoradelcampo.com.uy\/site\/wp-json\/wp\/v2\/media\/31762"}],"wp:attachment":[{"href":"http:\/\/lahoradelcampo.com.uy\/site\/wp-json\/wp\/v2\/media?parent=31760"}],"wp:term":[{"taxonomy":"category","embeddable":true,"href":"http:\/\/lahoradelcampo.com.uy\/site\/wp-json\/wp\/v2\/categories?post=31760"},{"taxonomy":"post_tag","embeddable":true,"href":"http:\/\/lahoradelcampo.com.uy\/site\/wp-json\/wp\/v2\/tags?post=31760"}],"curies":[{"name":"wp","href":"https:\/\/api.w.org\/{rel}","templated":true}]}}