{"id":31718,"date":"2021-07-02T06:31:08","date_gmt":"2021-07-02T09:31:08","guid":{"rendered":"http:\/\/lahoradelcampo.com.uy\/site\/?p=31718"},"modified":"2021-07-01T22:37:07","modified_gmt":"2021-07-02T01:37:07","slug":"alfredo-lago-me-parece-que-talvi-lo-dejo-medio-solo-a-uriarte","status":"publish","type":"post","link":"http:\/\/lahoradelcampo.com.uy\/site\/alfredo-lago-me-parece-que-talvi-lo-dejo-medio-solo-a-uriarte\/","title":{"rendered":"Alfredo Lago: \u00abme parece que Talvi lo dejo medio solo a Uriarte\u00bb"},"content":{"rendered":"\n<figure class=\"wp-block-image\"><img data-recalc-dims=\"1\" loading=\"lazy\" decoding=\"async\" width=\"810\" height=\"405\" data-attachment-id=\"31720\" data-permalink=\"http:\/\/lahoradelcampo.com.uy\/site\/alfredo-lago-me-parece-que-talvi-lo-dejo-medio-solo-a-uriarte\/alfredolago\/\" data-orig-file=\"https:\/\/i0.wp.com\/lahoradelcampo.com.uy\/site\/wp-content\/uploads\/2021\/07\/Alfredolago.jpg?fit=880%2C440\" data-orig-size=\"880,440\" data-comments-opened=\"1\" data-image-meta=\"{&quot;aperture&quot;:&quot;0&quot;,&quot;credit&quot;:&quot;&quot;,&quot;camera&quot;:&quot;&quot;,&quot;caption&quot;:&quot;&quot;,&quot;created_timestamp&quot;:&quot;0&quot;,&quot;copyright&quot;:&quot;&quot;,&quot;focal_length&quot;:&quot;0&quot;,&quot;iso&quot;:&quot;0&quot;,&quot;shutter_speed&quot;:&quot;0&quot;,&quot;title&quot;:&quot;&quot;,&quot;orientation&quot;:&quot;1&quot;}\" data-image-title=\"Alfredolago\" data-image-description=\"\" data-image-caption=\"\" data-large-file=\"https:\/\/i0.wp.com\/lahoradelcampo.com.uy\/site\/wp-content\/uploads\/2021\/07\/Alfredolago.jpg?fit=810%2C405\" src=\"https:\/\/i0.wp.com\/lahoradelcampo.com.uy\/site\/wp-content\/uploads\/2021\/07\/Alfredolago.jpg?resize=810%2C405\" alt=\"\" class=\"wp-image-31720\" srcset=\"https:\/\/i0.wp.com\/lahoradelcampo.com.uy\/site\/wp-content\/uploads\/2021\/07\/Alfredolago.jpg?w=880 880w, https:\/\/i0.wp.com\/lahoradelcampo.com.uy\/site\/wp-content\/uploads\/2021\/07\/Alfredolago.jpg?resize=300%2C150 300w, https:\/\/i0.wp.com\/lahoradelcampo.com.uy\/site\/wp-content\/uploads\/2021\/07\/Alfredolago.jpg?resize=768%2C384 768w, https:\/\/i0.wp.com\/lahoradelcampo.com.uy\/site\/wp-content\/uploads\/2021\/07\/Alfredolago.jpg?resize=820%2C410 820w\" sizes=\"auto, (max-width: 810px) 100vw, 810px\" \/><\/figure>\n\n\n\n<p>Alfredo Lago ha sido el vocero del grupo gremial de trabajo denominado \u00abCampo Unido\u00bb en las diferentes reuniones con el Poder Ejecutivo, ya sea en este per\u00edodo como en el anterior, por lo que consultamos al productor sobre la noticia del alejamiento del Ing. Carlos Mar\u00eda Uriarte y la llegada del Ing. Fernando Mattos en el MGAP.<br><\/p>\n\n\n\n<p>\u00abLo primero que nos gener\u00f3 fue sorpresa por la noticia y tambi\u00e9n por la forma que se dio el cambio del titular de la cartera. Carlos Mar\u00eda Uriarte tiene much\u00edsimos v\u00ednculos con las agremiaciones desde previo a llegar al ministerio, pero que las mantuvo y las ahondo en el relacionamiento ya desde la cartera de gobierno\u00bb dijo Lago, qui\u00e9n adem\u00e1s remarc\u00f3 que \u00abhasta ahora ha sido el ministro que m\u00e1s se destac\u00f3 en ese sentido\u00bb. <br><\/p>\n\n\n\n<p>El relacionamiento con las gremiales, permiti\u00f3 una mayor interacci\u00f3n entre el sector productivo y el propio ministerio. En este sentido Lago record\u00f3 que \u00abcasi todas sus acciones y las pol\u00edticas que llevaba adelante, primeramente las analiz\u00f3 y las propuso, o por lo menos las hizo enterar, a las instituciones de la agropecuaria. Gener\u00f3 un espacio que justamente no ven\u00edamos transitando en el pasado\u00bb. <br><\/p>\n\n\n\n<p>El productor arrocero reconoci\u00f3 que \u00abCarlos Mar\u00eda es alguien vinculado al sector productivo, que estuvo en la dirigencia gremial\u00bb pero remarc\u00f3 que \u00absu cargo era de confianza pol\u00edtica, muy relacionado al Partido Colorado pero en particular a un sector que lo lideraba Ernesto Talvi, qui\u00e9n se va del gobierno, se va de la pol\u00edtica, y entonces me parece que lo dejo medio solo a Uriarte\u00bb. Para Lago esto fue \u00ablo que determin\u00f3 su salida,  porque si uno mira su desarrollo como ministro y el desarrollo de la cartera en s\u00ed, no habr\u00eda motivo para relevarlo\u00bb.<br><\/p>\n\n\n\n<p>Respecto al relacionamiento de las gremiales con el Ing. Fernando Mattos,  dijo que \u00abno va a ser para nada diferente\u00bb y remarc\u00f3 que \u00abes una persona muy abierta al di\u00e1logo, es alguien que tambi\u00e9n lleva un a\u00f1o de experiencia en instituciones de gobierno como lo es INAC, y por tanto obviamente que tambi\u00e9n es un factor m\u00e1s que suma a las caracter\u00edsticas de ser productor y expresidente de la Asociaci\u00f3n Rural del Uruguay\u00bb. <br><\/p>\n\n\n\n<p>En el caso del sector arrocero, Lago indic\u00f3 que Mattos \u00abtiene un establecimiento muy cercano a una cuenca arrocera en el departamento de Tacuaremb\u00f3 por tanto entendemos que va a ser sencillo poder dialogar con el sobre el sector arrocero pero tambi\u00e9n sobre el resto de los dem\u00e1s sectores agropecuarios\u00bb. En lo particular de la gremial indic\u00f3 que se va a \u00abesperar unos d\u00edas para que se pueda afianzar en el cargo y vamos a interactuar con \u00e9l para saber cu\u00e1l es su visi\u00f3n como pol\u00edtica sectorial desde el cargo de ministro\u00bb.<\/p>\n\n\n\n<p style=\"text-align:right\"><strong>Salto, 2 de junio de 2021<\/strong><\/p>\n","protected":false},"excerpt":{"rendered":"<p>Alfredo Lago ha sido el vocero del grupo gremial de trabajo denominado \u00abCampo Unido\u00bb en las diferentes reuniones con el Poder Ejecutivo, ya sea en este per\u00edodo como en el [&hellip;]<\/p>\n","protected":false},"author":5,"featured_media":31720,"comment_status":"open","ping_status":"open","sticky":false,"template":"","format":"standard","meta":{"_price":"","_stock":"","_tribe_ticket_header":"","_tribe_default_ticket_provider":"","_tribe_ticket_capacity":"0","_ticket_start_date":"","_ticket_end_date":"","_tribe_ticket_show_description":"","_tribe_ticket_show_not_going":false,"_tribe_ticket_use_global_stock":"","_tribe_ticket_global_stock_level":"","_global_stock_mode":"","_global_stock_cap":"","_tribe_rsvp_for_event":"","_tribe_ticket_going_count":"","_tribe_ticket_not_going_count":"","_tribe_tickets_list":"[]","_tribe_ticket_has_attendee_info_fields":false,"h5ap_radio_sources":[],"_jetpack_newsletter_access":"","_jetpack_dont_email_post_to_subs":false,"_jetpack_newsletter_tier_id":0,"_jetpack_memberships_contains_paywalled_content":false,"_jetpack_memberships_contains_paid_content":false,"footnotes":""},"categories":[21,5],"tags":[],"class_list":["post-31718","post","type-post","status-publish","format-standard","has-post-thumbnail","hentry","category-actualidad","category-ganaderia"],"jetpack_featured_media_url":"https:\/\/i0.wp.com\/lahoradelcampo.com.uy\/site\/wp-content\/uploads\/2021\/07\/Alfredolago.jpg?fit=880%2C440","jetpack_sharing_enabled":true,"jetpack_shortlink":"https:\/\/wp.me\/p99IaT-8fA","jetpack-related-posts":[{"id":17974,"url":"http:\/\/lahoradelcampo.com.uy\/site\/manana-el-presidente-de-la-republica-inaugura-la-zafra-arrocera-2020\/","url_meta":{"origin":31718,"position":0},"title":"Ma\u00f1ana el Presidente de la Rep\u00fablica inaugura la zafra arrocera 2020","author":"La Hora del Campo","date":"12 marzo, 2020","format":false,"excerpt":"En la jornada de ma\u00f1ana se inaugura la zafra arrocera 2020, en el departamento de Artigas, en el establecimiento de la familia Pinczak en el centro poblado Mones Quintela. La actividad est\u00e1 prevista comience a las 9 horas, con el recibimiento de las autoridades y visitantes en el predio, para\u2026","rel":"","context":"En \u00abActualidad\u00bb","block_context":{"text":"Actualidad","link":"http:\/\/lahoradelcampo.com.uy\/site\/category\/actualidad\/"},"img":{"alt_text":"","src":"https:\/\/i0.wp.com\/lahoradelcampo.com.uy\/site\/wp-content\/uploads\/2020\/03\/arroceros-4.jpg?fit=880%2C440&resize=350%2C200","width":350,"height":200,"srcset":"https:\/\/i0.wp.com\/lahoradelcampo.com.uy\/site\/wp-content\/uploads\/2020\/03\/arroceros-4.jpg?fit=880%2C440&resize=350%2C200 1x, https:\/\/i0.wp.com\/lahoradelcampo.com.uy\/site\/wp-content\/uploads\/2020\/03\/arroceros-4.jpg?fit=880%2C440&resize=525%2C300 1.5x, https:\/\/i0.wp.com\/lahoradelcampo.com.uy\/site\/wp-content\/uploads\/2020\/03\/arroceros-4.jpg?fit=880%2C440&resize=700%2C400 2x"},"classes":[]},{"id":17814,"url":"http:\/\/lahoradelcampo.com.uy\/site\/uriarte-se-juega-la-primera-pulseada-ante-economia\/","url_meta":{"origin":31718,"position":1},"title":"Uriarte se juega la primera pulseada ante Econom\u00eda","author":"La Hora del Campo","date":"5 marzo, 2020","format":false,"excerpt":"El Ministerio de Ganader\u00eda, Agricultura y Pesca, en un pa\u00eds agroexportador como el Uruguay, tiene una relevancia superlativa en el contexto econ\u00f3mico teniendo en cuenta que es el generador de divisas que luego se distribuyen en la sociedad. Pero lo real es que es un ministerio que mayoritariamente ha tenido\u2026","rel":"","context":"En \u00abActualidad\u00bb","block_context":{"text":"Actualidad","link":"http:\/\/lahoradelcampo.com.uy\/site\/category\/actualidad\/"},"img":{"alt_text":"","src":"https:\/\/i0.wp.com\/lahoradelcampo.com.uy\/site\/wp-content\/uploads\/2019\/12\/Uriarte-granja.jpg?fit=880%2C440&resize=350%2C200","width":350,"height":200,"srcset":"https:\/\/i0.wp.com\/lahoradelcampo.com.uy\/site\/wp-content\/uploads\/2019\/12\/Uriarte-granja.jpg?fit=880%2C440&resize=350%2C200 1x, https:\/\/i0.wp.com\/lahoradelcampo.com.uy\/site\/wp-content\/uploads\/2019\/12\/Uriarte-granja.jpg?fit=880%2C440&resize=525%2C300 1.5x, https:\/\/i0.wp.com\/lahoradelcampo.com.uy\/site\/wp-content\/uploads\/2019\/12\/Uriarte-granja.jpg?fit=880%2C440&resize=700%2C400 2x"},"classes":[]},{"id":30030,"url":"http:\/\/lahoradelcampo.com.uy\/site\/uriarte-respaldo-al-dr-altuna-al-frente-de-sanidad-animal\/","url_meta":{"origin":31718,"position":2},"title":"Uriarte respaldo al Dr. Altuna al frente de Sanidad Animal","author":"La Hora del Campo","date":"13 mayo, 2021","format":false,"excerpt":"En la jornada de ayer se emiti\u00f3 p\u00fablicamente por parte del gremio de funcionarios del Ministerio de Ganader\u00eda, Agricultura y Pesca (AFGAP) una misiva enviada a los principales de la cartera encabezada por el Ing. Agr. Carlos Mar\u00eda Uriarte, en cual expresan su \"consternaci\u00f3n\" ante la decisi\u00f3n de designaci\u00f3n del\u2026","rel":"","context":"En \u00abActualidad\u00bb","block_context":{"text":"Actualidad","link":"http:\/\/lahoradelcampo.com.uy\/site\/category\/actualidad\/"},"img":{"alt_text":"","src":"https:\/\/i0.wp.com\/lahoradelcampo.com.uy\/site\/wp-content\/uploads\/2019\/12\/Uriarte-granja.jpg?fit=880%2C440&resize=350%2C200","width":350,"height":200,"srcset":"https:\/\/i0.wp.com\/lahoradelcampo.com.uy\/site\/wp-content\/uploads\/2019\/12\/Uriarte-granja.jpg?fit=880%2C440&resize=350%2C200 1x, https:\/\/i0.wp.com\/lahoradelcampo.com.uy\/site\/wp-content\/uploads\/2019\/12\/Uriarte-granja.jpg?fit=880%2C440&resize=525%2C300 1.5x, https:\/\/i0.wp.com\/lahoradelcampo.com.uy\/site\/wp-content\/uploads\/2019\/12\/Uriarte-granja.jpg?fit=880%2C440&resize=700%2C400 2x"},"classes":[]},{"id":21236,"url":"http:\/\/lahoradelcampo.com.uy\/site\/carlos-ma-uriarte-todavia-nada-ha-empezado-queda-todo-por-hacerse\/","url_meta":{"origin":31718,"position":3},"title":"Carlos Ma. Uriarte: \u00abtodav\u00eda nada ha empezado, queda todo por hacerse\u00bb","author":"La Hora del Campo","date":"23 junio, 2020","format":false,"excerpt":"Acompa\u00f1ado por el subsecretario, Ing. Agr. Ignacio Buffa, y la directora general, Dra. Fernanda Maldonado, el ministro de Ganader\u00eda, Agricultura y Pesca, Ing. Agr. Carlos Mar\u00eda Uriarte, present\u00f3 los temas que se consideran m\u00e1s relevantes en sus primeros 100 d\u00edas de gesti\u00f3n. En conferencia de prensa remarc\u00f3 que \"estos primeros\u2026","rel":"","context":"En \u00abActualidad\u00bb","block_context":{"text":"Actualidad","link":"http:\/\/lahoradelcampo.com.uy\/site\/category\/actualidad\/"},"img":{"alt_text":"","src":"https:\/\/i0.wp.com\/lahoradelcampo.com.uy\/site\/wp-content\/uploads\/2020\/06\/MGAP-1.jpg?fit=880%2C440&resize=350%2C200","width":350,"height":200,"srcset":"https:\/\/i0.wp.com\/lahoradelcampo.com.uy\/site\/wp-content\/uploads\/2020\/06\/MGAP-1.jpg?fit=880%2C440&resize=350%2C200 1x, https:\/\/i0.wp.com\/lahoradelcampo.com.uy\/site\/wp-content\/uploads\/2020\/06\/MGAP-1.jpg?fit=880%2C440&resize=525%2C300 1.5x, https:\/\/i0.wp.com\/lahoradelcampo.com.uy\/site\/wp-content\/uploads\/2020\/06\/MGAP-1.jpg?fit=880%2C440&resize=700%2C400 2x"},"classes":[]},{"id":16650,"url":"http:\/\/lahoradelcampo.com.uy\/site\/comenzo-la-transicion-en-el-mgap-y-surgen-nombres-del-futuro-gabinete\/","url_meta":{"origin":31718,"position":4},"title":"Comenz\u00f3 la transici\u00f3n en el MGAP y surgen nombres del futuro gabinete","author":"La Hora del Campo","date":"2 enero, 2020","format":false,"excerpt":"El Ing. Enzo Benech, antes de finalizar el 2019, recibi\u00f3 a qui\u00e9n a sido presentado como el pr\u00f3ximo ministro de ganader\u00eda, Ing. Agr. Carlos Mar\u00eda Uriarte, quien acompa\u00f1ado por el Ing. Agr. Ignacio Buffa ( pr\u00f2ximo Sub secretario) y la Dra. Fernanda Maldonado (futura Directora General del MGAP), para dar\u2026","rel":"","context":"En \u00abActualidad\u00bb","block_context":{"text":"Actualidad","link":"http:\/\/lahoradelcampo.com.uy\/site\/category\/actualidad\/"},"img":{"alt_text":"","src":"https:\/\/i0.wp.com\/lahoradelcampo.com.uy\/site\/wp-content\/uploads\/2019\/12\/uriarte.jpg?fit=880%2C440&resize=350%2C200","width":350,"height":200,"srcset":"https:\/\/i0.wp.com\/lahoradelcampo.com.uy\/site\/wp-content\/uploads\/2019\/12\/uriarte.jpg?fit=880%2C440&resize=350%2C200 1x, https:\/\/i0.wp.com\/lahoradelcampo.com.uy\/site\/wp-content\/uploads\/2019\/12\/uriarte.jpg?fit=880%2C440&resize=525%2C300 1.5x, https:\/\/i0.wp.com\/lahoradelcampo.com.uy\/site\/wp-content\/uploads\/2019\/12\/uriarte.jpg?fit=880%2C440&resize=700%2C400 2x"},"classes":[]},{"id":16466,"url":"http:\/\/lahoradelcampo.com.uy\/site\/uriarte-participara-del-comienzo-de-la-central-horticola\/","url_meta":{"origin":31718,"position":5},"title":"Uriarte participar\u00e1 del comienzo de la Central Hort\u00edcola","author":"La Hora del Campo","date":"17 diciembre, 2019","format":false,"excerpt":"Tal cual lo adelantamos la pasada semana, el Presidente electo, Luis Lacalle Pou, present\u00f3 al Ing. Carlos Mar\u00eda Uriarte como el futuro Ministro de Ganader\u00eda, Agricultura y Pesca (MGAP), qui\u00e9n ser\u00e1 acompa\u00f1ado por el Ing. Agr. Ignacio Buffa como Subsecretario, en tanto que la Direcci\u00f3n General de la cartera, es\u2026","rel":"","context":"En \u00abActualidad\u00bb","block_context":{"text":"Actualidad","link":"http:\/\/lahoradelcampo.com.uy\/site\/category\/actualidad\/"},"img":{"alt_text":"","src":"https:\/\/i0.wp.com\/lahoradelcampo.com.uy\/site\/wp-content\/uploads\/2019\/12\/CentralHorticola1.jpg?fit=880%2C440&resize=350%2C200","width":350,"height":200,"srcset":"https:\/\/i0.wp.com\/lahoradelcampo.com.uy\/site\/wp-content\/uploads\/2019\/12\/CentralHorticola1.jpg?fit=880%2C440&resize=350%2C200 1x, https:\/\/i0.wp.com\/lahoradelcampo.com.uy\/site\/wp-content\/uploads\/2019\/12\/CentralHorticola1.jpg?fit=880%2C440&resize=525%2C300 1.5x, https:\/\/i0.wp.com\/lahoradelcampo.com.uy\/site\/wp-content\/uploads\/2019\/12\/CentralHorticola1.jpg?fit=880%2C440&resize=700%2C400 2x"},"classes":[]}],"jetpack_likes_enabled":true,"_links":{"self":[{"href":"http:\/\/lahoradelcampo.com.uy\/site\/wp-json\/wp\/v2\/posts\/31718","targetHints":{"allow":["GET"]}}],"collection":[{"href":"http:\/\/lahoradelcampo.com.uy\/site\/wp-json\/wp\/v2\/posts"}],"about":[{"href":"http:\/\/lahoradelcampo.com.uy\/site\/wp-json\/wp\/v2\/types\/post"}],"author":[{"embeddable":true,"href":"http:\/\/lahoradelcampo.com.uy\/site\/wp-json\/wp\/v2\/users\/5"}],"replies":[{"embeddable":true,"href":"http:\/\/lahoradelcampo.com.uy\/site\/wp-json\/wp\/v2\/comments?post=31718"}],"version-history":[{"count":1,"href":"http:\/\/lahoradelcampo.com.uy\/site\/wp-json\/wp\/v2\/posts\/31718\/revisions"}],"predecessor-version":[{"id":31722,"href":"http:\/\/lahoradelcampo.com.uy\/site\/wp-json\/wp\/v2\/posts\/31718\/revisions\/31722"}],"wp:featuredmedia":[{"embeddable":true,"href":"http:\/\/lahoradelcampo.com.uy\/site\/wp-json\/wp\/v2\/media\/31720"}],"wp:attachment":[{"href":"http:\/\/lahoradelcampo.com.uy\/site\/wp-json\/wp\/v2\/media?parent=31718"}],"wp:term":[{"taxonomy":"category","embeddable":true,"href":"http:\/\/lahoradelcampo.com.uy\/site\/wp-json\/wp\/v2\/categories?post=31718"},{"taxonomy":"post_tag","embeddable":true,"href":"http:\/\/lahoradelcampo.com.uy\/site\/wp-json\/wp\/v2\/tags?post=31718"}],"curies":[{"name":"wp","href":"https:\/\/api.w.org\/{rel}","templated":true}]}}