{"id":31688,"date":"2021-06-30T09:59:16","date_gmt":"2021-06-30T12:59:16","guid":{"rendered":"http:\/\/lahoradelcampo.com.uy\/site\/?p=31688"},"modified":"2021-06-30T09:59:22","modified_gmt":"2021-06-30T12:59:22","slug":"la-relacion-de-precios-entre-las-lanas-cruzas-y-las-finas-es-historica","status":"publish","type":"post","link":"http:\/\/lahoradelcampo.com.uy\/site\/la-relacion-de-precios-entre-las-lanas-cruzas-y-las-finas-es-historica\/","title":{"rendered":"\u00abLa relaci\u00f3n de precios entre las lanas cruzas y las finas, es hist\u00f3rica\u00bb"},"content":{"rendered":"\n<figure class=\"wp-block-image\"><img data-recalc-dims=\"1\" loading=\"lazy\" decoding=\"async\" width=\"810\" height=\"405\" data-attachment-id=\"18816\" data-permalink=\"http:\/\/lahoradelcampo.com.uy\/site\/clu-postergo-el-cierre-de-la-zafra-lanera-2019-2020\/saavedra\/\" data-orig-file=\"https:\/\/i0.wp.com\/lahoradelcampo.com.uy\/site\/wp-content\/uploads\/2020\/04\/Saavedra.jpg?fit=880%2C440\" data-orig-size=\"880,440\" data-comments-opened=\"1\" data-image-meta=\"{&quot;aperture&quot;:&quot;0&quot;,&quot;credit&quot;:&quot;&quot;,&quot;camera&quot;:&quot;&quot;,&quot;caption&quot;:&quot;&quot;,&quot;created_timestamp&quot;:&quot;0&quot;,&quot;copyright&quot;:&quot;&quot;,&quot;focal_length&quot;:&quot;0&quot;,&quot;iso&quot;:&quot;0&quot;,&quot;shutter_speed&quot;:&quot;0&quot;,&quot;title&quot;:&quot;&quot;,&quot;orientation&quot;:&quot;1&quot;}\" data-image-title=\"Saavedra\" data-image-description=\"\" data-image-caption=\"\" data-large-file=\"https:\/\/i0.wp.com\/lahoradelcampo.com.uy\/site\/wp-content\/uploads\/2020\/04\/Saavedra.jpg?fit=810%2C405\" src=\"https:\/\/i0.wp.com\/lahoradelcampo.com.uy\/site\/wp-content\/uploads\/2020\/04\/Saavedra.jpg?resize=810%2C405\" alt=\"\" class=\"wp-image-18816\" srcset=\"https:\/\/i0.wp.com\/lahoradelcampo.com.uy\/site\/wp-content\/uploads\/2020\/04\/Saavedra.jpg?w=880 880w, https:\/\/i0.wp.com\/lahoradelcampo.com.uy\/site\/wp-content\/uploads\/2020\/04\/Saavedra.jpg?resize=300%2C150 300w, https:\/\/i0.wp.com\/lahoradelcampo.com.uy\/site\/wp-content\/uploads\/2020\/04\/Saavedra.jpg?resize=768%2C384 768w, https:\/\/i0.wp.com\/lahoradelcampo.com.uy\/site\/wp-content\/uploads\/2020\/04\/Saavedra.jpg?resize=820%2C410 820w\" sizes=\"auto, (max-width: 810px) 100vw, 810px\" \/><\/figure>\n\n\n\n<p>La zafra lanera 2020-2021 tuvo un per\u00edodo de bajas constantes a nivel del mercado lanero australiano hasta setiembre del a\u00f1o pasado, reflejando fuertemente los efectos de la pandemia del Covid-19 sobre un mercado minorista que sufri\u00f3 la ausencia de consumidores a nivel de las tiendas. Luego comenz\u00f3 un per\u00edodo de recuperaci\u00f3n, que a pesar de las subas y bajas constantes ha tenido una tendencia alcista hasta valores que se posicionan en la l\u00ednea de referencias de hace un a\u00f1o y medio atr\u00e1s. <br> <\/p>\n\n\n\n<p>El Gerente de Central Lanera Uruguaya, Ing. Agr. Diego Saavedra, dialog\u00f3 con La Hora del Campo sobre el transcurso de la zafra y la visi\u00f3n desde la industria de lo que ha dejado el mercado tanto a nivel internacional como local. \u00abPrimero que nada nosotros siempre decimos \u00abtodas las zafras son diferentes\u00bb es una premisa que tenemos en Central Lanera y a nivel del mercado lanero en general y esta no es la excepci\u00f3n es una zafra bien diferente\u00bb dijo el profesional. <br><\/p>\n\n\n\n<p>Para definir la zafra en primer lugar dijo que \u00abfue de menos a m\u00e1s, sin llegar a ser una locura desde ning\u00fan punto de vista. Gradualmente viene mejorando en cuanto a precios y dem\u00e1s\u00bb. En segundo lugar dijo que fue \u00abuna zafra muy partida, con un comportamiento absolutamente diferente entre lo que es la lana fina y el resto de las lanas, cosa que no ocurr\u00eda hace mucho tiempo en esa magnitud o con esta diferenciaci\u00f3n\u00bb. <br><\/p>\n\n\n\n<p>En su an\u00e1lisis indic\u00f3 que ese comportamiento diferencial entre los diferentes micronajes \u00abprovoc\u00f3 un aumento de precios en salas de remates en Australia de las lanas finas, dir\u00eda que una tendencia gradual pero muy leve a la suba en las cruzas finas y una tendencia a la estabilidad o incluso a la baja en las cruzas y un poco m\u00e1s gruesas\u00bb. Saavedra dijo que \u00abel comportamiento es bien, bien dispar. Si uno mira de punta a punta la zafra, lo que provoc\u00f3 es un aumento en la relaci\u00f3n de precios entre las lanas cruzas y las lanas finas, que es hist\u00f3rica\u00bb, principalmente destacando la diferencia entre lanas de 28 o 29 micras con las lanas de 19 micras, por ejemplo. <br><\/p>\n\n\n\n<p>A nivel de la plaza local, el gerente de CLU dijo que \u00abqueda un mont\u00f3n de lana todav\u00eda por comercializarse en mano de los productores, en los galpones de las barracas, en mano de la industria y de los exportadores, porque esa poca demanda o baja demanda es provocada por la ausencia de China\u00bb en las compras en nuestro pa\u00eds. <br><\/p>\n\n\n\n<p>Saavedra record\u00f3 que en el mes de marzo el Secretariado Uruguayo de la Lana estim\u00f3 en \u00ab30 millones de kilos de lana el stock en el Uruguay, eso es bastante m\u00e1s de una zafra y ahora estamos en la puerta desde otra zafra, porque ya se empezaron las primeras esquilas m\u00e1s tempranas preparto y todav\u00eda estamos realmente en un momento donde queda un mont\u00f3n de lana por comercializar\u00bb.<br><\/p>\n\n\n\n<p>Al igual que en el mercado internacional, explic\u00f3 que \u00ablas lanas finas, sea como lana sucia o bajo la forma de tops, industrializada, se han comercializado pero el resto de las lanas no se ha podido vender. China que es el gran comprador de Tops de Uruguay ha estado ausente de la zafra y eso ha provocado que la exportaci\u00f3n de Tops siga muy baja y que la actividad de la industria en general tambi\u00e9n sea baja con respecto a lo que es un a\u00f1o normal\u00bb.<br><\/p>\n\n\n\n<p>Saavedra diferenci\u00f3 el m\u00e1ximo de la zafra alcanzado en Australia durante la pasada semana y la realidad del mercado a nivel local. \u00abHay titulares que dicen llegamos a los m\u00e1ximos en la zafra o el indicador de Australia llego lo m\u00e1ximo de la zafra, pero eso se refiere a sala de remate en Australia para lanas finas y superfinas y por supuesto es exportaci\u00f3n en sucio a China, distinto es el mercado del resto de las lanas y distinto es el mercado de tops, eso hay que resaltarlo para que la gente no se quede con la idea de que esto ya pas\u00f3\u00bb. <br><\/p>\n\n\n\n<p>Para el representante de la cooperativa lanera, \u00abtodav\u00eda falta un trecho largo\u00bb, para salir de la \u00abtormenta\u00bb, porque en nuestro pa\u00eds \u00abla mayor\u00eda de las finuras que se produce son cruzas finas, lanas medias y algunas cruzas carniceras y esas est\u00e1n con una demanda muy, muy deprimida desde el lado de Europa y pr\u00e1cticamente ausente desde lo que es China\u00bb. Saavedra remarc\u00f3 que \u00abla situaci\u00f3n de mercado es que, las lanas cruza de 26 a 30 micras, que es la mayor parte de la lana que produce el Uruguay, a\u00fan a precios bajos no se comercializa\u00bb. <br><\/p>\n\n\n\n<p>La ausencia de China en este tipo de micronajes, no es solamente en Uruguay, sino tambi\u00e9n en otros mercados donde tambi\u00e9n ejerc\u00eda su liderazgo en las compras, como en Australia y Nueva Zelanda. \u00abAl no estar China pasan cosas nuevas, cosas distintas, todos los exportadores uruguayos estamos presionando en otros mercados, pero el tema es que estamos tratando pescar en una pecera acotada\u00bb dijo Saavedra. <br><\/p>\n\n\n\n<p>El profesional indic\u00f3 que \u00abno se puede ignorar lo que es China, la importancia del tama\u00f1o que tiene y sobretodo en este tipo de lanas\u00bb. Explic\u00f3 que la baja en los valores de este tipo de micronajes tambi\u00e9n permite que algunos \u00abhilanderos empiezan a animarse a producir con m\u00e1s lanas en las mezclas. No nos olvidemos que gran parte de las lanas cruzas van a mezclas con acr\u00edlico y poli\u00e9ster, pero al bajar el precio de la lana pueden tener un porcentaje mayor de lana que acr\u00edlico o poli\u00e9ster con lo cual mejora las condiciones del hilado. En fin, pasan cosas producto de esos bajos precios y si se quiere de esa sobreoferta que hay tambi\u00e9n en los mercados alternativos\u00bb.<br><\/p>\n\n\n\n<p>La zafra ha marcado claramente una preponderancia en los precios de las lanas finas, sobre las lanas medias y gruesas, ratificando de alguna manera que esa era la tendencia de las fibras que hace varios a\u00f1os se ha venido marcando por analistas, t\u00e9cnicos y productores a nivel mundial. Pero principalmente se han diferenciado las lanas entre la agilidad o no de los negocios.  <br><\/p>\n\n\n\n<p>\u00bfHacia donde deber\u00eda caminar la producci\u00f3n de lana? Es una pregunta recurrente entre los productores. Sobre avanzar en la producci\u00f3n de lanas finas y abandonar paulatinamente las lanas medias y gruesas, el Gerente de Central Lanera Uruguaya dijo que \u00abes una pregunta que tiene respuesta compleja en la medida que Uruguay no es un actor solo\u00bb en el mercado lanero, y que al mismo tiempo \u00abtiene m\u00faltiples realidades, m\u00faltiples sistemas de producci\u00f3n que provienen de la combinaci\u00f3n de factores como la calidad de los suelos, la ubicaci\u00f3n, el tiempo de dedicaci\u00f3n del productor, la capacidad de gerenciaci\u00f3n del productor, la vocaci\u00f3n, de alguna forma tambi\u00e9n la capacidad de asumir riesgos o la adversi\u00f3n al riesgo del productor, toda esa combinaci\u00f3n de cosas termina en una pregunta que deber\u00eda hacerse cada productor y es \u00bfQu\u00e9 mercado quiero abastecer?\u00bb <br><\/p>\n\n\n\n<p>Saavedra record\u00f3 que \u00aben el ovino todos sabemos que tenemos la producci\u00f3n de lana, pero tambi\u00e9n tenemos la producci\u00f3n de carne y siempre hay un intercambio entre lo que es producci\u00f3n de carne y producci\u00f3n de lana, o la finura de la lana. Creo que cada productor tiene que plantearse cu\u00e1l es el \u00f3ptimo para su sistema de producci\u00f3n, cual es el \u00f3ptimo para los mercados que yo puedo atender o quiero atender\u00bb. <br><\/p>\n\n\n\n<p>\u00abNo hay una respuesta \u00fanica. Obviamente que las lanas finas siempre van a valer m\u00e1s que las cruzas, pero no quiere decir que todos tengamos que producir la lana fina, sino que en esa combinaci\u00f3n carne-lana, los productores van a ir ubic\u00e1ndose de acuerdo a todo ese abanico de cosas que tienen que ver con lo que es una empresa agropecuaria\u00bb finaliz\u00f3 Saavedra.<\/p>\n\n\n\n<p>Salto, 30 de junio de 2021-<\/p>\n","protected":false},"excerpt":{"rendered":"<p>La zafra lanera 2020-2021 tuvo un per\u00edodo de bajas constantes a nivel del mercado lanero australiano hasta setiembre del a\u00f1o pasado, reflejando fuertemente los efectos de la pandemia del Covid-19 [&hellip;]<\/p>\n","protected":false},"author":5,"featured_media":18816,"comment_status":"open","ping_status":"open","sticky":false,"template":"","format":"standard","meta":{"_price":"","_stock":"","_tribe_ticket_header":"","_tribe_default_ticket_provider":"","_tribe_ticket_capacity":"0","_ticket_start_date":"","_ticket_end_date":"","_tribe_ticket_show_description":"","_tribe_ticket_show_not_going":false,"_tribe_ticket_use_global_stock":"","_tribe_ticket_global_stock_level":"","_global_stock_mode":"","_global_stock_cap":"","_tribe_rsvp_for_event":"","_tribe_ticket_going_count":"","_tribe_ticket_not_going_count":"","_tribe_tickets_list":"[]","_tribe_ticket_has_attendee_info_fields":false,"h5ap_radio_sources":[],"_jetpack_newsletter_access":"","_jetpack_dont_email_post_to_subs":false,"_jetpack_newsletter_tier_id":0,"_jetpack_memberships_contains_paywalled_content":false,"_jetpack_memberships_contains_paid_content":false,"footnotes":""},"categories":[21,13],"tags":[],"class_list":["post-31688","post","type-post","status-publish","format-standard","has-post-thumbnail","hentry","category-actualidad","category-ovinos"],"jetpack_featured_media_url":"https:\/\/i0.wp.com\/lahoradelcampo.com.uy\/site\/wp-content\/uploads\/2020\/04\/Saavedra.jpg?fit=880%2C440","jetpack_sharing_enabled":true,"jetpack_shortlink":"https:\/\/wp.me\/p99IaT-8f6","jetpack-related-posts":[{"id":51341,"url":"http:\/\/lahoradelcampo.com.uy\/site\/zafra-lanera-desafiante-precios-en-baja-y-a-la-espera-de-la-recuperacion-de-china\/","url_meta":{"origin":31688,"position":0},"title":"Zafra lanera desafiante: precios en baja y a la espera de la recuperaci\u00f3n de China","author":"La Hora del Campo","date":"22 junio, 2023","format":false,"excerpt":"La zafra lanera del per\u00edodo 2022\/23 est\u00e1 llegando a su fin, y se destaca como una de las m\u00e1s complicadas en la memoria reciente del sector. Los precios promedio de la lana han experimentado bajas en todos los micronajes, pero existe una expectativa de aumento en el valor a medida\u2026","rel":"","context":"En \u00abActualidad\u00bb","block_context":{"text":"Actualidad","link":"http:\/\/lahoradelcampo.com.uy\/site\/category\/actualidad\/"},"img":{"alt_text":"","src":"https:\/\/i0.wp.com\/lahoradelcampo.com.uy\/site\/wp-content\/uploads\/2023\/06\/Consignatarioslaneros.jpg?fit=880%2C440&resize=350%2C200","width":350,"height":200,"srcset":"https:\/\/i0.wp.com\/lahoradelcampo.com.uy\/site\/wp-content\/uploads\/2023\/06\/Consignatarioslaneros.jpg?fit=880%2C440&resize=350%2C200 1x, https:\/\/i0.wp.com\/lahoradelcampo.com.uy\/site\/wp-content\/uploads\/2023\/06\/Consignatarioslaneros.jpg?fit=880%2C440&resize=525%2C300 1.5x, https:\/\/i0.wp.com\/lahoradelcampo.com.uy\/site\/wp-content\/uploads\/2023\/06\/Consignatarioslaneros.jpg?fit=880%2C440&resize=700%2C400 2x"},"classes":[]},{"id":41145,"url":"http:\/\/lahoradelcampo.com.uy\/site\/en-el-tramo-final-de-la-zafra-lanera-hay-mucho-mas-mesura-en-los-negocios\/","url_meta":{"origin":31688,"position":1},"title":"En el tramo final de la zafra lanera \u00abhay mucho m\u00e1s mesura\u00bb en los negocios","author":"La Hora del Campo","date":"26 abril, 2022","format":false,"excerpt":"La zafra lanera tiene por delante la presente semana de abril y luego dos meses para cerrar un a\u00f1o de subas y bajas en los valores, con mayor agilidad en unos micronajes que en otros y con varios eventos que han afectado la comercializaci\u00f3n en este per\u00edodo. Diego Saavedra, el\u2026","rel":"","context":"En \u00abActualidad\u00bb","block_context":{"text":"Actualidad","link":"http:\/\/lahoradelcampo.com.uy\/site\/category\/actualidad\/"},"img":{"alt_text":"","src":"https:\/\/i0.wp.com\/lahoradelcampo.com.uy\/site\/wp-content\/uploads\/2022\/04\/CLU-Saavedra.jpg?fit=880%2C440&resize=350%2C200","width":350,"height":200,"srcset":"https:\/\/i0.wp.com\/lahoradelcampo.com.uy\/site\/wp-content\/uploads\/2022\/04\/CLU-Saavedra.jpg?fit=880%2C440&resize=350%2C200 1x, https:\/\/i0.wp.com\/lahoradelcampo.com.uy\/site\/wp-content\/uploads\/2022\/04\/CLU-Saavedra.jpg?fit=880%2C440&resize=525%2C300 1.5x, https:\/\/i0.wp.com\/lahoradelcampo.com.uy\/site\/wp-content\/uploads\/2022\/04\/CLU-Saavedra.jpg?fit=880%2C440&resize=700%2C400 2x"},"classes":[]},{"id":42027,"url":"http:\/\/lahoradelcampo.com.uy\/site\/clu-analiza-realizar-una-liquidacion-parcial-de-la-zafra-lanera\/","url_meta":{"origin":31688,"position":2},"title":"CLU analiza realizar una liquidaci\u00f3n parcial de la zafra lanera","author":"La Hora del Campo","date":"19 mayo, 2022","format":false,"excerpt":"La situaci\u00f3n del mercado lanero ha mantenido su tendencia pr\u00e1cticamente toda la zafra, m\u00e1s all\u00e1 de un centavo m\u00e1s o un centavo menos. La demanda est\u00e1 focalizada en lanas merinas, principalmente de alta calidad y con certificaciones de sustentabilidad, en tanto que las lanas medias y gruesas han venido m\u00e1s\u2026","rel":"","context":"En \u00abActualidad\u00bb","block_context":{"text":"Actualidad","link":"http:\/\/lahoradelcampo.com.uy\/site\/category\/actualidad\/"},"img":{"alt_text":"","src":"https:\/\/i0.wp.com\/lahoradelcampo.com.uy\/site\/wp-content\/uploads\/2022\/05\/CLU-diegosaavedra.jpg?fit=880%2C440&resize=350%2C200","width":350,"height":200,"srcset":"https:\/\/i0.wp.com\/lahoradelcampo.com.uy\/site\/wp-content\/uploads\/2022\/05\/CLU-diegosaavedra.jpg?fit=880%2C440&resize=350%2C200 1x, https:\/\/i0.wp.com\/lahoradelcampo.com.uy\/site\/wp-content\/uploads\/2022\/05\/CLU-diegosaavedra.jpg?fit=880%2C440&resize=525%2C300 1.5x, https:\/\/i0.wp.com\/lahoradelcampo.com.uy\/site\/wp-content\/uploads\/2022\/05\/CLU-diegosaavedra.jpg?fit=880%2C440&resize=700%2C400 2x"},"classes":[]},{"id":4957,"url":"http:\/\/lahoradelcampo.com.uy\/site\/la-primera-mitad-de-la-zafra-lanera-en-australia-fue-el-sueno-del-pibe\/","url_meta":{"origin":31688,"position":3},"title":"La primera mitad de la zafra lanera en Australia fue \u00abel sue\u00f1o del Pibe\u00bb","author":"La Hora del Campo","date":"15 diciembre, 2017","format":false,"excerpt":"Precios en alza, mercado firme y demandado, es \"el sue\u00f1o del Pibe\" para cualquier productor a la hora de salir a ofrecer su producto y as\u00ed lograr comercializar de la mejor manera posible y mantener la rentabilidad de sus negocios y la primera mitad de la zafra en Australia es\u2026","rel":"","context":"En \u00abActualidad\u00bb","block_context":{"text":"Actualidad","link":"http:\/\/lahoradelcampo.com.uy\/site\/category\/actualidad\/"},"img":{"alt_text":"","src":"https:\/\/i0.wp.com\/lahoradelcampo.com.uy\/site\/wp-content\/uploads\/2017\/12\/australia.jpg?fit=880%2C440&resize=350%2C200","width":350,"height":200,"srcset":"https:\/\/i0.wp.com\/lahoradelcampo.com.uy\/site\/wp-content\/uploads\/2017\/12\/australia.jpg?fit=880%2C440&resize=350%2C200 1x, https:\/\/i0.wp.com\/lahoradelcampo.com.uy\/site\/wp-content\/uploads\/2017\/12\/australia.jpg?fit=880%2C440&resize=525%2C300 1.5x, https:\/\/i0.wp.com\/lahoradelcampo.com.uy\/site\/wp-content\/uploads\/2017\/12\/australia.jpg?fit=880%2C440&resize=700%2C400 2x"},"classes":[]},{"id":19564,"url":"http:\/\/lahoradelcampo.com.uy\/site\/central-lanera-aun-no-definio-fecha-para-la-liquidacion-final\/","url_meta":{"origin":31688,"position":4},"title":"Central Lanera a\u00fan no defini\u00f3 fecha para la liquidaci\u00f3n final","author":"La Hora del Campo","date":"11 mayo, 2020","format":false,"excerpt":"Diego Saavedra, director general de Central Lanera Uruguaya, indic\u00f3 que el directorio de la cooperativa ha decidido mantener la planta de Lanera Piedra Alta, sin actividad hasta visualizar un cambio en el mercado (por lo menos estar\u00e1 cerrada durante mayo). El funcionario dijo que la cooperativa contin\u00faa con su operativa\u2026","rel":"","context":"En \u00abActualidad\u00bb","block_context":{"text":"Actualidad","link":"http:\/\/lahoradelcampo.com.uy\/site\/category\/actualidad\/"},"img":{"alt_text":"","src":"https:\/\/i0.wp.com\/lahoradelcampo.com.uy\/site\/wp-content\/uploads\/2017\/11\/Lanas.jpg?fit=880%2C440&resize=350%2C200","width":350,"height":200,"srcset":"https:\/\/i0.wp.com\/lahoradelcampo.com.uy\/site\/wp-content\/uploads\/2017\/11\/Lanas.jpg?fit=880%2C440&resize=350%2C200 1x, https:\/\/i0.wp.com\/lahoradelcampo.com.uy\/site\/wp-content\/uploads\/2017\/11\/Lanas.jpg?fit=880%2C440&resize=525%2C300 1.5x, https:\/\/i0.wp.com\/lahoradelcampo.com.uy\/site\/wp-content\/uploads\/2017\/11\/Lanas.jpg?fit=880%2C440&resize=700%2C400 2x"},"classes":[]},{"id":21502,"url":"http:\/\/lahoradelcampo.com.uy\/site\/la-zafra-lanera-2020-21-en-australia-arranco-con-el-ime-estable\/","url_meta":{"origin":31688,"position":5},"title":"La zafra lanera 2020\/21 en Australia arranc\u00f3 con el IME estable","author":"La Hora del Campo","date":"3 julio, 2020","format":false,"excerpt":"La primera semana de la zafra lanera 2020\/2021 cerr\u00f3 con Indicador de Mercados del Este (IME) estable respecto al cierre de la semana pasada, luego de un tipo de cambio que gener\u00f3 bajas y subas en la moneda norteamericana, sin embargo lo m\u00e1s importante de la semana ha sido el\u2026","rel":"","context":"En \u00abActualidad\u00bb","block_context":{"text":"Actualidad","link":"http:\/\/lahoradelcampo.com.uy\/site\/category\/actualidad\/"},"img":{"alt_text":"","src":"https:\/\/i0.wp.com\/lahoradelcampo.com.uy\/site\/wp-content\/uploads\/2018\/03\/Lanaa.jpg?fit=880%2C440&resize=350%2C200","width":350,"height":200,"srcset":"https:\/\/i0.wp.com\/lahoradelcampo.com.uy\/site\/wp-content\/uploads\/2018\/03\/Lanaa.jpg?fit=880%2C440&resize=350%2C200 1x, https:\/\/i0.wp.com\/lahoradelcampo.com.uy\/site\/wp-content\/uploads\/2018\/03\/Lanaa.jpg?fit=880%2C440&resize=525%2C300 1.5x, https:\/\/i0.wp.com\/lahoradelcampo.com.uy\/site\/wp-content\/uploads\/2018\/03\/Lanaa.jpg?fit=880%2C440&resize=700%2C400 2x"},"classes":[]}],"jetpack_likes_enabled":true,"_links":{"self":[{"href":"http:\/\/lahoradelcampo.com.uy\/site\/wp-json\/wp\/v2\/posts\/31688","targetHints":{"allow":["GET"]}}],"collection":[{"href":"http:\/\/lahoradelcampo.com.uy\/site\/wp-json\/wp\/v2\/posts"}],"about":[{"href":"http:\/\/lahoradelcampo.com.uy\/site\/wp-json\/wp\/v2\/types\/post"}],"author":[{"embeddable":true,"href":"http:\/\/lahoradelcampo.com.uy\/site\/wp-json\/wp\/v2\/users\/5"}],"replies":[{"embeddable":true,"href":"http:\/\/lahoradelcampo.com.uy\/site\/wp-json\/wp\/v2\/comments?post=31688"}],"version-history":[{"count":1,"href":"http:\/\/lahoradelcampo.com.uy\/site\/wp-json\/wp\/v2\/posts\/31688\/revisions"}],"predecessor-version":[{"id":31690,"href":"http:\/\/lahoradelcampo.com.uy\/site\/wp-json\/wp\/v2\/posts\/31688\/revisions\/31690"}],"wp:featuredmedia":[{"embeddable":true,"href":"http:\/\/lahoradelcampo.com.uy\/site\/wp-json\/wp\/v2\/media\/18816"}],"wp:attachment":[{"href":"http:\/\/lahoradelcampo.com.uy\/site\/wp-json\/wp\/v2\/media?parent=31688"}],"wp:term":[{"taxonomy":"category","embeddable":true,"href":"http:\/\/lahoradelcampo.com.uy\/site\/wp-json\/wp\/v2\/categories?post=31688"},{"taxonomy":"post_tag","embeddable":true,"href":"http:\/\/lahoradelcampo.com.uy\/site\/wp-json\/wp\/v2\/tags?post=31688"}],"curies":[{"name":"wp","href":"https:\/\/api.w.org\/{rel}","templated":true}]}}