{"id":31682,"date":"2021-06-30T09:56:04","date_gmt":"2021-06-30T12:56:04","guid":{"rendered":"http:\/\/lahoradelcampo.com.uy\/site\/?p=31682"},"modified":"2021-06-30T09:56:09","modified_gmt":"2021-06-30T12:56:09","slug":"el-mercado-subio-para-la-soja-ayer-en-chicago","status":"publish","type":"post","link":"http:\/\/lahoradelcampo.com.uy\/site\/el-mercado-subio-para-la-soja-ayer-en-chicago\/","title":{"rendered":"El mercado subi\u00f3 para la soja ayer en Chicago"},"content":{"rendered":"\n<figure class=\"wp-block-image\"><img data-recalc-dims=\"1\" loading=\"lazy\" decoding=\"async\" width=\"810\" height=\"405\" data-attachment-id=\"29826\" data-permalink=\"http:\/\/lahoradelcampo.com.uy\/site\/las-ventas-de-soja-al-exterior-cayeron-un-3-en-abril-segun-uruguay-xxi\/soja1\/\" data-orig-file=\"https:\/\/i0.wp.com\/lahoradelcampo.com.uy\/site\/wp-content\/uploads\/2021\/05\/soja1.jpg?fit=880%2C440\" data-orig-size=\"880,440\" data-comments-opened=\"1\" data-image-meta=\"{&quot;aperture&quot;:&quot;0&quot;,&quot;credit&quot;:&quot;&quot;,&quot;camera&quot;:&quot;&quot;,&quot;caption&quot;:&quot;&quot;,&quot;created_timestamp&quot;:&quot;0&quot;,&quot;copyright&quot;:&quot;&quot;,&quot;focal_length&quot;:&quot;0&quot;,&quot;iso&quot;:&quot;0&quot;,&quot;shutter_speed&quot;:&quot;0&quot;,&quot;title&quot;:&quot;&quot;,&quot;orientation&quot;:&quot;1&quot;}\" data-image-title=\"soja1\" data-image-description=\"\" data-image-caption=\"\" data-large-file=\"https:\/\/i0.wp.com\/lahoradelcampo.com.uy\/site\/wp-content\/uploads\/2021\/05\/soja1.jpg?fit=810%2C405\" src=\"https:\/\/i0.wp.com\/lahoradelcampo.com.uy\/site\/wp-content\/uploads\/2021\/05\/soja1.jpg?resize=810%2C405\" alt=\"\" class=\"wp-image-29826\" srcset=\"https:\/\/i0.wp.com\/lahoradelcampo.com.uy\/site\/wp-content\/uploads\/2021\/05\/soja1.jpg?w=880 880w, https:\/\/i0.wp.com\/lahoradelcampo.com.uy\/site\/wp-content\/uploads\/2021\/05\/soja1.jpg?resize=300%2C150 300w, https:\/\/i0.wp.com\/lahoradelcampo.com.uy\/site\/wp-content\/uploads\/2021\/05\/soja1.jpg?resize=768%2C384 768w, https:\/\/i0.wp.com\/lahoradelcampo.com.uy\/site\/wp-content\/uploads\/2021\/05\/soja1.jpg?resize=820%2C410 820w\" sizes=\"auto, (max-width: 810px) 100vw, 810px\" \/><\/figure>\n\n\n\n<p>Con la mejora de los valores del aceite de soja, que en los contratos con posici\u00f3n a agosto subieron 37,7 d\u00f3lares por tonelada, y la necesidad de lluvias m\u00e1s importantes en las principales zonas productoras como el oeste de Iowa y el este de Dakota del Sur, que es donde est\u00e1 centrado el foco de la sequ\u00eda, los valores del poroto de soja en la Bolsa de Comercio de Chicago volvieron a registrar subas, aunque leves, respecto al cierre del pasado lunes, donde el mercado ya hab\u00eda mostrado algunos signos de recuperaci\u00f3n para la oleaginosa. <br><\/p>\n\n\n\n<p>En la jornada de hoy el Departamento de Agricultura de Estados Unidos (USDA) dar\u00e1 a conocer sus estimaciones sobre el \u00e1rea sembrada de oleaginosa, donde existen algunas expectativas del mercado que estiman un incremento del \u00e1rea, lo que de alguna manera tambi\u00e9n limit\u00f3 las ganancias. En este sentido los operadores privados estimaron una superficie sembrada de 36,01 millones de hect\u00e1reas, que supera la proyecci\u00f3n del USDA en el mes de marzo. <br><\/p>\n\n\n\n<div class=\"wp-block-image\"><figure class=\"alignright is-resized\"><img data-recalc-dims=\"1\" loading=\"lazy\" decoding=\"async\" data-attachment-id=\"31684\" data-permalink=\"http:\/\/lahoradelcampo.com.uy\/site\/el-mercado-subio-para-la-soja-ayer-en-chicago\/granoschicago\/\" data-orig-file=\"https:\/\/i0.wp.com\/lahoradelcampo.com.uy\/site\/wp-content\/uploads\/2021\/06\/granoschicago.jpg?fit=288%2C477\" data-orig-size=\"288,477\" data-comments-opened=\"1\" data-image-meta=\"{&quot;aperture&quot;:&quot;0&quot;,&quot;credit&quot;:&quot;&quot;,&quot;camera&quot;:&quot;&quot;,&quot;caption&quot;:&quot;&quot;,&quot;created_timestamp&quot;:&quot;0&quot;,&quot;copyright&quot;:&quot;&quot;,&quot;focal_length&quot;:&quot;0&quot;,&quot;iso&quot;:&quot;0&quot;,&quot;shutter_speed&quot;:&quot;0&quot;,&quot;title&quot;:&quot;&quot;,&quot;orientation&quot;:&quot;1&quot;}\" data-image-title=\"granoschicago\" data-image-description=\"\" data-image-caption=\"\" data-large-file=\"https:\/\/i0.wp.com\/lahoradelcampo.com.uy\/site\/wp-content\/uploads\/2021\/06\/granoschicago.jpg?fit=288%2C477\" src=\"https:\/\/i0.wp.com\/lahoradelcampo.com.uy\/site\/wp-content\/uploads\/2021\/06\/granoschicago.jpg?resize=210%2C349\" alt=\"\" class=\"wp-image-31684\" width=\"210\" height=\"349\" srcset=\"https:\/\/i0.wp.com\/lahoradelcampo.com.uy\/site\/wp-content\/uploads\/2021\/06\/granoschicago.jpg?w=288 288w, https:\/\/i0.wp.com\/lahoradelcampo.com.uy\/site\/wp-content\/uploads\/2021\/06\/granoschicago.jpg?resize=181%2C300 181w\" sizes=\"auto, (max-width: 210px) 100vw, 210px\" \/><\/figure><\/div>\n\n\n\n<p>Respecto a la oleaginosa, en Brasil las ventas vienen alcanzando referencias r\u00e9cords. En el acumulado de 2021, hasta a tercera semana de junio, el pa\u00eds norte\u00f1o export\u00f3  56 millones de toneladas de la oleaginosa, lo que representa el 70% de lo exportado en 2020, durante todo el a\u00f1o. En t\u00e9rminos de valores, las exportaciones suman 24 billones de reales, seg\u00fan Agroexport, mientras que durante el a\u00f1o 2020 se recaud\u00f3  28,5 billones de reales en total. <br><\/p>\n\n\n\n<p>Por su parte las exportaciones de ma\u00edz de Brasil, suman 3,6 millones de toneladas, un 10% del total embarcado durante el a\u00f1o pasado.<\/p>\n\n\n\n<p style=\"text-align:right\"><strong>Salto, 30 de junio de 2021<\/strong><\/p>\n","protected":false},"excerpt":{"rendered":"<p>Con la mejora de los valores del aceite de soja, que en los contratos con posici\u00f3n a agosto subieron 37,7 d\u00f3lares por tonelada, y la necesidad de lluvias m\u00e1s importantes [&hellip;]<\/p>\n","protected":false},"author":5,"featured_media":29826,"comment_status":"open","ping_status":"open","sticky":false,"template":"","format":"standard","meta":{"_price":"","_stock":"","_tribe_ticket_header":"","_tribe_default_ticket_provider":"","_tribe_ticket_capacity":"0","_ticket_start_date":"","_ticket_end_date":"","_tribe_ticket_show_description":"","_tribe_ticket_show_not_going":false,"_tribe_ticket_use_global_stock":"","_tribe_ticket_global_stock_level":"","_global_stock_mode":"","_global_stock_cap":"","_tribe_rsvp_for_event":"","_tribe_ticket_going_count":"","_tribe_ticket_not_going_count":"","_tribe_tickets_list":"[]","_tribe_ticket_has_attendee_info_fields":false,"h5ap_radio_sources":[],"_jetpack_newsletter_access":"","_jetpack_dont_email_post_to_subs":false,"_jetpack_newsletter_tier_id":0,"_jetpack_memberships_contains_paywalled_content":false,"_jetpack_memberships_contains_paid_content":false,"footnotes":""},"categories":[21,7],"tags":[],"class_list":["post-31682","post","type-post","status-publish","format-standard","has-post-thumbnail","hentry","category-actualidad","category-agricultura"],"jetpack_featured_media_url":"https:\/\/i0.wp.com\/lahoradelcampo.com.uy\/site\/wp-content\/uploads\/2021\/05\/soja1.jpg?fit=880%2C440","jetpack_sharing_enabled":true,"jetpack_shortlink":"https:\/\/wp.me\/p99IaT-8f0","jetpack-related-posts":[{"id":6367,"url":"http:\/\/lahoradelcampo.com.uy\/site\/china-anuncio-una-tasa-del-25-a-las-compra-de-soja-de-estados-unidos\/","url_meta":{"origin":31682,"position":0},"title":"China anunci\u00f3 una tasa del 25% a las compra de soja de Estados Unidos","author":"La Hora del Campo","date":"5 abril, 2018","format":false,"excerpt":"Si hubiera que definir de alguna manera lo sucedido ayer en el mercado mundial de la soja, podr\u00eda decirse que la decisi\u00f3n de China de imponer una tasa del 25% a las compras de la oleaginosa estadounidense fue como un terremoto que sacudi\u00f3 todas las estructuras en el comienzo de\u2026","rel":"","context":"En \u00abActualidad\u00bb","block_context":{"text":"Actualidad","link":"http:\/\/lahoradelcampo.com.uy\/site\/category\/actualidad\/"},"img":{"alt_text":"","src":"https:\/\/i0.wp.com\/lahoradelcampo.com.uy\/site\/wp-content\/uploads\/2018\/04\/Soja-web.jpg?fit=880%2C440&resize=350%2C200","width":350,"height":200,"srcset":"https:\/\/i0.wp.com\/lahoradelcampo.com.uy\/site\/wp-content\/uploads\/2018\/04\/Soja-web.jpg?fit=880%2C440&resize=350%2C200 1x, https:\/\/i0.wp.com\/lahoradelcampo.com.uy\/site\/wp-content\/uploads\/2018\/04\/Soja-web.jpg?fit=880%2C440&resize=525%2C300 1.5x, https:\/\/i0.wp.com\/lahoradelcampo.com.uy\/site\/wp-content\/uploads\/2018\/04\/Soja-web.jpg?fit=880%2C440&resize=700%2C400 2x"},"classes":[]},{"id":2641,"url":"http:\/\/lahoradelcampo.com.uy\/site\/volaron-los-valores-de-la-soja-en-chicago\/","url_meta":{"origin":31682,"position":1},"title":"Volaron los valores de la soja en Chicago","author":"La Hora del Campo","date":"12 octubre, 2017","format":false,"excerpt":"Volaron los precios de los granos en Chicago, liderados por la soja y seguida de m\u00e1s lejos por el ma\u00edz. El trigo cay\u00f3 todav\u00eda un poco m\u00e1s de lo que lo ven\u00eda haciendo. Es que este jueves 12, se conoci\u00f3 el informe de oferta y demanda interna y mundial mensual,\u2026","rel":"","context":"En \u00abAgricultura\u00bb","block_context":{"text":"Agricultura","link":"http:\/\/lahoradelcampo.com.uy\/site\/category\/agricultura\/"},"img":{"alt_text":"","src":"https:\/\/i0.wp.com\/lahoradelcampo.com.uy\/site\/wp-content\/uploads\/2017\/10\/Soja.jpg?fit=880%2C440&resize=350%2C200","width":350,"height":200,"srcset":"https:\/\/i0.wp.com\/lahoradelcampo.com.uy\/site\/wp-content\/uploads\/2017\/10\/Soja.jpg?fit=880%2C440&resize=350%2C200 1x, https:\/\/i0.wp.com\/lahoradelcampo.com.uy\/site\/wp-content\/uploads\/2017\/10\/Soja.jpg?fit=880%2C440&resize=525%2C300 1.5x, https:\/\/i0.wp.com\/lahoradelcampo.com.uy\/site\/wp-content\/uploads\/2017\/10\/Soja.jpg?fit=880%2C440&resize=700%2C400 2x"},"classes":[]},{"id":3657,"url":"http:\/\/lahoradelcampo.com.uy\/site\/la-soja-comenzo-la-semana-en-alza\/","url_meta":{"origin":31682,"position":2},"title":"La soja comenz\u00f3 la semana en alza","author":"La Hora del Campo","date":"6 noviembre, 2017","format":false,"excerpt":"La semana arranc\u00f3 con alzas para la soja y estabilidad para los cereales en Chicago este lunes, en el que todo se corre una hora despu\u00e9s, ya que desde este domingo 5 de noviembre, los relojes se atrasaron una hora en dicha ciudad. De esta forma, las operativas nocturna y\u2026","rel":"","context":"En \u00abAgricultura\u00bb","block_context":{"text":"Agricultura","link":"http:\/\/lahoradelcampo.com.uy\/site\/category\/agricultura\/"},"img":{"alt_text":"","src":"https:\/\/i0.wp.com\/lahoradelcampo.com.uy\/site\/wp-content\/uploads\/2017\/11\/Soja-1.jpg?fit=880%2C440&resize=350%2C200","width":350,"height":200,"srcset":"https:\/\/i0.wp.com\/lahoradelcampo.com.uy\/site\/wp-content\/uploads\/2017\/11\/Soja-1.jpg?fit=880%2C440&resize=350%2C200 1x, https:\/\/i0.wp.com\/lahoradelcampo.com.uy\/site\/wp-content\/uploads\/2017\/11\/Soja-1.jpg?fit=880%2C440&resize=525%2C300 1.5x, https:\/\/i0.wp.com\/lahoradelcampo.com.uy\/site\/wp-content\/uploads\/2017\/11\/Soja-1.jpg?fit=880%2C440&resize=700%2C400 2x"},"classes":[]},{"id":29888,"url":"http:\/\/lahoradelcampo.com.uy\/site\/lunes-de-bajas-para-la-soja-en-la-bolsa-de-chicago\/","url_meta":{"origin":31682,"position":3},"title":"Lunes de bajas para la soja en la Bolsa de Chicago","author":"La Hora del Campo","date":"11 mayo, 2021","format":false,"excerpt":"Luego de una semana m\u00e1s que positiva para la soja, el mercado arranc\u00f3 la semana con bajas en la Bolsa de Comercio de Chicago, al igual que en el caso de los cereales. A pesar de la ca\u00edda en los precios, la oleaginosa resisti\u00f3 de mejor manera la toma de\u2026","rel":"","context":"En \u00abActualidad\u00bb","block_context":{"text":"Actualidad","link":"http:\/\/lahoradelcampo.com.uy\/site\/category\/actualidad\/"},"img":{"alt_text":"","src":"https:\/\/i0.wp.com\/lahoradelcampo.com.uy\/site\/wp-content\/uploads\/2018\/05\/Chicago-granos.jpg?fit=880%2C440&resize=350%2C200","width":350,"height":200,"srcset":"https:\/\/i0.wp.com\/lahoradelcampo.com.uy\/site\/wp-content\/uploads\/2018\/05\/Chicago-granos.jpg?fit=880%2C440&resize=350%2C200 1x, https:\/\/i0.wp.com\/lahoradelcampo.com.uy\/site\/wp-content\/uploads\/2018\/05\/Chicago-granos.jpg?fit=880%2C440&resize=525%2C300 1.5x, https:\/\/i0.wp.com\/lahoradelcampo.com.uy\/site\/wp-content\/uploads\/2018\/05\/Chicago-granos.jpg?fit=880%2C440&resize=700%2C400 2x"},"classes":[]},{"id":26998,"url":"http:\/\/lahoradelcampo.com.uy\/site\/la-soja-sigue-cayendo-en-la-bolsa-de-chicago\/","url_meta":{"origin":31682,"position":4},"title":"La soja sigue cayendo en la Bolsa de Chicago","author":"La Hora del Campo","date":"21 enero, 2021","format":false,"excerpt":"Las lluvias registradas en Am\u00e9rica del Sur trajeron consigo cierta calma a un mercado de la oleaginosa que luego del informe del Departamento de Agricultura de los Estados Unidos (USDA) parec\u00eda estar lejos del techo en los valores de los contratos. A pesar que a\u00fan contin\u00faa la incertidumbre de resultados\u2026","rel":"","context":"En \u00abActualidad\u00bb","block_context":{"text":"Actualidad","link":"http:\/\/lahoradelcampo.com.uy\/site\/category\/actualidad\/"},"img":{"alt_text":"","src":"https:\/\/i0.wp.com\/lahoradelcampo.com.uy\/site\/wp-content\/uploads\/2019\/08\/Sojaa.jpg?fit=880%2C440&resize=350%2C200","width":350,"height":200,"srcset":"https:\/\/i0.wp.com\/lahoradelcampo.com.uy\/site\/wp-content\/uploads\/2019\/08\/Sojaa.jpg?fit=880%2C440&resize=350%2C200 1x, https:\/\/i0.wp.com\/lahoradelcampo.com.uy\/site\/wp-content\/uploads\/2019\/08\/Sojaa.jpg?fit=880%2C440&resize=525%2C300 1.5x, https:\/\/i0.wp.com\/lahoradelcampo.com.uy\/site\/wp-content\/uploads\/2019\/08\/Sojaa.jpg?fit=880%2C440&resize=700%2C400 2x"},"classes":[]},{"id":34509,"url":"http:\/\/lahoradelcampo.com.uy\/site\/soja-avanza-la-cosecha-en-eeuu-e-inicia-la-siembra-en-brasil\/","url_meta":{"origin":31682,"position":5},"title":"Soja: Avanza la cosecha en EEUU e inicia  la siembra  en Brasil","author":"La Hora del Campo","date":"22 septiembre, 2021","format":false,"excerpt":"Chicago cerr\u00f3 con recuperaci\u00f3n en los valores de la soja, en sus contratos a futuro, con subas que van desde US$ 4,32 a US$ 3,95 en los negocios hasta julio del a\u00f1o que viene. Los contratos de noviembre est\u00e1n situados en US$ 468,12 y los de julio de 2022 en\u2026","rel":"","context":"En \u00abActualidad\u00bb","block_context":{"text":"Actualidad","link":"http:\/\/lahoradelcampo.com.uy\/site\/category\/actualidad\/"},"img":{"alt_text":"","src":"https:\/\/i0.wp.com\/lahoradelcampo.com.uy\/site\/wp-content\/uploads\/2018\/05\/Soja.jpg?fit=880%2C440&resize=350%2C200","width":350,"height":200,"srcset":"https:\/\/i0.wp.com\/lahoradelcampo.com.uy\/site\/wp-content\/uploads\/2018\/05\/Soja.jpg?fit=880%2C440&resize=350%2C200 1x, https:\/\/i0.wp.com\/lahoradelcampo.com.uy\/site\/wp-content\/uploads\/2018\/05\/Soja.jpg?fit=880%2C440&resize=525%2C300 1.5x, https:\/\/i0.wp.com\/lahoradelcampo.com.uy\/site\/wp-content\/uploads\/2018\/05\/Soja.jpg?fit=880%2C440&resize=700%2C400 2x"},"classes":[]}],"jetpack_likes_enabled":true,"_links":{"self":[{"href":"http:\/\/lahoradelcampo.com.uy\/site\/wp-json\/wp\/v2\/posts\/31682","targetHints":{"allow":["GET"]}}],"collection":[{"href":"http:\/\/lahoradelcampo.com.uy\/site\/wp-json\/wp\/v2\/posts"}],"about":[{"href":"http:\/\/lahoradelcampo.com.uy\/site\/wp-json\/wp\/v2\/types\/post"}],"author":[{"embeddable":true,"href":"http:\/\/lahoradelcampo.com.uy\/site\/wp-json\/wp\/v2\/users\/5"}],"replies":[{"embeddable":true,"href":"http:\/\/lahoradelcampo.com.uy\/site\/wp-json\/wp\/v2\/comments?post=31682"}],"version-history":[{"count":1,"href":"http:\/\/lahoradelcampo.com.uy\/site\/wp-json\/wp\/v2\/posts\/31682\/revisions"}],"predecessor-version":[{"id":31686,"href":"http:\/\/lahoradelcampo.com.uy\/site\/wp-json\/wp\/v2\/posts\/31682\/revisions\/31686"}],"wp:featuredmedia":[{"embeddable":true,"href":"http:\/\/lahoradelcampo.com.uy\/site\/wp-json\/wp\/v2\/media\/29826"}],"wp:attachment":[{"href":"http:\/\/lahoradelcampo.com.uy\/site\/wp-json\/wp\/v2\/media?parent=31682"}],"wp:term":[{"taxonomy":"category","embeddable":true,"href":"http:\/\/lahoradelcampo.com.uy\/site\/wp-json\/wp\/v2\/categories?post=31682"},{"taxonomy":"post_tag","embeddable":true,"href":"http:\/\/lahoradelcampo.com.uy\/site\/wp-json\/wp\/v2\/tags?post=31682"}],"curies":[{"name":"wp","href":"https:\/\/api.w.org\/{rel}","templated":true}]}}