{"id":17064,"date":"2020-01-24T06:15:53","date_gmt":"2020-01-24T09:15:53","guid":{"rendered":"http:\/\/lahoradelcampo.com.uy\/site\/?p=17064"},"modified":"2020-01-25T07:57:48","modified_gmt":"2020-01-25T10:57:48","slug":"un-solo-uruguay-comprometio-su-apoyo-al-nuevo-gobierno-ayer-en-durazno","status":"publish","type":"post","link":"http:\/\/lahoradelcampo.com.uy\/site\/un-solo-uruguay-comprometio-su-apoyo-al-nuevo-gobierno-ayer-en-durazno\/","title":{"rendered":"Un Solo Uruguay comprometi\u00f3  su apoyo  al nuevo gobierno ayer en Durazno"},"content":{"rendered":"\n<figure class=\"wp-block-image\"><img data-recalc-dims=\"1\" loading=\"lazy\" decoding=\"async\" width=\"810\" height=\"405\" data-attachment-id=\"17066\" data-permalink=\"http:\/\/lahoradelcampo.com.uy\/site\/un-solo-uruguay-comprometio-su-apoyo-al-nuevo-gobierno-ayer-en-durazno\/usu-durazno\/\" data-orig-file=\"https:\/\/i0.wp.com\/lahoradelcampo.com.uy\/site\/wp-content\/uploads\/2020\/01\/USU-Durazno.jpg?fit=880%2C440\" data-orig-size=\"880,440\" data-comments-opened=\"1\" data-image-meta=\"{&quot;aperture&quot;:&quot;0&quot;,&quot;credit&quot;:&quot;&quot;,&quot;camera&quot;:&quot;&quot;,&quot;caption&quot;:&quot;&quot;,&quot;created_timestamp&quot;:&quot;0&quot;,&quot;copyright&quot;:&quot;&quot;,&quot;focal_length&quot;:&quot;0&quot;,&quot;iso&quot;:&quot;0&quot;,&quot;shutter_speed&quot;:&quot;0&quot;,&quot;title&quot;:&quot;&quot;,&quot;orientation&quot;:&quot;1&quot;}\" data-image-title=\"USU Durazno\" data-image-description=\"\" data-image-caption=\"\" data-large-file=\"https:\/\/i0.wp.com\/lahoradelcampo.com.uy\/site\/wp-content\/uploads\/2020\/01\/USU-Durazno.jpg?fit=810%2C405\" src=\"https:\/\/i0.wp.com\/lahoradelcampo.com.uy\/site\/wp-content\/uploads\/2020\/01\/USU-Durazno.jpg?resize=810%2C405\" alt=\"\" class=\"wp-image-17066\" srcset=\"https:\/\/i0.wp.com\/lahoradelcampo.com.uy\/site\/wp-content\/uploads\/2020\/01\/USU-Durazno.jpg?w=880 880w, https:\/\/i0.wp.com\/lahoradelcampo.com.uy\/site\/wp-content\/uploads\/2020\/01\/USU-Durazno.jpg?resize=300%2C150 300w, https:\/\/i0.wp.com\/lahoradelcampo.com.uy\/site\/wp-content\/uploads\/2020\/01\/USU-Durazno.jpg?resize=768%2C384 768w, https:\/\/i0.wp.com\/lahoradelcampo.com.uy\/site\/wp-content\/uploads\/2020\/01\/USU-Durazno.jpg?resize=820%2C410 820w\" sizes=\"auto, (max-width: 810px) 100vw, 810px\" \/><\/figure>\n\n\n\n<p>Con un marco de p\u00fablico inferior al registrado en los dos primeros a\u00f1os del movimiento, Un Solo Uruguay realiz\u00f3 ayer un nuevo encuentro en Durazno, remarcando ese d\u00eda tan especial en el que se ha convertido el 23 de enero, luego del 2018, donde el grupo de ciudadanos autoconvocados registr\u00f3 su m\u00e1xima expresi\u00f3n de rebeld\u00eda, reclamando cambios y planteando en su momento cortes de ruta y hasta desabastecimiento de la capital y el este del pa\u00eds. <br><\/p>\n\n\n\n<p>En la jornada de ayer y ante un per\u00edodo de transici\u00f3n, con un gobierno actual a punto de entregar el mando el pr\u00f3ximo 1 de marzo y un gobierno electo que a\u00fan no asumi\u00f3, la convocatoria y la proclama le\u00edda por la Sra. Virginia Vaz, productora de Cerro Largo, se posicion\u00f3 en marcar el desprecio con el cual se trat\u00f3 al movimiento por el actual gobierno y se comprometi\u00f3 el apoyo a trabajar en pos del pa\u00eds al pr\u00f3ximo gobierno, aunque se marc\u00f3 un mensaje respecto a la suba de las tarifas ya anunciada por el gobierno electo. <br><\/p>\n\n\n\n<p>\u00abNada podemos esperar si no es de nosotros mismos\u00bb. Esta frase del Pr\u00f3cer dio inicio a la lectura de la proclama, donde la productora dijo que la misma \u00abnos redobla el compromiso, como ciudadanos, de trabajar por los cambios necesarios, para construir ese pa\u00eds que so\u00f1amos\u00bb.<br><\/p>\n\n\n\n<p>En su comienzo la proclama resalta el compromiso del gobierno electo de derogar la obligatoriedad de Ley de Inclusi\u00f3n Financiera, as\u00ed como tambi\u00e9n insta a continuar trabajando por los cambios     que se expres\u00f3 en las urnas, como consecuencia \u00abde un gobierno que no entendi\u00f3 ese reclamo, el del pa\u00eds que trabaja, el de los que todos los d\u00edas se levantan a ponerle el hombro al pa\u00eds\u00bb. <br><\/p>\n\n\n\n<p>\u00abPriorizar la libertad hace necesario modificar y derogar normas, leyes y reglamentaciones que atentan contra la misma. En este sentido, la derogaci\u00f3n de la ley de prensa, del sistema de control de transporte de carga, la modificaci\u00f3n ideol\u00f3gica que conlleva los planes de uso de suelo o la obligatoriedad de la facturaci\u00f3n electr\u00f3nica. Todos procesos con un discurso pol\u00edticamente agradable pero que coartan la libertad de los uruguayos y en general solo le ha ocasionado mayores costos y limitaciones a la hora de emprender\u00bb.<br><\/p>\n\n\n\n<p>El tema infraestructura, caminer\u00eda, estuvo en la proclama desde sus comienzos. En este sentido se record\u00f3 que mediante el eslogan \u00abun pa\u00eds, una patente\u00bb y el verso de la \u00abequidad\u00bb, se gener\u00f3 un incremento en los costos de vida de la gente del interior, \u00abpor traslados permanentes sobre caminos deshechos que ocasionan un deterioro prematuro de los medios de locomoci\u00f3n y un constante mantenimiento, y por si fuese poco, obligados a pagar el mismo monto por la patente, que aquellos que jam\u00e1s pisan barro, piedras ni pozos\u00bb. <br><\/p>\n\n\n\n<p>En este tramo de una proclama que llev\u00f3 m\u00e1s de 30 minutos de lectura, el movimiento reclamo por \u00absubsidios a la ineficiencia de la intendencia capitalina y de alguna sociedad an\u00f3nima, incluso a aquellos que jam\u00e1s pisaron la capital y que dependen del gasoil para trabajar, transportar y producir\u00bb, haciendo referencia al aporte que se realiza a trav\u00e9s de la compra de gasoil para subsidiar el boleto en la capital del pa\u00eds. <br><\/p>\n\n\n\n<p>Se remarc\u00f3 adem\u00e1s que \u00ablas relaciones laborales son dictadas por una c\u00fapula sindical y por un ministerio instalados en el centro de Montevideo, con un enorme desconocimiento de la realidad que adem\u00e1s de generar perjuicios, le impide a los trabajadores del interior participar democr\u00e1ticamente y decidir sus destinos\u00bb.<br><\/p>\n\n\n\n<p>En el marco de la proclama, se se\u00f1al\u00f3 lo ya marcado anteriormente en otras proclamas, \u00absin bajar el costo pa\u00eds se hace cuesta arriba cualquier producci\u00f3n, sin eliminar los gastos superfluos no hay forma de abaratar la alta carga del estado, bajar el d\u00e9ficit fiscal y volvernos competitivos. <br><\/p>\n\n\n\n<p>En este sentido, m\u00e1s adelante, se enumeraron una serie de gastos del Estado considerados \u00abrid\u00edculos\u00bb por parte del movimiento, como \u00abel alquiler de 2 arbolitos de navidad por 48 mil pesos, o la contrataci\u00f3n de un servicio de catering para 600 personas a raz\u00f3n de 15 mil pesos por comensal\u00bb.<br><\/p>\n\n\n\n<p>As\u00ed como tambi\u00e9n existe, seg\u00fan mencionaron, \u00abuna lista interminable, organismo por organismo que todos la podemos ver en la p\u00e1gina de Agencia de Compras y Contrataciones del Estado\u00bb, en este sentido le aseguraron  al gobierno electo que \u00abla suma solo de lo rid\u00edculo es mucho mayor que los 400 millones de d\u00f3lares que aparentemente significar\u00e1n el no aumento de tarifas\u00bb.<br><\/p>\n\n\n\n<p>En el acto del 2018, uno de los temas que se trato largamente en los medios de comunicaci\u00f3n posteriormente, fue el cuestionamiento que se realiz\u00f3 por parte del movimiento a datos publicados por el Instituto Nacional de Estad\u00edsticas, en este caso Un Solo Uruguay fue a\u00fan m\u00e1s incisivo en sus apreciaciones y dijo en su proclama \u00abno conocemos la verdadera dimensi\u00f3n del endeudamiento ni sabemos cu\u00e1l es el PBI real, por lo tanto todos los dem\u00e1s indicadores que parten de esas cifras pueden ser incorrectos\u00bb.<br><\/p>\n\n\n\n<p>Ante esta situaci\u00f3n apoyaron la decisi\u00f3n del gobierno electo de realizar auditorias en todos los organismos del Estado y al mismo tiempo advirtieron que este \u00abmecanismo que deber\u00eda implementarse de car\u00e1cter permanente y no circunstancial\u00bb.<br><\/p>\n\n\n\n<p>En resumen, el movimiento dijo que se necesita \u00abgobernantes nacionales y locales\u00bb que \u00abgobiernen en clave de producci\u00f3n y desarrollo y dejen de tener el centro de su tarea en definir c\u00f3mo gastar la plata de todos\u00bb.<br><\/p>\n\n\n\n<p>Se\u00f1alaron que nuestro pa\u00eds se ha convertido en un relato de \u00abpuros titulares sin contenido\u00bb. En este sentido enumeraron una serie de contradicciones tales como: \u00abUruguay natural pero con cianobacterias. Pa\u00eds de primera pero con aumento de los asentamientos. Pa\u00eds productivo pero cada vez con menos productores. Uruguay XXI pero con infraestructura de cuarta y que expulsa a sus j\u00f3venes al exterior en busca de un futuro. Producci\u00f3n sustentable que no logra mantener las fuentes de trabajo y va perdiendo sectores enteros de la econom\u00eda. Trazabilidad ganadera que permite el robo de ganado y que sea vendido a los mismos frigor\u00edficos y mataderos sin detectar el abigeato.<br><\/p>\n\n\n\n<p>En el tema seguridad, el movimiento reclamo un cambio \u00aben el c\u00f3digo penal, donde un abigeato no sea menos importante que el robo de unos bizcochos, donde el abuso infantil sea condenado de la manera m\u00e1s dura, donde la corrupci\u00f3n p\u00fablica sea imperdonable. La pena debe ser por el delito cometido y no un intento de persuasi\u00f3n del mismo\u00bb. <br><\/p>\n\n\n\n<p>Adem\u00e1s se solicit\u00f3 volver \u00aba la polic\u00eda de cercan\u00eda, volver a que el estado ocupe los espacios a trav\u00e9s de las comisar\u00edas y destacamentos, con presencia policial permanente, aportar\u00eda una soluci\u00f3n\u00bb. En este sentido se reconoci\u00f3 que \u00ablos polic\u00edas tambi\u00e9n son presa de los delincuentes\u00bb por lo que reclam\u00f3 un cambio necesario en los \u00absistemas de patrullaje y de presencia de m\u00e1s efectivos, pero es fundamental que exista un respaldo expl\u00edcito y contundente a la actuaci\u00f3n policial\u00bb.<br><\/p>\n\n\n\n<p>La proclama finaliz\u00f3 se\u00f1alando que el movimiento no organiz\u00f3 este evento en Durazno para \u00abreclamarle al nuevo gobierno\u00bb. De acuerdo a lo expuesto en la proclama \u00abvenimos a decir que en este camino nos van a encontrar para apoyar y para aportar a los cambios necesarios, muchos de los cuales son lo que la gente eligi\u00f3 en las urnas\u00bb.<\/p>\n","protected":false},"excerpt":{"rendered":"<p>Con un marco de p\u00fablico inferior al registrado en los dos primeros a\u00f1os del movimiento, Un Solo Uruguay realiz\u00f3 ayer un nuevo encuentro en Durazno, remarcando ese d\u00eda tan especial [&hellip;]<\/p>\n","protected":false},"author":5,"featured_media":17066,"comment_status":"open","ping_status":"open","sticky":false,"template":"","format":"standard","meta":{"_price":"","_stock":"","_tribe_ticket_header":"","_tribe_default_ticket_provider":"","_tribe_ticket_capacity":"0","_ticket_start_date":"","_ticket_end_date":"","_tribe_ticket_show_description":"","_tribe_ticket_show_not_going":false,"_tribe_ticket_use_global_stock":"","_tribe_ticket_global_stock_level":"","_global_stock_mode":"","_global_stock_cap":"","_tribe_rsvp_for_event":"","_tribe_ticket_going_count":"","_tribe_ticket_not_going_count":"","_tribe_tickets_list":"[]","_tribe_ticket_has_attendee_info_fields":false,"h5ap_radio_sources":[],"_jetpack_newsletter_access":"","_jetpack_dont_email_post_to_subs":false,"_jetpack_newsletter_tier_id":0,"_jetpack_memberships_contains_paywalled_content":false,"_jetpack_memberships_contains_paid_content":false,"footnotes":""},"categories":[21,5],"tags":[],"class_list":["post-17064","post","type-post","status-publish","format-standard","has-post-thumbnail","hentry","category-actualidad","category-ganaderia"],"jetpack_featured_media_url":"https:\/\/i0.wp.com\/lahoradelcampo.com.uy\/site\/wp-content\/uploads\/2020\/01\/USU-Durazno.jpg?fit=880%2C440","jetpack_sharing_enabled":true,"jetpack_shortlink":"https:\/\/wp.me\/p99IaT-4re","jetpack-related-posts":[{"id":16362,"url":"http:\/\/lahoradelcampo.com.uy\/site\/un-solo-uruguay-vuelve-a-convocar-para-el-23-01-en-durazno\/","url_meta":{"origin":17064,"position":0},"title":"Un Solo Uruguay vuelve a convocar para el 23\/01 en Durazno","author":"La Hora del Campo","date":"11 diciembre, 2019","format":false,"excerpt":"El movimiento Un Solo Uruguay se reuni\u00f3 el pasado fin de semana en Maldonado para delinear los lineamientos y trabajos a seguir durante los pr\u00f3ximos meses, donde se plantearon entre otros temas el movilizarse nuevamente el 23 de enero en Durazno, m\u00e1s all\u00e1 del cambio de gobierno surgido desde las\u2026","rel":"","context":"En \u00abActualidad\u00bb","block_context":{"text":"Actualidad","link":"http:\/\/lahoradelcampo.com.uy\/site\/category\/actualidad\/"},"img":{"alt_text":"","src":"https:\/\/i0.wp.com\/lahoradelcampo.com.uy\/site\/wp-content\/uploads\/2018\/04\/un-solo-uruguay.jpg?fit=880%2C440&resize=350%2C200","width":350,"height":200,"srcset":"https:\/\/i0.wp.com\/lahoradelcampo.com.uy\/site\/wp-content\/uploads\/2018\/04\/un-solo-uruguay.jpg?fit=880%2C440&resize=350%2C200 1x, https:\/\/i0.wp.com\/lahoradelcampo.com.uy\/site\/wp-content\/uploads\/2018\/04\/un-solo-uruguay.jpg?fit=880%2C440&resize=525%2C300 1.5x, https:\/\/i0.wp.com\/lahoradelcampo.com.uy\/site\/wp-content\/uploads\/2018\/04\/un-solo-uruguay.jpg?fit=880%2C440&resize=700%2C400 2x"},"classes":[]},{"id":5745,"url":"http:\/\/lahoradelcampo.com.uy\/site\/unsolouruguay-se-reunira-con-el-gobierno-si-baja-el-precio-del-combustible\/","url_meta":{"origin":17064,"position":1},"title":"#UnSoloUruguay se reunir\u00e1 con el gobierno si baja el precio del combustible","author":"La Hora del Campo","date":"4 febrero, 2018","format":false,"excerpt":"En la jornada de ayer se reuni\u00f3 el movimiento de autoconvocados y como primera medida se defini\u00f3 concurrir a una mesa de trabajo con el gobierno, espec\u00edficamente con el Ministerio de Econom\u00eda y Finanzas para definir las estrategias que permitan dar una respuesta a las demandas del movimiento. Esta reuni\u00f3n\u2026","rel":"","context":"En \u00abActualidad\u00bb","block_context":{"text":"Actualidad","link":"http:\/\/lahoradelcampo.com.uy\/site\/category\/actualidad\/"},"img":{"alt_text":"","src":"https:\/\/i0.wp.com\/lahoradelcampo.com.uy\/site\/wp-content\/uploads\/2018\/02\/Mesa-1.jpg?fit=880%2C440&resize=350%2C200","width":350,"height":200,"srcset":"https:\/\/i0.wp.com\/lahoradelcampo.com.uy\/site\/wp-content\/uploads\/2018\/02\/Mesa-1.jpg?fit=880%2C440&resize=350%2C200 1x, https:\/\/i0.wp.com\/lahoradelcampo.com.uy\/site\/wp-content\/uploads\/2018\/02\/Mesa-1.jpg?fit=880%2C440&resize=525%2C300 1.5x, https:\/\/i0.wp.com\/lahoradelcampo.com.uy\/site\/wp-content\/uploads\/2018\/02\/Mesa-1.jpg?fit=880%2C440&resize=700%2C400 2x"},"classes":[]},{"id":5951,"url":"http:\/\/lahoradelcampo.com.uy\/site\/medidas-del-gobierno-continuan-siendo-insuficientes\/","url_meta":{"origin":17064,"position":2},"title":"Medidas del gobierno contin\u00faan siendo insuficientes","author":"La Hora del Campo","date":"20 febrero, 2018","format":false,"excerpt":"El movimiento de autoconvocados \"Un Solo Uruguay\" particip\u00f3 de la reuni\u00f3n realizada en la jornada de ayer en el Ministerio de Ganader\u00eda, Agricultura y Pesca, en la cual participaron tambi\u00e9n las gremiales agropecuarias que se alinearon tras los puntos planteados en la proclama del pasado 23 de enero en Durazno.\u2026","rel":"","context":"En \u00abActualidad\u00bb","block_context":{"text":"Actualidad","link":"http:\/\/lahoradelcampo.com.uy\/site\/category\/actualidad\/"},"img":{"alt_text":"","src":"https:\/\/i0.wp.com\/lahoradelcampo.com.uy\/site\/wp-content\/uploads\/2018\/02\/web-reunion.jpg?fit=880%2C440&resize=350%2C200","width":350,"height":200,"srcset":"https:\/\/i0.wp.com\/lahoradelcampo.com.uy\/site\/wp-content\/uploads\/2018\/02\/web-reunion.jpg?fit=880%2C440&resize=350%2C200 1x, https:\/\/i0.wp.com\/lahoradelcampo.com.uy\/site\/wp-content\/uploads\/2018\/02\/web-reunion.jpg?fit=880%2C440&resize=525%2C300 1.5x, https:\/\/i0.wp.com\/lahoradelcampo.com.uy\/site\/wp-content\/uploads\/2018\/02\/web-reunion.jpg?fit=880%2C440&resize=700%2C400 2x"},"classes":[]},{"id":6183,"url":"http:\/\/lahoradelcampo.com.uy\/site\/gremiales-agropecuarias-plantearon-un-gasoil-a-32-el-litro\/","url_meta":{"origin":17064,"position":3},"title":"Gremiales agropecuarias plantearon un gasoil a $ 32 el litro","author":"La Hora del Campo","date":"22 marzo, 2018","format":false,"excerpt":"Durante tres horas se reunieron las gremiales agropecuarias y el movimiento Un Solo Uruguay con el gobierno, en el Ministerio de Ganader\u00eda, Agricultura y Pesca, en la jornada de ayer donde se planteo por parte de los representantes de los productores la rebaja del gasoil. El ministro de Ganader\u00eda, Agricultura\u2026","rel":"","context":"En \u00abActualidad\u00bb","block_context":{"text":"Actualidad","link":"http:\/\/lahoradelcampo.com.uy\/site\/category\/actualidad\/"},"img":{"alt_text":"","src":"https:\/\/i0.wp.com\/lahoradelcampo.com.uy\/site\/wp-content\/uploads\/2018\/03\/Benech.jpg?fit=880%2C440&resize=350%2C200","width":350,"height":200,"srcset":"https:\/\/i0.wp.com\/lahoradelcampo.com.uy\/site\/wp-content\/uploads\/2018\/03\/Benech.jpg?fit=880%2C440&resize=350%2C200 1x, https:\/\/i0.wp.com\/lahoradelcampo.com.uy\/site\/wp-content\/uploads\/2018\/03\/Benech.jpg?fit=880%2C440&resize=525%2C300 1.5x, https:\/\/i0.wp.com\/lahoradelcampo.com.uy\/site\/wp-content\/uploads\/2018\/03\/Benech.jpg?fit=880%2C440&resize=700%2C400 2x"},"classes":[]},{"id":6951,"url":"http:\/\/lahoradelcampo.com.uy\/site\/el-macanazo-autoconvocados-y-autoconvencidos\/","url_meta":{"origin":17064,"position":4},"title":"El Macanazo: autoconvocados y autoconvencidos","author":"La Hora del Campo","date":"8 mayo, 2018","format":false,"excerpt":"El comienzo del acto del movimiento Un Solo Uruguay estuvo a cargo de Diego Mach\u00edn, como representante local, qui\u00e9n enumero la problem\u00e1tica que atraviesa la sociedad en su conjunto, as\u00ed como tambi\u00e9n la falta de respuesta a los planteos por parte del gobierno. Al mismo tiempo, Mach\u00edn festej\u00f3 la reapertura\u2026","rel":"","context":"En \u00abActualidad\u00bb","block_context":{"text":"Actualidad","link":"http:\/\/lahoradelcampo.com.uy\/site\/category\/actualidad\/"},"img":{"alt_text":"","src":"https:\/\/i0.wp.com\/lahoradelcampo.com.uy\/site\/wp-content\/uploads\/2018\/05\/macanazo.jpg?fit=880%2C440&resize=350%2C200","width":350,"height":200,"srcset":"https:\/\/i0.wp.com\/lahoradelcampo.com.uy\/site\/wp-content\/uploads\/2018\/05\/macanazo.jpg?fit=880%2C440&resize=350%2C200 1x, https:\/\/i0.wp.com\/lahoradelcampo.com.uy\/site\/wp-content\/uploads\/2018\/05\/macanazo.jpg?fit=880%2C440&resize=525%2C300 1.5x, https:\/\/i0.wp.com\/lahoradelcampo.com.uy\/site\/wp-content\/uploads\/2018\/05\/macanazo.jpg?fit=880%2C440&resize=700%2C400 2x"},"classes":[]},{"id":6645,"url":"http:\/\/lahoradelcampo.com.uy\/site\/pasaron-90-dias-y-se-prepara-un-nuevo-encuentro-en-florida\/","url_meta":{"origin":17064,"position":5},"title":"Pasaron 90 d\u00edas y se prepar\u00e1 un nuevo encuentro en Florida","author":"La Hora del Campo","date":"23 abril, 2018","format":false,"excerpt":"Todo se perfilaba a ser un verano m\u00e1s, tranquilo, con la mayor\u00eda en la playa y sin muchas novedades, sin embargo el cinco de enero comenz\u00f3 a circular un audio por Whatsapp invitando a una reuni\u00f3n en Paysand\u00fa, en el cual se convocaba a tomar medidas ante la situaci\u00f3n actual\u2026","rel":"","context":"En \u00abActualidad\u00bb","block_context":{"text":"Actualidad","link":"http:\/\/lahoradelcampo.com.uy\/site\/category\/actualidad\/"},"img":{"alt_text":"","src":"https:\/\/i0.wp.com\/lahoradelcampo.com.uy\/site\/wp-content\/uploads\/2018\/04\/durazno-web.jpg?fit=880%2C440&resize=350%2C200","width":350,"height":200,"srcset":"https:\/\/i0.wp.com\/lahoradelcampo.com.uy\/site\/wp-content\/uploads\/2018\/04\/durazno-web.jpg?fit=880%2C440&resize=350%2C200 1x, https:\/\/i0.wp.com\/lahoradelcampo.com.uy\/site\/wp-content\/uploads\/2018\/04\/durazno-web.jpg?fit=880%2C440&resize=525%2C300 1.5x, https:\/\/i0.wp.com\/lahoradelcampo.com.uy\/site\/wp-content\/uploads\/2018\/04\/durazno-web.jpg?fit=880%2C440&resize=700%2C400 2x"},"classes":[]}],"jetpack_likes_enabled":true,"_links":{"self":[{"href":"http:\/\/lahoradelcampo.com.uy\/site\/wp-json\/wp\/v2\/posts\/17064","targetHints":{"allow":["GET"]}}],"collection":[{"href":"http:\/\/lahoradelcampo.com.uy\/site\/wp-json\/wp\/v2\/posts"}],"about":[{"href":"http:\/\/lahoradelcampo.com.uy\/site\/wp-json\/wp\/v2\/types\/post"}],"author":[{"embeddable":true,"href":"http:\/\/lahoradelcampo.com.uy\/site\/wp-json\/wp\/v2\/users\/5"}],"replies":[{"embeddable":true,"href":"http:\/\/lahoradelcampo.com.uy\/site\/wp-json\/wp\/v2\/comments?post=17064"}],"version-history":[{"count":1,"href":"http:\/\/lahoradelcampo.com.uy\/site\/wp-json\/wp\/v2\/posts\/17064\/revisions"}],"predecessor-version":[{"id":17068,"href":"http:\/\/lahoradelcampo.com.uy\/site\/wp-json\/wp\/v2\/posts\/17064\/revisions\/17068"}],"wp:featuredmedia":[{"embeddable":true,"href":"http:\/\/lahoradelcampo.com.uy\/site\/wp-json\/wp\/v2\/media\/17066"}],"wp:attachment":[{"href":"http:\/\/lahoradelcampo.com.uy\/site\/wp-json\/wp\/v2\/media?parent=17064"}],"wp:term":[{"taxonomy":"category","embeddable":true,"href":"http:\/\/lahoradelcampo.com.uy\/site\/wp-json\/wp\/v2\/categories?post=17064"},{"taxonomy":"post_tag","embeddable":true,"href":"http:\/\/lahoradelcampo.com.uy\/site\/wp-json\/wp\/v2\/tags?post=17064"}],"curies":[{"name":"wp","href":"https:\/\/api.w.org\/{rel}","templated":true}]}}