{"id":17050,"date":"2020-01-24T06:46:11","date_gmt":"2020-01-24T09:46:11","guid":{"rendered":"http:\/\/lahoradelcampo.com.uy\/site\/?p=17050"},"modified":"2020-01-25T07:48:06","modified_gmt":"2020-01-25T10:48:06","slug":"australia-ajusto-a-la-baja-pero-mostro-un-repunte-al-cierre-de-la-semana","status":"publish","type":"post","link":"http:\/\/lahoradelcampo.com.uy\/site\/australia-ajusto-a-la-baja-pero-mostro-un-repunte-al-cierre-de-la-semana\/","title":{"rendered":"Australia ajust\u00f3 a la baja, pero mostr\u00f3 un repunte al cierre de la semana"},"content":{"rendered":"\n<figure class=\"wp-block-image\"><img data-recalc-dims=\"1\" loading=\"lazy\" decoding=\"async\" width=\"810\" height=\"405\" data-attachment-id=\"3829\" data-permalink=\"http:\/\/lahoradelcampo.com.uy\/site\/nuevo-maximo-para-la-zafra-en-el-mercado-lanero-australiano\/lanas-9\/\" data-orig-file=\"https:\/\/i0.wp.com\/lahoradelcampo.com.uy\/site\/wp-content\/uploads\/2017\/11\/lanas.jpg?fit=880%2C440\" data-orig-size=\"880,440\" data-comments-opened=\"1\" data-image-meta=\"{&quot;aperture&quot;:&quot;0&quot;,&quot;credit&quot;:&quot;Vicente-Manuel-Tort&quot;,&quot;camera&quot;:&quot;&quot;,&quot;caption&quot;:&quot;&quot;,&quot;created_timestamp&quot;:&quot;0&quot;,&quot;copyright&quot;:&quot;Presidencia de la Republica - Sec.Com.Inst.&quot;,&quot;focal_length&quot;:&quot;0&quot;,&quot;iso&quot;:&quot;0&quot;,&quot;shutter_speed&quot;:&quot;0&quot;,&quot;title&quot;:&quot;&quot;,&quot;orientation&quot;:&quot;1&quot;}\" data-image-title=\"lanas\" data-image-description=\"\" data-image-caption=\"\" data-large-file=\"https:\/\/i0.wp.com\/lahoradelcampo.com.uy\/site\/wp-content\/uploads\/2017\/11\/lanas.jpg?fit=810%2C405\" src=\"https:\/\/i0.wp.com\/lahoradelcampo.com.uy\/site\/wp-content\/uploads\/2017\/11\/lanas.jpg?resize=810%2C405\" alt=\"\" class=\"wp-image-3829\" srcset=\"https:\/\/i0.wp.com\/lahoradelcampo.com.uy\/site\/wp-content\/uploads\/2017\/11\/lanas.jpg?w=880 880w, https:\/\/i0.wp.com\/lahoradelcampo.com.uy\/site\/wp-content\/uploads\/2017\/11\/lanas.jpg?resize=300%2C150 300w, https:\/\/i0.wp.com\/lahoradelcampo.com.uy\/site\/wp-content\/uploads\/2017\/11\/lanas.jpg?resize=768%2C384 768w, https:\/\/i0.wp.com\/lahoradelcampo.com.uy\/site\/wp-content\/uploads\/2017\/11\/lanas.jpg?resize=820%2C410 820w\" sizes=\"auto, (max-width: 810px) 100vw, 810px\" \/><\/figure>\n\n\n\n<p>El mercado lanero termin\u00f3 la semana con una peque\u00f1a recuperaci\u00f3n en los valores, m\u00e1s all\u00e1 que el contexto semanal fue de baja. <br><\/p>\n\n\n\n<p>La demanda estuvo activa toda la semana, pero la calidad de la oferta limit\u00f3 las posibles subas del mercado, as\u00ed como tambi\u00e9n disminuy\u00f3 el volumen a ser ofertado desde lo inscripto previamente. En este sentido el mercado retir\u00f3 un 12% previ\u00f3 a las ventas, mientras que el 16% de lo ofertado no cumpli\u00f3 las reservas de los productores australianos, por lo que pasaron sin comercializarse. <br><\/p>\n\n\n\n<p>Durante los tres d\u00edas las operativas comenzaron con bajas y luego fueron recuperando valores, sin embargo \u00fanicamente en la jornada de ayer, debido a una demanda m\u00e1s activa, el mercado finaliz\u00f3 con subas en los valores. <br><\/p>\n\n\n\n<p>En la moneda australiana el Indicador de Mercados del Este (IME) cotiz\u00f3 a A$ 15,76, subiendo cinco centavos ante las ventas de ayer, pero retrocediendo 33 centavos en el contexto semanal. En tanto que en d\u00f3lares estadounidenses, el indicador registr\u00f3 un aumento respecto a las ventas de ayer de 7 centavos, cerrando a US$ 10,82 por kilogramo base limpia. En la semana perdi\u00f3 29 centavos. <br><\/p>\n\n\n\n<p>La oferta en la sumatoria de la semana alcanz\u00f3 los 52.666 fardos, con una demanda que adquiri\u00f3 el 84,1%. <br><\/p>\n\n\n\n<p>Las ventas vuelven la pr\u00f3xima semana con una oferta 40.705 fardos que se distribuir\u00e1n durante los d\u00edas mi\u00e9rcoles 29 y jueves 30 de enero en los tres centros de ventas (Sidney, Melbourne y Fremantle). <\/p>\n","protected":false},"excerpt":{"rendered":"<p>El mercado lanero termin\u00f3 la semana con una peque\u00f1a recuperaci\u00f3n en los valores, m\u00e1s all\u00e1 que el contexto semanal fue de baja. La demanda estuvo activa toda la semana, pero [&hellip;]<\/p>\n","protected":false},"author":5,"featured_media":3829,"comment_status":"open","ping_status":"open","sticky":false,"template":"","format":"standard","meta":{"_price":"","_stock":"","_tribe_ticket_header":"","_tribe_default_ticket_provider":"","_tribe_ticket_capacity":"0","_ticket_start_date":"","_ticket_end_date":"","_tribe_ticket_show_description":"","_tribe_ticket_show_not_going":false,"_tribe_ticket_use_global_stock":"","_tribe_ticket_global_stock_level":"","_global_stock_mode":"","_global_stock_cap":"","_tribe_rsvp_for_event":"","_tribe_ticket_going_count":"","_tribe_ticket_not_going_count":"","_tribe_tickets_list":"[]","_tribe_ticket_has_attendee_info_fields":false,"h5ap_radio_sources":[],"_jetpack_newsletter_access":"","_jetpack_dont_email_post_to_subs":false,"_jetpack_newsletter_tier_id":0,"_jetpack_memberships_contains_paywalled_content":false,"_jetpack_memberships_contains_paid_content":false,"footnotes":""},"categories":[21,5],"tags":[],"class_list":["post-17050","post","type-post","status-publish","format-standard","has-post-thumbnail","hentry","category-actualidad","category-ganaderia"],"jetpack_featured_media_url":"https:\/\/i0.wp.com\/lahoradelcampo.com.uy\/site\/wp-content\/uploads\/2017\/11\/lanas.jpg?fit=880%2C440","jetpack_sharing_enabled":true,"jetpack_shortlink":"https:\/\/wp.me\/p99IaT-4r0","jetpack-related-posts":[{"id":24008,"url":"http:\/\/lahoradelcampo.com.uy\/site\/tercera-semana-de-subas-consecutivas-en-el-mercado-lanero-australiano\/","url_meta":{"origin":17050,"position":0},"title":"Tercera semana de subas consecutivas en el mercado lanero australiano","author":"La Hora del Campo","date":"24 septiembre, 2020","format":false,"excerpt":"Tercera semana consecutiva al alza en el mercado lanero australiano, con un Indicador de Mercados del Este (IME) que ha recuperado m\u00e1s de un d\u00f3lar desde el piso de los US$ 6,31 y con micronajes que ya se posicionan por encima del cierre de la zafra 2019-2020. En la presente\u2026","rel":"","context":"En \u00abActualidad\u00bb","block_context":{"text":"Actualidad","link":"http:\/\/lahoradelcampo.com.uy\/site\/category\/actualidad\/"},"img":{"alt_text":"","src":"https:\/\/i0.wp.com\/lahoradelcampo.com.uy\/site\/wp-content\/uploads\/2018\/03\/Lanaa.jpg?fit=880%2C440&resize=350%2C200","width":350,"height":200,"srcset":"https:\/\/i0.wp.com\/lahoradelcampo.com.uy\/site\/wp-content\/uploads\/2018\/03\/Lanaa.jpg?fit=880%2C440&resize=350%2C200 1x, https:\/\/i0.wp.com\/lahoradelcampo.com.uy\/site\/wp-content\/uploads\/2018\/03\/Lanaa.jpg?fit=880%2C440&resize=525%2C300 1.5x, https:\/\/i0.wp.com\/lahoradelcampo.com.uy\/site\/wp-content\/uploads\/2018\/03\/Lanaa.jpg?fit=880%2C440&resize=700%2C400 2x"},"classes":[]},{"id":51275,"url":"http:\/\/lahoradelcampo.com.uy\/site\/el-ime-volvio-a-caer-de-los-ocho-dolares-en-el-mercado-lanero-australiano-la-pasada-semana\/","url_meta":{"origin":17050,"position":1},"title":"El IME volvi\u00f3 a caer de los ocho d\u00f3lares la pasada semana","author":"La Hora del Campo","date":"19 junio, 2023","format":false,"excerpt":"Al igual que los \u00faltimos meses, tras la primera semana de subas en el Indicador de Mercados del Este (IME), las expectativas de mejores valores se diluyen en la segunda semana, al igual que este mes, donde el indicador cay\u00f3 nuevamente de los ocho d\u00f3lares. El reingreso del mercado de\u2026","rel":"","context":"En \u00abActualidad\u00bb","block_context":{"text":"Actualidad","link":"http:\/\/lahoradelcampo.com.uy\/site\/category\/actualidad\/"},"img":{"alt_text":"","src":"https:\/\/i0.wp.com\/lahoradelcampo.com.uy\/site\/wp-content\/uploads\/2021\/01\/Lanaaustralia.jpg?fit=880%2C440&resize=350%2C200","width":350,"height":200,"srcset":"https:\/\/i0.wp.com\/lahoradelcampo.com.uy\/site\/wp-content\/uploads\/2021\/01\/Lanaaustralia.jpg?fit=880%2C440&resize=350%2C200 1x, https:\/\/i0.wp.com\/lahoradelcampo.com.uy\/site\/wp-content\/uploads\/2021\/01\/Lanaaustralia.jpg?fit=880%2C440&resize=525%2C300 1.5x, https:\/\/i0.wp.com\/lahoradelcampo.com.uy\/site\/wp-content\/uploads\/2021\/01\/Lanaaustralia.jpg?fit=880%2C440&resize=700%2C400 2x"},"classes":[]},{"id":33939,"url":"http:\/\/lahoradelcampo.com.uy\/site\/semana-de-subas-para-el-mercado-lanero-en-australia\/","url_meta":{"origin":17050,"position":2},"title":"Semana de subas para el  mercado lanero en Australia","author":"La Hora del Campo","date":"9 septiembre, 2021","format":false,"excerpt":"El mercado lanero australiano cerr\u00f3 dos jornadas de ventas esta semana, con subas en el Indicador de Mercados del Este (IME) que terminaron posicion\u00e1ndolo nuevamente por encima de los 10 d\u00f3lares norteamericanos. Seg\u00fan los datos de Australian Wool Exchange (AWEX), la primera jornada de ventas registr\u00f3 un aumento explosivo en\u2026","rel":"","context":"En \u00abActualidad\u00bb","block_context":{"text":"Actualidad","link":"http:\/\/lahoradelcampo.com.uy\/site\/category\/actualidad\/"},"img":{"alt_text":"","src":"https:\/\/i0.wp.com\/lahoradelcampo.com.uy\/site\/wp-content\/uploads\/2021\/06\/lanaaustralia1.jpg?fit=880%2C440&resize=350%2C200","width":350,"height":200,"srcset":"https:\/\/i0.wp.com\/lahoradelcampo.com.uy\/site\/wp-content\/uploads\/2021\/06\/lanaaustralia1.jpg?fit=880%2C440&resize=350%2C200 1x, https:\/\/i0.wp.com\/lahoradelcampo.com.uy\/site\/wp-content\/uploads\/2021\/06\/lanaaustralia1.jpg?fit=880%2C440&resize=525%2C300 1.5x, https:\/\/i0.wp.com\/lahoradelcampo.com.uy\/site\/wp-content\/uploads\/2021\/06\/lanaaustralia1.jpg?fit=880%2C440&resize=700%2C400 2x"},"classes":[]},{"id":52494,"url":"http:\/\/lahoradelcampo.com.uy\/site\/nueva-semana-positiva-para-el-mercado-lanero-australiano\/","url_meta":{"origin":17050,"position":3},"title":"Nueva semana positiva para el mercado lanero australiano","author":"La Hora del Campo","date":"15 septiembre, 2023","format":false,"excerpt":"Excelente semana para el mercado lanero australiano, con una demanda que empujo al alza los valores de los distintos micronajes, tanto en las lanas finas como medias y gruesas. Si bien la calidad de la oferta es un factor alcista, se observ\u00f3 en ambos d\u00edas de ventas una demanda muy\u2026","rel":"","context":"En \u00abActualidad\u00bb","block_context":{"text":"Actualidad","link":"http:\/\/lahoradelcampo.com.uy\/site\/category\/actualidad\/"},"img":{"alt_text":"","src":"https:\/\/i0.wp.com\/lahoradelcampo.com.uy\/site\/wp-content\/uploads\/2019\/04\/Lanas-Australia.jpg?fit=880%2C440&resize=350%2C200","width":350,"height":200,"srcset":"https:\/\/i0.wp.com\/lahoradelcampo.com.uy\/site\/wp-content\/uploads\/2019\/04\/Lanas-Australia.jpg?fit=880%2C440&resize=350%2C200 1x, https:\/\/i0.wp.com\/lahoradelcampo.com.uy\/site\/wp-content\/uploads\/2019\/04\/Lanas-Australia.jpg?fit=880%2C440&resize=525%2C300 1.5x, https:\/\/i0.wp.com\/lahoradelcampo.com.uy\/site\/wp-content\/uploads\/2019\/04\/Lanas-Australia.jpg?fit=880%2C440&resize=700%2C400 2x"},"classes":[]},{"id":53530,"url":"http:\/\/lahoradelcampo.com.uy\/site\/el-ime-cayo-luego-de-cinco-jornadas-de-subas\/","url_meta":{"origin":17050,"position":4},"title":"El IME cay\u00f3 luego de cinco jornadas de subas","author":"La Hora del Campo","date":"3 marzo, 2024","format":false,"excerpt":"La semana termin\u00f3 siendo negativa para el Indicador de Mercados del Este (IME) en Australia, tras cinco jornadas de subas consecutivas. El pasado 14 de febrero el indicador se hab\u00eda situado en US$ 7,47 y a partir de ah\u00ed, hasta el martes, comenz\u00f3 una secuencia de subas que lleg\u00f3 a\u2026","rel":"","context":"En \u00abActualidad\u00bb","block_context":{"text":"Actualidad","link":"http:\/\/lahoradelcampo.com.uy\/site\/category\/actualidad\/"},"img":{"alt_text":"","src":"https:\/\/i0.wp.com\/lahoradelcampo.com.uy\/site\/wp-content\/uploads\/2021\/01\/Lanaaustralia.jpg?fit=880%2C440&resize=350%2C200","width":350,"height":200,"srcset":"https:\/\/i0.wp.com\/lahoradelcampo.com.uy\/site\/wp-content\/uploads\/2021\/01\/Lanaaustralia.jpg?fit=880%2C440&resize=350%2C200 1x, https:\/\/i0.wp.com\/lahoradelcampo.com.uy\/site\/wp-content\/uploads\/2021\/01\/Lanaaustralia.jpg?fit=880%2C440&resize=525%2C300 1.5x, https:\/\/i0.wp.com\/lahoradelcampo.com.uy\/site\/wp-content\/uploads\/2021\/01\/Lanaaustralia.jpg?fit=880%2C440&resize=700%2C400 2x"},"classes":[]},{"id":49396,"url":"http:\/\/lahoradelcampo.com.uy\/site\/semana-cerro-positiva-para-el-ime-subio-14-centavos\/","url_meta":{"origin":17050,"position":5},"title":"Semana cerr\u00f3 positiva para el IME, subi\u00f3 14 centavos","author":"La Hora del Campo","date":"24 marzo, 2023","format":false,"excerpt":"El mercado lanero australiano ha estado experimentando un ajuste a la baja en los valores de las \u00faltimas semanas, sin embargo, se ha registrado un aumento del 1,6% en el promedio del Indicador de Mercados del Este (IME) en la moneda estadounidense en la presente. A pesar de este repunte,\u2026","rel":"","context":"En \u00abActualidad\u00bb","block_context":{"text":"Actualidad","link":"http:\/\/lahoradelcampo.com.uy\/site\/category\/actualidad\/"},"img":{"alt_text":"","src":"https:\/\/i0.wp.com\/lahoradelcampo.com.uy\/site\/wp-content\/uploads\/2023\/01\/Lana-Australia1.jpg?fit=880%2C440&resize=350%2C200","width":350,"height":200,"srcset":"https:\/\/i0.wp.com\/lahoradelcampo.com.uy\/site\/wp-content\/uploads\/2023\/01\/Lana-Australia1.jpg?fit=880%2C440&resize=350%2C200 1x, https:\/\/i0.wp.com\/lahoradelcampo.com.uy\/site\/wp-content\/uploads\/2023\/01\/Lana-Australia1.jpg?fit=880%2C440&resize=525%2C300 1.5x, https:\/\/i0.wp.com\/lahoradelcampo.com.uy\/site\/wp-content\/uploads\/2023\/01\/Lana-Australia1.jpg?fit=880%2C440&resize=700%2C400 2x"},"classes":[]}],"jetpack_likes_enabled":true,"_links":{"self":[{"href":"http:\/\/lahoradelcampo.com.uy\/site\/wp-json\/wp\/v2\/posts\/17050","targetHints":{"allow":["GET"]}}],"collection":[{"href":"http:\/\/lahoradelcampo.com.uy\/site\/wp-json\/wp\/v2\/posts"}],"about":[{"href":"http:\/\/lahoradelcampo.com.uy\/site\/wp-json\/wp\/v2\/types\/post"}],"author":[{"embeddable":true,"href":"http:\/\/lahoradelcampo.com.uy\/site\/wp-json\/wp\/v2\/users\/5"}],"replies":[{"embeddable":true,"href":"http:\/\/lahoradelcampo.com.uy\/site\/wp-json\/wp\/v2\/comments?post=17050"}],"version-history":[{"count":1,"href":"http:\/\/lahoradelcampo.com.uy\/site\/wp-json\/wp\/v2\/posts\/17050\/revisions"}],"predecessor-version":[{"id":17052,"href":"http:\/\/lahoradelcampo.com.uy\/site\/wp-json\/wp\/v2\/posts\/17050\/revisions\/17052"}],"wp:featuredmedia":[{"embeddable":true,"href":"http:\/\/lahoradelcampo.com.uy\/site\/wp-json\/wp\/v2\/media\/3829"}],"wp:attachment":[{"href":"http:\/\/lahoradelcampo.com.uy\/site\/wp-json\/wp\/v2\/media?parent=17050"}],"wp:term":[{"taxonomy":"category","embeddable":true,"href":"http:\/\/lahoradelcampo.com.uy\/site\/wp-json\/wp\/v2\/categories?post=17050"},{"taxonomy":"post_tag","embeddable":true,"href":"http:\/\/lahoradelcampo.com.uy\/site\/wp-json\/wp\/v2\/tags?post=17050"}],"curies":[{"name":"wp","href":"https:\/\/api.w.org\/{rel}","templated":true}]}}