{"id":17046,"date":"2020-01-23T05:43:56","date_gmt":"2020-01-23T08:43:56","guid":{"rendered":"http:\/\/lahoradelcampo.com.uy\/site\/?p=17046"},"modified":"2020-01-25T07:46:01","modified_gmt":"2020-01-25T10:46:01","slug":"la-primera-exposicion-nacional-corriedale-se-realizara-en-melo","status":"publish","type":"post","link":"http:\/\/lahoradelcampo.com.uy\/site\/la-primera-exposicion-nacional-corriedale-se-realizara-en-melo\/","title":{"rendered":"La primera exposici\u00f3n nacional Corriedale se realizar\u00e1 en Melo"},"content":{"rendered":"\n<figure class=\"wp-block-image\"><img data-recalc-dims=\"1\" loading=\"lazy\" decoding=\"async\" width=\"810\" height=\"405\" data-attachment-id=\"7343\" data-permalink=\"http:\/\/lahoradelcampo.com.uy\/site\/el-corriedale-permite-una-rentabilidad-segura-todos-los-anos\/corriedale-1\/\" data-orig-file=\"https:\/\/i0.wp.com\/lahoradelcampo.com.uy\/site\/wp-content\/uploads\/2018\/05\/Corriedale-1.jpg?fit=880%2C440\" data-orig-size=\"880,440\" data-comments-opened=\"1\" data-image-meta=\"{&quot;aperture&quot;:&quot;0&quot;,&quot;credit&quot;:&quot;&quot;,&quot;camera&quot;:&quot;&quot;,&quot;caption&quot;:&quot;&quot;,&quot;created_timestamp&quot;:&quot;0&quot;,&quot;copyright&quot;:&quot;&quot;,&quot;focal_length&quot;:&quot;0&quot;,&quot;iso&quot;:&quot;0&quot;,&quot;shutter_speed&quot;:&quot;0&quot;,&quot;title&quot;:&quot;&quot;,&quot;orientation&quot;:&quot;1&quot;}\" data-image-title=\"Corriedale 1\" data-image-description=\"\" data-image-caption=\"\" data-large-file=\"https:\/\/i0.wp.com\/lahoradelcampo.com.uy\/site\/wp-content\/uploads\/2018\/05\/Corriedale-1.jpg?fit=810%2C405\" src=\"https:\/\/i0.wp.com\/lahoradelcampo.com.uy\/site\/wp-content\/uploads\/2018\/05\/Corriedale-1.jpg?resize=810%2C405\" alt=\"\" class=\"wp-image-7343\" srcset=\"https:\/\/i0.wp.com\/lahoradelcampo.com.uy\/site\/wp-content\/uploads\/2018\/05\/Corriedale-1.jpg?w=880 880w, https:\/\/i0.wp.com\/lahoradelcampo.com.uy\/site\/wp-content\/uploads\/2018\/05\/Corriedale-1.jpg?resize=300%2C150 300w, https:\/\/i0.wp.com\/lahoradelcampo.com.uy\/site\/wp-content\/uploads\/2018\/05\/Corriedale-1.jpg?resize=768%2C384 768w, https:\/\/i0.wp.com\/lahoradelcampo.com.uy\/site\/wp-content\/uploads\/2018\/05\/Corriedale-1.jpg?resize=820%2C410 820w\" sizes=\"auto, (max-width: 810px) 100vw, 810px\" \/><\/figure>\n\n\n\n<p>La Sociedad de Criadores de Corriedale del Uruguay defini\u00f3 la realizaci\u00f3n de la primera exposici\u00f3n nacional de la raza, que se desarrollar\u00e1 de forma rotativa entre las tres principales exposiciones de verano. Para este a\u00f1o se ha decidido que se realice conjuntamente con la Expo Melo 2020, durante los d\u00edas 8 y 9 de febrero, en el local Conventos. <br><\/p>\n\n\n\n<p>Rodrigo Granja, presidente de la gremial, dijo que para esta oportunidad se est\u00e1 incentivando la presentaci\u00f3n de animales en la categor\u00eda de hembras de campo, que pr\u00e1cticamente no participan en las exposiciones, para ello se ha definido un premio en d\u00f3lares, que se estar\u00e1 entregando al lote ganador. <br><\/p>\n\n\n\n<p>Las inscripciones est\u00e1n abiertas hasta el 31 de enero y se contar\u00e1 con bandera libre de rematadores.<\/p>\n","protected":false},"excerpt":{"rendered":"<p>La Sociedad de Criadores de Corriedale del Uruguay defini\u00f3 la realizaci\u00f3n de la primera exposici\u00f3n nacional de la raza, que se desarrollar\u00e1 de forma rotativa entre las tres principales exposiciones [&hellip;]<\/p>\n","protected":false},"author":5,"featured_media":7343,"comment_status":"open","ping_status":"open","sticky":false,"template":"","format":"standard","meta":{"_price":"","_stock":"","_tribe_ticket_header":"","_tribe_default_ticket_provider":"","_tribe_ticket_capacity":"0","_ticket_start_date":"","_ticket_end_date":"","_tribe_ticket_show_description":"","_tribe_ticket_show_not_going":false,"_tribe_ticket_use_global_stock":"","_tribe_ticket_global_stock_level":"","_global_stock_mode":"","_global_stock_cap":"","_tribe_rsvp_for_event":"","_tribe_ticket_going_count":"","_tribe_ticket_not_going_count":"","_tribe_tickets_list":"[]","_tribe_ticket_has_attendee_info_fields":false,"h5ap_radio_sources":[],"_jetpack_newsletter_access":"","_jetpack_dont_email_post_to_subs":false,"_jetpack_newsletter_tier_id":0,"_jetpack_memberships_contains_paywalled_content":false,"_jetpack_memberships_contains_paid_content":false,"footnotes":""},"categories":[21,5],"tags":[],"class_list":["post-17046","post","type-post","status-publish","format-standard","has-post-thumbnail","hentry","category-actualidad","category-ganaderia"],"jetpack_featured_media_url":"https:\/\/i0.wp.com\/lahoradelcampo.com.uy\/site\/wp-content\/uploads\/2018\/05\/Corriedale-1.jpg?fit=880%2C440","jetpack_sharing_enabled":true,"jetpack_shortlink":"https:\/\/wp.me\/p99IaT-4qW","jetpack-related-posts":[{"id":17368,"url":"http:\/\/lahoradelcampo.com.uy\/site\/arranque-de-la-zafra-ovina-con-buenos-valores-y-demanda-en-todas-las-razas\/","url_meta":{"origin":17046,"position":0},"title":"Arranque de la zafra ovina con  buenos valores y demanda en todas las razas","author":"La Hora del Campo","date":"12 febrero, 2020","format":false,"excerpt":"La zafra de reproductores ovinos ha comenzado con ventas, con buenos valores pero sobre todo con demanda en todas las razas. El arranque fue con el Texel de la caba\u00f1a Illescas en el centro del pa\u00eds, pero ya se comercializaron carneros Merino Australiano, Donhe e Ideal en el norte y\u2026","rel":"","context":"En \u00abActualidad\u00bb","block_context":{"text":"Actualidad","link":"http:\/\/lahoradelcampo.com.uy\/site\/category\/actualidad\/"},"img":{"alt_text":"","src":"https:\/\/i0.wp.com\/lahoradelcampo.com.uy\/site\/wp-content\/uploads\/2018\/02\/web-carneros.jpg?fit=880%2C440&resize=350%2C200","width":350,"height":200,"srcset":"https:\/\/i0.wp.com\/lahoradelcampo.com.uy\/site\/wp-content\/uploads\/2018\/02\/web-carneros.jpg?fit=880%2C440&resize=350%2C200 1x, https:\/\/i0.wp.com\/lahoradelcampo.com.uy\/site\/wp-content\/uploads\/2018\/02\/web-carneros.jpg?fit=880%2C440&resize=525%2C300 1.5x, https:\/\/i0.wp.com\/lahoradelcampo.com.uy\/site\/wp-content\/uploads\/2018\/02\/web-carneros.jpg?fit=880%2C440&resize=700%2C400 2x"},"classes":[]},{"id":29776,"url":"http:\/\/lahoradelcampo.com.uy\/site\/expo-salto-se-concretaria-del-30-de-setiembre-del-3-de-octubre\/","url_meta":{"origin":17046,"position":1},"title":"Expo Salto se concretar\u00eda del 30 de setiembre del 3 de octubre","author":"La Hora del Campo","date":"7 mayo, 2021","format":false,"excerpt":"Se dio a conocer en las \u00faltimas un calendario tentativo de la Asociaci\u00f3n Rural del Uruguay (ARU) para la realizaci\u00f3n de las exposiciones en el interior del pa\u00eds para la primavera. Si bien todas cuentas con el auspicio concedido por parte de la gremial, en cada localidad y de acuerdo\u2026","rel":"","context":"En \u00abActualidad\u00bb","block_context":{"text":"Actualidad","link":"http:\/\/lahoradelcampo.com.uy\/site\/category\/actualidad\/"},"img":{"alt_text":"","src":"https:\/\/i0.wp.com\/lahoradelcampo.com.uy\/site\/wp-content\/uploads\/2020\/10\/exposaltoweb.jpg?fit=880%2C440&resize=350%2C200","width":350,"height":200,"srcset":"https:\/\/i0.wp.com\/lahoradelcampo.com.uy\/site\/wp-content\/uploads\/2020\/10\/exposaltoweb.jpg?fit=880%2C440&resize=350%2C200 1x, https:\/\/i0.wp.com\/lahoradelcampo.com.uy\/site\/wp-content\/uploads\/2020\/10\/exposaltoweb.jpg?fit=880%2C440&resize=525%2C300 1.5x, https:\/\/i0.wp.com\/lahoradelcampo.com.uy\/site\/wp-content\/uploads\/2020\/10\/exposaltoweb.jpg?fit=880%2C440&resize=700%2C400 2x"},"classes":[]},{"id":5243,"url":"http:\/\/lahoradelcampo.com.uy\/site\/primera-exposicion-nacional-del-hereford-se-realizara-en-paysandu\/","url_meta":{"origin":17046,"position":2},"title":"Primera exposici\u00f3n nacional del Hereford se realizar\u00e1 en Paysand\u00fa","author":"La Hora del Campo","date":"3 enero, 2018","format":false,"excerpt":"Los d\u00edas 4 y 5 de mayo del 2018, en el predio de la Asociaci\u00f3n Rural Exposici\u00f3n Feria de Paysand\u00fa, la Sociedad de Criadores de Hereford del Uruguay realizar\u00e1 la primera Exposici\u00f3n Nacional de la raza. Durante la misma se alternar\u00e1n diferentes actividades que tendr\u00e1n como principales protagonistas la muestra,\u2026","rel":"","context":"En \u00abActualidad\u00bb","block_context":{"text":"Actualidad","link":"http:\/\/lahoradelcampo.com.uy\/site\/category\/actualidad\/"},"img":{"alt_text":"","src":"https:\/\/i0.wp.com\/lahoradelcampo.com.uy\/site\/wp-content\/uploads\/2018\/01\/Hereford.jpg?fit=880%2C440&resize=350%2C200","width":350,"height":200,"srcset":"https:\/\/i0.wp.com\/lahoradelcampo.com.uy\/site\/wp-content\/uploads\/2018\/01\/Hereford.jpg?fit=880%2C440&resize=350%2C200 1x, https:\/\/i0.wp.com\/lahoradelcampo.com.uy\/site\/wp-content\/uploads\/2018\/01\/Hereford.jpg?fit=880%2C440&resize=525%2C300 1.5x, https:\/\/i0.wp.com\/lahoradelcampo.com.uy\/site\/wp-content\/uploads\/2018\/01\/Hereford.jpg?fit=880%2C440&resize=700%2C400 2x"},"classes":[]},{"id":483,"url":"http:\/\/lahoradelcampo.com.uy\/site\/el-miercoles-comienza-una-nueva-edicion-de-la-expo-prado\/","url_meta":{"origin":17046,"position":3},"title":"El mi\u00e9rcoles comienza una nueva edici\u00f3n de la Expo Prado","author":"La Hora del Campo","date":"3 septiembre, 2017","format":false,"excerpt":"El pr\u00f3ximo mi\u00e9rcoles 6 de setiembre comienza una nueva edici\u00f3n de la Expo Prado baj\u00f3 el slogan \"El campo hace ciudad, hace el pa\u00eds\" donde la Asociaci\u00f3n Rural del Uruguay realiza una nueva apuesta al encuentro campo-ciudad en la m\u00e1xima expresi\u00f3n de la gen\u00e9tica nacional. En el lanzamiento de la\u2026","rel":"","context":"En \u00abActualidad\u00bb","block_context":{"text":"Actualidad","link":"http:\/\/lahoradelcampo.com.uy\/site\/category\/actualidad\/"},"img":{"alt_text":"","src":"https:\/\/i0.wp.com\/lahoradelcampo.com.uy\/site\/wp-content\/uploads\/2017\/09\/4.jpg?fit=1040%2C400&resize=350%2C200","width":350,"height":200,"srcset":"https:\/\/i0.wp.com\/lahoradelcampo.com.uy\/site\/wp-content\/uploads\/2017\/09\/4.jpg?fit=1040%2C400&resize=350%2C200 1x, https:\/\/i0.wp.com\/lahoradelcampo.com.uy\/site\/wp-content\/uploads\/2017\/09\/4.jpg?fit=1040%2C400&resize=525%2C300 1.5x, https:\/\/i0.wp.com\/lahoradelcampo.com.uy\/site\/wp-content\/uploads\/2017\/09\/4.jpg?fit=1040%2C400&resize=700%2C400 2x"},"classes":[]},{"id":34397,"url":"http:\/\/lahoradelcampo.com.uy\/site\/2-y-3-de-octubre-se-realiza-la-nacional-del-brangus-en-tacuarembo\/","url_meta":{"origin":17046,"position":4},"title":"2 y 3 de octubre se realiza la Nacional del Brangus en Tacuaremb\u00f3","author":"La Hora del Campo","date":"20 septiembre, 2021","format":false,"excerpt":"La Sociedad de Criadores de Brangus del Uruguay realiza el mi\u00e9rcoles 22 de setiembre la \u00faltima pesada de la 4ta Evaluaci\u00f3n Pastoril de Toros Brangus, de la cual participan 30 reproductores provenientes de 14 caba\u00f1as de distintos puntos de pa\u00eds. El presidente de la gremial, Adri\u00e1n Duarte, dijo que estos\u2026","rel":"","context":"En \u00abActualidad\u00bb","block_context":{"text":"Actualidad","link":"http:\/\/lahoradelcampo.com.uy\/site\/category\/actualidad\/"},"img":{"alt_text":"","src":"https:\/\/i0.wp.com\/lahoradelcampo.com.uy\/site\/wp-content\/uploads\/2021\/09\/Prado-Duarte.jpg?fit=880%2C440&resize=350%2C200","width":350,"height":200,"srcset":"https:\/\/i0.wp.com\/lahoradelcampo.com.uy\/site\/wp-content\/uploads\/2021\/09\/Prado-Duarte.jpg?fit=880%2C440&resize=350%2C200 1x, https:\/\/i0.wp.com\/lahoradelcampo.com.uy\/site\/wp-content\/uploads\/2021\/09\/Prado-Duarte.jpg?fit=880%2C440&resize=525%2C300 1.5x, https:\/\/i0.wp.com\/lahoradelcampo.com.uy\/site\/wp-content\/uploads\/2021\/09\/Prado-Duarte.jpg?fit=880%2C440&resize=700%2C400 2x"},"classes":[]},{"id":54196,"url":"http:\/\/lahoradelcampo.com.uy\/site\/se-inauguro-la-expo-avicola-y-entregaron-los-premios-a-los-mejores-ejemplares\/","url_meta":{"origin":17046,"position":5},"title":"Se inaugur\u00f3 la Expo Av\u00edcola y entregaron los premios a los mejores ejemplares","author":"La Hora del Campo","date":"12 agosto, 2024","format":false,"excerpt":"Este s\u00e1bado en el predio de la Asociaci\u00f3n Agropecuaria de Salto, la Sociedad Av\u00edcola realiz\u00f3 el acto de inauguraci\u00f3n de la 68va Exposici\u00f3n Nacional y 81na Exposici\u00f3n Regional. Posteriormente al acto, el ministro de Ganader\u00eda, Agricultura y Pesca, Ing. Agr. Fernando Mattos, se hizo presente y recorri\u00f3 la muestra con\u2026","rel":"","context":"En \u00abActualidad\u00bb","block_context":{"text":"Actualidad","link":"http:\/\/lahoradelcampo.com.uy\/site\/category\/actualidad\/"},"img":{"alt_text":"","src":"https:\/\/i0.wp.com\/lahoradelcampo.com.uy\/site\/wp-content\/uploads\/2024\/08\/Expoavicola-ministro.jpg?fit=880%2C440&resize=350%2C200","width":350,"height":200,"srcset":"https:\/\/i0.wp.com\/lahoradelcampo.com.uy\/site\/wp-content\/uploads\/2024\/08\/Expoavicola-ministro.jpg?fit=880%2C440&resize=350%2C200 1x, https:\/\/i0.wp.com\/lahoradelcampo.com.uy\/site\/wp-content\/uploads\/2024\/08\/Expoavicola-ministro.jpg?fit=880%2C440&resize=525%2C300 1.5x, https:\/\/i0.wp.com\/lahoradelcampo.com.uy\/site\/wp-content\/uploads\/2024\/08\/Expoavicola-ministro.jpg?fit=880%2C440&resize=700%2C400 2x"},"classes":[]}],"jetpack_likes_enabled":true,"_links":{"self":[{"href":"http:\/\/lahoradelcampo.com.uy\/site\/wp-json\/wp\/v2\/posts\/17046","targetHints":{"allow":["GET"]}}],"collection":[{"href":"http:\/\/lahoradelcampo.com.uy\/site\/wp-json\/wp\/v2\/posts"}],"about":[{"href":"http:\/\/lahoradelcampo.com.uy\/site\/wp-json\/wp\/v2\/types\/post"}],"author":[{"embeddable":true,"href":"http:\/\/lahoradelcampo.com.uy\/site\/wp-json\/wp\/v2\/users\/5"}],"replies":[{"embeddable":true,"href":"http:\/\/lahoradelcampo.com.uy\/site\/wp-json\/wp\/v2\/comments?post=17046"}],"version-history":[{"count":1,"href":"http:\/\/lahoradelcampo.com.uy\/site\/wp-json\/wp\/v2\/posts\/17046\/revisions"}],"predecessor-version":[{"id":17048,"href":"http:\/\/lahoradelcampo.com.uy\/site\/wp-json\/wp\/v2\/posts\/17046\/revisions\/17048"}],"wp:featuredmedia":[{"embeddable":true,"href":"http:\/\/lahoradelcampo.com.uy\/site\/wp-json\/wp\/v2\/media\/7343"}],"wp:attachment":[{"href":"http:\/\/lahoradelcampo.com.uy\/site\/wp-json\/wp\/v2\/media?parent=17046"}],"wp:term":[{"taxonomy":"category","embeddable":true,"href":"http:\/\/lahoradelcampo.com.uy\/site\/wp-json\/wp\/v2\/categories?post=17046"},{"taxonomy":"post_tag","embeddable":true,"href":"http:\/\/lahoradelcampo.com.uy\/site\/wp-json\/wp\/v2\/tags?post=17046"}],"curies":[{"name":"wp","href":"https:\/\/api.w.org\/{rel}","templated":true}]}}