{"id":17038,"date":"2020-01-23T06:40:25","date_gmt":"2020-01-23T09:40:25","guid":{"rendered":"http:\/\/lahoradelcampo.com.uy\/site\/?p=17038"},"modified":"2020-01-25T07:43:06","modified_gmt":"2020-01-25T10:43:06","slug":"en-carta-a-vazquez-ovejeros-reclaman-acciones-en-seguridad","status":"publish","type":"post","link":"http:\/\/lahoradelcampo.com.uy\/site\/en-carta-a-vazquez-ovejeros-reclaman-acciones-en-seguridad\/","title":{"rendered":"En carta a V\u00e1zquez, ovejeros reclaman acciones en seguridad"},"content":{"rendered":"\n<figure class=\"wp-block-image\"><img data-recalc-dims=\"1\" loading=\"lazy\" decoding=\"async\" width=\"810\" height=\"405\" data-attachment-id=\"3575\" data-permalink=\"http:\/\/lahoradelcampo.com.uy\/site\/el-cordero-es-hasta-6-meses-eso-es-calidad-elite\/riccetto\/\" data-orig-file=\"https:\/\/i0.wp.com\/lahoradelcampo.com.uy\/site\/wp-content\/uploads\/2017\/11\/Riccetto.jpg?fit=880%2C440\" data-orig-size=\"880,440\" data-comments-opened=\"1\" data-image-meta=\"{&quot;aperture&quot;:&quot;0&quot;,&quot;credit&quot;:&quot;Vicente-Manuel-Tort&quot;,&quot;camera&quot;:&quot;&quot;,&quot;caption&quot;:&quot;&quot;,&quot;created_timestamp&quot;:&quot;0&quot;,&quot;copyright&quot;:&quot;Presidencia de la Republica - Sec.Com.Inst.&quot;,&quot;focal_length&quot;:&quot;0&quot;,&quot;iso&quot;:&quot;0&quot;,&quot;shutter_speed&quot;:&quot;0&quot;,&quot;title&quot;:&quot;&quot;,&quot;orientation&quot;:&quot;1&quot;}\" data-image-title=\"Riccetto\" data-image-description=\"\" data-image-caption=\"\" data-large-file=\"https:\/\/i0.wp.com\/lahoradelcampo.com.uy\/site\/wp-content\/uploads\/2017\/11\/Riccetto.jpg?fit=810%2C405\" src=\"https:\/\/i0.wp.com\/lahoradelcampo.com.uy\/site\/wp-content\/uploads\/2017\/11\/Riccetto.jpg?resize=810%2C405\" alt=\"\" class=\"wp-image-3575\" srcset=\"https:\/\/i0.wp.com\/lahoradelcampo.com.uy\/site\/wp-content\/uploads\/2017\/11\/Riccetto.jpg?w=880 880w, https:\/\/i0.wp.com\/lahoradelcampo.com.uy\/site\/wp-content\/uploads\/2017\/11\/Riccetto.jpg?resize=300%2C150 300w, https:\/\/i0.wp.com\/lahoradelcampo.com.uy\/site\/wp-content\/uploads\/2017\/11\/Riccetto.jpg?resize=768%2C384 768w, https:\/\/i0.wp.com\/lahoradelcampo.com.uy\/site\/wp-content\/uploads\/2017\/11\/Riccetto.jpg?resize=820%2C410 820w\" sizes=\"auto, (max-width: 810px) 100vw, 810px\" \/><\/figure>\n\n\n\n<p>En carta firmada por el presidente de la Sociedad de Criadores de Texel del Uruguay, Diego Riccetto, los criadores de la raza, hacen saber al Presidente de la Rep\u00fablica, Dr. Tabar\u00e9 V\u00e1zquez, que el caso de copamiento registrado en la localidad de Los Cerrillos en la noche del pasado 20 de enero, afecto a uno de sus asociados. En el documento enviado al primer mandatario, los ovejeros reclaman medidas para contrarrestar la problem\u00e1tica de la inseguridad a nivel rural. <br><\/p>\n\n\n\n<p>Reconocen los redactores de dicha carta, que queda un lapso de tiempo muy corto para que aquellos que est\u00e1n en el gobierno puedan tomar medidas de fondo, pero instan al Presidente de la Rep\u00fablica a que \u00abal menos salve su imagen\u00bb y con medidas de fondo \u00abayude a que esa se\u00f1al contribuya a encender alguna luz de esperanza\u00bb.<br><\/p>\n\n\n\n<p>La gremial de productores sostiene que en el tema de la seguridad en el \u00e1rea rural \u00abhay responsabilidades, por acci\u00f3n o por omisi\u00f3n\u00bb. <br><\/p>\n\n\n\n<p>A continuaci\u00f3n transcribimos la carta enviada por la Sociedad de Criadores de Texel del Uruguay, al Presidente de la Rep\u00fablica, Dr. Tabar\u00e9 V\u00e1zquez:<br><\/p>\n\n\n\n<p>En la noche del 20 para el 21 de este mes, nuestro afiliado, Nicol\u00e1s Pi\u00f1eir\u00faa, y parte de su familia, productores rurales pr\u00f3ximos a Los Cerrillos, sobre la ruta 46, fueron v\u00edctimas de un violento copamiento por parte de 5 individuos, vestidos de polic\u00edas, llevando chalecos antibalas y fuertemente armados. Esta familia ya hab\u00eda sido objeto de otros robos de ovinos, con el resultado econ\u00f3mico, emocional y an\u00edmico que se puede imaginar. Pero esta vez, quienes suplantaron la imagen policial actuaron de forma \u00abprofesional\u00bb, con sa\u00f1a, provocando destrozos generalizados en la casa, golpeando reiteradamente a la familia, maniat\u00e1ndola, y amenaz\u00e1ndolos en medio de un gran nerviosismo con matarlos si no le daban la plata. No ten\u00edan m\u00e1s que 600 pesos, es una t\u00edpica familia canaria, con poca tierra y mucho trabajo para mantener una forma decente de vida.<br><\/p>\n\n\n\n<p>Por supuesto, Se\u00f1or Presidente, que la familia de nuestro afiliado Nicol\u00e1s Pi\u00f1eir\u00faa pas\u00f3 por una experiencia traum\u00e1tica, fueron reiteradamente golpeados, bajo amenazas de muerte, y el propio Nicol\u00e1s recibi\u00f3 varios cortes de cuchillo en la espalda. Se puede decir que tuvieron \u00absuerte\u00bb. Ninguno de ellos result\u00f3 muerto, como en otros casos. Pero le ser\u00e1 f\u00e1cil imaginar en qu\u00e9 estado an\u00edmico est\u00e1n ellos para seguir adelante, y la gente de su entorno, que es mucha, porque son gente emprendedora, buenos vecinos, siempre poni\u00e9ndole el hombro a las iniciativas que, de alguna forma, contribuyan a vivir del trabajo agropecuario, hasta en las condiciones m\u00e1s desventajosas, y a criar a sus hijos en la decencia. <br><\/p>\n\n\n\n<p>Usted es afecto a citar pasajes hist\u00f3ricos, y hasta po\u00e9ticos aut\u00f3ctonos cuando le habla a sus compatriotas. Nos gustar\u00eda o\u00edr, en sus palabras, Se\u00f1or Presidente, el pensamiento artiguista que fund\u00f3 esta colectividad humana en lo que fueron sus desvelos por el desarrollo de la campa\u00f1a, despoblada y asediada en los tiempos de la independencia. El Reglamento Provisorio de la Provincia Oriental para el Fomento de la Campa\u00f1a y Seguridad de sus Hacendados, pone un \u00e9nfasis muy claro en la seguridad en la campa\u00f1a, y determina las condiciones de las fuerzas que se designaban para asegurar el trabajo en paz. \u00abQue los m\u00e1s infelices  sean los m\u00e1s privilegiados\u00bb proclam\u00f3 Artigas, y esa fue su filosof\u00eda y las medidas concretas que implement\u00f3 porque quienes tienen menos recursos son quienes viven de forma m\u00e1s vulnerable. Como la familia Pi\u00f1eir\u00faa y tantas otras familias que, a pesar de la adversidad, hoy se mantienen con su trabajo digno, y proporcionan al pa\u00eds la mayor entrada de divisas, de donde sale, incluso, los sueldos de quienes deber\u00edan asegurarles vivir en paz.<br><\/p>\n\n\n\n<p>P\u00f3ngase, aunque sea por un momento, en el lugar donde estaba la familia Pi\u00f1eir\u00faa, en un banco al frente de su casa, tomando unos mates despu\u00e9s de haber trabajado duramente en un d\u00eda de calor agotador. De pronto, un auto entra en el peque\u00f1o camino por donde se llega  a la casa y ven bajar a cinco individuos uniformados, portando armas. Lo primero que usted pensar\u00eda es que se trata de un error, que se va a aclarar enseguida. Imagine a su familia en esa situaci\u00f3n, r\u00e1pidamente  empujados y tirados al piso, atados, insultados, golpeados y en medio de una situaci\u00f3n de extremos nerviosismo. \u00bfPuede imaginar a sus nietos, a usted mismo, al finalizar un d\u00eda de trabajo extenuante? <br><\/p>\n\n\n\n<p>No es nuestra intenci\u00f3n politizar un tema humano, pero aqu\u00ed hay responsabilidades, por acci\u00f3n o por omisi\u00f3n. Nos sentimos en el deber de proteger, con las pocas herramientas que disponemos, a nuestros afiliados. Vamos a insistir y a proponer medidas acordes con lo que la tecnolog\u00eda y el desarrollo de las instituciones, a m\u00e1s de 200 a\u00f1os de las medidas que imagin\u00f3 Artigas para el poblamiento de la campa\u00f1a, aunque ese sea el trabajo y responsabilidad de quienes cobran por hacer cumplir el mandato constitucional.<br><\/p>\n\n\n\n<p>Puede parecer tarde para tomar medidas de fondo, Se\u00f1or Presidente, pero al menos salve su imagen, y ayude a que esa se\u00f1al contribuya a encender alguna luz de esperanza. La campa\u00f1a tambi\u00e9n  existe, menos para este Ministro del Interior, al que le han metido dentro del pa\u00eds una cantidad incalculable de coca\u00edna, que est\u00e1 utilizando a gente desesperada para esconder y hacer circular por caminos y carreteras desprovistas de la m\u00e1s m\u00ednima vigilancia.<br><\/p>\n\n\n\n<p>Esperando lo que est\u00e9 en sus manos hacer, se despide de Usted atentamente,<br><\/p>\n\n\n\n<p>Por la Sociedad de Criadores Texel del Uruguay, <br>Diego Riccetto, Presidente<\/p>\n","protected":false},"excerpt":{"rendered":"<p>En carta firmada por el presidente de la Sociedad de Criadores de Texel del Uruguay, Diego Riccetto, los criadores de la raza, hacen saber al Presidente de la Rep\u00fablica, Dr. [&hellip;]<\/p>\n","protected":false},"author":5,"featured_media":3575,"comment_status":"open","ping_status":"open","sticky":false,"template":"","format":"standard","meta":{"_price":"","_stock":"","_tribe_ticket_header":"","_tribe_default_ticket_provider":"","_tribe_ticket_capacity":"0","_ticket_start_date":"","_ticket_end_date":"","_tribe_ticket_show_description":"","_tribe_ticket_show_not_going":false,"_tribe_ticket_use_global_stock":"","_tribe_ticket_global_stock_level":"","_global_stock_mode":"","_global_stock_cap":"","_tribe_rsvp_for_event":"","_tribe_ticket_going_count":"","_tribe_ticket_not_going_count":"","_tribe_tickets_list":"[]","_tribe_ticket_has_attendee_info_fields":false,"h5ap_radio_sources":[],"_jetpack_newsletter_access":"","_jetpack_dont_email_post_to_subs":false,"_jetpack_newsletter_tier_id":0,"_jetpack_memberships_contains_paywalled_content":false,"_jetpack_memberships_contains_paid_content":false,"footnotes":""},"categories":[21,5],"tags":[],"class_list":["post-17038","post","type-post","status-publish","format-standard","has-post-thumbnail","hentry","category-actualidad","category-ganaderia"],"jetpack_featured_media_url":"https:\/\/i0.wp.com\/lahoradelcampo.com.uy\/site\/wp-content\/uploads\/2017\/11\/Riccetto.jpg?fit=880%2C440","jetpack_sharing_enabled":true,"jetpack_shortlink":"https:\/\/wp.me\/p99IaT-4qO","jetpack-related-posts":[{"id":11613,"url":"http:\/\/lahoradelcampo.com.uy\/site\/vazquez-respondio-por-escrito-a-los-pedidos-de-los-productores-arroceros\/","url_meta":{"origin":17038,"position":0},"title":"V\u00e1zquez respondi\u00f3 por escrito a los pedidos de los productores arroceros","author":"La Hora del Campo","date":"7 junio, 2019","format":false,"excerpt":"La carta firmada por el presidente Tabar\u00e9 V\u00e1zquez informa que el Gobierno decidi\u00f3 que el descuento del 15 % en la tarifa de energ\u00eda el\u00e9ctrica para la industria se prorrogue hasta fin de a\u00f1o. Record\u00f3 que los productores que invirtieron en sistemas de riego cuentan con un descuento de igual\u2026","rel":"","context":"En \u00abActualidad\u00bb","block_context":{"text":"Actualidad","link":"http:\/\/lahoradelcampo.com.uy\/site\/category\/actualidad\/"},"img":{"alt_text":"","src":"https:\/\/i0.wp.com\/lahoradelcampo.com.uy\/site\/wp-content\/uploads\/2019\/06\/arroceros-3.jpg?fit=880%2C440&resize=350%2C200","width":350,"height":200,"srcset":"https:\/\/i0.wp.com\/lahoradelcampo.com.uy\/site\/wp-content\/uploads\/2019\/06\/arroceros-3.jpg?fit=880%2C440&resize=350%2C200 1x, https:\/\/i0.wp.com\/lahoradelcampo.com.uy\/site\/wp-content\/uploads\/2019\/06\/arroceros-3.jpg?fit=880%2C440&resize=525%2C300 1.5x, https:\/\/i0.wp.com\/lahoradelcampo.com.uy\/site\/wp-content\/uploads\/2019\/06\/arroceros-3.jpg?fit=880%2C440&resize=700%2C400 2x"},"classes":[]},{"id":5637,"url":"http:\/\/lahoradelcampo.com.uy\/site\/el-presidente-anuncio-medidas-con-gusto-a-muy-poco\/","url_meta":{"origin":17038,"position":1},"title":"El Presidente anunci\u00f3 medidas con \u201cgusto a muy poco\u201d","author":"La Hora del Campo","date":"30 enero, 2018","format":false,"excerpt":"El Presidente de la Rep\u00fablica, Dr. Tabar\u00e9 V\u00e1zquez, se reuni\u00f3 en la ma\u00f1ana de ayer con los representantes de la gremiales agropecuarias, de acuerdo a lo previsto. Se convers\u00f3 sobre las diferentes problem\u00e1ticas que hoy afectan al sector agropecuario y posteriormente se dieron a conocer medidas de apoyo a tres\u2026","rel":"","context":"En \u00abActualidad\u00bb","block_context":{"text":"Actualidad","link":"http:\/\/lahoradelcampo.com.uy\/site\/category\/actualidad\/"},"img":{"alt_text":"","src":"https:\/\/i0.wp.com\/lahoradelcampo.com.uy\/site\/wp-content\/uploads\/2018\/01\/Riani.jpg?fit=880%2C440&resize=350%2C200","width":350,"height":200,"srcset":"https:\/\/i0.wp.com\/lahoradelcampo.com.uy\/site\/wp-content\/uploads\/2018\/01\/Riani.jpg?fit=880%2C440&resize=350%2C200 1x, https:\/\/i0.wp.com\/lahoradelcampo.com.uy\/site\/wp-content\/uploads\/2018\/01\/Riani.jpg?fit=880%2C440&resize=525%2C300 1.5x, https:\/\/i0.wp.com\/lahoradelcampo.com.uy\/site\/wp-content\/uploads\/2018\/01\/Riani.jpg?fit=880%2C440&resize=700%2C400 2x"},"classes":[]},{"id":5957,"url":"http:\/\/lahoradelcampo.com.uy\/site\/presidente-anuncio-nuevas-medidas-para-los-productores\/","url_meta":{"origin":17038,"position":2},"title":"Presidente anunci\u00f3 nuevas medidas para los productores","author":"La Hora del Campo","date":"20 febrero, 2018","format":false,"excerpt":"El Presidente de la Rep\u00fablica, Dr. Tabar\u00e9 V\u00e1zquez, concurri\u00f3 al Ministerio de Ganader\u00eda, Agricultura y Pesca al comienzo de la reuni\u00f3n coordinada con las gremiales agropecuarias, el movimiento Un solo Uruguay y los representantes del Poder Ejecutivo para tratar las problem\u00e1ticas del sector agropecuario y realiz\u00f3 nuevos anuncios de medidas\u2026","rel":"","context":"En \u00abActualidad\u00bb","block_context":{"text":"Actualidad","link":"http:\/\/lahoradelcampo.com.uy\/site\/category\/actualidad\/"},"img":{"alt_text":"","src":"https:\/\/i0.wp.com\/lahoradelcampo.com.uy\/site\/wp-content\/uploads\/2018\/02\/web-tabare.jpg?fit=880%2C440&resize=350%2C200","width":350,"height":200,"srcset":"https:\/\/i0.wp.com\/lahoradelcampo.com.uy\/site\/wp-content\/uploads\/2018\/02\/web-tabare.jpg?fit=880%2C440&resize=350%2C200 1x, https:\/\/i0.wp.com\/lahoradelcampo.com.uy\/site\/wp-content\/uploads\/2018\/02\/web-tabare.jpg?fit=880%2C440&resize=525%2C300 1.5x, https:\/\/i0.wp.com\/lahoradelcampo.com.uy\/site\/wp-content\/uploads\/2018\/02\/web-tabare.jpg?fit=880%2C440&resize=700%2C400 2x"},"classes":[]},{"id":4639,"url":"http:\/\/lahoradelcampo.com.uy\/site\/vazquez-rechazo-la-reunion-con-las-gremiales-agropecuarias\/","url_meta":{"origin":17038,"position":3},"title":"V\u00e1zquez rechaz\u00f3 la reuni\u00f3n con  las gremiales agropecuarias","author":"La Hora del Campo","date":"6 diciembre, 2017","format":false,"excerpt":"Las gremiales agropecuarias solicitaron una reuni\u00f3n con el Presidente de la Rep\u00fablica, Dr. Tabar\u00e9 V\u00e1zquez, con el fin de plantearle al primer mandatario la situaci\u00f3n actual del agro y el porqu\u00e9 el sector ha venido incrementando su endeudamiento, ubicado en U$S 4.200 millones, entre la banca y los proveedores de\u2026","rel":"","context":"En \u00abActualidad\u00bb","block_context":{"text":"Actualidad","link":"http:\/\/lahoradelcampo.com.uy\/site\/category\/actualidad\/"},"img":{"alt_text":"","src":"https:\/\/i0.wp.com\/lahoradelcampo.com.uy\/site\/wp-content\/uploads\/2017\/12\/Vazquez.jpg?fit=880%2C440&resize=350%2C200","width":350,"height":200,"srcset":"https:\/\/i0.wp.com\/lahoradelcampo.com.uy\/site\/wp-content\/uploads\/2017\/12\/Vazquez.jpg?fit=880%2C440&resize=350%2C200 1x, https:\/\/i0.wp.com\/lahoradelcampo.com.uy\/site\/wp-content\/uploads\/2017\/12\/Vazquez.jpg?fit=880%2C440&resize=525%2C300 1.5x, https:\/\/i0.wp.com\/lahoradelcampo.com.uy\/site\/wp-content\/uploads\/2017\/12\/Vazquez.jpg?fit=880%2C440&resize=700%2C400 2x"},"classes":[]},{"id":5951,"url":"http:\/\/lahoradelcampo.com.uy\/site\/medidas-del-gobierno-continuan-siendo-insuficientes\/","url_meta":{"origin":17038,"position":4},"title":"Medidas del gobierno contin\u00faan siendo insuficientes","author":"La Hora del Campo","date":"20 febrero, 2018","format":false,"excerpt":"El movimiento de autoconvocados \"Un Solo Uruguay\" particip\u00f3 de la reuni\u00f3n realizada en la jornada de ayer en el Ministerio de Ganader\u00eda, Agricultura y Pesca, en la cual participaron tambi\u00e9n las gremiales agropecuarias que se alinearon tras los puntos planteados en la proclama del pasado 23 de enero en Durazno.\u2026","rel":"","context":"En \u00abActualidad\u00bb","block_context":{"text":"Actualidad","link":"http:\/\/lahoradelcampo.com.uy\/site\/category\/actualidad\/"},"img":{"alt_text":"","src":"https:\/\/i0.wp.com\/lahoradelcampo.com.uy\/site\/wp-content\/uploads\/2018\/02\/web-reunion.jpg?fit=880%2C440&resize=350%2C200","width":350,"height":200,"srcset":"https:\/\/i0.wp.com\/lahoradelcampo.com.uy\/site\/wp-content\/uploads\/2018\/02\/web-reunion.jpg?fit=880%2C440&resize=350%2C200 1x, https:\/\/i0.wp.com\/lahoradelcampo.com.uy\/site\/wp-content\/uploads\/2018\/02\/web-reunion.jpg?fit=880%2C440&resize=525%2C300 1.5x, https:\/\/i0.wp.com\/lahoradelcampo.com.uy\/site\/wp-content\/uploads\/2018\/02\/web-reunion.jpg?fit=880%2C440&resize=700%2C400 2x"},"classes":[]},{"id":5613,"url":"http:\/\/lahoradelcampo.com.uy\/site\/tabare-vazquez-recibio-a-la-mesa-de-los-productores-auto-convocados\/","url_meta":{"origin":17038,"position":5},"title":"Tabar\u00e9 V\u00e1zquez recibi\u00f3 a la mesa de los productores auto-convocados","author":"La Hora del Campo","date":"27 enero, 2018","format":false,"excerpt":"Como estaba previsto los cinco integrantes de la mesa organizadora del movimiento de productores auto-convocados, se hizo presente en el edificio Libertad en la capital del pa\u00eds, donde se encuentran las oficinas de Presidencia de la Rep\u00fablica, para entregar la proclama y las reinvindicaciones le\u00eddas el pasado 23 de enero\u2026","rel":"","context":"En \u00abActualidad\u00bb","block_context":{"text":"Actualidad","link":"http:\/\/lahoradelcampo.com.uy\/site\/category\/actualidad\/"},"img":{"alt_text":"","src":"https:\/\/i0.wp.com\/lahoradelcampo.com.uy\/site\/wp-content\/uploads\/2018\/01\/presidencia.jpg?fit=880%2C440&resize=350%2C200","width":350,"height":200,"srcset":"https:\/\/i0.wp.com\/lahoradelcampo.com.uy\/site\/wp-content\/uploads\/2018\/01\/presidencia.jpg?fit=880%2C440&resize=350%2C200 1x, https:\/\/i0.wp.com\/lahoradelcampo.com.uy\/site\/wp-content\/uploads\/2018\/01\/presidencia.jpg?fit=880%2C440&resize=525%2C300 1.5x, https:\/\/i0.wp.com\/lahoradelcampo.com.uy\/site\/wp-content\/uploads\/2018\/01\/presidencia.jpg?fit=880%2C440&resize=700%2C400 2x"},"classes":[]}],"jetpack_likes_enabled":true,"_links":{"self":[{"href":"http:\/\/lahoradelcampo.com.uy\/site\/wp-json\/wp\/v2\/posts\/17038","targetHints":{"allow":["GET"]}}],"collection":[{"href":"http:\/\/lahoradelcampo.com.uy\/site\/wp-json\/wp\/v2\/posts"}],"about":[{"href":"http:\/\/lahoradelcampo.com.uy\/site\/wp-json\/wp\/v2\/types\/post"}],"author":[{"embeddable":true,"href":"http:\/\/lahoradelcampo.com.uy\/site\/wp-json\/wp\/v2\/users\/5"}],"replies":[{"embeddable":true,"href":"http:\/\/lahoradelcampo.com.uy\/site\/wp-json\/wp\/v2\/comments?post=17038"}],"version-history":[{"count":1,"href":"http:\/\/lahoradelcampo.com.uy\/site\/wp-json\/wp\/v2\/posts\/17038\/revisions"}],"predecessor-version":[{"id":17040,"href":"http:\/\/lahoradelcampo.com.uy\/site\/wp-json\/wp\/v2\/posts\/17038\/revisions\/17040"}],"wp:featuredmedia":[{"embeddable":true,"href":"http:\/\/lahoradelcampo.com.uy\/site\/wp-json\/wp\/v2\/media\/3575"}],"wp:attachment":[{"href":"http:\/\/lahoradelcampo.com.uy\/site\/wp-json\/wp\/v2\/media?parent=17038"}],"wp:term":[{"taxonomy":"category","embeddable":true,"href":"http:\/\/lahoradelcampo.com.uy\/site\/wp-json\/wp\/v2\/categories?post=17038"},{"taxonomy":"post_tag","embeddable":true,"href":"http:\/\/lahoradelcampo.com.uy\/site\/wp-json\/wp\/v2\/tags?post=17038"}],"curies":[{"name":"wp","href":"https:\/\/api.w.org\/{rel}","templated":true}]}}