{"id":16914,"date":"2020-01-17T06:56:34","date_gmt":"2020-01-17T09:56:34","guid":{"rendered":"http:\/\/lahoradelcampo.com.uy\/site\/?p=16914"},"modified":"2020-01-17T06:56:42","modified_gmt":"2020-01-17T09:56:42","slug":"el-2019-el-novillo-tipo-registro-el-cuarto-mejor-valor-desde-2007","status":"publish","type":"post","link":"http:\/\/lahoradelcampo.com.uy\/site\/el-2019-el-novillo-tipo-registro-el-cuarto-mejor-valor-desde-2007\/","title":{"rendered":"El 2019 el novillo tipo registr\u00f3 el cuarto mejor valor desde 2007"},"content":{"rendered":"\n<figure class=\"wp-block-image\"><img data-recalc-dims=\"1\" loading=\"lazy\" decoding=\"async\" width=\"810\" height=\"487\" data-attachment-id=\"16918\" data-permalink=\"http:\/\/lahoradelcampo.com.uy\/site\/el-2019-el-novillo-tipo-registro-el-cuarto-mejor-valor-desde-2007\/novillo-tipo-historico\/\" data-orig-file=\"https:\/\/i0.wp.com\/lahoradelcampo.com.uy\/site\/wp-content\/uploads\/2020\/01\/novillo-tipo-historico.jpg?fit=895%2C538\" data-orig-size=\"895,538\" data-comments-opened=\"1\" data-image-meta=\"{&quot;aperture&quot;:&quot;0&quot;,&quot;credit&quot;:&quot;&quot;,&quot;camera&quot;:&quot;&quot;,&quot;caption&quot;:&quot;&quot;,&quot;created_timestamp&quot;:&quot;0&quot;,&quot;copyright&quot;:&quot;&quot;,&quot;focal_length&quot;:&quot;0&quot;,&quot;iso&quot;:&quot;0&quot;,&quot;shutter_speed&quot;:&quot;0&quot;,&quot;title&quot;:&quot;&quot;,&quot;orientation&quot;:&quot;0&quot;}\" data-image-title=\"novillo tipo historico\" data-image-description=\"\" data-image-caption=\"\" data-large-file=\"https:\/\/i0.wp.com\/lahoradelcampo.com.uy\/site\/wp-content\/uploads\/2020\/01\/novillo-tipo-historico.jpg?fit=810%2C487\" src=\"https:\/\/i0.wp.com\/lahoradelcampo.com.uy\/site\/wp-content\/uploads\/2020\/01\/novillo-tipo-historico.jpg?resize=810%2C487\" alt=\"\" class=\"wp-image-16918\" srcset=\"https:\/\/i0.wp.com\/lahoradelcampo.com.uy\/site\/wp-content\/uploads\/2020\/01\/novillo-tipo-historico.jpg?w=895 895w, https:\/\/i0.wp.com\/lahoradelcampo.com.uy\/site\/wp-content\/uploads\/2020\/01\/novillo-tipo-historico.jpg?resize=300%2C180 300w, https:\/\/i0.wp.com\/lahoradelcampo.com.uy\/site\/wp-content\/uploads\/2020\/01\/novillo-tipo-historico.jpg?resize=768%2C462 768w\" sizes=\"auto, (max-width: 810px) 100vw, 810px\" \/><\/figure>\n\n\n\n<p>A pesar de cerrar 2019 con un r\u00e9cord de precios en el indicador del mes de diciembre de 2019, el promedio del novillo tipo durante el 2019, fue el cuarto mejor registrado desde el a\u00f1o 2007 cuando se comenzaron los registros de este indicador. El promedio de los \u00faltimos 12 meses fue de US$ 1.193 por cabeza, por debajo de los valores registrados en 2014, 2013 y 2011. <br><\/p>\n\n\n\n<p>En la composici\u00f3n de este indicador durante el a\u00f1o pasado, el valor de la hacienda se posicion\u00f3 en US$ 993 por animal, el cual si es el mayor precio alcanzando desde 2007, por lo que la participaci\u00f3n en la conformaci\u00f3n del precio fue del 83%. En contra partida el valor agregado industrial, que incluye costos y beneficios de la industria, fue el menor de la serie y represent\u00f3 apenas el 17% del indicador, tras cotizar en US$ 200 de promedio. <br><\/p>\n\n\n\n<p>Este resultado remarca la situaci\u00f3n por la que atraves\u00f3 la industria el a\u00f1o pasado, que ha se\u00f1alado haber trabajado con n\u00fameros en rojo. En este sentido la firma Athenas Foods (Grupo Minerva) dio a conocer en su informe a sus socios una p\u00e9rdida de 20 millones de d\u00f3lares los primeros tres trimestres de 2019 en nuestro pa\u00eds.  La multinacional de origen brasile\u00f1a cuenta con tres plantas en el pa\u00eds (Frigor\u00edfico Carrasco, Pul y Canelones) y tuvo el 17,4% de la faena total el a\u00f1o pasado.<br><\/p>\n\n\n\n<p>La situaci\u00f3n de Uruguay contrasta con la de los dem\u00e1s pa\u00edses en los que opera Athena Foods en la regi\u00f3n. La empresa tuvo ganancias en Paraguay, Argentina, Colombia y Chile. En Argentina las ganancias fueron por US$ 20,5 millones; en Paraguay US$ 32 millones, en Chile US$ 43 millones y en Colombia US$ 2 millones. As\u00ed, en el conjunto de los balances consolidados la multinacional termin\u00f3 con una ganancia por US$ 38,6 millones en sus negocios de carne vacuna en la regi\u00f3n entre enero y setiembre de 2019.<br><\/p>\n\n\n\n<p>Diciembre r\u00e9cord<br><\/p>\n\n\n\n<p>Durante el \u00faltimo mes de 2019, de acuerdo a la informaci\u00f3n de INAC, el valor generado por la venta de todos los productos de un Novillo Tipo, luego del proceso industrial (peso vivo de 480 kilos, con un rendimiento de 54% en cuarta balanza, de razas brit\u00e1nicas y sus cruzas) fue de U$S 1.362, el m\u00e1s alto de la serie desde enero de 2007.  <br><\/p>\n\n\n\n<p>Ese incremento se explica por un aumento en el valor de los cortes de exportaci\u00f3n y de las menudencias y subproductos, compensado parcialmente por la disminuci\u00f3n en el valor de la canal en el mercado interno, seg\u00fan INAC, mientras que el precio del cuero fresco se mantuvo estable.<br><\/p>\n\n\n\n<p>El valor de la hacienda se ubic\u00f3 en U$S 1.094, y el valor agregado industrial en U$S 268.<\/p>\n","protected":false},"excerpt":{"rendered":"<p>A pesar de cerrar 2019 con un r\u00e9cord de precios en el indicador del mes de diciembre de 2019, el promedio del novillo tipo durante el 2019, fue el cuarto [&hellip;]<\/p>\n","protected":false},"author":5,"featured_media":16916,"comment_status":"open","ping_status":"open","sticky":false,"template":"","format":"standard","meta":{"_price":"","_stock":"","_tribe_ticket_header":"","_tribe_default_ticket_provider":"","_tribe_ticket_capacity":"0","_ticket_start_date":"","_ticket_end_date":"","_tribe_ticket_show_description":"","_tribe_ticket_show_not_going":false,"_tribe_ticket_use_global_stock":"","_tribe_ticket_global_stock_level":"","_global_stock_mode":"","_global_stock_cap":"","_tribe_rsvp_for_event":"","_tribe_ticket_going_count":"","_tribe_ticket_not_going_count":"","_tribe_tickets_list":"[]","_tribe_ticket_has_attendee_info_fields":false,"h5ap_radio_sources":[],"_jetpack_newsletter_access":"","_jetpack_dont_email_post_to_subs":false,"_jetpack_newsletter_tier_id":0,"_jetpack_memberships_contains_paywalled_content":false,"_jetpack_memberships_contains_paid_content":false,"footnotes":""},"categories":[21,5],"tags":[],"class_list":["post-16914","post","type-post","status-publish","format-standard","has-post-thumbnail","hentry","category-actualidad","category-ganaderia"],"jetpack_featured_media_url":"https:\/\/i0.wp.com\/lahoradelcampo.com.uy\/site\/wp-content\/uploads\/2020\/01\/novillo-tipo111.jpg?fit=880%2C440","jetpack_sharing_enabled":true,"jetpack_shortlink":"https:\/\/wp.me\/p99IaT-4oO","jetpack-related-posts":[{"id":15900,"url":"http:\/\/lahoradelcampo.com.uy\/site\/novillo-tipo-valor-de-la-hacienda-en-maximos-para-el-mes-de-octubre\/","url_meta":{"origin":16914,"position":0},"title":"Novillo tipo: Valor de la hacienda en m\u00e1ximos para el mes de octubre","author":"La Hora del Campo","date":"19 noviembre, 2019","format":false,"excerpt":"El indicador del novillo tipo alcanz\u00f3 su tercer nivel m\u00e1s alto desde sus comienzos en el a\u00f1o 2007, tras cotizar a US$ 1.279 en el mes de octubre, quedando \u00fanicamente por detr\u00e1s de los valores alcanzados en los meses de octubre y noviembre de 2014. De acuerdo a los datos\u2026","rel":"","context":"En \u00abActualidad\u00bb","block_context":{"text":"Actualidad","link":"http:\/\/lahoradelcampo.com.uy\/site\/category\/actualidad\/"},"img":{"alt_text":"","src":"https:\/\/i0.wp.com\/lahoradelcampo.com.uy\/site\/wp-content\/uploads\/2017\/09\/Novillo.jpg?fit=880%2C440&resize=350%2C200","width":350,"height":200,"srcset":"https:\/\/i0.wp.com\/lahoradelcampo.com.uy\/site\/wp-content\/uploads\/2017\/09\/Novillo.jpg?fit=880%2C440&resize=350%2C200 1x, https:\/\/i0.wp.com\/lahoradelcampo.com.uy\/site\/wp-content\/uploads\/2017\/09\/Novillo.jpg?fit=880%2C440&resize=525%2C300 1.5x, https:\/\/i0.wp.com\/lahoradelcampo.com.uy\/site\/wp-content\/uploads\/2017\/09\/Novillo.jpg?fit=880%2C440&resize=700%2C400 2x"},"classes":[]},{"id":48171,"url":"http:\/\/lahoradelcampo.com.uy\/site\/diciembre-cerro-con-una-baja-del-51-para-el-novillo-tipo\/","url_meta":{"origin":16914,"position":1},"title":"Diciembre cerr\u00f3 con una baja del 5,1% para el Novillo Tipo","author":"La Hora del Campo","date":"17 enero, 2023","format":false,"excerpt":"El Instituto Nacional de Carnes (INAC) actualiz\u00f3 el indicador \"Novillo Tipo\" con los datos del mes de diciembre de 2022, donde se visualiza el cuarto descenso consecutivo en su cotizaci\u00f3n, desde el \u00faltimo repunte en el mes de agosto. Este indicador se ha posicionado en US$ 1.407 por cabeza, con\u2026","rel":"","context":"En \u00abActualidad\u00bb","block_context":{"text":"Actualidad","link":"http:\/\/lahoradelcampo.com.uy\/site\/category\/actualidad\/"},"img":{"alt_text":"","src":"https:\/\/i0.wp.com\/lahoradelcampo.com.uy\/site\/wp-content\/uploads\/2023\/01\/Novillo-TIPO-diciembre22.jpg?fit=880%2C440&resize=350%2C200","width":350,"height":200,"srcset":"https:\/\/i0.wp.com\/lahoradelcampo.com.uy\/site\/wp-content\/uploads\/2023\/01\/Novillo-TIPO-diciembre22.jpg?fit=880%2C440&resize=350%2C200 1x, https:\/\/i0.wp.com\/lahoradelcampo.com.uy\/site\/wp-content\/uploads\/2023\/01\/Novillo-TIPO-diciembre22.jpg?fit=880%2C440&resize=525%2C300 1.5x, https:\/\/i0.wp.com\/lahoradelcampo.com.uy\/site\/wp-content\/uploads\/2023\/01\/Novillo-TIPO-diciembre22.jpg?fit=880%2C440&resize=700%2C400 2x"},"classes":[]},{"id":55906,"url":"http:\/\/lahoradelcampo.com.uy\/site\/el-novillo-tipo-cerro-en-us-1-671-en-marzo-y-subio-19-frente-a-2024\/","url_meta":{"origin":16914,"position":2},"title":"El Novillo tipo cerr\u00f3 en US$ 1.671 en marzo y subi\u00f3 19% frente a 2024","author":"La Hora del Campo","date":"18 abril, 2025","format":false,"excerpt":"El Instituto Nacional de Carnes (INAC), dio a conocer su informe mensual del indicador del novillo tipo, correspondiente al mes de marzo de 2025, donde se muestra un nuevo incremento mensual del indicador, impulsado por subas tanto del mercado internacional como local. En el mes de marzo el valor generado\u2026","rel":"","context":"En \u00abActualidad\u00bb","block_context":{"text":"Actualidad","link":"http:\/\/lahoradelcampo.com.uy\/site\/category\/actualidad\/"},"img":{"alt_text":"","src":"https:\/\/i0.wp.com\/lahoradelcampo.com.uy\/site\/wp-content\/uploads\/2025\/04\/NT-3-2025.jpg?fit=880%2C440&resize=350%2C200","width":350,"height":200,"srcset":"https:\/\/i0.wp.com\/lahoradelcampo.com.uy\/site\/wp-content\/uploads\/2025\/04\/NT-3-2025.jpg?fit=880%2C440&resize=350%2C200 1x, https:\/\/i0.wp.com\/lahoradelcampo.com.uy\/site\/wp-content\/uploads\/2025\/04\/NT-3-2025.jpg?fit=880%2C440&resize=525%2C300 1.5x, https:\/\/i0.wp.com\/lahoradelcampo.com.uy\/site\/wp-content\/uploads\/2025\/04\/NT-3-2025.jpg?fit=880%2C440&resize=700%2C400 2x"},"classes":[]},{"id":48811,"url":"http:\/\/lahoradelcampo.com.uy\/site\/el-novillo-tipo-se-mantuvo-estable-en-enero-pero-cayo-el-valor-de-la-hacienda\/","url_meta":{"origin":16914,"position":3},"title":"El Novillo Tipo se mantuvo estable en enero, pero cay\u00f3 el valor de la hacienda","author":"La Hora del Campo","date":"20 febrero, 2023","format":false,"excerpt":"El Instituto Nacional de Carnes (INAC) actualiz\u00f3 el indicador \"Novillo Tipo\" con los datos del mes de enero de 2023, donde se visualiza una suba de un d\u00f3lar respecto al informe anterior, es decir un indicador estable respecto al mes de diciembre. Este indicador se ha posicionado en US$ 1.408\u2026","rel":"","context":"En \u00abActualidad\u00bb","block_context":{"text":"Actualidad","link":"http:\/\/lahoradelcampo.com.uy\/site\/category\/actualidad\/"},"img":{"alt_text":"","src":"https:\/\/i0.wp.com\/lahoradelcampo.com.uy\/site\/wp-content\/uploads\/2020\/08\/Novillossorgo.jpg?fit=880%2C440&resize=350%2C200","width":350,"height":200,"srcset":"https:\/\/i0.wp.com\/lahoradelcampo.com.uy\/site\/wp-content\/uploads\/2020\/08\/Novillossorgo.jpg?fit=880%2C440&resize=350%2C200 1x, https:\/\/i0.wp.com\/lahoradelcampo.com.uy\/site\/wp-content\/uploads\/2020\/08\/Novillossorgo.jpg?fit=880%2C440&resize=525%2C300 1.5x, https:\/\/i0.wp.com\/lahoradelcampo.com.uy\/site\/wp-content\/uploads\/2020\/08\/Novillossorgo.jpg?fit=880%2C440&resize=700%2C400 2x"},"classes":[]},{"id":38013,"url":"http:\/\/lahoradelcampo.com.uy\/site\/el-novillo-tipo-supero-el-maximo-acumulado-en-2014\/","url_meta":{"origin":16914,"position":4},"title":"El Novillo Tipo super\u00f3 el m\u00e1ximo acumulado en 2014","author":"La Hora del Campo","date":"3 enero, 2022","format":false,"excerpt":"A\u00fan resta que el Instituto Nacional de Carnes (INAC) brinde la informaci\u00f3n correspondiente al mes de diciembre, del indicador \"Novillo Tipo\", sin embargo hasta noviembre dicha referencia se ubica en igual promedio que el registrado en todo 2014a, que fue el valor m\u00e1ximo de la serie iniciada en 2007. De\u2026","rel":"","context":"En \u00abActualidad\u00bb","block_context":{"text":"Actualidad","link":"http:\/\/lahoradelcampo.com.uy\/site\/category\/actualidad\/"},"img":{"alt_text":"","src":"https:\/\/i0.wp.com\/lahoradelcampo.com.uy\/site\/wp-content\/uploads\/2021\/10\/Novillo-gordito.jpg?fit=880%2C440&resize=350%2C200","width":350,"height":200,"srcset":"https:\/\/i0.wp.com\/lahoradelcampo.com.uy\/site\/wp-content\/uploads\/2021\/10\/Novillo-gordito.jpg?fit=880%2C440&resize=350%2C200 1x, https:\/\/i0.wp.com\/lahoradelcampo.com.uy\/site\/wp-content\/uploads\/2021\/10\/Novillo-gordito.jpg?fit=880%2C440&resize=525%2C300 1.5x, https:\/\/i0.wp.com\/lahoradelcampo.com.uy\/site\/wp-content\/uploads\/2021\/10\/Novillo-gordito.jpg?fit=880%2C440&resize=700%2C400 2x"},"classes":[]},{"id":47627,"url":"http:\/\/lahoradelcampo.com.uy\/site\/el-novillo-tipo-registro-la-tercera-baja-consecutiva-en-noviembre\/","url_meta":{"origin":16914,"position":5},"title":"El Novillo Tipo registr\u00f3 la tercera baja consecutiva en noviembre","author":"La Hora del Campo","date":"17 diciembre, 2022","format":false,"excerpt":"El Instituto Nacional de Carnes (INAC) actualiz\u00f3 el indicador \u201cNovillo Tipo\u201d con los datos del mes de noviembre, donde se visualiza el tercer descenso consecutivo en su cotizaci\u00f3n. Este indicador se ha posicionado en US$ 1.483 por cabeza, con una ca\u00edda del 6,2% respecto a la informaci\u00f3n del mes de\u2026","rel":"","context":"En \u00abActualidad\u00bb","block_context":{"text":"Actualidad","link":"http:\/\/lahoradelcampo.com.uy\/site\/category\/actualidad\/"},"img":{"alt_text":"","src":"https:\/\/i0.wp.com\/lahoradelcampo.com.uy\/site\/wp-content\/uploads\/2022\/03\/novillo-merco.jpg?fit=880%2C440&resize=350%2C200","width":350,"height":200,"srcset":"https:\/\/i0.wp.com\/lahoradelcampo.com.uy\/site\/wp-content\/uploads\/2022\/03\/novillo-merco.jpg?fit=880%2C440&resize=350%2C200 1x, https:\/\/i0.wp.com\/lahoradelcampo.com.uy\/site\/wp-content\/uploads\/2022\/03\/novillo-merco.jpg?fit=880%2C440&resize=525%2C300 1.5x, https:\/\/i0.wp.com\/lahoradelcampo.com.uy\/site\/wp-content\/uploads\/2022\/03\/novillo-merco.jpg?fit=880%2C440&resize=700%2C400 2x"},"classes":[]}],"jetpack_likes_enabled":true,"_links":{"self":[{"href":"http:\/\/lahoradelcampo.com.uy\/site\/wp-json\/wp\/v2\/posts\/16914","targetHints":{"allow":["GET"]}}],"collection":[{"href":"http:\/\/lahoradelcampo.com.uy\/site\/wp-json\/wp\/v2\/posts"}],"about":[{"href":"http:\/\/lahoradelcampo.com.uy\/site\/wp-json\/wp\/v2\/types\/post"}],"author":[{"embeddable":true,"href":"http:\/\/lahoradelcampo.com.uy\/site\/wp-json\/wp\/v2\/users\/5"}],"replies":[{"embeddable":true,"href":"http:\/\/lahoradelcampo.com.uy\/site\/wp-json\/wp\/v2\/comments?post=16914"}],"version-history":[{"count":1,"href":"http:\/\/lahoradelcampo.com.uy\/site\/wp-json\/wp\/v2\/posts\/16914\/revisions"}],"predecessor-version":[{"id":16920,"href":"http:\/\/lahoradelcampo.com.uy\/site\/wp-json\/wp\/v2\/posts\/16914\/revisions\/16920"}],"wp:featuredmedia":[{"embeddable":true,"href":"http:\/\/lahoradelcampo.com.uy\/site\/wp-json\/wp\/v2\/media\/16916"}],"wp:attachment":[{"href":"http:\/\/lahoradelcampo.com.uy\/site\/wp-json\/wp\/v2\/media?parent=16914"}],"wp:term":[{"taxonomy":"category","embeddable":true,"href":"http:\/\/lahoradelcampo.com.uy\/site\/wp-json\/wp\/v2\/categories?post=16914"},{"taxonomy":"post_tag","embeddable":true,"href":"http:\/\/lahoradelcampo.com.uy\/site\/wp-json\/wp\/v2\/tags?post=16914"}],"curies":[{"name":"wp","href":"https:\/\/api.w.org\/{rel}","templated":true}]}}