{"id":16908,"date":"2020-01-17T06:52:40","date_gmt":"2020-01-17T09:52:40","guid":{"rendered":"http:\/\/lahoradelcampo.com.uy\/site\/?p=16908"},"modified":"2020-01-17T06:52:47","modified_gmt":"2020-01-17T09:52:47","slug":"australia-se-prepara-para-enfrentar-danos-en-sus-lanas-por-los-incendios","status":"publish","type":"post","link":"http:\/\/lahoradelcampo.com.uy\/site\/australia-se-prepara-para-enfrentar-danos-en-sus-lanas-por-los-incendios\/","title":{"rendered":"Australia se prepara para enfrentar da\u00f1os en sus lanas por los incendios"},"content":{"rendered":"\n<figure class=\"wp-block-image\"><img data-recalc-dims=\"1\" loading=\"lazy\" decoding=\"async\" width=\"810\" height=\"405\" data-attachment-id=\"16910\" data-permalink=\"http:\/\/lahoradelcampo.com.uy\/site\/australia-se-prepara-para-enfrentar-danos-en-sus-lanas-por-los-incendios\/incendios\/\" data-orig-file=\"https:\/\/i0.wp.com\/lahoradelcampo.com.uy\/site\/wp-content\/uploads\/2020\/01\/Incendios.jpg?fit=880%2C440\" data-orig-size=\"880,440\" data-comments-opened=\"1\" data-image-meta=\"{&quot;aperture&quot;:&quot;0&quot;,&quot;credit&quot;:&quot;&quot;,&quot;camera&quot;:&quot;&quot;,&quot;caption&quot;:&quot;&quot;,&quot;created_timestamp&quot;:&quot;0&quot;,&quot;copyright&quot;:&quot;&quot;,&quot;focal_length&quot;:&quot;0&quot;,&quot;iso&quot;:&quot;0&quot;,&quot;shutter_speed&quot;:&quot;0&quot;,&quot;title&quot;:&quot;&quot;,&quot;orientation&quot;:&quot;1&quot;}\" data-image-title=\"Incendios\" data-image-description=\"\" data-image-caption=\"\" data-large-file=\"https:\/\/i0.wp.com\/lahoradelcampo.com.uy\/site\/wp-content\/uploads\/2020\/01\/Incendios.jpg?fit=810%2C405\" src=\"https:\/\/i0.wp.com\/lahoradelcampo.com.uy\/site\/wp-content\/uploads\/2020\/01\/Incendios.jpg?resize=810%2C405\" alt=\"\" class=\"wp-image-16910\" srcset=\"https:\/\/i0.wp.com\/lahoradelcampo.com.uy\/site\/wp-content\/uploads\/2020\/01\/Incendios.jpg?w=880 880w, https:\/\/i0.wp.com\/lahoradelcampo.com.uy\/site\/wp-content\/uploads\/2020\/01\/Incendios.jpg?resize=300%2C150 300w, https:\/\/i0.wp.com\/lahoradelcampo.com.uy\/site\/wp-content\/uploads\/2020\/01\/Incendios.jpg?resize=768%2C384 768w, https:\/\/i0.wp.com\/lahoradelcampo.com.uy\/site\/wp-content\/uploads\/2020\/01\/Incendios.jpg?resize=820%2C410 820w\" sizes=\"auto, (max-width: 810px) 100vw, 810px\" \/><\/figure>\n\n\n\n<p>Los incendios que se registran en Australia est\u00e1n afectando la producci\u00f3n ovina, por lo que la lana tambi\u00e9n se ve afectada. De acuerdo a la empresa Mecardo y The Weekly Times en la zona afectada existen 8,6 millones de ovejas, que representan el 12% de la majada australiana. Ambas fuentes se\u00f1alan que est\u00e1 es la cantidad de ovinos en la zona afectada, pero que no responde al n\u00famero real de animales damnificados, para conocer las cifras exactas de las p\u00e9rdidas podr\u00edan pasar varios meses. <br><\/p>\n\n\n\n<p>El analista de Mecardo, Matt Dalgleish, dijo que el \u00e1rea actualmente afectada es muy superior a la afectada por las inundaciones en Queensland, donde demor\u00f3 tres meses conocer la cantidad exacta de ganados afectados. <br><\/p>\n\n\n\n<p>Algunos analistas australianos sostienen que las principales olas de calor se registran sobre el final del verano, por lo que advierten que a\u00fan no se ha pasado el peor momento, seg\u00fan public\u00f3 ABC News. <br><\/p>\n\n\n\n<p>Teniendo en cuenta el impacto que tendr\u00e1 en la producci\u00f3n de lana esta situaci\u00f3n, Australian Wool Exchange (AWEX) emiti\u00f3 un comunicado dirigido a los clasificadores de lana con recomendaciones para la cosecha de la fibra. <br><\/p>\n\n\n\n<p>Teniendo en cuenta que se podr\u00e1 encontrar lana quemada (da\u00f1ada por el fuego), lana chamuscada (da\u00f1os \u00fanicamente en la punta de la fibra) y lana afectada por el carb\u00f3n (sin da\u00f1os), AWEX recomienda separar la lana en tres l\u00edneas: 1) lana no afectada, 2) lana afectada por el carb\u00f3n pero sin da\u00f1os y 3) lana quemada\/chamuscada, con da\u00f1os.<\/p>\n","protected":false},"excerpt":{"rendered":"<p>Los incendios que se registran en Australia est\u00e1n afectando la producci\u00f3n ovina, por lo que la lana tambi\u00e9n se ve afectada. De acuerdo a la empresa Mecardo y The Weekly [&hellip;]<\/p>\n","protected":false},"author":5,"featured_media":16910,"comment_status":"open","ping_status":"open","sticky":false,"template":"","format":"standard","meta":{"_price":"","_stock":"","_tribe_ticket_header":"","_tribe_default_ticket_provider":"","_tribe_ticket_capacity":"0","_ticket_start_date":"","_ticket_end_date":"","_tribe_ticket_show_description":"","_tribe_ticket_show_not_going":false,"_tribe_ticket_use_global_stock":"","_tribe_ticket_global_stock_level":"","_global_stock_mode":"","_global_stock_cap":"","_tribe_rsvp_for_event":"","_tribe_ticket_going_count":"","_tribe_ticket_not_going_count":"","_tribe_tickets_list":"[]","_tribe_ticket_has_attendee_info_fields":false,"h5ap_radio_sources":[],"_jetpack_newsletter_access":"","_jetpack_dont_email_post_to_subs":false,"_jetpack_newsletter_tier_id":0,"_jetpack_memberships_contains_paywalled_content":false,"_jetpack_memberships_contains_paid_content":false,"footnotes":""},"categories":[21,5],"tags":[],"class_list":["post-16908","post","type-post","status-publish","format-standard","has-post-thumbnail","hentry","category-actualidad","category-ganaderia"],"jetpack_featured_media_url":"https:\/\/i0.wp.com\/lahoradelcampo.com.uy\/site\/wp-content\/uploads\/2020\/01\/Incendios.jpg?fit=880%2C440","jetpack_sharing_enabled":true,"jetpack_shortlink":"https:\/\/wp.me\/p99IaT-4oI","jetpack-related-posts":[{"id":657,"url":"http:\/\/lahoradelcampo.com.uy\/site\/apicultores-estimaron-las-perdidas-en-us-130-por-colmena-afectada\/","url_meta":{"origin":16908,"position":0},"title":"Apicultores estimaron las p\u00e9rdidas en U$S 130 por colmena afectada","author":"La Hora del Campo","date":"9 septiembre, 2017","format":false,"excerpt":"Los productores apicultores, la Comisi\u00f3n Honoraria de Desarrollo Ap\u00edcola y el Ministerio de Ganader\u00eda, Agricultura y Pesca, realizaron una evaluaci\u00f3n de las p\u00e9rdidas que causo la aplicaci\u00f3n de un producto altamente t\u00f3xico para las abejas en un plantaci\u00f3n citr\u00edcola de la zona. El tesorero de la Mesa Ap\u00edcola de Salto,\u2026","rel":"","context":"En \u00abActualidad\u00bb","block_context":{"text":"Actualidad","link":"http:\/\/lahoradelcampo.com.uy\/site\/category\/actualidad\/"},"img":{"alt_text":"","src":"https:\/\/i0.wp.com\/lahoradelcampo.com.uy\/site\/wp-content\/uploads\/2017\/09\/Remedi.jpg?fit=880%2C440&resize=350%2C200","width":350,"height":200,"srcset":"https:\/\/i0.wp.com\/lahoradelcampo.com.uy\/site\/wp-content\/uploads\/2017\/09\/Remedi.jpg?fit=880%2C440&resize=350%2C200 1x, https:\/\/i0.wp.com\/lahoradelcampo.com.uy\/site\/wp-content\/uploads\/2017\/09\/Remedi.jpg?fit=880%2C440&resize=525%2C300 1.5x, https:\/\/i0.wp.com\/lahoradelcampo.com.uy\/site\/wp-content\/uploads\/2017\/09\/Remedi.jpg?fit=880%2C440&resize=700%2C400 2x"},"classes":[]},{"id":38171,"url":"http:\/\/lahoradelcampo.com.uy\/site\/colonizacion-adopto-medidas-de-apoyo-a-afectados-por-los-incendios\/","url_meta":{"origin":16908,"position":1},"title":"INC adopto medidas de apoyo a afectados por los incendios","author":"La Hora del Campo","date":"7 enero, 2022","format":false,"excerpt":"El Directorio del INC defini\u00f3, como primera medida, acondicionar una fracci\u00f3n de la Colonia Jos\u00e9 Batlle y Ord\u00f3\u00f1ez para comenzar a proporcionar agua, comida y sombra al ganado desplazado por el incendio que abarc\u00f3 37 mil hect\u00e1reas. La Direcci\u00f3n Nacional de Bomberos comunic\u00f3 que los incendios, que comenzaron el 29\u2026","rel":"","context":"En \u00abActualidad\u00bb","block_context":{"text":"Actualidad","link":"http:\/\/lahoradelcampo.com.uy\/site\/category\/actualidad\/"},"img":{"alt_text":"","src":"https:\/\/i0.wp.com\/lahoradelcampo.com.uy\/site\/wp-content\/uploads\/2020\/05\/Colonizacion.jpg?fit=880%2C440&resize=350%2C200","width":350,"height":200,"srcset":"https:\/\/i0.wp.com\/lahoradelcampo.com.uy\/site\/wp-content\/uploads\/2020\/05\/Colonizacion.jpg?fit=880%2C440&resize=350%2C200 1x, https:\/\/i0.wp.com\/lahoradelcampo.com.uy\/site\/wp-content\/uploads\/2020\/05\/Colonizacion.jpg?fit=880%2C440&resize=525%2C300 1.5x, https:\/\/i0.wp.com\/lahoradelcampo.com.uy\/site\/wp-content\/uploads\/2020\/05\/Colonizacion.jpg?fit=880%2C440&resize=700%2C400 2x"},"classes":[]},{"id":39217,"url":"http:\/\/lahoradelcampo.com.uy\/site\/estan-abiertas-las-inscripciones-para-el-hotel-de-terneros-en-paysandu\/","url_meta":{"origin":16908,"position":2},"title":"Est\u00e1n abiertas las inscripciones para el Hotel de Terneros en Paysand\u00fa","author":"La Hora del Campo","date":"17 febrero, 2022","format":false,"excerpt":"El Ministerio de Ganader\u00eda, Agricultura y Pesca inform\u00f3 en la jornada de ayer que se abrieron las inscripciones para el \"Hotel de Terneros\" que se organiz\u00f3 en Paysand\u00fa, con el objetivo principal de atender a los productores afectados por los incendios en Paysand\u00fa y R\u00edo Negro. Como requisitos los productores\u2026","rel":"","context":"En \u00abActualidad\u00bb","block_context":{"text":"Actualidad","link":"http:\/\/lahoradelcampo.com.uy\/site\/category\/actualidad\/"},"img":{"alt_text":"","src":"https:\/\/i0.wp.com\/lahoradelcampo.com.uy\/site\/wp-content\/uploads\/2020\/04\/vacaternero.jpg?fit=880%2C440&resize=350%2C200","width":350,"height":200,"srcset":"https:\/\/i0.wp.com\/lahoradelcampo.com.uy\/site\/wp-content\/uploads\/2020\/04\/vacaternero.jpg?fit=880%2C440&resize=350%2C200 1x, https:\/\/i0.wp.com\/lahoradelcampo.com.uy\/site\/wp-content\/uploads\/2020\/04\/vacaternero.jpg?fit=880%2C440&resize=525%2C300 1.5x, https:\/\/i0.wp.com\/lahoradelcampo.com.uy\/site\/wp-content\/uploads\/2020\/04\/vacaternero.jpg?fit=880%2C440&resize=700%2C400 2x"},"classes":[]},{"id":5813,"url":"http:\/\/lahoradelcampo.com.uy\/site\/cuchilla-de-haedo-es-la-zona-mas-afectada-por-la-sequia\/","url_meta":{"origin":16908,"position":3},"title":"Cuchilla de Haedo es la zona  m\u00e1s afectada por la sequ\u00eda","author":"La Hora del Campo","date":"18 febrero, 2018","format":false,"excerpt":"La falta de precipitaciones ha venido generando falta de forraje, de agua para el abrebadero para el ganado y de celos en las vacas de cr\u00eda y \u00faltimamente seg\u00fan informaci\u00f3n aportada por los productores a CAMBIO, p\u00e9rdida de animales. El nivel de agua disponible en el perfil del suelo, publicado\u2026","rel":"","context":"En \u00abActualidad\u00bb","block_context":{"text":"Actualidad","link":"http:\/\/lahoradelcampo.com.uy\/site\/category\/actualidad\/"},"img":{"alt_text":"","src":"https:\/\/i0.wp.com\/lahoradelcampo.com.uy\/site\/wp-content\/uploads\/2018\/02\/Seca-1.jpg?fit=880%2C440&resize=350%2C200","width":350,"height":200,"srcset":"https:\/\/i0.wp.com\/lahoradelcampo.com.uy\/site\/wp-content\/uploads\/2018\/02\/Seca-1.jpg?fit=880%2C440&resize=350%2C200 1x, https:\/\/i0.wp.com\/lahoradelcampo.com.uy\/site\/wp-content\/uploads\/2018\/02\/Seca-1.jpg?fit=880%2C440&resize=525%2C300 1.5x, https:\/\/i0.wp.com\/lahoradelcampo.com.uy\/site\/wp-content\/uploads\/2018\/02\/Seca-1.jpg?fit=880%2C440&resize=700%2C400 2x"},"classes":[]},{"id":38093,"url":"http:\/\/lahoradelcampo.com.uy\/site\/mattos-anuncio-que-area-incendiada-se-declarara-en-emergencia-agropecuaria\/","url_meta":{"origin":16908,"position":4},"title":"Mattos anunci\u00f3 que \u00e1rea incendiada se declarar\u00e1 en Emergencia Agropecuaria","author":"La Hora del Campo","date":"4 enero, 2022","format":false,"excerpt":"El ministro de Ganader\u00eda, Agricultura y Pesca, Ing. Agr. Fernando Mattos, realiz\u00f3 una recorrida y dialog\u00f3 con los productores de la zona afectada por los incendios forestales en Paysand\u00fa y R\u00edo Negro. En di\u00e1logo con los productores, indic\u00f3 que se declarar\u00e1 en \"Emergencia agropecuaria\" las dos seccionales policiales que se\u2026","rel":"","context":"En \u00abActualidad\u00bb","block_context":{"text":"Actualidad","link":"http:\/\/lahoradelcampo.com.uy\/site\/category\/actualidad\/"},"img":{"alt_text":"","src":"https:\/\/i0.wp.com\/lahoradelcampo.com.uy\/site\/wp-content\/uploads\/2022\/01\/MGAP-Mattos.jpg?fit=880%2C440&resize=350%2C200","width":350,"height":200,"srcset":"https:\/\/i0.wp.com\/lahoradelcampo.com.uy\/site\/wp-content\/uploads\/2022\/01\/MGAP-Mattos.jpg?fit=880%2C440&resize=350%2C200 1x, https:\/\/i0.wp.com\/lahoradelcampo.com.uy\/site\/wp-content\/uploads\/2022\/01\/MGAP-Mattos.jpg?fit=880%2C440&resize=525%2C300 1.5x, https:\/\/i0.wp.com\/lahoradelcampo.com.uy\/site\/wp-content\/uploads\/2022\/01\/MGAP-Mattos.jpg?fit=880%2C440&resize=700%2C400 2x"},"classes":[]},{"id":3595,"url":"http:\/\/lahoradelcampo.com.uy\/site\/problemas-sanitarios-en-trigo-afectaran-la-calidad-del-grano\/","url_meta":{"origin":16908,"position":5},"title":"Problemas sanitarios en trigo afectaran la calidad del grano","author":"La Hora del Campo","date":"6 noviembre, 2017","format":false,"excerpt":"Los cultivos de trigo est\u00e1n registrando problemas sanitarios agudos de bacteriosis en varias zonas del pa\u00eds, seg\u00fan inform\u00f3 Grupo Trigo al cierre de la pasada semana. Hay expectativa sobre c\u00f3mo ser\u00e1 el impacto en la calidad de grano, particularmente en cuanto a peso hectol\u00edtrico. Carolina Silveyra, integrante del equipo t\u00e9cnico\u2026","rel":"","context":"En \u00abAgricultura\u00bb","block_context":{"text":"Agricultura","link":"http:\/\/lahoradelcampo.com.uy\/site\/category\/agricultura\/"},"img":{"alt_text":"","src":"https:\/\/i0.wp.com\/lahoradelcampo.com.uy\/site\/wp-content\/uploads\/2017\/11\/trigo.jpg?fit=880%2C440&resize=350%2C200","width":350,"height":200,"srcset":"https:\/\/i0.wp.com\/lahoradelcampo.com.uy\/site\/wp-content\/uploads\/2017\/11\/trigo.jpg?fit=880%2C440&resize=350%2C200 1x, https:\/\/i0.wp.com\/lahoradelcampo.com.uy\/site\/wp-content\/uploads\/2017\/11\/trigo.jpg?fit=880%2C440&resize=525%2C300 1.5x, https:\/\/i0.wp.com\/lahoradelcampo.com.uy\/site\/wp-content\/uploads\/2017\/11\/trigo.jpg?fit=880%2C440&resize=700%2C400 2x"},"classes":[]}],"jetpack_likes_enabled":true,"_links":{"self":[{"href":"http:\/\/lahoradelcampo.com.uy\/site\/wp-json\/wp\/v2\/posts\/16908","targetHints":{"allow":["GET"]}}],"collection":[{"href":"http:\/\/lahoradelcampo.com.uy\/site\/wp-json\/wp\/v2\/posts"}],"about":[{"href":"http:\/\/lahoradelcampo.com.uy\/site\/wp-json\/wp\/v2\/types\/post"}],"author":[{"embeddable":true,"href":"http:\/\/lahoradelcampo.com.uy\/site\/wp-json\/wp\/v2\/users\/5"}],"replies":[{"embeddable":true,"href":"http:\/\/lahoradelcampo.com.uy\/site\/wp-json\/wp\/v2\/comments?post=16908"}],"version-history":[{"count":1,"href":"http:\/\/lahoradelcampo.com.uy\/site\/wp-json\/wp\/v2\/posts\/16908\/revisions"}],"predecessor-version":[{"id":16912,"href":"http:\/\/lahoradelcampo.com.uy\/site\/wp-json\/wp\/v2\/posts\/16908\/revisions\/16912"}],"wp:featuredmedia":[{"embeddable":true,"href":"http:\/\/lahoradelcampo.com.uy\/site\/wp-json\/wp\/v2\/media\/16910"}],"wp:attachment":[{"href":"http:\/\/lahoradelcampo.com.uy\/site\/wp-json\/wp\/v2\/media?parent=16908"}],"wp:term":[{"taxonomy":"category","embeddable":true,"href":"http:\/\/lahoradelcampo.com.uy\/site\/wp-json\/wp\/v2\/categories?post=16908"},{"taxonomy":"post_tag","embeddable":true,"href":"http:\/\/lahoradelcampo.com.uy\/site\/wp-json\/wp\/v2\/tags?post=16908"}],"curies":[{"name":"wp","href":"https:\/\/api.w.org\/{rel}","templated":true}]}}