{"id":16904,"date":"2020-01-17T06:48:48","date_gmt":"2020-01-17T09:48:48","guid":{"rendered":"http:\/\/lahoradelcampo.com.uy\/site\/?p=16904"},"modified":"2020-01-17T06:59:15","modified_gmt":"2020-01-17T09:59:15","slug":"en-uruguay-el-mercado-continua-retraido-con-negocios-puntuales","status":"publish","type":"post","link":"http:\/\/lahoradelcampo.com.uy\/site\/en-uruguay-el-mercado-continua-retraido-con-negocios-puntuales\/","title":{"rendered":"En Uruguay el mercado contin\u00faa retra\u00eddo, con negocios puntuales"},"content":{"rendered":"\n<figure class=\"wp-block-image\"><img data-recalc-dims=\"1\" loading=\"lazy\" decoding=\"async\" width=\"810\" height=\"405\" data-attachment-id=\"1339\" data-permalink=\"http:\/\/lahoradelcampo.com.uy\/site\/lote-de-181-micras-cotizo-a-us-1080\/lanas-a\/\" data-orig-file=\"https:\/\/i0.wp.com\/lahoradelcampo.com.uy\/site\/wp-content\/uploads\/2017\/09\/Lanas-a.jpg?fit=880%2C440\" data-orig-size=\"880,440\" data-comments-opened=\"1\" data-image-meta=\"{&quot;aperture&quot;:&quot;0&quot;,&quot;credit&quot;:&quot;Vicente-Manuel-Tort&quot;,&quot;camera&quot;:&quot;&quot;,&quot;caption&quot;:&quot;&quot;,&quot;created_timestamp&quot;:&quot;0&quot;,&quot;copyright&quot;:&quot;Presidencia de la Republica - Sec.Com.Inst.&quot;,&quot;focal_length&quot;:&quot;0&quot;,&quot;iso&quot;:&quot;0&quot;,&quot;shutter_speed&quot;:&quot;0&quot;,&quot;title&quot;:&quot;&quot;,&quot;orientation&quot;:&quot;1&quot;}\" data-image-title=\"Lanas a\" data-image-description=\"\" data-image-caption=\"\" data-large-file=\"https:\/\/i0.wp.com\/lahoradelcampo.com.uy\/site\/wp-content\/uploads\/2017\/09\/Lanas-a.jpg?fit=810%2C405\" src=\"https:\/\/i0.wp.com\/lahoradelcampo.com.uy\/site\/wp-content\/uploads\/2017\/09\/Lanas-a.jpg?resize=810%2C405\" alt=\"\" class=\"wp-image-1339\" srcset=\"https:\/\/i0.wp.com\/lahoradelcampo.com.uy\/site\/wp-content\/uploads\/2017\/09\/Lanas-a.jpg?w=880 880w, https:\/\/i0.wp.com\/lahoradelcampo.com.uy\/site\/wp-content\/uploads\/2017\/09\/Lanas-a.jpg?resize=300%2C150 300w, https:\/\/i0.wp.com\/lahoradelcampo.com.uy\/site\/wp-content\/uploads\/2017\/09\/Lanas-a.jpg?resize=768%2C384 768w, https:\/\/i0.wp.com\/lahoradelcampo.com.uy\/site\/wp-content\/uploads\/2017\/09\/Lanas-a.jpg?resize=820%2C410 820w\" sizes=\"auto, (max-width: 810px) 100vw, 810px\" \/><\/figure>\n\n\n\n<p>A nivel del mercado interno en Uruguay no se ha logrado a\u00fan captar el comienzo alcista del mercado lanero en Australia, con un sector productivo que contin\u00faa sin presionar a una demanda que tambi\u00e9n est\u00e1 a la espera de negocios en el exterior que permitan una escala de precios que se acerque m\u00e1s a las aspiraciones del productor. <br><\/p>\n\n\n\n<p>Operadores consultados se\u00f1alaron que la suba de precios puede alentar a productores con lotes peque\u00f1os a vender su lana o a quienes por alguna necesidad personal deban comercializar necesariamente el lote. <\/p>\n\n\n\n<p>Recordemos que las condiciones han cambiado, en la primera mitad de la zafra y con valores del vacuno en alza, el productor mayoritariamente opt\u00f3 por vender ganados y hacer caja, a la espera de mejores valores para lana, sin embargo este arranque sin negocios y menores valores por el ganado para la industria, podr\u00eda acelerar el proceso de compra, sin embargo concuerdan que aquellos productores que optaron por no vender en la primera mitad de la zafra, no saldr\u00e1n a negociar luego de la primera suba en Australia, a pesar que se realizaron consultas en las \u00faltimas jornadas. <br><\/p>\n\n\n\n<p>Varios integrantes de la industria topista uruguaya retornan de sus vacaciones, al igual que los productores, por lo que las consultas si bien han encontrado algo de mejora en los valores a\u00fan no conforman.<br><\/p>\n\n\n\n<p>Representantes de la industria, en el litoral norte del pa\u00eds, hicieron hincapi\u00e9 en se\u00f1alar que el nivel de vellones de menor calidad en esta zafra, ser\u00e1 determinante en la formaci\u00f3n del precio, m\u00e1s all\u00e1 de las variables del rendimiento al lavado y el micronaje. Por lo que el romaneo de la esquila ser\u00e1 una pieza clave en la formaci\u00f3n de los precios. <br><\/p>\n\n\n\n<p>Otro de los factores que se han venido marcando en esta zafra, es la similitud de los valores para las lanas con acondicionamiento grifa celeste y los lotes sin acondicionar.<br><\/p>\n\n\n\n<p>La Uni\u00f3n de Consignatarios y Rematadores de Lana del Uruguay dieron a conocer valores de negocios tanto en lanas medias como finas. En este sentido las lanas de 21 a 21,9 micras registraron promedios de US$ 7,00 y US$ 7,30 con grifas celeste y verde respectivamente, mientras lanas de 22 a 22,9 micras US$ 6,50 grifa verde. <br><\/p>\n\n\n\n<p>Para las lanas medias los valores se posicionan en US$ 3,00 para lanas sin acondicionar de 27 a 27,9 micras, de US$ 2,60 a US$ 2,80 para lanas de 28 a 28,9 micras para lotes sin acondicionamiento y  grifa celeste, mientras que para negocios de 29 a 29,9 micras, los valores son de US$ 2,50 a US$ 3,10, sin acondicionar y con grifa verde respectivamente. <br><\/p>\n\n\n\n<p>Tambi\u00e9n la gremial da a conocer negocios de lanas de cordero fino a US$ 3,50 y general a US$ 2.10.<\/p>\n","protected":false},"excerpt":{"rendered":"<p>A nivel del mercado interno en Uruguay no se ha logrado a\u00fan captar el comienzo alcista del mercado lanero en Australia, con un sector productivo que contin\u00faa sin presionar a [&hellip;]<\/p>\n","protected":false},"author":5,"featured_media":1339,"comment_status":"open","ping_status":"open","sticky":false,"template":"","format":"standard","meta":{"_price":"","_stock":"","_tribe_ticket_header":"","_tribe_default_ticket_provider":"","_tribe_ticket_capacity":"0","_ticket_start_date":"","_ticket_end_date":"","_tribe_ticket_show_description":"","_tribe_ticket_show_not_going":false,"_tribe_ticket_use_global_stock":"","_tribe_ticket_global_stock_level":"","_global_stock_mode":"","_global_stock_cap":"","_tribe_rsvp_for_event":"","_tribe_ticket_going_count":"","_tribe_ticket_not_going_count":"","_tribe_tickets_list":"[]","_tribe_ticket_has_attendee_info_fields":false,"h5ap_radio_sources":[],"_jetpack_newsletter_access":"","_jetpack_dont_email_post_to_subs":false,"_jetpack_newsletter_tier_id":0,"_jetpack_memberships_contains_paywalled_content":false,"_jetpack_memberships_contains_paid_content":false,"footnotes":""},"categories":[21,5],"tags":[],"class_list":["post-16904","post","type-post","status-publish","format-standard","has-post-thumbnail","hentry","category-actualidad","category-ganaderia"],"jetpack_featured_media_url":"https:\/\/i0.wp.com\/lahoradelcampo.com.uy\/site\/wp-content\/uploads\/2017\/09\/Lanas-a.jpg?fit=880%2C440","jetpack_sharing_enabled":true,"jetpack_shortlink":"https:\/\/wp.me\/p99IaT-4oE","jetpack-related-posts":[{"id":24012,"url":"http:\/\/lahoradelcampo.com.uy\/site\/mercado-lanero-con-estimaciones-de-precios-un-50-por-debajo\/","url_meta":{"origin":16904,"position":0},"title":"Mercado lanero con estimaciones de precios un 50% por debajo","author":"La Hora del Campo","date":"24 septiembre, 2020","format":false,"excerpt":"La zafra lanera a nivel de Uruguay contin\u00faa con las esquilas, a un ritmo hist\u00f3rico, ya que la pre-parto logr\u00f3 concretarse sin atrasos y la cosecha en animales solteros ha comenzado tambi\u00e9n sin inconvenientes clim\u00e1ticos. Las lanas son de buena calidad seg\u00fan los t\u00e9cnicos del SUL y algo m\u00e1s livianas\u2026","rel":"","context":"En \u00abActualidad\u00bb","block_context":{"text":"Actualidad","link":"http:\/\/lahoradelcampo.com.uy\/site\/category\/actualidad\/"},"img":{"alt_text":"","src":"https:\/\/i0.wp.com\/lahoradelcampo.com.uy\/site\/wp-content\/uploads\/2017\/09\/Lanas-1.jpg?fit=880%2C440&resize=350%2C200","width":350,"height":200,"srcset":"https:\/\/i0.wp.com\/lahoradelcampo.com.uy\/site\/wp-content\/uploads\/2017\/09\/Lanas-1.jpg?fit=880%2C440&resize=350%2C200 1x, https:\/\/i0.wp.com\/lahoradelcampo.com.uy\/site\/wp-content\/uploads\/2017\/09\/Lanas-1.jpg?fit=880%2C440&resize=525%2C300 1.5x, https:\/\/i0.wp.com\/lahoradelcampo.com.uy\/site\/wp-content\/uploads\/2017\/09\/Lanas-1.jpg?fit=880%2C440&resize=700%2C400 2x"},"classes":[]},{"id":14619,"url":"http:\/\/lahoradelcampo.com.uy\/site\/productores-consultan-por-negocios-pero-el-mercado-continua-sin-referencias\/","url_meta":{"origin":16904,"position":1},"title":"Productores consultan por negocios, pero el mercado continua sin referencias","author":"La Hora del Campo","date":"30 septiembre, 2019","format":false,"excerpt":"El desarrollo positivo de la semana a nivel internacional contin\u00faa ilusionando a los productores uruguayos con nuevos valores por parte de la demanda, que permitan formar un mercado con referencias m\u00e1s cercanas a la zafra pasada, que en definitiva es lo que aspira el productor. En el di\u00e1logo con operadores\u2026","rel":"","context":"En \u00abActualidad\u00bb","block_context":{"text":"Actualidad","link":"http:\/\/lahoradelcampo.com.uy\/site\/category\/actualidad\/"},"img":{"alt_text":"","src":"https:\/\/i0.wp.com\/lahoradelcampo.com.uy\/site\/wp-content\/uploads\/2017\/12\/Lana.jpg?fit=880%2C440&resize=350%2C200","width":350,"height":200,"srcset":"https:\/\/i0.wp.com\/lahoradelcampo.com.uy\/site\/wp-content\/uploads\/2017\/12\/Lana.jpg?fit=880%2C440&resize=350%2C200 1x, https:\/\/i0.wp.com\/lahoradelcampo.com.uy\/site\/wp-content\/uploads\/2017\/12\/Lana.jpg?fit=880%2C440&resize=525%2C300 1.5x, https:\/\/i0.wp.com\/lahoradelcampo.com.uy\/site\/wp-content\/uploads\/2017\/12\/Lana.jpg?fit=880%2C440&resize=700%2C400 2x"},"classes":[]},{"id":10841,"url":"http:\/\/lahoradelcampo.com.uy\/site\/el-cierre-de-la-zafra-lanera-se-acerca-con-un-20-sin-vender\/","url_meta":{"origin":16904,"position":2},"title":"El cierre de la zafra lanera se acerca con un 20% sin vender","author":"La Hora del Campo","date":"17 mayo, 2019","format":false,"excerpt":"El mercado lanero uruguayo, al igual que a nivel internacional, se acerca al cierre de la zafra lanera 2018\/19 con expectativas en los productores de mejorar los precios y una demanda cautelosa que observa las ca\u00eddas consecutivas que va teniendo el mercado internacional. En esta situaci\u00f3n la distancia entre lo\u2026","rel":"","context":"En \u00abActualidad\u00bb","block_context":{"text":"Actualidad","link":"http:\/\/lahoradelcampo.com.uy\/site\/category\/actualidad\/"},"img":{"alt_text":"","src":"https:\/\/i0.wp.com\/lahoradelcampo.com.uy\/site\/wp-content\/uploads\/2019\/05\/lanas-interno.jpg?fit=880%2C440&resize=350%2C200","width":350,"height":200,"srcset":"https:\/\/i0.wp.com\/lahoradelcampo.com.uy\/site\/wp-content\/uploads\/2019\/05\/lanas-interno.jpg?fit=880%2C440&resize=350%2C200 1x, https:\/\/i0.wp.com\/lahoradelcampo.com.uy\/site\/wp-content\/uploads\/2019\/05\/lanas-interno.jpg?fit=880%2C440&resize=525%2C300 1.5x, https:\/\/i0.wp.com\/lahoradelcampo.com.uy\/site\/wp-content\/uploads\/2019\/05\/lanas-interno.jpg?fit=880%2C440&resize=700%2C400 2x"},"classes":[]},{"id":46161,"url":"http:\/\/lahoradelcampo.com.uy\/site\/mercado-nominal-en-uruguay-sin-referencias-de-precios\/","url_meta":{"origin":16904,"position":3},"title":"Mercado nominal en Uruguay, sin referencias de precios","author":"La Hora del Campo","date":"7 octubre, 2022","format":false,"excerpt":"Operadores y representantes de la industria consultados en los \u00faltimos d\u00edas han marcado que el mercado se encuentra nominal en el pa\u00eds, con negocios que se concretan ante la decisi\u00f3n del productor de fijar precio de lotes que se encuentran en posesi\u00f3n de la industria. Ante los negocios de merino\u2026","rel":"","context":"En \u00abActualidad\u00bb","block_context":{"text":"Actualidad","link":"http:\/\/lahoradelcampo.com.uy\/site\/category\/actualidad\/"},"img":{"alt_text":"","src":"https:\/\/i0.wp.com\/lahoradelcampo.com.uy\/site\/wp-content\/uploads\/2021\/05\/lanasangerardo.jpg?fit=880%2C440&resize=350%2C200","width":350,"height":200,"srcset":"https:\/\/i0.wp.com\/lahoradelcampo.com.uy\/site\/wp-content\/uploads\/2021\/05\/lanasangerardo.jpg?fit=880%2C440&resize=350%2C200 1x, https:\/\/i0.wp.com\/lahoradelcampo.com.uy\/site\/wp-content\/uploads\/2021\/05\/lanasangerardo.jpg?fit=880%2C440&resize=525%2C300 1.5x, https:\/\/i0.wp.com\/lahoradelcampo.com.uy\/site\/wp-content\/uploads\/2021\/05\/lanasangerardo.jpg?fit=880%2C440&resize=700%2C400 2x"},"classes":[]},{"id":37187,"url":"http:\/\/lahoradelcampo.com.uy\/site\/el-mercado-interno-con-negocios-muy-puntuales\/","url_meta":{"origin":16904,"position":4},"title":"El mercado interno con negocios muy puntuales","author":"La Hora del Campo","date":"3 diciembre, 2021","format":false,"excerpt":"De acuerdo al di\u00e1logo mantenido con algunos operadores, el mercado se posicion\u00f3 \"raro\" esta semana. Algunas operativas que se ven\u00edan conversando en las \u00faltimas semanas, \"se trancaron\" dijo un consignatario y mencion\u00f3 que ahora resta esperar una reacci\u00f3n positiva del mercado internacional. En el caso de las lanas finas, a\u00fan\u2026","rel":"","context":"En \u00abActualidad\u00bb","block_context":{"text":"Actualidad","link":"http:\/\/lahoradelcampo.com.uy\/site\/category\/actualidad\/"},"img":{"alt_text":"","src":"https:\/\/i0.wp.com\/lahoradelcampo.com.uy\/site\/wp-content\/uploads\/2021\/12\/Lana-camion.jpg?fit=880%2C440&resize=350%2C200","width":350,"height":200,"srcset":"https:\/\/i0.wp.com\/lahoradelcampo.com.uy\/site\/wp-content\/uploads\/2021\/12\/Lana-camion.jpg?fit=880%2C440&resize=350%2C200 1x, https:\/\/i0.wp.com\/lahoradelcampo.com.uy\/site\/wp-content\/uploads\/2021\/12\/Lana-camion.jpg?fit=880%2C440&resize=525%2C300 1.5x, https:\/\/i0.wp.com\/lahoradelcampo.com.uy\/site\/wp-content\/uploads\/2021\/12\/Lana-camion.jpg?fit=880%2C440&resize=700%2C400 2x"},"classes":[]},{"id":12035,"url":"http:\/\/lahoradelcampo.com.uy\/site\/mercado-lanero-uruguayo-a-la-espera-de-la-nueva-zafra\/","url_meta":{"origin":16904,"position":5},"title":"Mercado lanero uruguayo a la espera de la nueva zafra","author":"La Hora del Campo","date":"21 junio, 2019","format":false,"excerpt":"El mercado lanero en Uruguay contin\u00faa sin operativas, pero con consultas en cuanto a precios para negocios con la lana disponible. Los negocios de lana en el lomo pr\u00e1cticamente no existen en este momento, el productor tiene expectativas de lograr valores m\u00e1s cercanos a este mismo momento del a\u00f1o pasado,\u2026","rel":"","context":"En \u00abActualidad\u00bb","block_context":{"text":"Actualidad","link":"http:\/\/lahoradelcampo.com.uy\/site\/category\/actualidad\/"},"img":{"alt_text":"","src":"https:\/\/i0.wp.com\/lahoradelcampo.com.uy\/site\/wp-content\/uploads\/2019\/06\/lana-esquila.jpg?fit=880%2C440&resize=350%2C200","width":350,"height":200,"srcset":"https:\/\/i0.wp.com\/lahoradelcampo.com.uy\/site\/wp-content\/uploads\/2019\/06\/lana-esquila.jpg?fit=880%2C440&resize=350%2C200 1x, https:\/\/i0.wp.com\/lahoradelcampo.com.uy\/site\/wp-content\/uploads\/2019\/06\/lana-esquila.jpg?fit=880%2C440&resize=525%2C300 1.5x, https:\/\/i0.wp.com\/lahoradelcampo.com.uy\/site\/wp-content\/uploads\/2019\/06\/lana-esquila.jpg?fit=880%2C440&resize=700%2C400 2x"},"classes":[]}],"jetpack_likes_enabled":true,"_links":{"self":[{"href":"http:\/\/lahoradelcampo.com.uy\/site\/wp-json\/wp\/v2\/posts\/16904","targetHints":{"allow":["GET"]}}],"collection":[{"href":"http:\/\/lahoradelcampo.com.uy\/site\/wp-json\/wp\/v2\/posts"}],"about":[{"href":"http:\/\/lahoradelcampo.com.uy\/site\/wp-json\/wp\/v2\/types\/post"}],"author":[{"embeddable":true,"href":"http:\/\/lahoradelcampo.com.uy\/site\/wp-json\/wp\/v2\/users\/5"}],"replies":[{"embeddable":true,"href":"http:\/\/lahoradelcampo.com.uy\/site\/wp-json\/wp\/v2\/comments?post=16904"}],"version-history":[{"count":2,"href":"http:\/\/lahoradelcampo.com.uy\/site\/wp-json\/wp\/v2\/posts\/16904\/revisions"}],"predecessor-version":[{"id":16922,"href":"http:\/\/lahoradelcampo.com.uy\/site\/wp-json\/wp\/v2\/posts\/16904\/revisions\/16922"}],"wp:featuredmedia":[{"embeddable":true,"href":"http:\/\/lahoradelcampo.com.uy\/site\/wp-json\/wp\/v2\/media\/1339"}],"wp:attachment":[{"href":"http:\/\/lahoradelcampo.com.uy\/site\/wp-json\/wp\/v2\/media?parent=16904"}],"wp:term":[{"taxonomy":"category","embeddable":true,"href":"http:\/\/lahoradelcampo.com.uy\/site\/wp-json\/wp\/v2\/categories?post=16904"},{"taxonomy":"post_tag","embeddable":true,"href":"http:\/\/lahoradelcampo.com.uy\/site\/wp-json\/wp\/v2\/tags?post=16904"}],"curies":[{"name":"wp","href":"https:\/\/api.w.org\/{rel}","templated":true}]}}