{"id":16900,"date":"2020-01-17T06:45:52","date_gmt":"2020-01-17T09:45:52","guid":{"rendered":"http:\/\/lahoradelcampo.com.uy\/site\/?p=16900"},"modified":"2020-01-17T06:46:05","modified_gmt":"2020-01-17T09:46:05","slug":"el-retorno-del-receso-dejo-un-sabor-agridulce-en-el-mercado-lanero","status":"publish","type":"post","link":"http:\/\/lahoradelcampo.com.uy\/site\/el-retorno-del-receso-dejo-un-sabor-agridulce-en-el-mercado-lanero\/","title":{"rendered":"El retorno del receso dej\u00f3 un sabor agridulce en el mercado lanero"},"content":{"rendered":"\n<figure class=\"wp-block-image\"><img data-recalc-dims=\"1\" loading=\"lazy\" decoding=\"async\" width=\"810\" height=\"405\" data-attachment-id=\"1687\" data-permalink=\"http:\/\/lahoradelcampo.com.uy\/site\/ime-cerro-estable-luego-de-las-bajas-registradas-las-semanas-previas\/lanas-3\/\" data-orig-file=\"https:\/\/i0.wp.com\/lahoradelcampo.com.uy\/site\/wp-content\/uploads\/2017\/09\/Lanas-1.jpg?fit=880%2C440\" data-orig-size=\"880,440\" data-comments-opened=\"1\" data-image-meta=\"{&quot;aperture&quot;:&quot;0&quot;,&quot;credit&quot;:&quot;Vicente-Manuel-Tort&quot;,&quot;camera&quot;:&quot;&quot;,&quot;caption&quot;:&quot;&quot;,&quot;created_timestamp&quot;:&quot;0&quot;,&quot;copyright&quot;:&quot;Presidencia de la Republica - Sec.Com.Inst.&quot;,&quot;focal_length&quot;:&quot;0&quot;,&quot;iso&quot;:&quot;0&quot;,&quot;shutter_speed&quot;:&quot;0&quot;,&quot;title&quot;:&quot;&quot;,&quot;orientation&quot;:&quot;1&quot;}\" data-image-title=\"Lanas\" data-image-description=\"\" data-image-caption=\"\" data-large-file=\"https:\/\/i0.wp.com\/lahoradelcampo.com.uy\/site\/wp-content\/uploads\/2017\/09\/Lanas-1.jpg?fit=810%2C405\" src=\"https:\/\/i0.wp.com\/lahoradelcampo.com.uy\/site\/wp-content\/uploads\/2017\/09\/Lanas-1.jpg?resize=810%2C405\" alt=\"\" class=\"wp-image-1687\" srcset=\"https:\/\/i0.wp.com\/lahoradelcampo.com.uy\/site\/wp-content\/uploads\/2017\/09\/Lanas-1.jpg?w=880 880w, https:\/\/i0.wp.com\/lahoradelcampo.com.uy\/site\/wp-content\/uploads\/2017\/09\/Lanas-1.jpg?resize=300%2C150 300w, https:\/\/i0.wp.com\/lahoradelcampo.com.uy\/site\/wp-content\/uploads\/2017\/09\/Lanas-1.jpg?resize=768%2C384 768w, https:\/\/i0.wp.com\/lahoradelcampo.com.uy\/site\/wp-content\/uploads\/2017\/09\/Lanas-1.jpg?resize=820%2C410 820w\" sizes=\"auto, (max-width: 810px) 100vw, 810px\" \/><\/figure>\n\n\n\n<p>Luego de un comienzo de la semana con una suba de 63 centavos en el Indicador de Mercados del Este (IME), el mercado se fue moderando y finaliz\u00f3 con una retracci\u00f3n en los valores 23 centavos el \u00faltimo d\u00eda de ventas. Si bien no deja de ser una semana positiva para el mercado, ha dejado en ese sabor agridulce que se ha registrado durante toda la primera mitad de la zafra, con subas y bajas constantes. <br><\/p>\n\n\n\n<p>El retorno del receso marc\u00f3 un muy buen nivel de colocaci\u00f3n, con una demanda que demostraba estar necesitada de lana, sin embargo la calidad de la fibra ofertada presion\u00f3 de forma negativa el mercado y redujo el nivel de compra sobre el cierre de la jornada. Seg\u00fan Australian Wool Exchange (AWEX), el 21,8% de la oferta esta semana ya hab\u00eda sido ofertada durante la primera mitad de la zafra, antes del mes de diciembre, entrando lanas que ingresaron a venta en el mes de agosto y que no encontraron valores que satisficiera a los productores australianos.<br><\/p>\n\n\n\n<p>Ante esta situaci\u00f3n las primas m\u00e1s destacadas en los valores se registraron para aquellos lotes de mejor calidad, con buenos datos de resistencia a la tracci\u00f3n y largo de mecha (dos de los principales problemas de la lana australiana esta zafra) y se castig\u00f3 fuertemente aquellos lotes que registraban altos niveles de materia vegetal y que no lograban alcanzar los requerimientos m\u00ednimos de la demanda. <br><\/p>\n\n\n\n<p>En el contexto general, el Indicador de Mercados del Este en d\u00f3lares estadounidenses cerr\u00f3 a US$ 11,11 por kilogramo base limpia, registrando una suba de 45 centavos sobre la \u00faltima venta del mes de diciembre, previo al receso de las tradicionales fiestas. En tanto que en la moneda australiana dicho indicador cotiz\u00f3 a A$ 16,09, ganado 51 centavos en esta primera semana de la segunda mitad de la zafra. <br><\/p>\n\n\n\n<p>La oferta semanal alcanz\u00f3 los 52.260 fardos, la oferta de lana m\u00e1s alta de la presente zafra, sin embargo est\u00e1 dentro de los vol\u00famenes comercializados al retorno del receso en las dos zafras anteriores. Como lo mencionamos anteriormente la semana comenz\u00f3 con casi un 97% de colocaci\u00f3n, sin embargo cerr\u00f3 con un promedio del 89,5% en los tres d\u00edas de ventas. <br><\/p>\n\n\n\n<p>Para la pr\u00f3xima semana la oferta estimada por AWEX se ha situado en el eje de los 60.000 fardos, lo que puede continuar ejerciendo presi\u00f3n a la baja en el mercado. Las ventas se llevaran a cabo los d\u00edas martes 21, mi\u00e9rcoles 22 y jueves 23 en el centro de Melbourne con una oferta de m\u00e1s de 30.000 fardos, mientras que los centros de Fremantle y Sidney estar\u00e1n operativos los d\u00edas mi\u00e9rcoles y jueves. <\/p>\n","protected":false},"excerpt":{"rendered":"<p>Luego de un comienzo de la semana con una suba de 63 centavos en el Indicador de Mercados del Este (IME), el mercado se fue moderando y finaliz\u00f3 con una [&hellip;]<\/p>\n","protected":false},"author":5,"featured_media":1687,"comment_status":"open","ping_status":"open","sticky":false,"template":"","format":"standard","meta":{"_price":"","_stock":"","_tribe_ticket_header":"","_tribe_default_ticket_provider":"","_tribe_ticket_capacity":"0","_ticket_start_date":"","_ticket_end_date":"","_tribe_ticket_show_description":"","_tribe_ticket_show_not_going":false,"_tribe_ticket_use_global_stock":"","_tribe_ticket_global_stock_level":"","_global_stock_mode":"","_global_stock_cap":"","_tribe_rsvp_for_event":"","_tribe_ticket_going_count":"","_tribe_ticket_not_going_count":"","_tribe_tickets_list":"[]","_tribe_ticket_has_attendee_info_fields":false,"h5ap_radio_sources":[],"_jetpack_newsletter_access":"","_jetpack_dont_email_post_to_subs":false,"_jetpack_newsletter_tier_id":0,"_jetpack_memberships_contains_paywalled_content":false,"_jetpack_memberships_contains_paid_content":false,"footnotes":""},"categories":[21,5],"tags":[],"class_list":["post-16900","post","type-post","status-publish","format-standard","has-post-thumbnail","hentry","category-actualidad","category-ganaderia"],"jetpack_featured_media_url":"https:\/\/i0.wp.com\/lahoradelcampo.com.uy\/site\/wp-content\/uploads\/2017\/09\/Lanas-1.jpg?fit=880%2C440","jetpack_sharing_enabled":true,"jetpack_shortlink":"https:\/\/wp.me\/p99IaT-4oA","jetpack-related-posts":[{"id":16530,"url":"http:\/\/lahoradelcampo.com.uy\/site\/australia-se-fue-al-receso-con-una-suba-de-31-centavos\/","url_meta":{"origin":16900,"position":0},"title":"Australia se fue al receso con una suba de 31 centavos","author":"La Hora del Campo","date":"20 diciembre, 2019","format":false,"excerpt":"Esta semana el mercado lanero australiano realiz\u00f3 ventas durante los d\u00edas martes y mi\u00e9rcoles, con una oferta inferior a la pasada semana, ubicada en los 34.836, de los cuales el mercado adquiri\u00f3 el 92,1%. Lo que no se vendi\u00f3 esta semana en Australia fue porque era de muy baja calidad,\u2026","rel":"","context":"En \u00abActualidad\u00bb","block_context":{"text":"Actualidad","link":"http:\/\/lahoradelcampo.com.uy\/site\/category\/actualidad\/"},"img":{"alt_text":"","src":"https:\/\/i0.wp.com\/lahoradelcampo.com.uy\/site\/wp-content\/uploads\/2019\/04\/Lanas-Australia.jpg?fit=880%2C440&resize=350%2C200","width":350,"height":200,"srcset":"https:\/\/i0.wp.com\/lahoradelcampo.com.uy\/site\/wp-content\/uploads\/2019\/04\/Lanas-Australia.jpg?fit=880%2C440&resize=350%2C200 1x, https:\/\/i0.wp.com\/lahoradelcampo.com.uy\/site\/wp-content\/uploads\/2019\/04\/Lanas-Australia.jpg?fit=880%2C440&resize=525%2C300 1.5x, https:\/\/i0.wp.com\/lahoradelcampo.com.uy\/site\/wp-content\/uploads\/2019\/04\/Lanas-Australia.jpg?fit=880%2C440&resize=700%2C400 2x"},"classes":[]},{"id":53371,"url":"http:\/\/lahoradelcampo.com.uy\/site\/retorno-del-mercado-lanero-australiano-con-altibajos\/","url_meta":{"origin":16900,"position":1},"title":"Retorno del mercado lanero australiano con altibajos","author":"La Hora del Campo","date":"15 enero, 2024","format":false,"excerpt":"Luego de un destacado cierre de la primera mitad de la zafra lanera 2023-2024, el retorno a la actividad tras el receso tradicional de final de a\u00f1o fue con altibajos dependiendo del an\u00e1lisis tanto en la moneda local, como en d\u00f3lares estadounidenses o en los distintos micronajes. Con tres jornadas\u2026","rel":"","context":"En \u00abActualidad\u00bb","block_context":{"text":"Actualidad","link":"http:\/\/lahoradelcampo.com.uy\/site\/category\/actualidad\/"},"img":{"alt_text":"","src":"https:\/\/i0.wp.com\/lahoradelcampo.com.uy\/site\/wp-content\/uploads\/2023\/02\/Lana-Australia4.jpg?fit=880%2C440&resize=350%2C200","width":350,"height":200,"srcset":"https:\/\/i0.wp.com\/lahoradelcampo.com.uy\/site\/wp-content\/uploads\/2023\/02\/Lana-Australia4.jpg?fit=880%2C440&resize=350%2C200 1x, https:\/\/i0.wp.com\/lahoradelcampo.com.uy\/site\/wp-content\/uploads\/2023\/02\/Lana-Australia4.jpg?fit=880%2C440&resize=525%2C300 1.5x, https:\/\/i0.wp.com\/lahoradelcampo.com.uy\/site\/wp-content\/uploads\/2023\/02\/Lana-Australia4.jpg?fit=880%2C440&resize=700%2C400 2x"},"classes":[]},{"id":16292,"url":"http:\/\/lahoradelcampo.com.uy\/site\/el-ime-en-australia-volvio-a-bajar-esta-semana\/","url_meta":{"origin":16900,"position":2},"title":"El IME en Australia volvi\u00f3  a bajar esta semana","author":"La Hora del Campo","date":"7 diciembre, 2019","format":false,"excerpt":"Una nueva semana bajista en el mercado lanero australiano pero con algunas variables que seguramente van a pesar en los pr\u00f3ximos remates previo al receso de las tradicionales fiestas. El Indicador de Mercados del Este se acerca a los US$ 10 y es posible que rompa esa barrera por segunda\u2026","rel":"","context":"En \u00abActualidad\u00bb","block_context":{"text":"Actualidad","link":"http:\/\/lahoradelcampo.com.uy\/site\/category\/actualidad\/"},"img":{"alt_text":"","src":"https:\/\/i0.wp.com\/lahoradelcampo.com.uy\/site\/wp-content\/uploads\/2018\/03\/Lanaa.jpg?fit=880%2C440&resize=350%2C200","width":350,"height":200,"srcset":"https:\/\/i0.wp.com\/lahoradelcampo.com.uy\/site\/wp-content\/uploads\/2018\/03\/Lanaa.jpg?fit=880%2C440&resize=350%2C200 1x, https:\/\/i0.wp.com\/lahoradelcampo.com.uy\/site\/wp-content\/uploads\/2018\/03\/Lanaa.jpg?fit=880%2C440&resize=525%2C300 1.5x, https:\/\/i0.wp.com\/lahoradelcampo.com.uy\/site\/wp-content\/uploads\/2018\/03\/Lanaa.jpg?fit=880%2C440&resize=700%2C400 2x"},"classes":[]},{"id":33405,"url":"http:\/\/lahoradelcampo.com.uy\/site\/primera-semana-con-balance-positivo-luego-del-receso-de-invierno\/","url_meta":{"origin":16900,"position":3},"title":"Primera semana con balance positivo luego del receso de invierno","author":"La Hora del Campo","date":"27 agosto, 2021","format":false,"excerpt":"Cerr\u00f3 la primera semana con resultado positivo luego del receso de invierno en Australia, con un Indicador de Mercados del Este (IME) que registra un incremento del 0,8% en la moneda norteamericana. En general el mercado present\u00f3 la menor oferta de la zafra hasta el momento, con poco m\u00e1s de\u2026","rel":"","context":"En \u00abActualidad\u00bb","block_context":{"text":"Actualidad","link":"http:\/\/lahoradelcampo.com.uy\/site\/category\/actualidad\/"},"img":{"alt_text":"","src":"https:\/\/i0.wp.com\/lahoradelcampo.com.uy\/site\/wp-content\/uploads\/2018\/03\/Lanaa.jpg?fit=880%2C440&resize=350%2C200","width":350,"height":200,"srcset":"https:\/\/i0.wp.com\/lahoradelcampo.com.uy\/site\/wp-content\/uploads\/2018\/03\/Lanaa.jpg?fit=880%2C440&resize=350%2C200 1x, https:\/\/i0.wp.com\/lahoradelcampo.com.uy\/site\/wp-content\/uploads\/2018\/03\/Lanaa.jpg?fit=880%2C440&resize=525%2C300 1.5x, https:\/\/i0.wp.com\/lahoradelcampo.com.uy\/site\/wp-content\/uploads\/2018\/03\/Lanaa.jpg?fit=880%2C440&resize=700%2C400 2x"},"classes":[]},{"id":23458,"url":"http:\/\/lahoradelcampo.com.uy\/site\/con-leve-repunte-del-mercado-lanero-australiano-el-ime-cerro-en-us-643\/","url_meta":{"origin":16900,"position":4},"title":"Con leve repunte del mercado lanero australiano, el IME cerr\u00f3 en US$ 6,43","author":"La Hora del Campo","date":"13 septiembre, 2020","format":false,"excerpt":"La segunda semana del mes de setiembre cort\u00f3 una seguidilla de ca\u00eddas consecutivas en el Indicador de Mercados del Este (IME), pero dej\u00f3 un sabor agridulce y no logr\u00f3 despejar la incertidumbre que se cierne sobre las ventas en general, ya que el \u00faltimo d\u00eda de ventas el mercado ajust\u00f3\u2026","rel":"","context":"En \u00abActualidad\u00bb","block_context":{"text":"Actualidad","link":"http:\/\/lahoradelcampo.com.uy\/site\/category\/actualidad\/"},"img":{"alt_text":"","src":"https:\/\/i0.wp.com\/lahoradelcampo.com.uy\/site\/wp-content\/uploads\/2020\/05\/lana-1.jpg?fit=880%2C440&resize=350%2C200","width":350,"height":200,"srcset":"https:\/\/i0.wp.com\/lahoradelcampo.com.uy\/site\/wp-content\/uploads\/2020\/05\/lana-1.jpg?fit=880%2C440&resize=350%2C200 1x, https:\/\/i0.wp.com\/lahoradelcampo.com.uy\/site\/wp-content\/uploads\/2020\/05\/lana-1.jpg?fit=880%2C440&resize=525%2C300 1.5x, https:\/\/i0.wp.com\/lahoradelcampo.com.uy\/site\/wp-content\/uploads\/2020\/05\/lana-1.jpg?fit=880%2C440&resize=700%2C400 2x"},"classes":[]},{"id":33034,"url":"http:\/\/lahoradelcampo.com.uy\/site\/el-ime-cayo-525-tras-el-retorno-a-las-ventas\/","url_meta":{"origin":16900,"position":5},"title":"El IME cay\u00f3 5,25% tras el retorno a las ventas","author":"La Hora del Campo","date":"13 agosto, 2021","format":false,"excerpt":"Cerr\u00f3 la primera semana tras el receso de invierno con un mercado fuertemente dominado por el retiro de la oferta previo a las ventas y el alto volumen de lanas merino que pasaron sin comercializarse debido a las reservas de precios planteadas por los productores australianos. A esto se le\u2026","rel":"","context":"En \u00abActualidad\u00bb","block_context":{"text":"Actualidad","link":"http:\/\/lahoradelcampo.com.uy\/site\/category\/actualidad\/"},"img":{"alt_text":"","src":"https:\/\/i0.wp.com\/lahoradelcampo.com.uy\/site\/wp-content\/uploads\/2019\/05\/lanas-australia-a.jpg?fit=880%2C440&resize=350%2C200","width":350,"height":200,"srcset":"https:\/\/i0.wp.com\/lahoradelcampo.com.uy\/site\/wp-content\/uploads\/2019\/05\/lanas-australia-a.jpg?fit=880%2C440&resize=350%2C200 1x, https:\/\/i0.wp.com\/lahoradelcampo.com.uy\/site\/wp-content\/uploads\/2019\/05\/lanas-australia-a.jpg?fit=880%2C440&resize=525%2C300 1.5x, https:\/\/i0.wp.com\/lahoradelcampo.com.uy\/site\/wp-content\/uploads\/2019\/05\/lanas-australia-a.jpg?fit=880%2C440&resize=700%2C400 2x"},"classes":[]}],"jetpack_likes_enabled":true,"_links":{"self":[{"href":"http:\/\/lahoradelcampo.com.uy\/site\/wp-json\/wp\/v2\/posts\/16900","targetHints":{"allow":["GET"]}}],"collection":[{"href":"http:\/\/lahoradelcampo.com.uy\/site\/wp-json\/wp\/v2\/posts"}],"about":[{"href":"http:\/\/lahoradelcampo.com.uy\/site\/wp-json\/wp\/v2\/types\/post"}],"author":[{"embeddable":true,"href":"http:\/\/lahoradelcampo.com.uy\/site\/wp-json\/wp\/v2\/users\/5"}],"replies":[{"embeddable":true,"href":"http:\/\/lahoradelcampo.com.uy\/site\/wp-json\/wp\/v2\/comments?post=16900"}],"version-history":[{"count":1,"href":"http:\/\/lahoradelcampo.com.uy\/site\/wp-json\/wp\/v2\/posts\/16900\/revisions"}],"predecessor-version":[{"id":16902,"href":"http:\/\/lahoradelcampo.com.uy\/site\/wp-json\/wp\/v2\/posts\/16900\/revisions\/16902"}],"wp:featuredmedia":[{"embeddable":true,"href":"http:\/\/lahoradelcampo.com.uy\/site\/wp-json\/wp\/v2\/media\/1687"}],"wp:attachment":[{"href":"http:\/\/lahoradelcampo.com.uy\/site\/wp-json\/wp\/v2\/media?parent=16900"}],"wp:term":[{"taxonomy":"category","embeddable":true,"href":"http:\/\/lahoradelcampo.com.uy\/site\/wp-json\/wp\/v2\/categories?post=16900"},{"taxonomy":"post_tag","embeddable":true,"href":"http:\/\/lahoradelcampo.com.uy\/site\/wp-json\/wp\/v2\/tags?post=16900"}],"curies":[{"name":"wp","href":"https:\/\/api.w.org\/{rel}","templated":true}]}}