{"id":16896,"date":"2020-01-17T06:38:28","date_gmt":"2020-01-17T09:38:28","guid":{"rendered":"http:\/\/lahoradelcampo.com.uy\/site\/?p=16896"},"modified":"2020-01-17T06:38:36","modified_gmt":"2020-01-17T09:38:36","slug":"3-000-familias-accedieron-a-tierras-de-colonizacion","status":"publish","type":"post","link":"http:\/\/lahoradelcampo.com.uy\/site\/3-000-familias-accedieron-a-tierras-de-colonizacion\/","title":{"rendered":"3.000 familias accedieron a tierras  de Colonizaci\u00f3n"},"content":{"rendered":"\n<figure class=\"wp-block-image\"><img data-recalc-dims=\"1\" loading=\"lazy\" decoding=\"async\" width=\"810\" height=\"405\" data-attachment-id=\"6011\" data-permalink=\"http:\/\/lahoradelcampo.com.uy\/site\/en-18-anos-se-realizaron-37-042-operaciones-de-compraventa-de-tierras\/web-tierras\/\" data-orig-file=\"https:\/\/i0.wp.com\/lahoradelcampo.com.uy\/site\/wp-content\/uploads\/2018\/02\/web-tierras.jpg?fit=880%2C440\" data-orig-size=\"880,440\" data-comments-opened=\"1\" data-image-meta=\"{&quot;aperture&quot;:&quot;0&quot;,&quot;credit&quot;:&quot;&quot;,&quot;camera&quot;:&quot;&quot;,&quot;caption&quot;:&quot;&quot;,&quot;created_timestamp&quot;:&quot;0&quot;,&quot;copyright&quot;:&quot;&quot;,&quot;focal_length&quot;:&quot;0&quot;,&quot;iso&quot;:&quot;0&quot;,&quot;shutter_speed&quot;:&quot;0&quot;,&quot;title&quot;:&quot;&quot;,&quot;orientation&quot;:&quot;1&quot;}\" data-image-title=\"web tierras\" data-image-description=\"\" data-image-caption=\"\" data-large-file=\"https:\/\/i0.wp.com\/lahoradelcampo.com.uy\/site\/wp-content\/uploads\/2018\/02\/web-tierras.jpg?fit=810%2C405\" src=\"https:\/\/i0.wp.com\/lahoradelcampo.com.uy\/site\/wp-content\/uploads\/2018\/02\/web-tierras.jpg?resize=810%2C405\" alt=\"\" class=\"wp-image-6011\" srcset=\"https:\/\/i0.wp.com\/lahoradelcampo.com.uy\/site\/wp-content\/uploads\/2018\/02\/web-tierras.jpg?w=880 880w, https:\/\/i0.wp.com\/lahoradelcampo.com.uy\/site\/wp-content\/uploads\/2018\/02\/web-tierras.jpg?resize=300%2C150 300w, https:\/\/i0.wp.com\/lahoradelcampo.com.uy\/site\/wp-content\/uploads\/2018\/02\/web-tierras.jpg?resize=768%2C384 768w, https:\/\/i0.wp.com\/lahoradelcampo.com.uy\/site\/wp-content\/uploads\/2018\/02\/web-tierras.jpg?resize=820%2C410 820w\" sizes=\"auto, (max-width: 810px) 100vw, 810px\" \/><\/figure>\n\n\n\n<p>La compra de tierras y nuevos formatos de producci\u00f3n, la ley de cotitularidad de parejas y cambios en la norma de creaci\u00f3n de 1948 son parte de las iniciativas que provocaron un cambio sustancial desde 2005 en el Instituto Nacional de Colonizaci\u00f3n (INC), destac\u00f3 su presidenta, Jacqueline G\u00f3mez. Esa estrategia posibilit\u00f3 agregar desde entonces 133.000 hect\u00e1reas para satisfacer la demanda de 3.000 familias en todo Uruguay.<br><\/p>\n\n\n\n<p>El 72.\u00ba aniversario de su creaci\u00f3n \u201cencuentra al INC en uno de los mejores momentos de su historia, gracias a que en 2005 se defini\u00f3 e implement\u00f3 una pol\u00edtica clara hacia la producci\u00f3n familiar y los asalariados rurales\u201d, dijo G\u00f3mez a la Secretar\u00eda de Comunicaci\u00f3n Institucional.<br><\/p>\n\n\n\n<p>Esa estrategia ha permitido desde entonces agregar 133.000 hect\u00e1reas de tierras para el manejo del instituto, con lo cual se pudo dar respuesta a las demandas y arrendar parcelas a m\u00e1s de 3.000 familias en distintas partes de Uruguay, explic\u00f3.<br><\/p>\n\n\n\n<p>La titular del INC agreg\u00f3 que otro de los logros concretados en 2019, tras a\u00f1os de trabajo, fue el llamado a adquisici\u00f3n de tierras para j\u00f3venes, en atenci\u00f3n a la problem\u00e1tica del relevo generacional y la necesidad de que esa franja etaria forme familias que permanezcan en el medio rural con un proyecto de vida y de trabajo.<br><\/p>\n\n\n\n<p>Ante el cambio de gobierno del 1.\u00ba de marzo, G\u00f3mez proyecta como desaf\u00edos para las nuevas autoridades del INC seguir con la promoci\u00f3n de compra de tierras y adjudicar por concurso arrendamientos para poder satisfacer la demanda pendiente. Cada a\u00f1o se presentan 1.700 familias a los llamados del organismo, por lo que es \u201cimposible cumplir con todos\u201d, admiti\u00f3.<br><\/p>\n\n\n\n<p>Otras l\u00edneas de continuidad incluyen favorecer los par\u00e1metros t\u00e9cnicos, econ\u00f3micos y productivos de los colonos, las pol\u00edticas concretas para j\u00f3venes, las estrategias diferenciadas para mujeres rurales y la promoci\u00f3n de proyectos vinculados a las compras p\u00fablicas del plan nacional de agroecolog\u00eda, complement\u00f3.<br><\/p>\n\n\n\n<p>G\u00f3mez entiende que se debe mantener la inspecci\u00f3n y el control del cumplimiento de la ley n.\u00ba 11029 por parte de los colonos, la articulaci\u00f3n entre la producci\u00f3n primaria y la comercializaci\u00f3n.<br><\/p>\n\n\n\n<p>Enfatiz\u00f3, adem\u00e1s, que el INC debe seguir profundizando y llevando adelante el financiamiento para los emprendimientos productivos que desarrollan en las tierras del Estado los grupos familiares, as\u00ed como el acuerdo con el Banco de la Rep\u00fablica Oriental del Uruguay de una l\u00ednea concreta para los colonos.<br><\/p>\n\n\n\n<p>En los \u00faltimos 15 a\u00f1os de gesti\u00f3n se invirtieron m\u00e1s de 300 millones de d\u00f3lares y se desarrollan 3.647 emprendimientos econ\u00f3micos por parte de 5.583 colonos. En la actualidad, el organismo cuenta con 610.304 hect\u00e1reas de tierra, el 62 % de las cuales son de propiedad estatal y el resto arrendadas.<\/p>\n\n\n\n<p>Fuente: Presidencia<\/p>\n","protected":false},"excerpt":{"rendered":"<p>La compra de tierras y nuevos formatos de producci\u00f3n, la ley de cotitularidad de parejas y cambios en la norma de creaci\u00f3n de 1948 son parte de las iniciativas que [&hellip;]<\/p>\n","protected":false},"author":5,"featured_media":6011,"comment_status":"open","ping_status":"open","sticky":false,"template":"","format":"standard","meta":{"_price":"","_stock":"","_tribe_ticket_header":"","_tribe_default_ticket_provider":"","_tribe_ticket_capacity":"0","_ticket_start_date":"","_ticket_end_date":"","_tribe_ticket_show_description":"","_tribe_ticket_show_not_going":false,"_tribe_ticket_use_global_stock":"","_tribe_ticket_global_stock_level":"","_global_stock_mode":"","_global_stock_cap":"","_tribe_rsvp_for_event":"","_tribe_ticket_going_count":"","_tribe_ticket_not_going_count":"","_tribe_tickets_list":"[]","_tribe_ticket_has_attendee_info_fields":false,"h5ap_radio_sources":[],"_jetpack_newsletter_access":"","_jetpack_dont_email_post_to_subs":false,"_jetpack_newsletter_tier_id":0,"_jetpack_memberships_contains_paywalled_content":false,"_jetpack_memberships_contains_paid_content":false,"footnotes":""},"categories":[21,5],"tags":[],"class_list":["post-16896","post","type-post","status-publish","format-standard","has-post-thumbnail","hentry","category-actualidad","category-ganaderia"],"jetpack_featured_media_url":"https:\/\/i0.wp.com\/lahoradelcampo.com.uy\/site\/wp-content\/uploads\/2018\/02\/web-tierras.jpg?fit=880%2C440","jetpack_sharing_enabled":true,"jetpack_shortlink":"https:\/\/wp.me\/p99IaT-4ow","jetpack-related-posts":[{"id":12611,"url":"http:\/\/lahoradelcampo.com.uy\/site\/proyecto-de-ley-impulsa-traspaso-al-instituto-de-colonizacion-de-tierras-del-estado-sin-uso\/","url_meta":{"origin":16896,"position":0},"title":"Proyecto de ley impulsa traspaso al Instituto de Colonizaci\u00f3n de tierras del Estado sin uso","author":"La Hora del Campo","date":"12 julio, 2019","format":false,"excerpt":"El Instituto Nacional de Colonizaci\u00f3n inaugurar\u00e1 una colonia en un campo de Salto que hab\u00eda pertenecido al Ministerio del Interior, en el que trabajar\u00e1n 18 familias con una inversi\u00f3n importante en infraestructura, manejo de suelo, conservaci\u00f3n de cuencas y viviendas de Mevir, inform\u00f3 su titular, Jacqueline G\u00f3mez, en el Parlamento,\u2026","rel":"","context":"En \u00abActualidad\u00bb","block_context":{"text":"Actualidad","link":"http:\/\/lahoradelcampo.com.uy\/site\/category\/actualidad\/"},"img":{"alt_text":"","src":"https:\/\/i0.wp.com\/lahoradelcampo.com.uy\/site\/wp-content\/uploads\/2019\/07\/jacqueline-gomez.jpg?fit=880%2C440&resize=350%2C200","width":350,"height":200,"srcset":"https:\/\/i0.wp.com\/lahoradelcampo.com.uy\/site\/wp-content\/uploads\/2019\/07\/jacqueline-gomez.jpg?fit=880%2C440&resize=350%2C200 1x, https:\/\/i0.wp.com\/lahoradelcampo.com.uy\/site\/wp-content\/uploads\/2019\/07\/jacqueline-gomez.jpg?fit=880%2C440&resize=525%2C300 1.5x, https:\/\/i0.wp.com\/lahoradelcampo.com.uy\/site\/wp-content\/uploads\/2019\/07\/jacqueline-gomez.jpg?fit=880%2C440&resize=700%2C400 2x"},"classes":[]},{"id":5439,"url":"http:\/\/lahoradelcampo.com.uy\/site\/colonizacion-adquirio-10-814-hectareas-de-tierras-en-2017\/","url_meta":{"origin":16896,"position":1},"title":"Colonizaci\u00f3n adquiri\u00f3 10.814 hect\u00e1reas de tierras en 2017","author":"La Hora del Campo","date":"15 enero, 2018","format":false,"excerpt":"El Instituto de Colonizaci\u00f3n incorpor\u00f3 118.000 hect\u00e1reas a su cartera de tierras de 2005 a 2017, uno de los per\u00edodos de mayor crecimiento en sus 70 a\u00f1os de historia, destac\u00f3 la presidenta del ente, Jacqueline G\u00f3mez, tras agregar que el a\u00f1o pasado compr\u00f3 10.814 m\u00e1s por 33 millones de d\u00f3lares\u2026","rel":"","context":"En \u00abActualidad\u00bb","block_context":{"text":"Actualidad","link":"http:\/\/lahoradelcampo.com.uy\/site\/category\/actualidad\/"},"img":{"alt_text":"","src":"https:\/\/i0.wp.com\/lahoradelcampo.com.uy\/site\/wp-content\/uploads\/2018\/01\/Jacqueline.jpg?fit=880%2C440&resize=350%2C200","width":350,"height":200,"srcset":"https:\/\/i0.wp.com\/lahoradelcampo.com.uy\/site\/wp-content\/uploads\/2018\/01\/Jacqueline.jpg?fit=880%2C440&resize=350%2C200 1x, https:\/\/i0.wp.com\/lahoradelcampo.com.uy\/site\/wp-content\/uploads\/2018\/01\/Jacqueline.jpg?fit=880%2C440&resize=525%2C300 1.5x, https:\/\/i0.wp.com\/lahoradelcampo.com.uy\/site\/wp-content\/uploads\/2018\/01\/Jacqueline.jpg?fit=880%2C440&resize=700%2C400 2x"},"classes":[]},{"id":17124,"url":"http:\/\/lahoradelcampo.com.uy\/site\/colonizacion-facilito-radicacion-de-210-productores-familiares\/","url_meta":{"origin":16896,"position":2},"title":"Colonizaci\u00f3n facilit\u00f3 radicaci\u00f3n de 210 productores familiares","author":"La Hora del Campo","date":"28 enero, 2020","format":false,"excerpt":"El Instituto Nacional de Colonizaci\u00f3n adquiri\u00f3 8.121 hect\u00e1reas en 2019 con una inversi\u00f3n de 28 millones de d\u00f3lares, inform\u00f3 la directora del organismo, Jacqueline G\u00f3mez. A lo largo del a\u00f1o, agreg\u00f3, fueron abiertos varios llamados por un total de 13.000 hect\u00e1reas, que fueron adjudicadas a 210 familias en la modalidad\u2026","rel":"","context":"En \u00abActualidad\u00bb","block_context":{"text":"Actualidad","link":"http:\/\/lahoradelcampo.com.uy\/site\/category\/actualidad\/"},"img":{"alt_text":"","src":"https:\/\/i0.wp.com\/lahoradelcampo.com.uy\/site\/wp-content\/uploads\/2018\/01\/Jacqueline.jpg?fit=880%2C440&resize=350%2C200","width":350,"height":200,"srcset":"https:\/\/i0.wp.com\/lahoradelcampo.com.uy\/site\/wp-content\/uploads\/2018\/01\/Jacqueline.jpg?fit=880%2C440&resize=350%2C200 1x, https:\/\/i0.wp.com\/lahoradelcampo.com.uy\/site\/wp-content\/uploads\/2018\/01\/Jacqueline.jpg?fit=880%2C440&resize=525%2C300 1.5x, https:\/\/i0.wp.com\/lahoradelcampo.com.uy\/site\/wp-content\/uploads\/2018\/01\/Jacqueline.jpg?fit=880%2C440&resize=700%2C400 2x"},"classes":[]},{"id":53523,"url":"http:\/\/lahoradelcampo.com.uy\/site\/colonizacion-invirtio-15-millonesde-dolares-en-5-000-hectareas-de-tierras\/","url_meta":{"origin":16896,"position":3},"title":"Colonizaci\u00f3n invirti\u00f3 15 millonesde d\u00f3lares en 5.000 hect\u00e1reas de tierras","author":"La Hora del Campo","date":"3 marzo, 2024","format":false,"excerpt":"El Instituto Nacional de Colonizaci\u00f3n (INC) inform\u00f3 que durante el a\u00f1o 2023 se destinaron 15 millones de d\u00f3lares a la adquisici\u00f3n de nuevas tierras, lo que se tradujo en la entrega de m\u00e1s de 5.000 hect\u00e1reas, por lo que en promedio invirti\u00f3 US$ 3.000 por hect\u00e1rea. De acuerdo al instituto\u2026","rel":"","context":"En \u00abActualidad\u00bb","block_context":{"text":"Actualidad","link":"http:\/\/lahoradelcampo.com.uy\/site\/category\/actualidad\/"},"img":{"alt_text":"","src":"https:\/\/i0.wp.com\/lahoradelcampo.com.uy\/site\/wp-content\/uploads\/2020\/05\/Colonizacion.jpg?fit=880%2C440&resize=350%2C200","width":350,"height":200,"srcset":"https:\/\/i0.wp.com\/lahoradelcampo.com.uy\/site\/wp-content\/uploads\/2020\/05\/Colonizacion.jpg?fit=880%2C440&resize=350%2C200 1x, https:\/\/i0.wp.com\/lahoradelcampo.com.uy\/site\/wp-content\/uploads\/2020\/05\/Colonizacion.jpg?fit=880%2C440&resize=525%2C300 1.5x, https:\/\/i0.wp.com\/lahoradelcampo.com.uy\/site\/wp-content\/uploads\/2020\/05\/Colonizacion.jpg?fit=880%2C440&resize=700%2C400 2x"},"classes":[]},{"id":12983,"url":"http:\/\/lahoradelcampo.com.uy\/site\/colonizacion-e-inju-presentaron-tierras-para-jovenes\/","url_meta":{"origin":16896,"position":4},"title":"Colonizaci\u00f3n e Inju presentaron \u00abTierras para j\u00f3venes\u00bb","author":"La Hora del Campo","date":"24 julio, 2019","format":false,"excerpt":"El INC, el Instituto Nacional de la Juventud (INJU) del Ministerio de Desarrollo Social y la Direcci\u00f3n General de Desarrollo Rural del Ministerio de Ganader\u00eda, Agricultura y Pesca coordinan el programa Tierra para J\u00f3venes, con la finalidad de responder a la demanda de personas de esa franja etaria interesadas en\u2026","rel":"","context":"En \u00abActualidad\u00bb","block_context":{"text":"Actualidad","link":"http:\/\/lahoradelcampo.com.uy\/site\/category\/actualidad\/"},"img":{"alt_text":"","src":"https:\/\/i0.wp.com\/lahoradelcampo.com.uy\/site\/wp-content\/uploads\/2019\/07\/Inju.jpg?fit=880%2C440&resize=350%2C200","width":350,"height":200,"srcset":"https:\/\/i0.wp.com\/lahoradelcampo.com.uy\/site\/wp-content\/uploads\/2019\/07\/Inju.jpg?fit=880%2C440&resize=350%2C200 1x, https:\/\/i0.wp.com\/lahoradelcampo.com.uy\/site\/wp-content\/uploads\/2019\/07\/Inju.jpg?fit=880%2C440&resize=525%2C300 1.5x, https:\/\/i0.wp.com\/lahoradelcampo.com.uy\/site\/wp-content\/uploads\/2019\/07\/Inju.jpg?fit=880%2C440&resize=700%2C400 2x"},"classes":[]},{"id":55390,"url":"http:\/\/lahoradelcampo.com.uy\/site\/colonizacion-cumplio-con-la-entrega-de-tierras-prometidas-para-los-cinco-anos-de-gestion\/","url_meta":{"origin":16896,"position":5},"title":"Colonizaci\u00f3n cumpli\u00f3 con la entrega de tierras prometidas para los cinco a\u00f1os de gesti\u00f3n","author":"La Hora del Campo","date":"6 enero, 2025","format":false,"excerpt":"Al igual que en los distintos sectores del gobierno nacional, en el Instituto Nacional de Colonizaci\u00f3n (INC) se ha realizado un balance de la gesti\u00f3n de la \u00faltima directiva, que es presidida por el Dr. Julio Cardozo. En este contexto el jerarca destac\u00f3 que, en los \u00faltimos cinco a\u00f1os, \"se\u2026","rel":"","context":"En \u00abActualidad\u00bb","block_context":{"text":"Actualidad","link":"http:\/\/lahoradelcampo.com.uy\/site\/category\/actualidad\/"},"img":{"alt_text":"","src":"https:\/\/i0.wp.com\/lahoradelcampo.com.uy\/site\/wp-content\/uploads\/2025\/01\/JULIO-CARDOZO.jpg?fit=880%2C440&resize=350%2C200","width":350,"height":200,"srcset":"https:\/\/i0.wp.com\/lahoradelcampo.com.uy\/site\/wp-content\/uploads\/2025\/01\/JULIO-CARDOZO.jpg?fit=880%2C440&resize=350%2C200 1x, https:\/\/i0.wp.com\/lahoradelcampo.com.uy\/site\/wp-content\/uploads\/2025\/01\/JULIO-CARDOZO.jpg?fit=880%2C440&resize=525%2C300 1.5x, https:\/\/i0.wp.com\/lahoradelcampo.com.uy\/site\/wp-content\/uploads\/2025\/01\/JULIO-CARDOZO.jpg?fit=880%2C440&resize=700%2C400 2x"},"classes":[]}],"jetpack_likes_enabled":true,"_links":{"self":[{"href":"http:\/\/lahoradelcampo.com.uy\/site\/wp-json\/wp\/v2\/posts\/16896","targetHints":{"allow":["GET"]}}],"collection":[{"href":"http:\/\/lahoradelcampo.com.uy\/site\/wp-json\/wp\/v2\/posts"}],"about":[{"href":"http:\/\/lahoradelcampo.com.uy\/site\/wp-json\/wp\/v2\/types\/post"}],"author":[{"embeddable":true,"href":"http:\/\/lahoradelcampo.com.uy\/site\/wp-json\/wp\/v2\/users\/5"}],"replies":[{"embeddable":true,"href":"http:\/\/lahoradelcampo.com.uy\/site\/wp-json\/wp\/v2\/comments?post=16896"}],"version-history":[{"count":1,"href":"http:\/\/lahoradelcampo.com.uy\/site\/wp-json\/wp\/v2\/posts\/16896\/revisions"}],"predecessor-version":[{"id":16898,"href":"http:\/\/lahoradelcampo.com.uy\/site\/wp-json\/wp\/v2\/posts\/16896\/revisions\/16898"}],"wp:featuredmedia":[{"embeddable":true,"href":"http:\/\/lahoradelcampo.com.uy\/site\/wp-json\/wp\/v2\/media\/6011"}],"wp:attachment":[{"href":"http:\/\/lahoradelcampo.com.uy\/site\/wp-json\/wp\/v2\/media?parent=16896"}],"wp:term":[{"taxonomy":"category","embeddable":true,"href":"http:\/\/lahoradelcampo.com.uy\/site\/wp-json\/wp\/v2\/categories?post=16896"},{"taxonomy":"post_tag","embeddable":true,"href":"http:\/\/lahoradelcampo.com.uy\/site\/wp-json\/wp\/v2\/tags?post=16896"}],"curies":[{"name":"wp","href":"https:\/\/api.w.org\/{rel}","templated":true}]}}