{"id":16892,"date":"2020-01-17T06:35:37","date_gmt":"2020-01-17T09:35:37","guid":{"rendered":"http:\/\/lahoradelcampo.com.uy\/site\/?p=16892"},"modified":"2020-01-17T06:35:45","modified_gmt":"2020-01-17T09:35:45","slug":"avanza-salto-horticola-realizara-una-encuesta-de-siembra-y-produccion","status":"publish","type":"post","link":"http:\/\/lahoradelcampo.com.uy\/site\/avanza-salto-horticola-realizara-una-encuesta-de-siembra-y-produccion\/","title":{"rendered":"Avanza Salto Hort\u00edcola realizar\u00e1 una encuesta de siembra y producci\u00f3n"},"content":{"rendered":"\n<figure class=\"wp-block-image\"><img data-recalc-dims=\"1\" loading=\"lazy\" decoding=\"async\" width=\"810\" height=\"405\" data-attachment-id=\"16468\" data-permalink=\"http:\/\/lahoradelcampo.com.uy\/site\/uriarte-participara-del-comienzo-de-la-central-horticola\/centralhorticola1\/\" data-orig-file=\"https:\/\/i0.wp.com\/lahoradelcampo.com.uy\/site\/wp-content\/uploads\/2019\/12\/CentralHorticola1.jpg?fit=880%2C440\" data-orig-size=\"880,440\" data-comments-opened=\"1\" data-image-meta=\"{&quot;aperture&quot;:&quot;0&quot;,&quot;credit&quot;:&quot;&quot;,&quot;camera&quot;:&quot;&quot;,&quot;caption&quot;:&quot;&quot;,&quot;created_timestamp&quot;:&quot;0&quot;,&quot;copyright&quot;:&quot;&quot;,&quot;focal_length&quot;:&quot;0&quot;,&quot;iso&quot;:&quot;0&quot;,&quot;shutter_speed&quot;:&quot;0&quot;,&quot;title&quot;:&quot;&quot;,&quot;orientation&quot;:&quot;1&quot;}\" data-image-title=\"CentralHorticola1\" data-image-description=\"\" data-image-caption=\"\" data-large-file=\"https:\/\/i0.wp.com\/lahoradelcampo.com.uy\/site\/wp-content\/uploads\/2019\/12\/CentralHorticola1.jpg?fit=810%2C405\" src=\"https:\/\/i0.wp.com\/lahoradelcampo.com.uy\/site\/wp-content\/uploads\/2019\/12\/CentralHorticola1.jpg?resize=810%2C405\" alt=\"\" class=\"wp-image-16468\" srcset=\"https:\/\/i0.wp.com\/lahoradelcampo.com.uy\/site\/wp-content\/uploads\/2019\/12\/CentralHorticola1.jpg?w=880 880w, https:\/\/i0.wp.com\/lahoradelcampo.com.uy\/site\/wp-content\/uploads\/2019\/12\/CentralHorticola1.jpg?resize=300%2C150 300w, https:\/\/i0.wp.com\/lahoradelcampo.com.uy\/site\/wp-content\/uploads\/2019\/12\/CentralHorticola1.jpg?resize=768%2C384 768w, https:\/\/i0.wp.com\/lahoradelcampo.com.uy\/site\/wp-content\/uploads\/2019\/12\/CentralHorticola1.jpg?resize=820%2C410 820w\" sizes=\"auto, (max-width: 810px) 100vw, 810px\" \/><\/figure>\n\n\n\n<p>Avanza Salto Hort\u00edcola, de la Intendencia de Salto, desarrollar\u00e1 una nueva herramienta para apoyar a los productores a la hora de tomar sus decisiones en cada predio. <br><\/p>\n\n\n\n<p>En principio el equipo ha comenzado a realizar un informe semanal, con precios de las principales frutas y hortalizas, que une los valores manejados en los dos mercados mayoristas aqu\u00ed en Salto. <br><\/p>\n\n\n\n<p>Alejandro Secco, encargado del proyecto Avanza Salto Hort\u00edcola, explic\u00f3 que a trav\u00e9s del trabajo en conjunto se detect\u00f3 la necesidad de contar con m\u00e1s informaci\u00f3n por parte de los productores y operadores de mercado. <br><\/p>\n\n\n\n<p>Fue as\u00ed que, sobre fines de 2018, comenzaron a planificar una acci\u00f3n que se implement\u00f3 con la participaci\u00f3n de una ingeniera agr\u00f3noma y pasantes universitarios, con apoyo de la Direcci\u00f3n Nacional de la Granja (DIGEGRA-MGAP) y el Observatorio Granjero que funciona en el Mercado Modelo. <br><\/p>\n\n\n\n<p>\u00abHubo un asesoramiento, vinieron t\u00e9cnicos de Montevideo, visitaron el mercado de calle Diego Lamas y se adapt\u00f3 la metodolog\u00eda a la escala local\u00bb dijo Secco.<br><\/p>\n\n\n\n<p>Actualmente, el informe se publica en forma semanal en redes sociales y medios de comunicaci\u00f3n de Salto y Montevideo e incluye variaciones de precios, clima y colocaci\u00f3n en el mercado, entre otros datos. \u00abEs un trabajo muy preciso y detallado que incluye precios m\u00ednimos, m\u00e1ximos y medios en rubros como morr\u00f3n, frutilla, tomate, zapallitos, cebolla, zanahoria y otros dependiendo de la estaci\u00f3n del a\u00f1o\u00bb se\u00f1al\u00f3.<br><\/p>\n\n\n\n<p>\u00abHa sido una experiencia muy valiosa con buena aceptaci\u00f3n a nivel de operadores y productores, que suministra informaci\u00f3n para la toma de decisiones acerca de cu\u00e1ndo y c\u00f3mo vender. Pero adem\u00e1s, sirvi\u00f3 para hacer un intercambio de informaci\u00f3n con Montevideo sobre rubros que son espec\u00edficos de Salto y tienen diferentes comportamientos de precios con respecto a la capital\u00bb, indic\u00f3 Secco. <br><\/p>\n\n\n\n<p>Otro aspecto a destacar es que estos informes ya est\u00e1n llegando a las verduler\u00edas y a los consumidores, lo que va de la mano con la promoci\u00f3n del consumo de fruta y verdura fresca.<br><\/p>\n\n\n\n<p>La nueva herramienta para apoyar a los productores, ser\u00e1 una encuesta a nivel de la producci\u00f3n. Secco inform\u00f3 que se est\u00e1 planificando dicha encuesta sobre intenci\u00f3n de siembra y producci\u00f3n, lo que debe hacerse en esta \u00e9poca, que es cuando los productores deciden qu\u00e9 plantar a lo largo del a\u00f1o. Con esta iniciativa, se busca proporcionar otra herramienta m\u00e1s de manejo de informaci\u00f3n para la toma de decisiones en cada predio.<\/p>\n","protected":false},"excerpt":{"rendered":"<p>Avanza Salto Hort\u00edcola, de la Intendencia de Salto, desarrollar\u00e1 una nueva herramienta para apoyar a los productores a la hora de tomar sus decisiones en cada predio. En principio el [&hellip;]<\/p>\n","protected":false},"author":5,"featured_media":16468,"comment_status":"open","ping_status":"open","sticky":false,"template":"","format":"standard","meta":{"_price":"","_stock":"","_tribe_ticket_header":"","_tribe_default_ticket_provider":"","_tribe_ticket_capacity":"0","_ticket_start_date":"","_ticket_end_date":"","_tribe_ticket_show_description":"","_tribe_ticket_show_not_going":false,"_tribe_ticket_use_global_stock":"","_tribe_ticket_global_stock_level":"","_global_stock_mode":"","_global_stock_cap":"","_tribe_rsvp_for_event":"","_tribe_ticket_going_count":"","_tribe_ticket_not_going_count":"","_tribe_tickets_list":"[]","_tribe_ticket_has_attendee_info_fields":false,"h5ap_radio_sources":[],"_jetpack_newsletter_access":"","_jetpack_dont_email_post_to_subs":false,"_jetpack_newsletter_tier_id":0,"_jetpack_memberships_contains_paywalled_content":false,"_jetpack_memberships_contains_paid_content":false,"footnotes":""},"categories":[21,9],"tags":[],"class_list":["post-16892","post","type-post","status-publish","format-standard","has-post-thumbnail","hentry","category-actualidad","category-granja"],"jetpack_featured_media_url":"https:\/\/i0.wp.com\/lahoradelcampo.com.uy\/site\/wp-content\/uploads\/2019\/12\/CentralHorticola1.jpg?fit=880%2C440","jetpack_sharing_enabled":true,"jetpack_shortlink":"https:\/\/wp.me\/p99IaT-4os","jetpack-related-posts":[{"id":5019,"url":"http:\/\/lahoradelcampo.com.uy\/site\/un-nuevo-paso-hacia-la-central-horticola-de-salto\/","url_meta":{"origin":16892,"position":0},"title":"Un nuevo paso, hacia la central hort\u00edcola de Salto","author":"La Hora del Campo","date":"18 diciembre, 2017","format":false,"excerpt":"El pr\u00f3ximo martes 19 de diciembre el proyecto Avanza Salto Hort\u00edcola dar\u00e1 un paso m\u00e1s hacia la construcci\u00f3n de la central hort\u00edcola, un anhelado sue\u00f1o de los productores granjeros, que estar\u00e1 ubicada en la intersecci\u00f3n de las rutas 3 y 31. En ese lugar a partir de la hora 9:30\u2026","rel":"","context":"En \u00abActualidad\u00bb","block_context":{"text":"Actualidad","link":"http:\/\/lahoradelcampo.com.uy\/site\/category\/actualidad\/"},"img":{"alt_text":"","src":"https:\/\/i0.wp.com\/lahoradelcampo.com.uy\/site\/wp-content\/uploads\/2017\/12\/Horticola.jpg?fit=880%2C440&resize=350%2C200","width":350,"height":200,"srcset":"https:\/\/i0.wp.com\/lahoradelcampo.com.uy\/site\/wp-content\/uploads\/2017\/12\/Horticola.jpg?fit=880%2C440&resize=350%2C200 1x, https:\/\/i0.wp.com\/lahoradelcampo.com.uy\/site\/wp-content\/uploads\/2017\/12\/Horticola.jpg?fit=880%2C440&resize=525%2C300 1.5x, https:\/\/i0.wp.com\/lahoradelcampo.com.uy\/site\/wp-content\/uploads\/2017\/12\/Horticola.jpg?fit=880%2C440&resize=700%2C400 2x"},"classes":[]},{"id":21354,"url":"http:\/\/lahoradelcampo.com.uy\/site\/alta-oferta-y-poca-demanda-de-frutilla-en-la-ultima-semana\/","url_meta":{"origin":16892,"position":1},"title":"Alta oferta y poca demanda  de frutilla en la \u00faltima semana","author":"La Hora del Campo","date":"29 junio, 2020","format":false,"excerpt":"De acuerdo al informe elaborado por Avanza Salto Hort\u00edcola para la pasada semana del mercado granjero salte\u00f1o, indica una operativa lenta debido principalmente al clima en la zona. A medida que cambio el clima y se acerc\u00f3 el fin de semana las ventas comenzaron a mejorar, con compradores habituales de\u2026","rel":"","context":"En \u00abActualidad\u00bb","block_context":{"text":"Actualidad","link":"http:\/\/lahoradelcampo.com.uy\/site\/category\/actualidad\/"},"img":{"alt_text":"","src":"https:\/\/i0.wp.com\/lahoradelcampo.com.uy\/site\/wp-content\/uploads\/2017\/11\/Frutilla.jpg?fit=880%2C440&resize=350%2C200","width":350,"height":200,"srcset":"https:\/\/i0.wp.com\/lahoradelcampo.com.uy\/site\/wp-content\/uploads\/2017\/11\/Frutilla.jpg?fit=880%2C440&resize=350%2C200 1x, https:\/\/i0.wp.com\/lahoradelcampo.com.uy\/site\/wp-content\/uploads\/2017\/11\/Frutilla.jpg?fit=880%2C440&resize=525%2C300 1.5x, https:\/\/i0.wp.com\/lahoradelcampo.com.uy\/site\/wp-content\/uploads\/2017\/11\/Frutilla.jpg?fit=880%2C440&resize=700%2C400 2x"},"classes":[]},{"id":19128,"url":"http:\/\/lahoradelcampo.com.uy\/site\/crece-el-area-de-tomate-y-cae-la-del-morron-en-la-zona-segun-salto-horticola\/","url_meta":{"origin":16892,"position":2},"title":"Crece el \u00e1rea de tomate y cae la del morr\u00f3n en la zona seg\u00fan Salto Hort\u00edcola","author":"La Hora del Campo","date":"23 abril, 2020","format":false,"excerpt":"Se present\u00f3 en la jornada de mi\u00e9rcoles, el Informe Final de la Encuesta Intenci\u00f3n de Siembra; un trabajo producto del equipo de Avanza junto a t\u00e9cnicos, productores, y Directivos de Salto Hort\u00edcola. Con transmisi\u00f3n en vivo a trav\u00e9s de diferentes plataformas virtuales, en la actividad presencial participaron realizando la exposici\u00f3n\u2026","rel":"","context":"En \u00abActualidad\u00bb","block_context":{"text":"Actualidad","link":"http:\/\/lahoradelcampo.com.uy\/site\/category\/actualidad\/"},"img":{"alt_text":"","src":"https:\/\/i0.wp.com\/lahoradelcampo.com.uy\/site\/wp-content\/uploads\/2020\/04\/Salto-horticola-encuesta.jpg?fit=880%2C440&resize=350%2C200","width":350,"height":200,"srcset":"https:\/\/i0.wp.com\/lahoradelcampo.com.uy\/site\/wp-content\/uploads\/2020\/04\/Salto-horticola-encuesta.jpg?fit=880%2C440&resize=350%2C200 1x, https:\/\/i0.wp.com\/lahoradelcampo.com.uy\/site\/wp-content\/uploads\/2020\/04\/Salto-horticola-encuesta.jpg?fit=880%2C440&resize=525%2C300 1.5x, https:\/\/i0.wp.com\/lahoradelcampo.com.uy\/site\/wp-content\/uploads\/2020\/04\/Salto-horticola-encuesta.jpg?fit=880%2C440&resize=700%2C400 2x"},"classes":[]},{"id":21108,"url":"http:\/\/lahoradelcampo.com.uy\/site\/60-de-los-recursos-estan-confirmados-para-la-central-horticola\/","url_meta":{"origin":16892,"position":3},"title":"60% de los  recursos est\u00e1n confirmados para la Central Hort\u00edcola","author":"La Hora del Campo","date":"19 junio, 2020","format":false,"excerpt":"En las \u00faltimas semanas, desde el anuncio del contrato que pone en marcha la obra de la Central Hort\u00edcola del Norte, se ha cuestionado la existencia de los recursos financieros para la concreci\u00f3n de la misma. En este sentido el Ing. Agr. Alejandro Secco, de Avanza Salto Hort\u00edcola, dijo que\u2026","rel":"","context":"En \u00abActualidad\u00bb","block_context":{"text":"Actualidad","link":"http:\/\/lahoradelcampo.com.uy\/site\/category\/actualidad\/"},"img":{"alt_text":"","src":"https:\/\/i0.wp.com\/lahoradelcampo.com.uy\/site\/wp-content\/uploads\/2020\/06\/Alejandro-Secco-web.jpg?fit=880%2C440&resize=350%2C200","width":350,"height":200,"srcset":"https:\/\/i0.wp.com\/lahoradelcampo.com.uy\/site\/wp-content\/uploads\/2020\/06\/Alejandro-Secco-web.jpg?fit=880%2C440&resize=350%2C200 1x, https:\/\/i0.wp.com\/lahoradelcampo.com.uy\/site\/wp-content\/uploads\/2020\/06\/Alejandro-Secco-web.jpg?fit=880%2C440&resize=525%2C300 1.5x, https:\/\/i0.wp.com\/lahoradelcampo.com.uy\/site\/wp-content\/uploads\/2020\/06\/Alejandro-Secco-web.jpg?fit=880%2C440&resize=700%2C400 2x"},"classes":[]},{"id":14975,"url":"http:\/\/lahoradelcampo.com.uy\/site\/salto-horticola-recibio-el-premio-al-mejor-stand-de-la-expo-salto\/","url_meta":{"origin":16892,"position":4},"title":"Salto Hort\u00edcola recibi\u00f3 el premio al mejor stand de la Expo Salto","author":"La Hora del Campo","date":"14 octubre, 2019","format":false,"excerpt":"La intergremial Salto Hort\u00edcola recibi\u00f3 el premio al mejor stand de la Expo Salto 2019. Siendo este el segundo premio en los \u00faltimos tres a\u00f1os en que la instituci\u00f3n que nuclea a los productores hort\u00edcolas del departamento, obtuvo este premio. Este a\u00f1o el tradicional espacio que la integremial ocupa en\u2026","rel":"","context":"En \u00abActualidad\u00bb","block_context":{"text":"Actualidad","link":"http:\/\/lahoradelcampo.com.uy\/site\/category\/actualidad\/"},"img":{"alt_text":"","src":"https:\/\/i0.wp.com\/lahoradelcampo.com.uy\/site\/wp-content\/uploads\/2019\/10\/Saltohorticoa-expo.jpg?fit=880%2C440&resize=350%2C200","width":350,"height":200,"srcset":"https:\/\/i0.wp.com\/lahoradelcampo.com.uy\/site\/wp-content\/uploads\/2019\/10\/Saltohorticoa-expo.jpg?fit=880%2C440&resize=350%2C200 1x, https:\/\/i0.wp.com\/lahoradelcampo.com.uy\/site\/wp-content\/uploads\/2019\/10\/Saltohorticoa-expo.jpg?fit=880%2C440&resize=525%2C300 1.5x, https:\/\/i0.wp.com\/lahoradelcampo.com.uy\/site\/wp-content\/uploads\/2019\/10\/Saltohorticoa-expo.jpg?fit=880%2C440&resize=700%2C400 2x"},"classes":[]},{"id":15552,"url":"http:\/\/lahoradelcampo.com.uy\/site\/presentaron-jornada-pensando-en-la-horticultura-al-2030\/","url_meta":{"origin":16892,"position":5},"title":"Presentaron jornada \u00abPensando en la Horticultura al 2030\u00bb","author":"La Hora del Campo ADMIN","date":"1 noviembre, 2019","format":false,"excerpt":"En conferencia de prensa, se realiz\u00f3 el lanzamiento del seminario \"Pensando la horticultura al 2030\", que tendr\u00e1 lugar el 19 de noviembre a las 16 horas en el sal\u00f3n de Relaciones P\u00fablicas de Salto Grande. Este encuentro plantea reflexionar sobre el estado actual de la horticultura, hacer una proyecci\u00f3n a\u2026","rel":"","context":"En \u00abActualidad\u00bb","block_context":{"text":"Actualidad","link":"http:\/\/lahoradelcampo.com.uy\/site\/category\/actualidad\/"},"img":{"alt_text":"","src":"https:\/\/i0.wp.com\/lahoradelcampo.com.uy\/site\/wp-content\/uploads\/2019\/11\/Horticola2030.jpg?fit=880%2C440&resize=350%2C200","width":350,"height":200,"srcset":"https:\/\/i0.wp.com\/lahoradelcampo.com.uy\/site\/wp-content\/uploads\/2019\/11\/Horticola2030.jpg?fit=880%2C440&resize=350%2C200 1x, https:\/\/i0.wp.com\/lahoradelcampo.com.uy\/site\/wp-content\/uploads\/2019\/11\/Horticola2030.jpg?fit=880%2C440&resize=525%2C300 1.5x, https:\/\/i0.wp.com\/lahoradelcampo.com.uy\/site\/wp-content\/uploads\/2019\/11\/Horticola2030.jpg?fit=880%2C440&resize=700%2C400 2x"},"classes":[]}],"jetpack_likes_enabled":true,"_links":{"self":[{"href":"http:\/\/lahoradelcampo.com.uy\/site\/wp-json\/wp\/v2\/posts\/16892","targetHints":{"allow":["GET"]}}],"collection":[{"href":"http:\/\/lahoradelcampo.com.uy\/site\/wp-json\/wp\/v2\/posts"}],"about":[{"href":"http:\/\/lahoradelcampo.com.uy\/site\/wp-json\/wp\/v2\/types\/post"}],"author":[{"embeddable":true,"href":"http:\/\/lahoradelcampo.com.uy\/site\/wp-json\/wp\/v2\/users\/5"}],"replies":[{"embeddable":true,"href":"http:\/\/lahoradelcampo.com.uy\/site\/wp-json\/wp\/v2\/comments?post=16892"}],"version-history":[{"count":1,"href":"http:\/\/lahoradelcampo.com.uy\/site\/wp-json\/wp\/v2\/posts\/16892\/revisions"}],"predecessor-version":[{"id":16894,"href":"http:\/\/lahoradelcampo.com.uy\/site\/wp-json\/wp\/v2\/posts\/16892\/revisions\/16894"}],"wp:featuredmedia":[{"embeddable":true,"href":"http:\/\/lahoradelcampo.com.uy\/site\/wp-json\/wp\/v2\/media\/16468"}],"wp:attachment":[{"href":"http:\/\/lahoradelcampo.com.uy\/site\/wp-json\/wp\/v2\/media?parent=16892"}],"wp:term":[{"taxonomy":"category","embeddable":true,"href":"http:\/\/lahoradelcampo.com.uy\/site\/wp-json\/wp\/v2\/categories?post=16892"},{"taxonomy":"post_tag","embeddable":true,"href":"http:\/\/lahoradelcampo.com.uy\/site\/wp-json\/wp\/v2\/tags?post=16892"}],"curies":[{"name":"wp","href":"https:\/\/api.w.org\/{rel}","templated":true}]}}