{"id":16874,"date":"2020-01-14T07:13:33","date_gmt":"2020-01-14T10:13:33","guid":{"rendered":"http:\/\/lahoradelcampo.com.uy\/site\/?p=16874"},"modified":"2020-01-14T07:13:36","modified_gmt":"2020-01-14T10:13:36","slug":"se-habilito-el-mercado-de-arabia-saudita-para-la-carne-vacuna-y-ovina","status":"publish","type":"post","link":"http:\/\/lahoradelcampo.com.uy\/site\/se-habilito-el-mercado-de-arabia-saudita-para-la-carne-vacuna-y-ovina\/","title":{"rendered":"Se habilit\u00f3 el mercado de Arabia Saudita para la carne vacuna y ovina"},"content":{"rendered":"\n<figure class=\"wp-block-image\"><img data-recalc-dims=\"1\" loading=\"lazy\" decoding=\"async\" width=\"810\" height=\"405\" data-attachment-id=\"4823\" data-permalink=\"http:\/\/lahoradelcampo.com.uy\/site\/mauro-villamor-gano-el-concurso-nacional-de-domadores\/faena-3\/\" data-orig-file=\"https:\/\/i0.wp.com\/lahoradelcampo.com.uy\/site\/wp-content\/uploads\/2017\/12\/Faena.jpg?fit=880%2C440\" data-orig-size=\"880,440\" data-comments-opened=\"1\" data-image-meta=\"{&quot;aperture&quot;:&quot;0&quot;,&quot;credit&quot;:&quot;Vicente-Manuel-Tort&quot;,&quot;camera&quot;:&quot;&quot;,&quot;caption&quot;:&quot;&quot;,&quot;created_timestamp&quot;:&quot;0&quot;,&quot;copyright&quot;:&quot;Presidencia de la Republica - Sec.Com.Inst.&quot;,&quot;focal_length&quot;:&quot;0&quot;,&quot;iso&quot;:&quot;0&quot;,&quot;shutter_speed&quot;:&quot;0&quot;,&quot;title&quot;:&quot;&quot;,&quot;orientation&quot;:&quot;1&quot;}\" data-image-title=\"Faena\" data-image-description=\"\" data-image-caption=\"\" data-large-file=\"https:\/\/i0.wp.com\/lahoradelcampo.com.uy\/site\/wp-content\/uploads\/2017\/12\/Faena.jpg?fit=810%2C405\" src=\"https:\/\/i0.wp.com\/lahoradelcampo.com.uy\/site\/wp-content\/uploads\/2017\/12\/Faena.jpg?resize=810%2C405\" alt=\"\" class=\"wp-image-4823\" srcset=\"https:\/\/i0.wp.com\/lahoradelcampo.com.uy\/site\/wp-content\/uploads\/2017\/12\/Faena.jpg?w=880 880w, https:\/\/i0.wp.com\/lahoradelcampo.com.uy\/site\/wp-content\/uploads\/2017\/12\/Faena.jpg?resize=300%2C150 300w, https:\/\/i0.wp.com\/lahoradelcampo.com.uy\/site\/wp-content\/uploads\/2017\/12\/Faena.jpg?resize=768%2C384 768w, https:\/\/i0.wp.com\/lahoradelcampo.com.uy\/site\/wp-content\/uploads\/2017\/12\/Faena.jpg?resize=820%2C410 820w\" sizes=\"auto, (max-width: 810px) 100vw, 810px\" \/><\/figure>\n\n\n\n<p>Este lunes 13 de enero la autoridad sanitaria del Reino de Arabia Saudita SFDA (Saudi Food y Drug Authority) comunic\u00f3 la habilitaci\u00f3n de Arabia Saudita para la carne y menudencias bovina y ovina. La apertura de este mercado abre nuevas posibilidades de negocios para la exportaci\u00f3n de carne uruguaya al exterior.<\/p>\n\n\n\n<p>Dicho logro se da en el marco del trabajo en materia de inserci\u00f3n internacional de los productos uruguayos que vienen realizando el Ministerio de Ganader\u00eda, Agricultura y Pesca y el Ministerio de Relaciones Exteriores.<\/p>\n\n\n\n<p>Se trata de un proceso que culmin\u00f3 con \u00e9xito despu\u00e9s de varias etapas incluidas las auditor\u00edas para la obtenci\u00f3n de la certificaci\u00f3n Halal, auditor\u00edas a plantas frigor\u00edficas y a todo el&nbsp;sistema de la autoridad sanitaria del pa\u00eds.<\/p>\n","protected":false},"excerpt":{"rendered":"<p>Este lunes 13 de enero la autoridad sanitaria del Reino de Arabia Saudita SFDA (Saudi Food y Drug Authority) comunic\u00f3 la habilitaci\u00f3n de Arabia Saudita para la carne y menudencias [&hellip;]<\/p>\n","protected":false},"author":5,"featured_media":4823,"comment_status":"open","ping_status":"open","sticky":false,"template":"","format":"standard","meta":{"_price":"","_stock":"","_tribe_ticket_header":"","_tribe_default_ticket_provider":"","_tribe_ticket_capacity":"0","_ticket_start_date":"","_ticket_end_date":"","_tribe_ticket_show_description":"","_tribe_ticket_show_not_going":false,"_tribe_ticket_use_global_stock":"","_tribe_ticket_global_stock_level":"","_global_stock_mode":"","_global_stock_cap":"","_tribe_rsvp_for_event":"","_tribe_ticket_going_count":"","_tribe_ticket_not_going_count":"","_tribe_tickets_list":"[]","_tribe_ticket_has_attendee_info_fields":false,"h5ap_radio_sources":[],"_jetpack_newsletter_access":"","_jetpack_dont_email_post_to_subs":false,"_jetpack_newsletter_tier_id":0,"_jetpack_memberships_contains_paywalled_content":false,"_jetpack_memberships_contains_paid_content":false,"footnotes":""},"categories":[21,5],"tags":[],"class_list":["post-16874","post","type-post","status-publish","format-standard","has-post-thumbnail","hentry","category-actualidad","category-ganaderia"],"jetpack_featured_media_url":"https:\/\/i0.wp.com\/lahoradelcampo.com.uy\/site\/wp-content\/uploads\/2017\/12\/Faena.jpg?fit=880%2C440","jetpack_sharing_enabled":true,"jetpack_shortlink":"https:\/\/wp.me\/p99IaT-4oa","jetpack-related-posts":[{"id":21894,"url":"http:\/\/lahoradelcampo.com.uy\/site\/arabia-saudita-habilito-la-importacion-de-miel-de-uruguay\/","url_meta":{"origin":16874,"position":0},"title":"Arabia Saudita habilit\u00f3 la importaci\u00f3n de miel de Uruguay","author":"La Hora del Campo","date":"17 julio, 2020","format":false,"excerpt":"El Ministerio de Ganader\u00eda, Agricultura y Pesca, inform\u00f3 que el pasado martes 14 de julio, se terminaron todos los detalles para la habilitaci\u00f3n del mercado de Arabia Saudita para el sector ap\u00edcola uruguayo. Luego de m\u00faltiples gestiones ante la Autoridad Sanitaria de Arabia Saudita (SFDA) el MGAP logr\u00f3 habilitar dicho\u2026","rel":"","context":"En \u00abActualidad\u00bb","block_context":{"text":"Actualidad","link":"http:\/\/lahoradelcampo.com.uy\/site\/category\/actualidad\/"},"img":{"alt_text":"","src":"https:\/\/i0.wp.com\/lahoradelcampo.com.uy\/site\/wp-content\/uploads\/2017\/12\/Abejas.jpg?fit=880%2C440&resize=350%2C200","width":350,"height":200,"srcset":"https:\/\/i0.wp.com\/lahoradelcampo.com.uy\/site\/wp-content\/uploads\/2017\/12\/Abejas.jpg?fit=880%2C440&resize=350%2C200 1x, https:\/\/i0.wp.com\/lahoradelcampo.com.uy\/site\/wp-content\/uploads\/2017\/12\/Abejas.jpg?fit=880%2C440&resize=525%2C300 1.5x, https:\/\/i0.wp.com\/lahoradelcampo.com.uy\/site\/wp-content\/uploads\/2017\/12\/Abejas.jpg?fit=880%2C440&resize=700%2C400 2x"},"classes":[]},{"id":51429,"url":"http:\/\/lahoradelcampo.com.uy\/site\/uruguay-participo-de-la-feria-saudi-food-show-en-arabia-saudita\/","url_meta":{"origin":16874,"position":1},"title":"Uruguay particip\u00f3 de la feria Saud\u00ed Food Show en Arabia Saudita","author":"La Hora del Campo","date":"25 junio, 2023","format":false,"excerpt":"Entre el 20 y el 22 de junio, el Instituto Nacional de Carnes (INAC) tuvo una destacada participaci\u00f3n en la primera edici\u00f3n de la feria Saudi Food Show, celebrada en Riad, la capital de Arabia Saudita. El evento, respaldado por el Ministerio de Industria y Recursos Minerales saud\u00ed, congreg\u00f3 a\u2026","rel":"","context":"En \u00abActualidad\u00bb","block_context":{"text":"Actualidad","link":"http:\/\/lahoradelcampo.com.uy\/site\/category\/actualidad\/"},"img":{"alt_text":"","src":"https:\/\/i0.wp.com\/lahoradelcampo.com.uy\/site\/wp-content\/uploads\/2023\/06\/INAC-ArabiaSaudita.jpg?fit=880%2C440&resize=350%2C200","width":350,"height":200,"srcset":"https:\/\/i0.wp.com\/lahoradelcampo.com.uy\/site\/wp-content\/uploads\/2023\/06\/INAC-ArabiaSaudita.jpg?fit=880%2C440&resize=350%2C200 1x, https:\/\/i0.wp.com\/lahoradelcampo.com.uy\/site\/wp-content\/uploads\/2023\/06\/INAC-ArabiaSaudita.jpg?fit=880%2C440&resize=525%2C300 1.5x, https:\/\/i0.wp.com\/lahoradelcampo.com.uy\/site\/wp-content\/uploads\/2023\/06\/INAC-ArabiaSaudita.jpg?fit=880%2C440&resize=700%2C400 2x"},"classes":[]},{"id":26806,"url":"http:\/\/lahoradelcampo.com.uy\/site\/ingreso-a-arabia-saudita-el-primer-embarque-de-carne-bovina-uruguaya-refrigerada\/","url_meta":{"origin":16874,"position":2},"title":"Ingreso a Arabia Saudita el primer embarque de carne bovina uruguaya refrigerada","author":"La Hora del Campo","date":"15 enero, 2021","format":false,"excerpt":"En los \u00faltimos d\u00edas arrib\u00f3 el primer embarque a este destino, accediendo Uruguay as\u00ed a un mercado de muy alto potencial en el mundo, con muy bajo arancel. A esta novedad se le suma tambi\u00e9n la llegada de la primera carne sin hueso a L\u00edbano. El primer ingreso de carne\u2026","rel":"","context":"En \u00abActualidad\u00bb","block_context":{"text":"Actualidad","link":"http:\/\/lahoradelcampo.com.uy\/site\/category\/actualidad\/"},"img":{"alt_text":"","src":"https:\/\/i0.wp.com\/lahoradelcampo.com.uy\/site\/wp-content\/uploads\/2021\/01\/carnelibano.jpg?fit=880%2C440&resize=350%2C200","width":350,"height":200,"srcset":"https:\/\/i0.wp.com\/lahoradelcampo.com.uy\/site\/wp-content\/uploads\/2021\/01\/carnelibano.jpg?fit=880%2C440&resize=350%2C200 1x, https:\/\/i0.wp.com\/lahoradelcampo.com.uy\/site\/wp-content\/uploads\/2021\/01\/carnelibano.jpg?fit=880%2C440&resize=525%2C300 1.5x, https:\/\/i0.wp.com\/lahoradelcampo.com.uy\/site\/wp-content\/uploads\/2021\/01\/carnelibano.jpg?fit=880%2C440&resize=700%2C400 2x"},"classes":[]},{"id":34523,"url":"http:\/\/lahoradelcampo.com.uy\/site\/arabia-saudita-aprobo-certificado-para-ganado-en-pie\/","url_meta":{"origin":16874,"position":3},"title":"Arabia Saudita aprob\u00f3 certificado para ganado en pie","author":"La Hora del Campo","date":"22 septiembre, 2021","format":false,"excerpt":"Las autoridades sanitarias del Reino de Arabia Saudita aprobaron y renovaron el certificado sanitario veterinario vinculado con la exportaci\u00f3n de ganado en pie para engorde y recr\u00eda, posibilitando la concreci\u00f3n de negocios en el corto plazo, tanto con bovinos, como con ovinos. El Ministerio de Medio Ambiente, Agua y Agricultura\u2026","rel":"","context":"En \u00abActualidad\u00bb","block_context":{"text":"Actualidad","link":"http:\/\/lahoradelcampo.com.uy\/site\/category\/actualidad\/"},"img":{"alt_text":"","src":"https:\/\/i0.wp.com\/lahoradelcampo.com.uy\/site\/wp-content\/uploads\/2020\/03\/Exportacion-ovinos.jpg?fit=880%2C440&resize=350%2C200","width":350,"height":200,"srcset":"https:\/\/i0.wp.com\/lahoradelcampo.com.uy\/site\/wp-content\/uploads\/2020\/03\/Exportacion-ovinos.jpg?fit=880%2C440&resize=350%2C200 1x, https:\/\/i0.wp.com\/lahoradelcampo.com.uy\/site\/wp-content\/uploads\/2020\/03\/Exportacion-ovinos.jpg?fit=880%2C440&resize=525%2C300 1.5x, https:\/\/i0.wp.com\/lahoradelcampo.com.uy\/site\/wp-content\/uploads\/2020\/03\/Exportacion-ovinos.jpg?fit=880%2C440&resize=700%2C400 2x"},"classes":[]},{"id":30202,"url":"http:\/\/lahoradelcampo.com.uy\/site\/arabia-saudita-solicito-reducir-el-tiempo-de-validez-para-la-carne-aviar\/","url_meta":{"origin":16874,"position":4},"title":"Arabia Saudita solicit\u00f3 reducir el tiempo de validez para la carne aviar","author":"La Hora del Campo","date":"18 mayo, 2021","format":false,"excerpt":"Arabia Saudita solicit\u00f3 a la Organizaci\u00f3n Mundial del Comercio (OMC), cambiar la reglamentaci\u00f3n en torno al plazo m\u00e1ximo de validez para la carne aviar congelada. Esta regla esta prevista con un a\u00f1o de validez, sin embargo el pa\u00eds \u00e1rabe quiere reducir el tiempo a tres meses. De acuerdo con la\u2026","rel":"","context":"En \u00abActualidad\u00bb","block_context":{"text":"Actualidad","link":"http:\/\/lahoradelcampo.com.uy\/site\/category\/actualidad\/"},"img":{"alt_text":"","src":"https:\/\/i0.wp.com\/lahoradelcampo.com.uy\/site\/wp-content\/uploads\/2021\/05\/carneaviar2.jpg?fit=880%2C440&resize=350%2C200","width":350,"height":200,"srcset":"https:\/\/i0.wp.com\/lahoradelcampo.com.uy\/site\/wp-content\/uploads\/2021\/05\/carneaviar2.jpg?fit=880%2C440&resize=350%2C200 1x, https:\/\/i0.wp.com\/lahoradelcampo.com.uy\/site\/wp-content\/uploads\/2021\/05\/carneaviar2.jpg?fit=880%2C440&resize=525%2C300 1.5x, https:\/\/i0.wp.com\/lahoradelcampo.com.uy\/site\/wp-content\/uploads\/2021\/05\/carneaviar2.jpg?fit=880%2C440&resize=700%2C400 2x"},"classes":[]},{"id":28714,"url":"http:\/\/lahoradelcampo.com.uy\/site\/inac-visualiza-oportunidades-para-la-carne-en-el-medio-oriente-y-norte-de-africa\/","url_meta":{"origin":16874,"position":5},"title":"INAC visualiza oportunidades para la carne en el Medio Oriente y norte de \u00c1frica","author":"La Hora del Campo","date":"22 marzo, 2021","format":false,"excerpt":"El Medio Oriente y Norte de \u00c1frica (MENA, por sus siglas en ingl\u00e9s) es una regi\u00f3n compuesta por 20 pa\u00edses: Argelia, Bahr\u00e9in, Yibuti, Egipto, Ir\u00e1n, Iraq, Israel, Jordania, Kuwait, L\u00edbano, Libia, Marruecos, Om\u00e1n, Catar, Arabia Saudita, Siria, T\u00fanez, Emiratos \u00c1rabes Unidos (EAU), Palestina y Yemen. Esta regi\u00f3n es atractiva porque\u2026","rel":"","context":"En \u00abActualidad\u00bb","block_context":{"text":"Actualidad","link":"http:\/\/lahoradelcampo.com.uy\/site\/category\/actualidad\/"},"img":{"alt_text":"","src":"https:\/\/i0.wp.com\/lahoradelcampo.com.uy\/site\/wp-content\/uploads\/2017\/11\/Carne.jpg?fit=880%2C440&resize=350%2C200","width":350,"height":200,"srcset":"https:\/\/i0.wp.com\/lahoradelcampo.com.uy\/site\/wp-content\/uploads\/2017\/11\/Carne.jpg?fit=880%2C440&resize=350%2C200 1x, https:\/\/i0.wp.com\/lahoradelcampo.com.uy\/site\/wp-content\/uploads\/2017\/11\/Carne.jpg?fit=880%2C440&resize=525%2C300 1.5x, https:\/\/i0.wp.com\/lahoradelcampo.com.uy\/site\/wp-content\/uploads\/2017\/11\/Carne.jpg?fit=880%2C440&resize=700%2C400 2x"},"classes":[]}],"jetpack_likes_enabled":true,"_links":{"self":[{"href":"http:\/\/lahoradelcampo.com.uy\/site\/wp-json\/wp\/v2\/posts\/16874","targetHints":{"allow":["GET"]}}],"collection":[{"href":"http:\/\/lahoradelcampo.com.uy\/site\/wp-json\/wp\/v2\/posts"}],"about":[{"href":"http:\/\/lahoradelcampo.com.uy\/site\/wp-json\/wp\/v2\/types\/post"}],"author":[{"embeddable":true,"href":"http:\/\/lahoradelcampo.com.uy\/site\/wp-json\/wp\/v2\/users\/5"}],"replies":[{"embeddable":true,"href":"http:\/\/lahoradelcampo.com.uy\/site\/wp-json\/wp\/v2\/comments?post=16874"}],"version-history":[{"count":1,"href":"http:\/\/lahoradelcampo.com.uy\/site\/wp-json\/wp\/v2\/posts\/16874\/revisions"}],"predecessor-version":[{"id":16876,"href":"http:\/\/lahoradelcampo.com.uy\/site\/wp-json\/wp\/v2\/posts\/16874\/revisions\/16876"}],"wp:featuredmedia":[{"embeddable":true,"href":"http:\/\/lahoradelcampo.com.uy\/site\/wp-json\/wp\/v2\/media\/4823"}],"wp:attachment":[{"href":"http:\/\/lahoradelcampo.com.uy\/site\/wp-json\/wp\/v2\/media?parent=16874"}],"wp:term":[{"taxonomy":"category","embeddable":true,"href":"http:\/\/lahoradelcampo.com.uy\/site\/wp-json\/wp\/v2\/categories?post=16874"},{"taxonomy":"post_tag","embeddable":true,"href":"http:\/\/lahoradelcampo.com.uy\/site\/wp-json\/wp\/v2\/tags?post=16874"}],"curies":[{"name":"wp","href":"https:\/\/api.w.org\/{rel}","templated":true}]}}