{"id":16870,"date":"2020-01-14T07:08:06","date_gmt":"2020-01-14T10:08:06","guid":{"rendered":"http:\/\/lahoradelcampo.com.uy\/site\/?p=16870"},"modified":"2020-01-14T07:08:18","modified_gmt":"2020-01-14T10:08:18","slug":"el-dia-del-merino-se-realizara-en-paysandu-este-ano","status":"publish","type":"post","link":"http:\/\/lahoradelcampo.com.uy\/site\/el-dia-del-merino-se-realizara-en-paysandu-este-ano\/","title":{"rendered":"El D\u00eda del Merino se realizar\u00e1 en Paysand\u00fa este a\u00f1o"},"content":{"rendered":"\n<figure class=\"wp-block-image\"><img data-recalc-dims=\"1\" loading=\"lazy\" decoding=\"async\" width=\"810\" height=\"405\" data-attachment-id=\"2185\" data-permalink=\"http:\/\/lahoradelcampo.com.uy\/site\/salto-sera-sede-del-merino-australiano-a-nivel-mundial\/merino-australiano-2\/\" data-orig-file=\"https:\/\/i0.wp.com\/lahoradelcampo.com.uy\/site\/wp-content\/uploads\/2017\/10\/Merino-Australiano.jpg?fit=880%2C440\" data-orig-size=\"880,440\" data-comments-opened=\"1\" data-image-meta=\"{&quot;aperture&quot;:&quot;0&quot;,&quot;credit&quot;:&quot;Vicente-Manuel-Tort&quot;,&quot;camera&quot;:&quot;&quot;,&quot;caption&quot;:&quot;&quot;,&quot;created_timestamp&quot;:&quot;0&quot;,&quot;copyright&quot;:&quot;Presidencia de la Republica - Sec.Com.Inst.&quot;,&quot;focal_length&quot;:&quot;0&quot;,&quot;iso&quot;:&quot;0&quot;,&quot;shutter_speed&quot;:&quot;0&quot;,&quot;title&quot;:&quot;&quot;,&quot;orientation&quot;:&quot;1&quot;}\" data-image-title=\"Merino Australiano\" data-image-description=\"\" data-image-caption=\"\" data-large-file=\"https:\/\/i0.wp.com\/lahoradelcampo.com.uy\/site\/wp-content\/uploads\/2017\/10\/Merino-Australiano.jpg?fit=810%2C405\" src=\"https:\/\/i0.wp.com\/lahoradelcampo.com.uy\/site\/wp-content\/uploads\/2017\/10\/Merino-Australiano.jpg?resize=810%2C405\" alt=\"\" class=\"wp-image-2185\" srcset=\"https:\/\/i0.wp.com\/lahoradelcampo.com.uy\/site\/wp-content\/uploads\/2017\/10\/Merino-Australiano.jpg?w=880 880w, https:\/\/i0.wp.com\/lahoradelcampo.com.uy\/site\/wp-content\/uploads\/2017\/10\/Merino-Australiano.jpg?resize=300%2C150 300w, https:\/\/i0.wp.com\/lahoradelcampo.com.uy\/site\/wp-content\/uploads\/2017\/10\/Merino-Australiano.jpg?resize=768%2C384 768w, https:\/\/i0.wp.com\/lahoradelcampo.com.uy\/site\/wp-content\/uploads\/2017\/10\/Merino-Australiano.jpg?resize=820%2C410 820w\" sizes=\"auto, (max-width: 810px) 100vw, 810px\" \/><\/figure>\n\n\n\n<p>La Sociedad de Criadores de Merino Australiano del Uruguay, ha definido un cambio en el tradicional D\u00eda del Merino, donde se colocan a calificaci\u00f3n y posterior venta, animales gen\u00e9ticamente superiores de las diferentes caba\u00f1as participantes. <br><\/p>\n\n\n\n<p>El Dr. Juan Carlos Tafernaberry, presidente de la gremial, dijo a Faxlana, que este a\u00f1o se realizar\u00e1 este evento en tierras sanduceras. El mismo est\u00e1 previsto para el viernes 13 de marzo, en el predio de la Asociaci\u00f3n Local Feria de Paysand\u00fa y como es tradicional, las ventas estar\u00e1n a cargo de la firma Zambrano &amp; C\u00eda. <br><\/p>\n\n\n\n<p>Tafernaberry, record\u00f3 que en los comienzos, este evento se realiz\u00f3 en Paysand\u00fa y posteriormente se traslad\u00f3 a Salto donde se realiza ya hace varios a\u00f1os. El presidente de la gremial no descart\u00f3 la posibilidad de que en a\u00f1os pr\u00f3ximos dicho evento pueda realizarse en Artigas o Tacuaremb\u00f3, teniendo en cuenta la incidencia de la raza en el norte del pa\u00eds, principalmente sobre los campos de basalto. <\/p>\n","protected":false},"excerpt":{"rendered":"<p>La Sociedad de Criadores de Merino Australiano del Uruguay, ha definido un cambio en el tradicional D\u00eda del Merino, donde se colocan a calificaci\u00f3n y posterior venta, animales gen\u00e9ticamente superiores [&hellip;]<\/p>\n","protected":false},"author":5,"featured_media":2185,"comment_status":"open","ping_status":"open","sticky":false,"template":"","format":"standard","meta":{"_price":"","_stock":"","_tribe_ticket_header":"","_tribe_default_ticket_provider":"","_tribe_ticket_capacity":"0","_ticket_start_date":"","_ticket_end_date":"","_tribe_ticket_show_description":"","_tribe_ticket_show_not_going":false,"_tribe_ticket_use_global_stock":"","_tribe_ticket_global_stock_level":"","_global_stock_mode":"","_global_stock_cap":"","_tribe_rsvp_for_event":"","_tribe_ticket_going_count":"","_tribe_ticket_not_going_count":"","_tribe_tickets_list":"[]","_tribe_ticket_has_attendee_info_fields":false,"h5ap_radio_sources":[],"_jetpack_newsletter_access":"","_jetpack_dont_email_post_to_subs":false,"_jetpack_newsletter_tier_id":0,"_jetpack_memberships_contains_paywalled_content":false,"_jetpack_memberships_contains_paid_content":false,"footnotes":""},"categories":[21,5],"tags":[],"class_list":["post-16870","post","type-post","status-publish","format-standard","has-post-thumbnail","hentry","category-actualidad","category-ganaderia"],"jetpack_featured_media_url":"https:\/\/i0.wp.com\/lahoradelcampo.com.uy\/site\/wp-content\/uploads\/2017\/10\/Merino-Australiano.jpg?fit=880%2C440","jetpack_sharing_enabled":true,"jetpack_shortlink":"https:\/\/wp.me\/p99IaT-4o6","jetpack-related-posts":[{"id":3479,"url":"http:\/\/lahoradelcampo.com.uy\/site\/merino-definio-la-gira-del-congreso-mundial\/","url_meta":{"origin":16870,"position":0},"title":"Merino defini\u00f3 la gira del Congreso Mundial","author":"La Hora del Campo","date":"2 noviembre, 2017","format":false,"excerpt":"El presidente de la Sociedad de Criadores de Merino Australiano del Uruguay, Dr. Juan Carlos Tafernaberry, confirm\u00f3 a La Hora del Campo el desarrollo de la gira que se realizara en el marco del Congreso Mundial de la raza en abril del a\u00f1o pr\u00f3ximo. Gira del Congreso El Dr. Juan\u2026","rel":"","context":"En \u00abActualidad\u00bb","block_context":{"text":"Actualidad","link":"http:\/\/lahoradelcampo.com.uy\/site\/category\/actualidad\/"},"img":{"alt_text":"","src":"https:\/\/i0.wp.com\/lahoradelcampo.com.uy\/site\/wp-content\/uploads\/2017\/11\/Merino-Australiano.jpg?fit=880%2C440&resize=350%2C200","width":350,"height":200,"srcset":"https:\/\/i0.wp.com\/lahoradelcampo.com.uy\/site\/wp-content\/uploads\/2017\/11\/Merino-Australiano.jpg?fit=880%2C440&resize=350%2C200 1x, https:\/\/i0.wp.com\/lahoradelcampo.com.uy\/site\/wp-content\/uploads\/2017\/11\/Merino-Australiano.jpg?fit=880%2C440&resize=525%2C300 1.5x, https:\/\/i0.wp.com\/lahoradelcampo.com.uy\/site\/wp-content\/uploads\/2017\/11\/Merino-Australiano.jpg?fit=880%2C440&resize=700%2C400 2x"},"classes":[]},{"id":5655,"url":"http:\/\/lahoradelcampo.com.uy\/site\/se-acerca-el-10o-congreso-mundial-del-merino-a-realizarse-en-uruguay\/","url_meta":{"origin":16870,"position":1},"title":"Se acerca el 10\u00ba Congreso Mundial del Merino a realizarse en Uruguay","author":"La Hora del Campo","date":"31 enero, 2018","format":false,"excerpt":"Del 7 al 15 de abril se desarrollar\u00e1 en nuestro pa\u00eds la 10\u00aa Conferencia Mundial Merino Australiano, est\u00e1 es la segunda oportunidad donde este congreso llega a nuestro pa\u00eds, la primera fue en el a\u00f1o 1994, donde fueron recibidas las delegaciones participantes de la cuarta conferencia mundial. Los escenarios son\u2026","rel":"","context":"En \u00abActualidad\u00bb","block_context":{"text":"Actualidad","link":"http:\/\/lahoradelcampo.com.uy\/site\/category\/actualidad\/"},"img":{"alt_text":"","src":"https:\/\/i0.wp.com\/lahoradelcampo.com.uy\/site\/wp-content\/uploads\/2018\/01\/Merino.jpg?fit=880%2C440&resize=350%2C200","width":350,"height":200,"srcset":"https:\/\/i0.wp.com\/lahoradelcampo.com.uy\/site\/wp-content\/uploads\/2018\/01\/Merino.jpg?fit=880%2C440&resize=350%2C200 1x, https:\/\/i0.wp.com\/lahoradelcampo.com.uy\/site\/wp-content\/uploads\/2018\/01\/Merino.jpg?fit=880%2C440&resize=525%2C300 1.5x, https:\/\/i0.wp.com\/lahoradelcampo.com.uy\/site\/wp-content\/uploads\/2018\/01\/Merino.jpg?fit=880%2C440&resize=700%2C400 2x"},"classes":[]},{"id":6325,"url":"http:\/\/lahoradelcampo.com.uy\/site\/sabado-comienza-el-congreso-mundial-de-merino-con-mas-de-200-animales\/","url_meta":{"origin":16870,"position":2},"title":"S\u00e1bado comienza el Congreso Mundial  de Merino con m\u00e1s de 200 animales","author":"La Hora del Campo","date":"1 abril, 2018","format":false,"excerpt":"Del 7 al 15 de abril se desarrolla en nuestro pa\u00eds la 10\u00aa Conferencia Mundial Merino Australiano, actividad que se realiza cada cuatro a\u00f1os y re\u00fane la familia de criadores de la raza. Esta es la segunda oportunidad donde este congreso llega a nuestro pa\u00eds, la primera fue en el\u2026","rel":"","context":"En \u00abActualidad\u00bb","block_context":{"text":"Actualidad","link":"http:\/\/lahoradelcampo.com.uy\/site\/category\/actualidad\/"},"img":{"alt_text":"","src":"https:\/\/i0.wp.com\/lahoradelcampo.com.uy\/site\/wp-content\/uploads\/2018\/04\/Merino.jpg?fit=880%2C440&resize=350%2C200","width":350,"height":200,"srcset":"https:\/\/i0.wp.com\/lahoradelcampo.com.uy\/site\/wp-content\/uploads\/2018\/04\/Merino.jpg?fit=880%2C440&resize=350%2C200 1x, https:\/\/i0.wp.com\/lahoradelcampo.com.uy\/site\/wp-content\/uploads\/2018\/04\/Merino.jpg?fit=880%2C440&resize=525%2C300 1.5x, https:\/\/i0.wp.com\/lahoradelcampo.com.uy\/site\/wp-content\/uploads\/2018\/04\/Merino.jpg?fit=880%2C440&resize=700%2C400 2x"},"classes":[]},{"id":5849,"url":"http:\/\/lahoradelcampo.com.uy\/site\/la-medida-bajar-las-cargas-haciendo-ventas\/","url_meta":{"origin":16870,"position":3},"title":"La medida: bajar las cargas haciendo ventas","author":"La Hora del Campo","date":"18 febrero, 2018","format":false,"excerpt":"El Dr. Juan Carlos Tafernaberry, presidente de la Sociedad de Criadores de Merino Australiano del Uruguay, tiene su establecimiento en la zona de Piedra Sola en el l\u00edmite de Paysand\u00fa y Tacuaremb\u00f3, del lado sanducero, paraje que tambi\u00e9n se encuentra en \"una situaci\u00f3n bastante cr\u00edtica\" sostuvo. Siempre optimista, Tafernaberry dijo\u2026","rel":"","context":"En \u00abActualidad\u00bb","block_context":{"text":"Actualidad","link":"http:\/\/lahoradelcampo.com.uy\/site\/category\/actualidad\/"},"img":{"alt_text":"","src":"https:\/\/i0.wp.com\/lahoradelcampo.com.uy\/site\/wp-content\/uploads\/2018\/02\/Seca-3.jpg?fit=880%2C440&resize=350%2C200","width":350,"height":200,"srcset":"https:\/\/i0.wp.com\/lahoradelcampo.com.uy\/site\/wp-content\/uploads\/2018\/02\/Seca-3.jpg?fit=880%2C440&resize=350%2C200 1x, https:\/\/i0.wp.com\/lahoradelcampo.com.uy\/site\/wp-content\/uploads\/2018\/02\/Seca-3.jpg?fit=880%2C440&resize=525%2C300 1.5x, https:\/\/i0.wp.com\/lahoradelcampo.com.uy\/site\/wp-content\/uploads\/2018\/02\/Seca-3.jpg?fit=880%2C440&resize=700%2C400 2x"},"classes":[]},{"id":10851,"url":"http:\/\/lahoradelcampo.com.uy\/site\/mayo-cierra-con-la-gira-merino-australiano-y-comienza-julio-con-el-merilin\/","url_meta":{"origin":16870,"position":4},"title":"Mayo cierra con la gira Merino Australiano y comienza junio con el Meril\u00edn","author":"La Hora del Campo","date":"17 mayo, 2019","format":false,"excerpt":"La Sociedad de Criadores de Merino Australiano del Uruguay prepara su gira anual para los d\u00edas martes 28 y mi\u00e9rcoles 29 de mayo en el departamento de Paysand\u00fa visitando productores de majadas comerciales y caba\u00f1as. El Dr. Juan Carlos Tafernaberry, presidente de la gremial de criadores, dijo que el primer\u2026","rel":"","context":"En \u00abActualidad\u00bb","block_context":{"text":"Actualidad","link":"http:\/\/lahoradelcampo.com.uy\/site\/category\/actualidad\/"},"img":{"alt_text":"","src":"https:\/\/i0.wp.com\/lahoradelcampo.com.uy\/site\/wp-content\/uploads\/2019\/05\/merinos.jpg?fit=880%2C440&resize=350%2C200","width":350,"height":200,"srcset":"https:\/\/i0.wp.com\/lahoradelcampo.com.uy\/site\/wp-content\/uploads\/2019\/05\/merinos.jpg?fit=880%2C440&resize=350%2C200 1x, https:\/\/i0.wp.com\/lahoradelcampo.com.uy\/site\/wp-content\/uploads\/2019\/05\/merinos.jpg?fit=880%2C440&resize=525%2C300 1.5x, https:\/\/i0.wp.com\/lahoradelcampo.com.uy\/site\/wp-content\/uploads\/2019\/05\/merinos.jpg?fit=880%2C440&resize=700%2C400 2x"},"classes":[]},{"id":18070,"url":"http:\/\/lahoradelcampo.com.uy\/site\/alta-genetica-y-firme-demanda-en-las-ventas-caracterizo-el-19o-dia-del-merino-en-paysandu\/","url_meta":{"origin":16870,"position":5},"title":"Alta gen\u00e9tica y firme demanda en las ventas, caracteriz\u00f3 el 19\u00ba D\u00eda del Merino en Paysand\u00fa","author":"La Hora del Campo","date":"16 marzo, 2020","format":false,"excerpt":"El 19\u00ba D\u00eda del Merino realizado el viernes en el predio de la Exposici\u00f3n Feria de Paysand\u00fa, y que por tercera vez se concretara en \u00e9ste departamento, no fue un d\u00eda m\u00e1s. Los m\u00e1s memoriosos se remontaron a marzo de 2001 cuando en \u201cCosta del Sauce\u201d de Te\u00f3filo y Elgary\u2026","rel":"","context":"En \u00abActualidad\u00bb","block_context":{"text":"Actualidad","link":"http:\/\/lahoradelcampo.com.uy\/site\/category\/actualidad\/"},"img":{"alt_text":"","src":"https:\/\/i0.wp.com\/lahoradelcampo.com.uy\/site\/wp-content\/uploads\/2020\/03\/merino-zambrano.jpg?fit=880%2C440&resize=350%2C200","width":350,"height":200,"srcset":"https:\/\/i0.wp.com\/lahoradelcampo.com.uy\/site\/wp-content\/uploads\/2020\/03\/merino-zambrano.jpg?fit=880%2C440&resize=350%2C200 1x, https:\/\/i0.wp.com\/lahoradelcampo.com.uy\/site\/wp-content\/uploads\/2020\/03\/merino-zambrano.jpg?fit=880%2C440&resize=525%2C300 1.5x, https:\/\/i0.wp.com\/lahoradelcampo.com.uy\/site\/wp-content\/uploads\/2020\/03\/merino-zambrano.jpg?fit=880%2C440&resize=700%2C400 2x"},"classes":[]}],"jetpack_likes_enabled":true,"_links":{"self":[{"href":"http:\/\/lahoradelcampo.com.uy\/site\/wp-json\/wp\/v2\/posts\/16870","targetHints":{"allow":["GET"]}}],"collection":[{"href":"http:\/\/lahoradelcampo.com.uy\/site\/wp-json\/wp\/v2\/posts"}],"about":[{"href":"http:\/\/lahoradelcampo.com.uy\/site\/wp-json\/wp\/v2\/types\/post"}],"author":[{"embeddable":true,"href":"http:\/\/lahoradelcampo.com.uy\/site\/wp-json\/wp\/v2\/users\/5"}],"replies":[{"embeddable":true,"href":"http:\/\/lahoradelcampo.com.uy\/site\/wp-json\/wp\/v2\/comments?post=16870"}],"version-history":[{"count":1,"href":"http:\/\/lahoradelcampo.com.uy\/site\/wp-json\/wp\/v2\/posts\/16870\/revisions"}],"predecessor-version":[{"id":16872,"href":"http:\/\/lahoradelcampo.com.uy\/site\/wp-json\/wp\/v2\/posts\/16870\/revisions\/16872"}],"wp:featuredmedia":[{"embeddable":true,"href":"http:\/\/lahoradelcampo.com.uy\/site\/wp-json\/wp\/v2\/media\/2185"}],"wp:attachment":[{"href":"http:\/\/lahoradelcampo.com.uy\/site\/wp-json\/wp\/v2\/media?parent=16870"}],"wp:term":[{"taxonomy":"category","embeddable":true,"href":"http:\/\/lahoradelcampo.com.uy\/site\/wp-json\/wp\/v2\/categories?post=16870"},{"taxonomy":"post_tag","embeddable":true,"href":"http:\/\/lahoradelcampo.com.uy\/site\/wp-json\/wp\/v2\/tags?post=16870"}],"curies":[{"name":"wp","href":"https:\/\/api.w.org\/{rel}","templated":true}]}}