{"id":16844,"date":"2020-01-13T17:15:11","date_gmt":"2020-01-13T20:15:11","guid":{"rendered":"http:\/\/lahoradelcampo.com.uy\/site\/?p=16844"},"modified":"2020-01-13T17:15:18","modified_gmt":"2020-01-13T20:15:18","slug":"vacunacion-contra-aftosa-se-realiza-del-15-de-febrero-al-15-de-marzo","status":"publish","type":"post","link":"http:\/\/lahoradelcampo.com.uy\/site\/vacunacion-contra-aftosa-se-realiza-del-15-de-febrero-al-15-de-marzo\/","title":{"rendered":"Vacunaci\u00f3n contra aftosa se realiza del 15 de febrero al 15 de marzo"},"content":{"rendered":"\n<figure class=\"wp-block-image\"><img data-recalc-dims=\"1\" loading=\"lazy\" decoding=\"async\" width=\"810\" height=\"405\" data-attachment-id=\"5757\" data-permalink=\"http:\/\/lahoradelcampo.com.uy\/site\/el-15-de-febrero-comienza-la-vacunacion-contra-fiebre-aftosa\/vacunacion\/\" data-orig-file=\"https:\/\/i0.wp.com\/lahoradelcampo.com.uy\/site\/wp-content\/uploads\/2018\/02\/Vacunacion.jpg?fit=880%2C440\" data-orig-size=\"880,440\" data-comments-opened=\"1\" data-image-meta=\"{&quot;aperture&quot;:&quot;0&quot;,&quot;credit&quot;:&quot;Vicente-Manuel-Tort&quot;,&quot;camera&quot;:&quot;&quot;,&quot;caption&quot;:&quot;&quot;,&quot;created_timestamp&quot;:&quot;0&quot;,&quot;copyright&quot;:&quot;Presidencia de la Republica - Sec.Com.Inst.&quot;,&quot;focal_length&quot;:&quot;0&quot;,&quot;iso&quot;:&quot;0&quot;,&quot;shutter_speed&quot;:&quot;0&quot;,&quot;title&quot;:&quot;&quot;,&quot;orientation&quot;:&quot;1&quot;}\" data-image-title=\"Vacunacion\" data-image-description=\"\" data-image-caption=\"\" data-large-file=\"https:\/\/i0.wp.com\/lahoradelcampo.com.uy\/site\/wp-content\/uploads\/2018\/02\/Vacunacion.jpg?fit=810%2C405\" src=\"https:\/\/i0.wp.com\/lahoradelcampo.com.uy\/site\/wp-content\/uploads\/2018\/02\/Vacunacion.jpg?resize=810%2C405\" alt=\"\" class=\"wp-image-5757\" srcset=\"https:\/\/i0.wp.com\/lahoradelcampo.com.uy\/site\/wp-content\/uploads\/2018\/02\/Vacunacion.jpg?w=880 880w, https:\/\/i0.wp.com\/lahoradelcampo.com.uy\/site\/wp-content\/uploads\/2018\/02\/Vacunacion.jpg?resize=300%2C150 300w, https:\/\/i0.wp.com\/lahoradelcampo.com.uy\/site\/wp-content\/uploads\/2018\/02\/Vacunacion.jpg?resize=768%2C384 768w, https:\/\/i0.wp.com\/lahoradelcampo.com.uy\/site\/wp-content\/uploads\/2018\/02\/Vacunacion.jpg?resize=820%2C410 820w\" sizes=\"auto, (max-width: 810px) 100vw, 810px\" \/><\/figure>\n\n\n\n<p>La Direcci\u00f3n General de los Servicios Ganaderos del Ministerio de Ganader\u00eda, Agricultura y Pesca, inform\u00f3 que se deber\u00e1 vacunar todas las categor\u00edas de bovinos contra la fiebre aftosa, en el periodo  del 15 de febrero al 15 de marzo de 2020.<br><\/p>\n\n\n\n<p>Como condiciones indispensables para entregar la vacuna, los titulares de los ganados  deber\u00e1n presentar: Declaraci\u00f3n Jurada al 30 de junio del 2019; Planilla de Control Interno de existencias al 14 de febrero 2020 y Planilla de control sanitario al d\u00eda.<br><\/p>\n\n\n\n<p>Es importante recordar  que al momento del retiro de las dosis es necesario poseer elementos apropiados para que las vacunas no pierdan la cadena de fr\u00edo y por ende su efectividad, esto es, conservadora con hielo o refrigerante en cantidad suficiente. Los adelantos de vacunaci\u00f3n  del per\u00edodo deber\u00e1n ser Certificados por M\u00e9dico Veterinario Habilitado.<br><\/p>\n\n\n\n<p>Recuerde que durante el per\u00edodo comprendido entre el 15 de febrero y el 1\u00ba de marzo de 2020 inclusive, no se podr\u00e1n realizar eventos de concentraci\u00f3n de bovinos (tales como remates feria, exposiciones, etc). <br><\/p>\n\n\n\n<p>En la resoluci\u00f3n que se adjunta se establecen \u00e9stas y otras condiciones para el movimiento de animales y para la entrega de vacunas a los productores.<br><\/p>\n\n\n\n<p>SALTO<br><\/p>\n\n\n\n<p>Para el departamento de Salto, se ha dado a conocer el calendario de los puestos de distribuci\u00f3n de vacunas en el interior del departamento, la cual se realizar\u00e1 del 17 de febrero al 9 de marzo. <br><\/p>\n\n\n\n<p>La entrega comenzar\u00e1 el 17 de febrero en Pueblo Lavalleja y Guaviy\u00fa de Arapey en la seccional 10, ese mismo d\u00eda adem\u00e1s se entrega en Sarand\u00ed de Arapey y Pueblo Fern\u00e1ndez en la seccional 11. <br><\/p>\n\n\n\n<p>El 20 de febrero se entregar\u00e1 la vacuna en Pueblo Quintana, Pepe Nu\u00f1ez y Paso Herrer\u00eda, en la seccional 12, Carumb\u00e9 y Paso de las Piedras en seccional 13 y Pueblo Vera en la seccional 14. <br><\/p>\n\n\n\n<p>El 27 de febrero contin\u00faa la entrega en la seccional 14, en Paso Cementerio y Est. Ordeix, y se entrega en Valent\u00edn a los productores de la seccional 15. <br><\/p>\n\n\n\n<p>El 3 de marzo se entrega en Campo de Todos a productores de la seccional 16, en Ceballos y Parada Herrer\u00eda en seccional 6. Por su parte el 5 de marzo se entrega en Constituci\u00f3n  y Saucedo en la seccional 7 y en Bel\u00e9n a productores de la seccional 8. <br><\/p>\n\n\n\n<p>El 6 de marzo se entrega en la seccional 9 y finaliza la entrega en el interior el 9 de marzo con la entrega en el Hip\u00f3dromo a productores de la seccional 4.<\/p>\n","protected":false},"excerpt":{"rendered":"<p>La Direcci\u00f3n General de los Servicios Ganaderos del Ministerio de Ganader\u00eda, Agricultura y Pesca, inform\u00f3 que se deber\u00e1 vacunar todas las categor\u00edas de bovinos contra la fiebre aftosa, en el [&hellip;]<\/p>\n","protected":false},"author":5,"featured_media":5757,"comment_status":"open","ping_status":"open","sticky":false,"template":"","format":"standard","meta":{"_price":"","_stock":"","_tribe_ticket_header":"","_tribe_default_ticket_provider":"","_tribe_ticket_capacity":"0","_ticket_start_date":"","_ticket_end_date":"","_tribe_ticket_show_description":"","_tribe_ticket_show_not_going":false,"_tribe_ticket_use_global_stock":"","_tribe_ticket_global_stock_level":"","_global_stock_mode":"","_global_stock_cap":"","_tribe_rsvp_for_event":"","_tribe_ticket_going_count":"","_tribe_ticket_not_going_count":"","_tribe_tickets_list":"[]","_tribe_ticket_has_attendee_info_fields":false,"h5ap_radio_sources":[],"_jetpack_newsletter_access":"","_jetpack_dont_email_post_to_subs":false,"_jetpack_newsletter_tier_id":0,"_jetpack_memberships_contains_paywalled_content":false,"_jetpack_memberships_contains_paid_content":false,"footnotes":""},"categories":[21,5],"tags":[],"class_list":["post-16844","post","type-post","status-publish","format-standard","has-post-thumbnail","hentry","category-actualidad","category-ganaderia"],"jetpack_featured_media_url":"https:\/\/i0.wp.com\/lahoradelcampo.com.uy\/site\/wp-content\/uploads\/2018\/02\/Vacunacion.jpg?fit=880%2C440","jetpack_sharing_enabled":true,"jetpack_shortlink":"https:\/\/wp.me\/p99IaT-4nG","jetpack-related-posts":[{"id":38967,"url":"http:\/\/lahoradelcampo.com.uy\/site\/vacunacion-contra-la-fiebre-aftosa-comienza-el-15-de-marzo\/","url_meta":{"origin":16844,"position":0},"title":"Vacunaci\u00f3n contra la Fiebre Aftosa comienza el 15 de marzo","author":"La Hora del Campo","date":"8 febrero, 2022","format":false,"excerpt":"La Direcci\u00f3n General de Servicios Ganaderos (DGSG) del MGAP aprob\u00f3, el 4 de febrero de 2022, una serie de disposiciones en relaci\u00f3n a la Fiebre Aftosa, que incluye establecer la vacunaci\u00f3n obligatoria contra la Fiebre Aftosa de todas las categor\u00edas bovinas, entre el 15 de marzo y el 15 de\u2026","rel":"","context":"En \u00abActualidad\u00bb","block_context":{"text":"Actualidad","link":"http:\/\/lahoradelcampo.com.uy\/site\/category\/actualidad\/"},"img":{"alt_text":"","src":"https:\/\/i0.wp.com\/lahoradelcampo.com.uy\/site\/wp-content\/uploads\/2022\/02\/MGAP-Aftosa-vacuna.jpg?fit=880%2C440&resize=350%2C200","width":350,"height":200,"srcset":"https:\/\/i0.wp.com\/lahoradelcampo.com.uy\/site\/wp-content\/uploads\/2022\/02\/MGAP-Aftosa-vacuna.jpg?fit=880%2C440&resize=350%2C200 1x, https:\/\/i0.wp.com\/lahoradelcampo.com.uy\/site\/wp-content\/uploads\/2022\/02\/MGAP-Aftosa-vacuna.jpg?fit=880%2C440&resize=525%2C300 1.5x, https:\/\/i0.wp.com\/lahoradelcampo.com.uy\/site\/wp-content\/uploads\/2022\/02\/MGAP-Aftosa-vacuna.jpg?fit=880%2C440&resize=700%2C400 2x"},"classes":[]},{"id":5755,"url":"http:\/\/lahoradelcampo.com.uy\/site\/el-15-de-febrero-comienza-la-vacunacion-contra-fiebre-aftosa\/","url_meta":{"origin":16844,"position":1},"title":"El 15 de febrero comienza la vacunaci\u00f3n contra fiebre aftosa","author":"La Hora del Campo","date":"6 febrero, 2018","format":false,"excerpt":"El Ministerio de Ganader\u00eda, Agricultura y Pesca ha establecido que el per\u00edodo de vacunaci\u00f3n contra la fiebre aftosa del mes de febrero, se realizar\u00e1 del 15 de este mes al 15 del mes de marzo, debi\u00e9ndose ser inoculado todo el rodeo vacuno nacional. Debido al cambio de fecha en la\u2026","rel":"","context":"En \u00abActualidad\u00bb","block_context":{"text":"Actualidad","link":"http:\/\/lahoradelcampo.com.uy\/site\/category\/actualidad\/"},"img":{"alt_text":"","src":"https:\/\/i0.wp.com\/lahoradelcampo.com.uy\/site\/wp-content\/uploads\/2018\/02\/Vacunacion.jpg?fit=880%2C440&resize=350%2C200","width":350,"height":200,"srcset":"https:\/\/i0.wp.com\/lahoradelcampo.com.uy\/site\/wp-content\/uploads\/2018\/02\/Vacunacion.jpg?fit=880%2C440&resize=350%2C200 1x, https:\/\/i0.wp.com\/lahoradelcampo.com.uy\/site\/wp-content\/uploads\/2018\/02\/Vacunacion.jpg?fit=880%2C440&resize=525%2C300 1.5x, https:\/\/i0.wp.com\/lahoradelcampo.com.uy\/site\/wp-content\/uploads\/2018\/02\/Vacunacion.jpg?fit=880%2C440&resize=700%2C400 2x"},"classes":[]},{"id":17428,"url":"http:\/\/lahoradelcampo.com.uy\/site\/hoy-comienza-el-periodo-de-vacunacion-contra-la-fiebre-aftosa-en-uruguay\/","url_meta":{"origin":16844,"position":2},"title":"Hoy comienza el per\u00edodo de vacunaci\u00f3n contra la fiebre aftosa en Uruguay","author":"La Hora del Campo","date":"15 febrero, 2020","format":false,"excerpt":"Desde el 15 de febrero al 15 de marzo se desarrolla el per\u00edodo m\u00e1s importante de inoculaci\u00f3n del rodeo vacuno nacional contra el virus de la fiebre aftosa. En dicho per\u00edodo se debe inmunizar todo el ganado a nivel nacional. Teniendo en cuenta que en el caso de las categor\u00edas\u2026","rel":"","context":"En \u00abActualidad\u00bb","block_context":{"text":"Actualidad","link":"http:\/\/lahoradelcampo.com.uy\/site\/category\/actualidad\/"},"img":{"alt_text":"","src":"https:\/\/i0.wp.com\/lahoradelcampo.com.uy\/site\/wp-content\/uploads\/2018\/02\/Vacunacion.jpg?fit=880%2C440&resize=350%2C200","width":350,"height":200,"srcset":"https:\/\/i0.wp.com\/lahoradelcampo.com.uy\/site\/wp-content\/uploads\/2018\/02\/Vacunacion.jpg?fit=880%2C440&resize=350%2C200 1x, https:\/\/i0.wp.com\/lahoradelcampo.com.uy\/site\/wp-content\/uploads\/2018\/02\/Vacunacion.jpg?fit=880%2C440&resize=525%2C300 1.5x, https:\/\/i0.wp.com\/lahoradelcampo.com.uy\/site\/wp-content\/uploads\/2018\/02\/Vacunacion.jpg?fit=880%2C440&resize=700%2C400 2x"},"classes":[]},{"id":53479,"url":"http:\/\/lahoradelcampo.com.uy\/site\/el-15-de-marzo-comienzael-periodo-de-vacunacion-contra-la-fiebre-aftosa\/","url_meta":{"origin":16844,"position":3},"title":"El 15 de marzo comienza el per\u00edodo de vacunaci\u00f3n contra la fiebre aftosa","author":"La Hora del Campo","date":"27 febrero, 2024","format":false,"excerpt":"La Direcci\u00f3n General de los Servicios Ganaderos (DGSG) del Ministerio de Ganader\u00eda, Agricultura y Pesca (MGAP) ha establecido el per\u00edodo de vacunaci\u00f3n contra la fiebre aftosa, fijando las fechas entre el 15 de marzo y el 15 de abril del presente a\u00f1o. Durante el per\u00edodo comprendido entre el 15 y\u2026","rel":"","context":"En \u00abActualidad\u00bb","block_context":{"text":"Actualidad","link":"http:\/\/lahoradelcampo.com.uy\/site\/category\/actualidad\/"},"img":{"alt_text":"","src":"https:\/\/i0.wp.com\/lahoradelcampo.com.uy\/site\/wp-content\/uploads\/2023\/11\/biogenesis-bago-aftosa.jpg?fit=880%2C440&resize=350%2C200","width":350,"height":200,"srcset":"https:\/\/i0.wp.com\/lahoradelcampo.com.uy\/site\/wp-content\/uploads\/2023\/11\/biogenesis-bago-aftosa.jpg?fit=880%2C440&resize=350%2C200 1x, https:\/\/i0.wp.com\/lahoradelcampo.com.uy\/site\/wp-content\/uploads\/2023\/11\/biogenesis-bago-aftosa.jpg?fit=880%2C440&resize=525%2C300 1.5x, https:\/\/i0.wp.com\/lahoradelcampo.com.uy\/site\/wp-content\/uploads\/2023\/11\/biogenesis-bago-aftosa.jpg?fit=880%2C440&resize=700%2C400 2x"},"classes":[]},{"id":5089,"url":"http:\/\/lahoradelcampo.com.uy\/site\/mgap-modifico-fecha-y-forma-de-vacunacion-contra-fiebre-aftosa\/","url_meta":{"origin":16844,"position":4},"title":"MGAP modific\u00f3 fecha y forma de vacunaci\u00f3n contra fiebre aftosa","author":"La Hora del Campo","date":"22 diciembre, 2017","format":false,"excerpt":"El calendario de vacunaci\u00f3n contra la fiebre aftosa comenzar\u00e1 el 15 de febrero y no al comienzo del mes, en tanto que la segunda dosis para los vacunos menores de dos a\u00f1os se aplicar\u00e1 desde el 15 de mayo. La modificaci\u00f3n toma en cuenta la solicitud de algunas comisiones de\u2026","rel":"","context":"En \u00abActualidad\u00bb","block_context":{"text":"Actualidad","link":"http:\/\/lahoradelcampo.com.uy\/site\/category\/actualidad\/"},"img":{"alt_text":"","src":"https:\/\/i0.wp.com\/lahoradelcampo.com.uy\/site\/wp-content\/uploads\/2017\/12\/Aftosa.jpg?fit=880%2C440&resize=350%2C200","width":350,"height":200,"srcset":"https:\/\/i0.wp.com\/lahoradelcampo.com.uy\/site\/wp-content\/uploads\/2017\/12\/Aftosa.jpg?fit=880%2C440&resize=350%2C200 1x, https:\/\/i0.wp.com\/lahoradelcampo.com.uy\/site\/wp-content\/uploads\/2017\/12\/Aftosa.jpg?fit=880%2C440&resize=525%2C300 1.5x, https:\/\/i0.wp.com\/lahoradelcampo.com.uy\/site\/wp-content\/uploads\/2017\/12\/Aftosa.jpg?fit=880%2C440&resize=700%2C400 2x"},"classes":[]},{"id":27364,"url":"http:\/\/lahoradelcampo.com.uy\/site\/vacunacion-contra-aftosa-puede-trasladarse-al-15-de-marzo\/","url_meta":{"origin":16844,"position":5},"title":"Vacunaci\u00f3n contra aftosa puede trasladarse al 15 de marzo","author":"La Hora del Campo","date":"4 febrero, 2021","format":false,"excerpt":"El Ministro de Ganader\u00eda, Agricultura y Pesca, Carlos Mar\u00eda Uriarte, visita el departamento de Salto desde la jornada de ayer y en la ma\u00f1ana de hoy estuvo en La Hora del Campo. En di\u00e1logo con Luis Andiarena, el jerarca remarc\u00f3 la importancia de la Central Hort\u00edcola del Norte para la\u2026","rel":"","context":"En \u00abActualidad\u00bb","block_context":{"text":"Actualidad","link":"http:\/\/lahoradelcampo.com.uy\/site\/category\/actualidad\/"},"img":{"alt_text":"","src":"https:\/\/i0.wp.com\/lahoradelcampo.com.uy\/site\/wp-content\/uploads\/2021\/02\/UriarteLHDC.jpg?fit=880%2C440&resize=350%2C200","width":350,"height":200,"srcset":"https:\/\/i0.wp.com\/lahoradelcampo.com.uy\/site\/wp-content\/uploads\/2021\/02\/UriarteLHDC.jpg?fit=880%2C440&resize=350%2C200 1x, https:\/\/i0.wp.com\/lahoradelcampo.com.uy\/site\/wp-content\/uploads\/2021\/02\/UriarteLHDC.jpg?fit=880%2C440&resize=525%2C300 1.5x, https:\/\/i0.wp.com\/lahoradelcampo.com.uy\/site\/wp-content\/uploads\/2021\/02\/UriarteLHDC.jpg?fit=880%2C440&resize=700%2C400 2x"},"classes":[]}],"jetpack_likes_enabled":true,"_links":{"self":[{"href":"http:\/\/lahoradelcampo.com.uy\/site\/wp-json\/wp\/v2\/posts\/16844","targetHints":{"allow":["GET"]}}],"collection":[{"href":"http:\/\/lahoradelcampo.com.uy\/site\/wp-json\/wp\/v2\/posts"}],"about":[{"href":"http:\/\/lahoradelcampo.com.uy\/site\/wp-json\/wp\/v2\/types\/post"}],"author":[{"embeddable":true,"href":"http:\/\/lahoradelcampo.com.uy\/site\/wp-json\/wp\/v2\/users\/5"}],"replies":[{"embeddable":true,"href":"http:\/\/lahoradelcampo.com.uy\/site\/wp-json\/wp\/v2\/comments?post=16844"}],"version-history":[{"count":1,"href":"http:\/\/lahoradelcampo.com.uy\/site\/wp-json\/wp\/v2\/posts\/16844\/revisions"}],"predecessor-version":[{"id":16846,"href":"http:\/\/lahoradelcampo.com.uy\/site\/wp-json\/wp\/v2\/posts\/16844\/revisions\/16846"}],"wp:featuredmedia":[{"embeddable":true,"href":"http:\/\/lahoradelcampo.com.uy\/site\/wp-json\/wp\/v2\/media\/5757"}],"wp:attachment":[{"href":"http:\/\/lahoradelcampo.com.uy\/site\/wp-json\/wp\/v2\/media?parent=16844"}],"wp:term":[{"taxonomy":"category","embeddable":true,"href":"http:\/\/lahoradelcampo.com.uy\/site\/wp-json\/wp\/v2\/categories?post=16844"},{"taxonomy":"post_tag","embeddable":true,"href":"http:\/\/lahoradelcampo.com.uy\/site\/wp-json\/wp\/v2\/tags?post=16844"}],"curies":[{"name":"wp","href":"https:\/\/api.w.org\/{rel}","templated":true}]}}