{"id":16840,"date":"2020-01-13T17:12:19","date_gmt":"2020-01-13T20:12:19","guid":{"rendered":"http:\/\/lahoradelcampo.com.uy\/site\/?p=16840"},"modified":"2020-01-13T17:12:27","modified_gmt":"2020-01-13T20:12:27","slug":"el-mercado-de-haciendas-gorda-entre-baja-demanda-y-escasa-oferta","status":"publish","type":"post","link":"http:\/\/lahoradelcampo.com.uy\/site\/el-mercado-de-haciendas-gorda-entre-baja-demanda-y-escasa-oferta\/","title":{"rendered":"El mercado de haciendas gorda entre baja demanda y escasa oferta"},"content":{"rendered":"\n<figure class=\"wp-block-image\"><img data-recalc-dims=\"1\" loading=\"lazy\" decoding=\"async\" width=\"810\" height=\"405\" data-attachment-id=\"5409\" data-permalink=\"http:\/\/lahoradelcampo.com.uy\/site\/importante-diferencia-en-los-precios-del-novillo-dependiendo-del-flete\/vacunos-2\/\" data-orig-file=\"https:\/\/i0.wp.com\/lahoradelcampo.com.uy\/site\/wp-content\/uploads\/2018\/01\/vacunos.jpg?fit=880%2C440\" data-orig-size=\"880,440\" data-comments-opened=\"1\" data-image-meta=\"{&quot;aperture&quot;:&quot;0&quot;,&quot;credit&quot;:&quot;Vicente-Manuel-Tort&quot;,&quot;camera&quot;:&quot;&quot;,&quot;caption&quot;:&quot;&quot;,&quot;created_timestamp&quot;:&quot;0&quot;,&quot;copyright&quot;:&quot;Presidencia de la Republica - Sec.Com.Inst.&quot;,&quot;focal_length&quot;:&quot;0&quot;,&quot;iso&quot;:&quot;0&quot;,&quot;shutter_speed&quot;:&quot;0&quot;,&quot;title&quot;:&quot;&quot;,&quot;orientation&quot;:&quot;1&quot;}\" data-image-title=\"vacunos\" data-image-description=\"\" data-image-caption=\"\" data-large-file=\"https:\/\/i0.wp.com\/lahoradelcampo.com.uy\/site\/wp-content\/uploads\/2018\/01\/vacunos.jpg?fit=810%2C405\" src=\"https:\/\/i0.wp.com\/lahoradelcampo.com.uy\/site\/wp-content\/uploads\/2018\/01\/vacunos.jpg?resize=810%2C405\" alt=\"\" class=\"wp-image-5409\" srcset=\"https:\/\/i0.wp.com\/lahoradelcampo.com.uy\/site\/wp-content\/uploads\/2018\/01\/vacunos.jpg?w=880 880w, https:\/\/i0.wp.com\/lahoradelcampo.com.uy\/site\/wp-content\/uploads\/2018\/01\/vacunos.jpg?resize=300%2C150 300w, https:\/\/i0.wp.com\/lahoradelcampo.com.uy\/site\/wp-content\/uploads\/2018\/01\/vacunos.jpg?resize=768%2C384 768w, https:\/\/i0.wp.com\/lahoradelcampo.com.uy\/site\/wp-content\/uploads\/2018\/01\/vacunos.jpg?resize=820%2C410 820w\" sizes=\"auto, (max-width: 810px) 100vw, 810px\" \/><\/figure>\n\n\n\n<p>Con una importante disparidad entre las plantas frigor\u00edficas en cuenta a los precios y entradas a planta y la baja de los valores tanto para la vaca como para el novillo, el mercado se encuentra retra\u00eddo y sin una fluidez de negocios que permita manejar referencias de precios precisas esta semana.<br><\/p>\n\n\n\n<p>Por parte de la industria se se\u00f1ala la situaci\u00f3n del mercado chino, como la principal problem\u00e1tica para lograr sostener los valores  que se manejaron por las haciendas en el mercado interno, en este sentido varias empresas han tomado la decisi\u00f3n de realizar tareas de mantenimiento en las plantas y licenciar personal, hasta que el panorama se aclare a nivel internacional. <br><\/p>\n\n\n\n<p>Como es tradicional en estas fechas la oferta es reducida, a\u00fan m\u00e1s de lo que ven\u00eda siendo, teniendo en cuenta que el productor logr\u00f3 realizar sus ventas antes de cerrar el a\u00f1o, acomod\u00f3 sus cuentas y con referencias por debajo de los US$ 4,00 se resiste a convalidar los nuevos valores. <br><\/p>\n\n\n\n<p>A pesar de la escasa oferta y la baja demanda, el mercado contin\u00faa presionando a la baja, pero con una dispersi\u00f3n de valores entre plantas importante. A modo de ejemplo, un lote de novillos especiales, muy bien terminados, aqu\u00ed en Salto recibi\u00f3 una cotizaci\u00f3n levemente por encima de los US$ 3,60, por lo que el productor decidi\u00f3 no vender. Si bien es muy dif\u00edcil llegar a los US$ 3,90 como referencia de punta, ni que hablar a los US$ 3,95 que marc\u00f3 consignatarios el d\u00eda lunes. <br><\/p>\n\n\n\n<p>La realidad marca que con un piso de US$ 3,60, en el cual los productores prefieren no vender, se puede llegar hasta los US$ 3,80 o US$ 3,85 en los mejores casos, con poco flete y ganados especiales. <br><\/p>\n\n\n\n<p>En el caso de las vacas  la fluctuaci\u00f3n de los precios va desde US$ 3,40 y hasta US$ 3,60 en casos muy especiales, vacas muy pesadas. <br> Al estar varias plantas sin operativa, se ofrece la posibilidad de inscribir los ganados para fines de enero y comienzos de febrero, sin fijaci\u00f3n de precio. M\u00e1s all\u00e1 de este plazo puntual, existen plantas con entradas mas cortas, en el eje de los 7 a 10 d\u00edas. <br><\/p>\n\n\n\n<p>De acuerdo a los consignatarios consultados aqu\u00ed en el norte, la oferta continuar\u00e1 siendo escasa en los pr\u00f3ximos meses, por lo que depender\u00e1 de la demanda a nivel del mercado internacional. Las novedades m\u00e1s cercanas, seguramente surgir\u00e1n posteriormente a los festejos del a\u00f1o nuevo en China, que este a\u00f1o se realizar\u00e1 el 25 de enero, teniendo en cuenta la alta dependencia que ha adquirido la industria frigor\u00edfica nacional, del mercado chino. <\/p>\n","protected":false},"excerpt":{"rendered":"<p>Con una importante disparidad entre las plantas frigor\u00edficas en cuenta a los precios y entradas a planta y la baja de los valores tanto para la vaca como para el [&hellip;]<\/p>\n","protected":false},"author":5,"featured_media":5409,"comment_status":"open","ping_status":"open","sticky":false,"template":"","format":"standard","meta":{"_price":"","_stock":"","_tribe_ticket_header":"","_tribe_default_ticket_provider":"","_tribe_ticket_capacity":"0","_ticket_start_date":"","_ticket_end_date":"","_tribe_ticket_show_description":"","_tribe_ticket_show_not_going":false,"_tribe_ticket_use_global_stock":"","_tribe_ticket_global_stock_level":"","_global_stock_mode":"","_global_stock_cap":"","_tribe_rsvp_for_event":"","_tribe_ticket_going_count":"","_tribe_ticket_not_going_count":"","_tribe_tickets_list":"[]","_tribe_ticket_has_attendee_info_fields":false,"h5ap_radio_sources":[],"_jetpack_newsletter_access":"","_jetpack_dont_email_post_to_subs":false,"_jetpack_newsletter_tier_id":0,"_jetpack_memberships_contains_paywalled_content":false,"_jetpack_memberships_contains_paid_content":false,"footnotes":""},"categories":[21,5],"tags":[],"class_list":["post-16840","post","type-post","status-publish","format-standard","has-post-thumbnail","hentry","category-actualidad","category-ganaderia"],"jetpack_featured_media_url":"https:\/\/i0.wp.com\/lahoradelcampo.com.uy\/site\/wp-content\/uploads\/2018\/01\/vacunos.jpg?fit=880%2C440","jetpack_sharing_enabled":true,"jetpack_shortlink":"https:\/\/wp.me\/p99IaT-4nC","jetpack-related-posts":[{"id":44151,"url":"http:\/\/lahoradelcampo.com.uy\/site\/mercado-de-haciendas-continua-ajustando-valores-y-menor-oferta\/","url_meta":{"origin":16840,"position":0},"title":"Mercado de haciendas contin\u00faa ajustando valores y menor oferta","author":"La Hora del Campo","date":"26 julio, 2022","format":false,"excerpt":"La Asociaci\u00f3n de Consignatarios de Ganados (ACG) realiz\u00f3 su reuni\u00f3n semanal de precios en la ciudad de Salto en la jornada de ayer, donde se continu\u00f3 observando en las expresiones de los distintos consignatarios un mercado con una limitada oferta tanto en la reposici\u00f3n como en el ganado para faena.\u2026","rel":"","context":"En \u00abActualidad\u00bb","block_context":{"text":"Actualidad","link":"http:\/\/lahoradelcampo.com.uy\/site\/category\/actualidad\/"},"img":{"alt_text":"","src":"https:\/\/i0.wp.com\/lahoradelcampo.com.uy\/site\/wp-content\/uploads\/2022\/07\/ACG-reunionSalto.jpg?fit=880%2C440&resize=350%2C200","width":350,"height":200,"srcset":"https:\/\/i0.wp.com\/lahoradelcampo.com.uy\/site\/wp-content\/uploads\/2022\/07\/ACG-reunionSalto.jpg?fit=880%2C440&resize=350%2C200 1x, https:\/\/i0.wp.com\/lahoradelcampo.com.uy\/site\/wp-content\/uploads\/2022\/07\/ACG-reunionSalto.jpg?fit=880%2C440&resize=525%2C300 1.5x, https:\/\/i0.wp.com\/lahoradelcampo.com.uy\/site\/wp-content\/uploads\/2022\/07\/ACG-reunionSalto.jpg?fit=880%2C440&resize=700%2C400 2x"},"classes":[]},{"id":16320,"url":"http:\/\/lahoradelcampo.com.uy\/site\/nueva-semana-de-ajustes-en-el-mercado-de-haciendas-gordas\/","url_meta":{"origin":16840,"position":1},"title":"Nueva semana de ajustes en el mercado de haciendas gordas","author":"La Hora del Campo","date":"7 diciembre, 2019","format":false,"excerpt":"El mercado de haciendas gordas con destino a la industria frigor\u00edfica contin\u00faa con una semana m\u00e1s de ajustes a la baja pero con un menor \u00edmpetu que el registrado la semana anterior donde la baja del novillo alcanz\u00f3 los siete centavos. La oferta de ganado de campo, que empez\u00f3 a\u2026","rel":"","context":"En \u00abActualidad\u00bb","block_context":{"text":"Actualidad","link":"http:\/\/lahoradelcampo.com.uy\/site\/category\/actualidad\/"},"img":{"alt_text":"","src":"https:\/\/i0.wp.com\/lahoradelcampo.com.uy\/site\/wp-content\/uploads\/2017\/10\/Ganado-gordo.jpg?fit=880%2C440&resize=350%2C200","width":350,"height":200,"srcset":"https:\/\/i0.wp.com\/lahoradelcampo.com.uy\/site\/wp-content\/uploads\/2017\/10\/Ganado-gordo.jpg?fit=880%2C440&resize=350%2C200 1x, https:\/\/i0.wp.com\/lahoradelcampo.com.uy\/site\/wp-content\/uploads\/2017\/10\/Ganado-gordo.jpg?fit=880%2C440&resize=525%2C300 1.5x, https:\/\/i0.wp.com\/lahoradelcampo.com.uy\/site\/wp-content\/uploads\/2017\/10\/Ganado-gordo.jpg?fit=880%2C440&resize=700%2C400 2x"},"classes":[]},{"id":21114,"url":"http:\/\/lahoradelcampo.com.uy\/site\/el-valor-del-novillo-se-afirma-a-fuerza-de-escasez-de-oferta\/","url_meta":{"origin":16840,"position":2},"title":"El valor del novillo se afirma  a fuerza de escasez de oferta","author":"La Hora del Campo","date":"19 junio, 2020","format":false,"excerpt":"El mercado de haciendas contin\u00faa la firmeza alcanzada la pasada semana, en cuanto a los valores y en base a una menor oferta, que presiona sobre aquellas plantas que han finalizado con las faenas de ganados procedentes de los corrales, por lo que armar y programar la actividad a nivel\u2026","rel":"","context":"En \u00abActualidad\u00bb","block_context":{"text":"Actualidad","link":"http:\/\/lahoradelcampo.com.uy\/site\/category\/actualidad\/"},"img":{"alt_text":"","src":"https:\/\/i0.wp.com\/lahoradelcampo.com.uy\/site\/wp-content\/uploads\/2020\/06\/Ganadosweb.jpg?fit=880%2C440&resize=350%2C200","width":350,"height":200,"srcset":"https:\/\/i0.wp.com\/lahoradelcampo.com.uy\/site\/wp-content\/uploads\/2020\/06\/Ganadosweb.jpg?fit=880%2C440&resize=350%2C200 1x, https:\/\/i0.wp.com\/lahoradelcampo.com.uy\/site\/wp-content\/uploads\/2020\/06\/Ganadosweb.jpg?fit=880%2C440&resize=525%2C300 1.5x, https:\/\/i0.wp.com\/lahoradelcampo.com.uy\/site\/wp-content\/uploads\/2020\/06\/Ganadosweb.jpg?fit=880%2C440&resize=700%2C400 2x"},"classes":[]},{"id":11513,"url":"http:\/\/lahoradelcampo.com.uy\/site\/de-us-390-a-us-400-no-hay-una-diferencia-tan-grande\/","url_meta":{"origin":16840,"position":3},"title":"\u201cDe US$ 3,90 a US$ 4,00 no hay una diferencia tan grande\u201d","author":"La Hora del Campo","date":"5 junio, 2019","format":false,"excerpt":"El mercado de haciendas contin\u00faa firme y con valores que acumulan subas semana a semana de acuerdo a los informes semanales de la planilla de consignatarios de ganados, en este sentido \u201ctodo hace indicar\u201d que los novillos gordos podr\u00edan superar los US$ 4,00 en el pa\u00eds nuevamente, seg\u00fan lo entiende\u2026","rel":"","context":"En \u00abActualidad\u00bb","block_context":{"text":"Actualidad","link":"http:\/\/lahoradelcampo.com.uy\/site\/category\/actualidad\/"},"img":{"alt_text":"","src":"https:\/\/i0.wp.com\/lahoradelcampo.com.uy\/site\/wp-content\/uploads\/2019\/06\/Canepa-2.jpg?fit=880%2C440&resize=350%2C200","width":350,"height":200,"srcset":"https:\/\/i0.wp.com\/lahoradelcampo.com.uy\/site\/wp-content\/uploads\/2019\/06\/Canepa-2.jpg?fit=880%2C440&resize=350%2C200 1x, https:\/\/i0.wp.com\/lahoradelcampo.com.uy\/site\/wp-content\/uploads\/2019\/06\/Canepa-2.jpg?fit=880%2C440&resize=525%2C300 1.5x, https:\/\/i0.wp.com\/lahoradelcampo.com.uy\/site\/wp-content\/uploads\/2019\/06\/Canepa-2.jpg?fit=880%2C440&resize=700%2C400 2x"},"classes":[]},{"id":43253,"url":"http:\/\/lahoradelcampo.com.uy\/site\/mercado-de-haciendas-vuelve-a-ajustar-al-alza\/","url_meta":{"origin":16840,"position":4},"title":"Mercado de haciendas vuelve a ajustar al alza","author":"La Hora del Campo","date":"28 junio, 2022","format":false,"excerpt":"El mercado de haciendas se encuentra nuevamente al alza, con una demanda adicional por novillos especiales debido a las faenas kosher y una oferta que cada vez se hace m\u00e1s escasa de acuerdo a los consignatarios, con valores puntuales por novillos especiales de US$ 5,65 como se\u00f1al\u00f3 el martillero Alejandro\u2026","rel":"","context":"En \u00abActualidad\u00bb","block_context":{"text":"Actualidad","link":"http:\/\/lahoradelcampo.com.uy\/site\/category\/actualidad\/"},"img":{"alt_text":"","src":"https:\/\/i0.wp.com\/lahoradelcampo.com.uy\/site\/wp-content\/uploads\/2021\/05\/ganadogordo.jpg?fit=880%2C440&resize=350%2C200","width":350,"height":200,"srcset":"https:\/\/i0.wp.com\/lahoradelcampo.com.uy\/site\/wp-content\/uploads\/2021\/05\/ganadogordo.jpg?fit=880%2C440&resize=350%2C200 1x, https:\/\/i0.wp.com\/lahoradelcampo.com.uy\/site\/wp-content\/uploads\/2021\/05\/ganadogordo.jpg?fit=880%2C440&resize=525%2C300 1.5x, https:\/\/i0.wp.com\/lahoradelcampo.com.uy\/site\/wp-content\/uploads\/2021\/05\/ganadogordo.jpg?fit=880%2C440&resize=700%2C400 2x"},"classes":[]},{"id":43239,"url":"http:\/\/lahoradelcampo.com.uy\/site\/el-valor-de-las-haciendas-y-el-mercado-exterior-estan-desencontrados\/","url_meta":{"origin":16840,"position":5},"title":"El valor de las haciendas  y el mercado exterior  est\u00e1n \u00abdesencontrados\u00bb","author":"La Hora del Campo","date":"28 junio, 2022","format":false,"excerpt":"Con una faena vacuna que ha venido cayendo en las \u00faltimas semanas y una menor disponibilidad de haciendas en el mercado, los valores de la hacienda en el mercado interno han tenido un nuevo repunte. El Ing. Daniel de Mattos de la firma BPU, dijo que la actual situaci\u00f3n del\u2026","rel":"","context":"En \u00abActualidad\u00bb","block_context":{"text":"Actualidad","link":"http:\/\/lahoradelcampo.com.uy\/site\/category\/actualidad\/"},"img":{"alt_text":"","src":"https:\/\/i0.wp.com\/lahoradelcampo.com.uy\/site\/wp-content\/uploads\/2022\/06\/danieldemattos.jpg?fit=880%2C440&resize=350%2C200","width":350,"height":200,"srcset":"https:\/\/i0.wp.com\/lahoradelcampo.com.uy\/site\/wp-content\/uploads\/2022\/06\/danieldemattos.jpg?fit=880%2C440&resize=350%2C200 1x, https:\/\/i0.wp.com\/lahoradelcampo.com.uy\/site\/wp-content\/uploads\/2022\/06\/danieldemattos.jpg?fit=880%2C440&resize=525%2C300 1.5x, https:\/\/i0.wp.com\/lahoradelcampo.com.uy\/site\/wp-content\/uploads\/2022\/06\/danieldemattos.jpg?fit=880%2C440&resize=700%2C400 2x"},"classes":[]}],"jetpack_likes_enabled":true,"_links":{"self":[{"href":"http:\/\/lahoradelcampo.com.uy\/site\/wp-json\/wp\/v2\/posts\/16840","targetHints":{"allow":["GET"]}}],"collection":[{"href":"http:\/\/lahoradelcampo.com.uy\/site\/wp-json\/wp\/v2\/posts"}],"about":[{"href":"http:\/\/lahoradelcampo.com.uy\/site\/wp-json\/wp\/v2\/types\/post"}],"author":[{"embeddable":true,"href":"http:\/\/lahoradelcampo.com.uy\/site\/wp-json\/wp\/v2\/users\/5"}],"replies":[{"embeddable":true,"href":"http:\/\/lahoradelcampo.com.uy\/site\/wp-json\/wp\/v2\/comments?post=16840"}],"version-history":[{"count":1,"href":"http:\/\/lahoradelcampo.com.uy\/site\/wp-json\/wp\/v2\/posts\/16840\/revisions"}],"predecessor-version":[{"id":16842,"href":"http:\/\/lahoradelcampo.com.uy\/site\/wp-json\/wp\/v2\/posts\/16840\/revisions\/16842"}],"wp:featuredmedia":[{"embeddable":true,"href":"http:\/\/lahoradelcampo.com.uy\/site\/wp-json\/wp\/v2\/media\/5409"}],"wp:attachment":[{"href":"http:\/\/lahoradelcampo.com.uy\/site\/wp-json\/wp\/v2\/media?parent=16840"}],"wp:term":[{"taxonomy":"category","embeddable":true,"href":"http:\/\/lahoradelcampo.com.uy\/site\/wp-json\/wp\/v2\/categories?post=16840"},{"taxonomy":"post_tag","embeddable":true,"href":"http:\/\/lahoradelcampo.com.uy\/site\/wp-json\/wp\/v2\/tags?post=16840"}],"curies":[{"name":"wp","href":"https:\/\/api.w.org\/{rel}","templated":true}]}}