{"id":16836,"date":"2020-01-13T17:10:12","date_gmt":"2020-01-13T20:10:12","guid":{"rendered":"http:\/\/lahoradelcampo.com.uy\/site\/?p=16836"},"modified":"2020-01-13T17:10:20","modified_gmt":"2020-01-13T20:10:20","slug":"buenas-condiciones-para-el-cultivo-de-soja","status":"publish","type":"post","link":"http:\/\/lahoradelcampo.com.uy\/site\/buenas-condiciones-para-el-cultivo-de-soja\/","title":{"rendered":"Buenas condiciones para el cultivo de soja"},"content":{"rendered":"\n<figure class=\"wp-block-image\"><img data-recalc-dims=\"1\" loading=\"lazy\" decoding=\"async\" width=\"810\" height=\"405\" data-attachment-id=\"9635\" data-permalink=\"http:\/\/lahoradelcampo.com.uy\/site\/la-agricultura-presenta-excelentes-resultados-a-comienzos-de-este-ano\/soja-15\/\" data-orig-file=\"https:\/\/i0.wp.com\/lahoradelcampo.com.uy\/site\/wp-content\/uploads\/2019\/04\/Soja.jpg?fit=880%2C440\" data-orig-size=\"880,440\" data-comments-opened=\"1\" data-image-meta=\"{&quot;aperture&quot;:&quot;0&quot;,&quot;credit&quot;:&quot;&quot;,&quot;camera&quot;:&quot;&quot;,&quot;caption&quot;:&quot;&quot;,&quot;created_timestamp&quot;:&quot;0&quot;,&quot;copyright&quot;:&quot;&quot;,&quot;focal_length&quot;:&quot;0&quot;,&quot;iso&quot;:&quot;0&quot;,&quot;shutter_speed&quot;:&quot;0&quot;,&quot;title&quot;:&quot;&quot;,&quot;orientation&quot;:&quot;1&quot;}\" data-image-title=\"Soja\" data-image-description=\"\" data-image-caption=\"\" data-large-file=\"https:\/\/i0.wp.com\/lahoradelcampo.com.uy\/site\/wp-content\/uploads\/2019\/04\/Soja.jpg?fit=810%2C405\" src=\"https:\/\/i0.wp.com\/lahoradelcampo.com.uy\/site\/wp-content\/uploads\/2019\/04\/Soja.jpg?resize=810%2C405\" alt=\"\" class=\"wp-image-9635\" srcset=\"https:\/\/i0.wp.com\/lahoradelcampo.com.uy\/site\/wp-content\/uploads\/2019\/04\/Soja.jpg?w=880 880w, https:\/\/i0.wp.com\/lahoradelcampo.com.uy\/site\/wp-content\/uploads\/2019\/04\/Soja.jpg?resize=300%2C150 300w, https:\/\/i0.wp.com\/lahoradelcampo.com.uy\/site\/wp-content\/uploads\/2019\/04\/Soja.jpg?resize=768%2C384 768w, https:\/\/i0.wp.com\/lahoradelcampo.com.uy\/site\/wp-content\/uploads\/2019\/04\/Soja.jpg?resize=820%2C410 820w\" sizes=\"auto, (max-width: 810px) 100vw, 810px\" \/><\/figure>\n\n\n\n<p>Los cultivos de soja avanzan en buenas condiciones. Las lluvias han sido dispares, con diferencias marcadas por zonas, bien diferenciables entre el norte y el sur del R\u00edo Negro. En general se lleg\u00f3 a implantar en tiempo y forma.<br><\/p>\n\n\n\n<p>Los cultivos en el norte del pa\u00eds muestran buenas condiciones, con lluvias bien recibidas al cierre de esta semana. Al sur las precipitaciones han sido m\u00e1s escasas. Desde el punto de vista sanitario no se han registrado mayores inconvenientes. <br><\/p>\n\n\n\n<p>Los cultivos \u201cse vienen desarrollando sin problema, con poca lluvia pero frecuente. En lo sanitario nada que preocupe\u201d, se\u00f1al\u00f3 Carolina Silveyra, integrante del equipo t\u00e9cnico de Calmer.<br><\/p>\n\n\n\n<p>Alejandro \u00c1lvarez, t\u00e9cnico de Uni\u00f3n Rural de Flores, apunt\u00f3 que las sojas \u201cvienen bien. Con el agua justa pero bien implantadas. Por ahora sin problemas sanitarios y con muy poca carga de insectos\u201d.  <\/p>\n","protected":false},"excerpt":{"rendered":"<p>Los cultivos de soja avanzan en buenas condiciones. Las lluvias han sido dispares, con diferencias marcadas por zonas, bien diferenciables entre el norte y el sur del R\u00edo Negro. En [&hellip;]<\/p>\n","protected":false},"author":5,"featured_media":9635,"comment_status":"open","ping_status":"open","sticky":false,"template":"","format":"standard","meta":{"_price":"","_stock":"","_tribe_ticket_header":"","_tribe_default_ticket_provider":"","_tribe_ticket_capacity":"0","_ticket_start_date":"","_ticket_end_date":"","_tribe_ticket_show_description":"","_tribe_ticket_show_not_going":false,"_tribe_ticket_use_global_stock":"","_tribe_ticket_global_stock_level":"","_global_stock_mode":"","_global_stock_cap":"","_tribe_rsvp_for_event":"","_tribe_ticket_going_count":"","_tribe_ticket_not_going_count":"","_tribe_tickets_list":"[]","_tribe_ticket_has_attendee_info_fields":false,"h5ap_radio_sources":[],"_jetpack_newsletter_access":"","_jetpack_dont_email_post_to_subs":false,"_jetpack_newsletter_tier_id":0,"_jetpack_memberships_contains_paywalled_content":false,"_jetpack_memberships_contains_paid_content":false,"footnotes":""},"categories":[21,7],"tags":[],"class_list":["post-16836","post","type-post","status-publish","format-standard","has-post-thumbnail","hentry","category-actualidad","category-agricultura"],"jetpack_featured_media_url":"https:\/\/i0.wp.com\/lahoradelcampo.com.uy\/site\/wp-content\/uploads\/2019\/04\/Soja.jpg?fit=880%2C440","jetpack_sharing_enabled":true,"jetpack_shortlink":"https:\/\/wp.me\/p99IaT-4ny","jetpack-related-posts":[{"id":763,"url":"http:\/\/lahoradelcampo.com.uy\/site\/exceso-de-lluvias-presiona-el-potencial-de-rendimiento-en-trigo\/","url_meta":{"origin":16836,"position":0},"title":"Exceso de lluvias presiona el potencial de rendimiento en trigo","author":"La Hora del Campo","date":"10 septiembre, 2017","format":false,"excerpt":"El exceso de lluvias sigue complicando a los cultivos de invierno, principalmente a la cebada. Se siguen registrando precipitaciones voluminosas semanalmente, en suelos ya que est\u00e1n saturados. Carolina Silveyra, integrante del equipo t\u00e9cnico de Calmer, se\u00f1al\u00f3 que sigue retras\u00e1ndose los tratamientos en cultivos que han registrado enfermedades \u2013principalmente roya- as\u00ed\u2026","rel":"","context":"En \u00abAgricultura\u00bb","block_context":{"text":"Agricultura","link":"http:\/\/lahoradelcampo.com.uy\/site\/category\/agricultura\/"},"img":{"alt_text":"","src":"https:\/\/i0.wp.com\/lahoradelcampo.com.uy\/site\/wp-content\/uploads\/2017\/09\/Trigo-en-tormenta.jpg?fit=880%2C440&resize=350%2C200","width":350,"height":200,"srcset":"https:\/\/i0.wp.com\/lahoradelcampo.com.uy\/site\/wp-content\/uploads\/2017\/09\/Trigo-en-tormenta.jpg?fit=880%2C440&resize=350%2C200 1x, https:\/\/i0.wp.com\/lahoradelcampo.com.uy\/site\/wp-content\/uploads\/2017\/09\/Trigo-en-tormenta.jpg?fit=880%2C440&resize=525%2C300 1.5x, https:\/\/i0.wp.com\/lahoradelcampo.com.uy\/site\/wp-content\/uploads\/2017\/09\/Trigo-en-tormenta.jpg?fit=880%2C440&resize=700%2C400 2x"},"classes":[]},{"id":1691,"url":"http:\/\/lahoradelcampo.com.uy\/site\/cultivos-de-trigo-muestran-mejores-condiciones\/","url_meta":{"origin":16836,"position":1},"title":"Cultivos de trigo muestran mejores condiciones","author":"La Hora del Campo","date":"24 septiembre, 2017","format":false,"excerpt":"La mejora en las condiciones clim\u00e1ticas de los \u00faltimos d\u00edas, con d\u00edas m\u00e1s frescos y soleados, ha dado una tregua al estr\u00e9s h\u00eddrico que ven\u00edan registrando los cultivos de trigo en varias zonas del pa\u00eds. El parate de las intensas lluvias ha permitido adem\u00e1s el ingreso a las chacras y\u2026","rel":"","context":"En \u00abAgricultura\u00bb","block_context":{"text":"Agricultura","link":"http:\/\/lahoradelcampo.com.uy\/site\/category\/agricultura\/"},"img":{"alt_text":"","src":"https:\/\/i0.wp.com\/lahoradelcampo.com.uy\/site\/wp-content\/uploads\/2017\/09\/Trigo-1.jpg?fit=880%2C440&resize=350%2C200","width":350,"height":200,"srcset":"https:\/\/i0.wp.com\/lahoradelcampo.com.uy\/site\/wp-content\/uploads\/2017\/09\/Trigo-1.jpg?fit=880%2C440&resize=350%2C200 1x, https:\/\/i0.wp.com\/lahoradelcampo.com.uy\/site\/wp-content\/uploads\/2017\/09\/Trigo-1.jpg?fit=880%2C440&resize=525%2C300 1.5x, https:\/\/i0.wp.com\/lahoradelcampo.com.uy\/site\/wp-content\/uploads\/2017\/09\/Trigo-1.jpg?fit=880%2C440&resize=700%2C400 2x"},"classes":[]},{"id":2345,"url":"http:\/\/lahoradelcampo.com.uy\/site\/cultivos-de-trigo-entran-es-su-etapa-final-expectativa-puesta-en-la-calidad\/","url_meta":{"origin":16836,"position":2},"title":"Cultivos de trigo entran es su etapa final; expectativa puesta en la calidad","author":"La Hora del Campo","date":"8 octubre, 2017","format":false,"excerpt":"Los cultivos de trigo entran en etapa de definici\u00f3n, y aunque el potencial de rendimiento se ha visto menguado por el exceso de lluvias, hay expectativa sobre el desempe\u00f1o de los cultivos en su etapa final. Tambi\u00e9n en lo que respecta a calidad. \u201cEl partido se define ahora en cuanto\u2026","rel":"","context":"En \u00abAgricultura\u00bb","block_context":{"text":"Agricultura","link":"http:\/\/lahoradelcampo.com.uy\/site\/category\/agricultura\/"},"img":{"alt_text":"","src":"https:\/\/i0.wp.com\/lahoradelcampo.com.uy\/site\/wp-content\/uploads\/2017\/09\/Trigo.jpg?fit=880%2C440&resize=350%2C200","width":350,"height":200,"srcset":"https:\/\/i0.wp.com\/lahoradelcampo.com.uy\/site\/wp-content\/uploads\/2017\/09\/Trigo.jpg?fit=880%2C440&resize=350%2C200 1x, https:\/\/i0.wp.com\/lahoradelcampo.com.uy\/site\/wp-content\/uploads\/2017\/09\/Trigo.jpg?fit=880%2C440&resize=525%2C300 1.5x, https:\/\/i0.wp.com\/lahoradelcampo.com.uy\/site\/wp-content\/uploads\/2017\/09\/Trigo.jpg?fit=880%2C440&resize=700%2C400 2x"},"classes":[]},{"id":4281,"url":"http:\/\/lahoradelcampo.com.uy\/site\/ausencia-de-lluvias-compromete-la-implantacion-de-cultivos-de-verano\/","url_meta":{"origin":16836,"position":3},"title":"Ausencia de lluvias compromete la  implantaci\u00f3n de cultivos de verano","author":"La Hora del Campo","date":"28 noviembre, 2017","format":false,"excerpt":"El clima ha jugado en momentos claves de manera muy favorable para el sector ganadero y en otros para el agr\u00edcola durante este a\u00f1o 2017, sin embargo hace poco tiempo el agricultor que ped\u00eda que disminuyeran las precipitaciones para poder cosechar su producci\u00f3n hoy mira el cielo a la espera\u2026","rel":"","context":"En \u00abActualidad\u00bb","block_context":{"text":"Actualidad","link":"http:\/\/lahoradelcampo.com.uy\/site\/category\/actualidad\/"},"img":{"alt_text":"","src":"https:\/\/i0.wp.com\/lahoradelcampo.com.uy\/site\/wp-content\/uploads\/2017\/11\/Martin-Cordoba.jpg?fit=880%2C440&resize=350%2C200","width":350,"height":200,"srcset":"https:\/\/i0.wp.com\/lahoradelcampo.com.uy\/site\/wp-content\/uploads\/2017\/11\/Martin-Cordoba.jpg?fit=880%2C440&resize=350%2C200 1x, https:\/\/i0.wp.com\/lahoradelcampo.com.uy\/site\/wp-content\/uploads\/2017\/11\/Martin-Cordoba.jpg?fit=880%2C440&resize=525%2C300 1.5x, https:\/\/i0.wp.com\/lahoradelcampo.com.uy\/site\/wp-content\/uploads\/2017\/11\/Martin-Cordoba.jpg?fit=880%2C440&resize=700%2C400 2x"},"classes":[]},{"id":50082,"url":"http:\/\/lahoradelcampo.com.uy\/site\/productores-deben-estar-alerta-ante-los-ataques-de-lagartas\/","url_meta":{"origin":16836,"position":4},"title":"Productores deben estar alerta ante los ataques de lagartas","author":"La Hora del Campo","date":"18 abril, 2023","format":false,"excerpt":"El Ing. Agr. Mart\u00edn C\u00f3rdoba Grasso, t\u00e9cnico de Cooperativa Calsal, ha confirmado que el a\u00f1o ha sido muy bueno para la implantaci\u00f3n de los verdeos en el litoral norte del pa\u00eds, especialmente para la siembra de avena y raigr\u00e1s. Seg\u00fan el t\u00e9cnico, las lluvias llegaron a tiempo y permitieron hacer\u2026","rel":"","context":"En \u00abActualidad\u00bb","block_context":{"text":"Actualidad","link":"http:\/\/lahoradelcampo.com.uy\/site\/category\/actualidad\/"},"img":{"alt_text":"","src":"https:\/\/i0.wp.com\/lahoradelcampo.com.uy\/site\/wp-content\/uploads\/2023\/04\/Martin-Cordoba.jpg?fit=880%2C440&resize=350%2C200","width":350,"height":200,"srcset":"https:\/\/i0.wp.com\/lahoradelcampo.com.uy\/site\/wp-content\/uploads\/2023\/04\/Martin-Cordoba.jpg?fit=880%2C440&resize=350%2C200 1x, https:\/\/i0.wp.com\/lahoradelcampo.com.uy\/site\/wp-content\/uploads\/2023\/04\/Martin-Cordoba.jpg?fit=880%2C440&resize=525%2C300 1.5x, https:\/\/i0.wp.com\/lahoradelcampo.com.uy\/site\/wp-content\/uploads\/2023\/04\/Martin-Cordoba.jpg?fit=880%2C440&resize=700%2C400 2x"},"classes":[]},{"id":16336,"url":"http:\/\/lahoradelcampo.com.uy\/site\/siembra-de-soja-a-la-espera-de-lluvias\/","url_meta":{"origin":16836,"position":5},"title":"Siembra de soja a  la espera de lluvias","author":"La Hora del Campo","date":"9 diciembre, 2019","format":false,"excerpt":"El avance de la siembra de soja de segunda se desaceler\u00f3 vinculado a la falta de lluvias, principalmente al sur del pa\u00eds. \u00c1lvaro N\u00fa\u00f1ez, gerente t\u00e9cnico de Uni\u00f3n Rural de Flores, se\u00f1al\u00f3 que por ahora la siembra est\u00e1 pr\u00e1cticamente detenida por la falta de precipitaciones, con algunos productores sembrando \u201cen\u2026","rel":"","context":"En \u00abActualidad\u00bb","block_context":{"text":"Actualidad","link":"http:\/\/lahoradelcampo.com.uy\/site\/category\/actualidad\/"},"img":{"alt_text":"","src":"https:\/\/i0.wp.com\/lahoradelcampo.com.uy\/site\/wp-content\/uploads\/2017\/11\/soja-1.jpg?fit=880%2C440&resize=350%2C200","width":350,"height":200,"srcset":"https:\/\/i0.wp.com\/lahoradelcampo.com.uy\/site\/wp-content\/uploads\/2017\/11\/soja-1.jpg?fit=880%2C440&resize=350%2C200 1x, https:\/\/i0.wp.com\/lahoradelcampo.com.uy\/site\/wp-content\/uploads\/2017\/11\/soja-1.jpg?fit=880%2C440&resize=525%2C300 1.5x, https:\/\/i0.wp.com\/lahoradelcampo.com.uy\/site\/wp-content\/uploads\/2017\/11\/soja-1.jpg?fit=880%2C440&resize=700%2C400 2x"},"classes":[]}],"jetpack_likes_enabled":true,"_links":{"self":[{"href":"http:\/\/lahoradelcampo.com.uy\/site\/wp-json\/wp\/v2\/posts\/16836","targetHints":{"allow":["GET"]}}],"collection":[{"href":"http:\/\/lahoradelcampo.com.uy\/site\/wp-json\/wp\/v2\/posts"}],"about":[{"href":"http:\/\/lahoradelcampo.com.uy\/site\/wp-json\/wp\/v2\/types\/post"}],"author":[{"embeddable":true,"href":"http:\/\/lahoradelcampo.com.uy\/site\/wp-json\/wp\/v2\/users\/5"}],"replies":[{"embeddable":true,"href":"http:\/\/lahoradelcampo.com.uy\/site\/wp-json\/wp\/v2\/comments?post=16836"}],"version-history":[{"count":1,"href":"http:\/\/lahoradelcampo.com.uy\/site\/wp-json\/wp\/v2\/posts\/16836\/revisions"}],"predecessor-version":[{"id":16838,"href":"http:\/\/lahoradelcampo.com.uy\/site\/wp-json\/wp\/v2\/posts\/16836\/revisions\/16838"}],"wp:featuredmedia":[{"embeddable":true,"href":"http:\/\/lahoradelcampo.com.uy\/site\/wp-json\/wp\/v2\/media\/9635"}],"wp:attachment":[{"href":"http:\/\/lahoradelcampo.com.uy\/site\/wp-json\/wp\/v2\/media?parent=16836"}],"wp:term":[{"taxonomy":"category","embeddable":true,"href":"http:\/\/lahoradelcampo.com.uy\/site\/wp-json\/wp\/v2\/categories?post=16836"},{"taxonomy":"post_tag","embeddable":true,"href":"http:\/\/lahoradelcampo.com.uy\/site\/wp-json\/wp\/v2\/tags?post=16836"}],"curies":[{"name":"wp","href":"https:\/\/api.w.org\/{rel}","templated":true}]}}