{"id":16830,"date":"2020-01-14T07:00:19","date_gmt":"2020-01-14T10:00:19","guid":{"rendered":"http:\/\/lahoradelcampo.com.uy\/site\/?p=16830"},"modified":"2020-01-13T17:08:17","modified_gmt":"2020-01-13T20:08:17","slug":"area-de-trigo-aumento-20-segun-diea","status":"publish","type":"post","link":"http:\/\/lahoradelcampo.com.uy\/site\/area-de-trigo-aumento-20-segun-diea\/","title":{"rendered":"\u00c1rea de trigo  aument\u00f3 20%,   seg\u00fan DIEA"},"content":{"rendered":"\n<figure class=\"wp-block-image\"><img data-recalc-dims=\"1\" loading=\"lazy\" decoding=\"async\" width=\"810\" height=\"405\" data-attachment-id=\"1369\" data-permalink=\"http:\/\/lahoradelcampo.com.uy\/site\/mas-trigo-en-rusia-y-el-mundo-segun-el-usda\/trigo-cosecha\/\" data-orig-file=\"https:\/\/i0.wp.com\/lahoradelcampo.com.uy\/site\/wp-content\/uploads\/2017\/09\/Trigo-cosecha.jpg?fit=880%2C440\" data-orig-size=\"880,440\" data-comments-opened=\"1\" data-image-meta=\"{&quot;aperture&quot;:&quot;0&quot;,&quot;credit&quot;:&quot;Vicente-Manuel-Tort&quot;,&quot;camera&quot;:&quot;&quot;,&quot;caption&quot;:&quot;&quot;,&quot;created_timestamp&quot;:&quot;0&quot;,&quot;copyright&quot;:&quot;Presidencia de la Republica - Sec.Com.Inst.&quot;,&quot;focal_length&quot;:&quot;0&quot;,&quot;iso&quot;:&quot;0&quot;,&quot;shutter_speed&quot;:&quot;0&quot;,&quot;title&quot;:&quot;&quot;,&quot;orientation&quot;:&quot;1&quot;}\" data-image-title=\"Trigo cosecha\" data-image-description=\"\" data-image-caption=\"\" data-large-file=\"https:\/\/i0.wp.com\/lahoradelcampo.com.uy\/site\/wp-content\/uploads\/2017\/09\/Trigo-cosecha.jpg?fit=810%2C405\" src=\"https:\/\/i0.wp.com\/lahoradelcampo.com.uy\/site\/wp-content\/uploads\/2017\/09\/Trigo-cosecha.jpg?resize=810%2C405\" alt=\"\" class=\"wp-image-1369\" srcset=\"https:\/\/i0.wp.com\/lahoradelcampo.com.uy\/site\/wp-content\/uploads\/2017\/09\/Trigo-cosecha.jpg?w=880 880w, https:\/\/i0.wp.com\/lahoradelcampo.com.uy\/site\/wp-content\/uploads\/2017\/09\/Trigo-cosecha.jpg?resize=300%2C150 300w, https:\/\/i0.wp.com\/lahoradelcampo.com.uy\/site\/wp-content\/uploads\/2017\/09\/Trigo-cosecha.jpg?resize=768%2C384 768w, https:\/\/i0.wp.com\/lahoradelcampo.com.uy\/site\/wp-content\/uploads\/2017\/09\/Trigo-cosecha.jpg?resize=820%2C410 820w\" sizes=\"auto, (max-width: 810px) 100vw, 810px\" \/><\/figure>\n\n\n\n<p>La Direcci\u00f3n de Informaci\u00f3n y Estad\u00edsticas Agropecuarias del Ministerio de Ganader\u00eda, Agricultura y Pesca (DIEA) estim\u00f3 un aumento en la producci\u00f3n de trigo 2019\/2020 respecto al ciclo anterior, una ca\u00edda en la producci\u00f3n de cebada y un salto en la producci\u00f3n de colza y carinata.<br><\/p>\n\n\n\n<p>El \u00e1rea total sembrada con cultivos de invierno fue estimada en 495.000 hect\u00e1reas, casi un 11 % m\u00e1s que en la campa\u00f1a anterior, cuando se registraron 447.000, de acuerdo a los datos arrojados por la encuesta agr\u00edcola \u201cPrimavera 2019\u201d, publicada a fines de diciembre. En trigo aument\u00f3 el \u00e1rea, la producci\u00f3n y cay\u00f3 el rendimiento promedio estimado. <\/p>\n\n\n\n<p>La producci\u00f3n de trigo 2019\/2020 fue estimada en 776.329 toneladas contra 726.000 del a\u00f1o pasado, un incremento de 7%. La superficie sembrada creci\u00f3 casi 20%: pas\u00f3 a 237.000 hect\u00e1reas frente a las 198.000 hect\u00e1reas de la zafra anterior. Sin embargo, el rendimiento fue calculado en 3.269 kilos por hect\u00e1rea, una ca\u00edda de casi 11% respecto a 2018\/2019.<br><\/p>\n\n\n\n<p>Para la cebada DIEA estim\u00f3 un \u00e1rea plantada de 165.000 hect\u00e1reas, pr\u00e1cticamente igual a  la zafra anterior, con un rendimiento promedio de 3.679 kg\/ha, un 3,5 % menos que en 2018. Con una producci\u00f3n estimada en 606.000 toneladas frente a las 638.000 de la zafra pasada.<br><\/p>\n\n\n\n<p>El \u00e1rea sembrada entre colza y carinata dio un salto de 33 % superando las 73.000 hect\u00e1reas y su rendimiento se estim\u00f3 en 1.546 kg\/ha, un 6 % menos que el registrado en la zafra anterior.<\/p>\n\n\n\n<p>Fuente: Semillas Genesis<\/p>\n","protected":false},"excerpt":{"rendered":"<p>La Direcci\u00f3n de Informaci\u00f3n y Estad\u00edsticas Agropecuarias del Ministerio de Ganader\u00eda, Agricultura y Pesca (DIEA) estim\u00f3 un aumento en la producci\u00f3n de trigo 2019\/2020 respecto al ciclo anterior, una ca\u00edda [&hellip;]<\/p>\n","protected":false},"author":5,"featured_media":1369,"comment_status":"open","ping_status":"open","sticky":false,"template":"","format":"standard","meta":{"_price":"","_stock":"","_tribe_ticket_header":"","_tribe_default_ticket_provider":"","_tribe_ticket_capacity":"0","_ticket_start_date":"","_ticket_end_date":"","_tribe_ticket_show_description":"","_tribe_ticket_show_not_going":false,"_tribe_ticket_use_global_stock":"","_tribe_ticket_global_stock_level":"","_global_stock_mode":"","_global_stock_cap":"","_tribe_rsvp_for_event":"","_tribe_ticket_going_count":"","_tribe_ticket_not_going_count":"","_tribe_tickets_list":"[]","_tribe_ticket_has_attendee_info_fields":false,"h5ap_radio_sources":[],"_jetpack_newsletter_access":"","_jetpack_dont_email_post_to_subs":false,"_jetpack_newsletter_tier_id":0,"_jetpack_memberships_contains_paywalled_content":false,"_jetpack_memberships_contains_paid_content":false,"footnotes":""},"categories":[21,7],"tags":[],"class_list":["post-16830","post","type-post","status-publish","format-standard","has-post-thumbnail","hentry","category-actualidad","category-agricultura"],"jetpack_featured_media_url":"https:\/\/i0.wp.com\/lahoradelcampo.com.uy\/site\/wp-content\/uploads\/2017\/09\/Trigo-cosecha.jpg?fit=880%2C440","jetpack_sharing_enabled":true,"jetpack_shortlink":"https:\/\/wp.me\/p99IaT-4ns","jetpack-related-posts":[{"id":37891,"url":"http:\/\/lahoradelcampo.com.uy\/site\/aumento-de-area-impulso-la-mayor-produccion-de-trigo\/","url_meta":{"origin":16830,"position":0},"title":"Aumento de \u00e1rea impulso la mayor producci\u00f3n de trigo","author":"La Hora del Campo","date":"29 diciembre, 2021","format":false,"excerpt":"De acuerdo con la encuesta de primavera de la DIEA, realizada entre el 29 de noviembre y el 21 de diciembre, el rendimiento del trigo no logr\u00f3 mantener el r\u00e9cord hist\u00f3rico alcanzado en la zafra pasada, por lo que el incremento del 4% en la producci\u00f3n del cereal se debe\u2026","rel":"","context":"En \u00abActualidad\u00bb","block_context":{"text":"Actualidad","link":"http:\/\/lahoradelcampo.com.uy\/site\/category\/actualidad\/"},"img":{"alt_text":"","src":"https:\/\/i0.wp.com\/lahoradelcampo.com.uy\/site\/wp-content\/uploads\/2019\/04\/trigo-1.jpg?fit=880%2C440&resize=350%2C200","width":350,"height":200,"srcset":"https:\/\/i0.wp.com\/lahoradelcampo.com.uy\/site\/wp-content\/uploads\/2019\/04\/trigo-1.jpg?fit=880%2C440&resize=350%2C200 1x, https:\/\/i0.wp.com\/lahoradelcampo.com.uy\/site\/wp-content\/uploads\/2019\/04\/trigo-1.jpg?fit=880%2C440&resize=525%2C300 1.5x, https:\/\/i0.wp.com\/lahoradelcampo.com.uy\/site\/wp-content\/uploads\/2019\/04\/trigo-1.jpg?fit=880%2C440&resize=700%2C400 2x"},"classes":[]},{"id":26372,"url":"http:\/\/lahoradelcampo.com.uy\/site\/area-de-cultivos-de-invierno-crecio-un-11\/","url_meta":{"origin":16830,"position":1},"title":"\u00c1rea de cultivos de invierno creci\u00f3 un 11%","author":"La Hora del Campo","date":"28 diciembre, 2020","format":false,"excerpt":"La superficie total sembrada con cultivos de invierno fue estimada en 547 mil hect\u00e1reas, casi un 11 % m\u00e1s que en la campa\u00f1a anterior, cuando se registraron 495 mil hect\u00e1reas sembradas con cultivos de invierno para grano seco, de acuerdo a la informaci\u00f3n recabada por la Direcci\u00f3n de Estad\u00edsticas del\u2026","rel":"","context":"En \u00abActualidad\u00bb","block_context":{"text":"Actualidad","link":"http:\/\/lahoradelcampo.com.uy\/site\/category\/actualidad\/"},"img":{"alt_text":"","src":"https:\/\/i0.wp.com\/lahoradelcampo.com.uy\/site\/wp-content\/uploads\/2017\/09\/Trigo.jpg?fit=880%2C440&resize=350%2C200","width":350,"height":200,"srcset":"https:\/\/i0.wp.com\/lahoradelcampo.com.uy\/site\/wp-content\/uploads\/2017\/09\/Trigo.jpg?fit=880%2C440&resize=350%2C200 1x, https:\/\/i0.wp.com\/lahoradelcampo.com.uy\/site\/wp-content\/uploads\/2017\/09\/Trigo.jpg?fit=880%2C440&resize=525%2C300 1.5x, https:\/\/i0.wp.com\/lahoradelcampo.com.uy\/site\/wp-content\/uploads\/2017\/09\/Trigo.jpg?fit=880%2C440&resize=700%2C400 2x"},"classes":[]},{"id":16604,"url":"http:\/\/lahoradelcampo.com.uy\/site\/el-area-de-trigo-crecio-un-20\/","url_meta":{"origin":16830,"position":2},"title":"El \u00e1rea de trigo creci\u00f3 un 20%","author":"La Hora del Campo","date":"27 diciembre, 2019","format":false,"excerpt":"El \u00e1rea sembrada de trigo fue estimada en 237 mil hect\u00e1reas para la presente zafra por parte de la Direcci\u00f3n de Informaci\u00f3n y Estad\u00edsticas (DIEA) del MGAP. Esta \u00e1rea alcanzada significa un crecimiento el 20% respecto a la zafra anterior. La producci\u00f3n total de trigo fue estimada en 776 mil\u2026","rel":"","context":"En \u00abActualidad\u00bb","block_context":{"text":"Actualidad","link":"http:\/\/lahoradelcampo.com.uy\/site\/category\/actualidad\/"},"img":{"alt_text":"","src":"https:\/\/i0.wp.com\/lahoradelcampo.com.uy\/site\/wp-content\/uploads\/2017\/12\/Trigo.jpg?fit=880%2C440&resize=350%2C200","width":350,"height":200,"srcset":"https:\/\/i0.wp.com\/lahoradelcampo.com.uy\/site\/wp-content\/uploads\/2017\/12\/Trigo.jpg?fit=880%2C440&resize=350%2C200 1x, https:\/\/i0.wp.com\/lahoradelcampo.com.uy\/site\/wp-content\/uploads\/2017\/12\/Trigo.jpg?fit=880%2C440&resize=525%2C300 1.5x, https:\/\/i0.wp.com\/lahoradelcampo.com.uy\/site\/wp-content\/uploads\/2017\/12\/Trigo.jpg?fit=880%2C440&resize=700%2C400 2x"},"classes":[]},{"id":48473,"url":"http:\/\/lahoradelcampo.com.uy\/site\/produccion-de-colza-crecio-un-99\/","url_meta":{"origin":16830,"position":3},"title":"Producci\u00f3n  de colza  creci\u00f3 un 99%","author":"La Hora del Campo","date":"31 enero, 2023","format":false,"excerpt":"El \u00e1rea sembrada entre Colza (Brassica napus) y Carinata (Brassica carinata) continua en crecimiento, alcanzando en \u00e9sta zafra 348.145 hect\u00e1reas, un 114 % m\u00e1s que en la zafra anterior, consolid\u00e1ndose de esta forma como el principal cultivo de invierno del pa\u00eds. Su rendimiento promedio se estim\u00f3 en 1.687 kg\/ha, valor\u2026","rel":"","context":"En \u00abActualidad\u00bb","block_context":{"text":"Actualidad","link":"http:\/\/lahoradelcampo.com.uy\/site\/category\/actualidad\/"},"img":{"alt_text":"","src":"https:\/\/i0.wp.com\/lahoradelcampo.com.uy\/site\/wp-content\/uploads\/2021\/06\/colza.jpg?fit=880%2C440&resize=350%2C200","width":350,"height":200,"srcset":"https:\/\/i0.wp.com\/lahoradelcampo.com.uy\/site\/wp-content\/uploads\/2021\/06\/colza.jpg?fit=880%2C440&resize=350%2C200 1x, https:\/\/i0.wp.com\/lahoradelcampo.com.uy\/site\/wp-content\/uploads\/2021\/06\/colza.jpg?fit=880%2C440&resize=525%2C300 1.5x, https:\/\/i0.wp.com\/lahoradelcampo.com.uy\/site\/wp-content\/uploads\/2021\/06\/colza.jpg?fit=880%2C440&resize=700%2C400 2x"},"classes":[]},{"id":5173,"url":"http:\/\/lahoradelcampo.com.uy\/site\/se-preve-una-baja-en-la-produccion-mundial-de-cereales\/","url_meta":{"origin":16830,"position":4},"title":"Se prev\u00e9 una baja  en la producci\u00f3n mundial de cereales","author":"La Hora del Campo","date":"27 diciembre, 2017","format":false,"excerpt":"Seg\u00fan el \u00faltimo balance mensual del Departamento de Agricultura de EE.UU. (USDA, por sus siglas en ingl\u00e9s), la producci\u00f3n de cereales a nivel mundial ser\u00e1 de 2.562,59 millones de toneladas en la campa\u00f1a 2017-2018, lo que implica una baja de 1,69 % respecto de la cosecha de la temporada anterior.\u2026","rel":"","context":"En \u00abActualidad\u00bb","block_context":{"text":"Actualidad","link":"http:\/\/lahoradelcampo.com.uy\/site\/category\/actualidad\/"},"img":{"alt_text":"","src":"https:\/\/i0.wp.com\/lahoradelcampo.com.uy\/site\/wp-content\/uploads\/2017\/12\/maiz.jpg?fit=880%2C440&resize=350%2C200","width":350,"height":200,"srcset":"https:\/\/i0.wp.com\/lahoradelcampo.com.uy\/site\/wp-content\/uploads\/2017\/12\/maiz.jpg?fit=880%2C440&resize=350%2C200 1x, https:\/\/i0.wp.com\/lahoradelcampo.com.uy\/site\/wp-content\/uploads\/2017\/12\/maiz.jpg?fit=880%2C440&resize=525%2C300 1.5x, https:\/\/i0.wp.com\/lahoradelcampo.com.uy\/site\/wp-content\/uploads\/2017\/12\/maiz.jpg?fit=880%2C440&resize=700%2C400 2x"},"classes":[]},{"id":18846,"url":"http:\/\/lahoradelcampo.com.uy\/site\/etiopia-la-produccion-de-trigo-y-maiz-en-aumento\/","url_meta":{"origin":16830,"position":5},"title":"Etiop\u00eda: la producci\u00f3n de trigo y ma\u00edz en aumento","author":"La Hora del Campo","date":"14 abril, 2020","format":false,"excerpt":"El pa\u00eds est\u00e1 viendo un aumento en la demanda interna de trigo a medida que se desarrolla una r\u00e1pida urbanizaci\u00f3n, una alta poblaci\u00f3n y cambios en los h\u00e1bitos alimentarios. Se espera que el consumo de trigo de Etiop\u00eda alcance los 6,7 millones de toneladas en la campa\u00f1a comercial 2020-21. El\u2026","rel":"","context":"En \u00abAgricultura\u00bb","block_context":{"text":"Agricultura","link":"http:\/\/lahoradelcampo.com.uy\/site\/category\/agricultura\/"},"img":{"alt_text":"","src":"https:\/\/i0.wp.com\/lahoradelcampo.com.uy\/site\/wp-content\/uploads\/2017\/11\/Maiz.jpg?fit=880%2C440&resize=350%2C200","width":350,"height":200,"srcset":"https:\/\/i0.wp.com\/lahoradelcampo.com.uy\/site\/wp-content\/uploads\/2017\/11\/Maiz.jpg?fit=880%2C440&resize=350%2C200 1x, https:\/\/i0.wp.com\/lahoradelcampo.com.uy\/site\/wp-content\/uploads\/2017\/11\/Maiz.jpg?fit=880%2C440&resize=525%2C300 1.5x, https:\/\/i0.wp.com\/lahoradelcampo.com.uy\/site\/wp-content\/uploads\/2017\/11\/Maiz.jpg?fit=880%2C440&resize=700%2C400 2x"},"classes":[]}],"jetpack_likes_enabled":true,"_links":{"self":[{"href":"http:\/\/lahoradelcampo.com.uy\/site\/wp-json\/wp\/v2\/posts\/16830","targetHints":{"allow":["GET"]}}],"collection":[{"href":"http:\/\/lahoradelcampo.com.uy\/site\/wp-json\/wp\/v2\/posts"}],"about":[{"href":"http:\/\/lahoradelcampo.com.uy\/site\/wp-json\/wp\/v2\/types\/post"}],"author":[{"embeddable":true,"href":"http:\/\/lahoradelcampo.com.uy\/site\/wp-json\/wp\/v2\/users\/5"}],"replies":[{"embeddable":true,"href":"http:\/\/lahoradelcampo.com.uy\/site\/wp-json\/wp\/v2\/comments?post=16830"}],"version-history":[{"count":1,"href":"http:\/\/lahoradelcampo.com.uy\/site\/wp-json\/wp\/v2\/posts\/16830\/revisions"}],"predecessor-version":[{"id":16832,"href":"http:\/\/lahoradelcampo.com.uy\/site\/wp-json\/wp\/v2\/posts\/16830\/revisions\/16832"}],"wp:featuredmedia":[{"embeddable":true,"href":"http:\/\/lahoradelcampo.com.uy\/site\/wp-json\/wp\/v2\/media\/1369"}],"wp:attachment":[{"href":"http:\/\/lahoradelcampo.com.uy\/site\/wp-json\/wp\/v2\/media?parent=16830"}],"wp:term":[{"taxonomy":"category","embeddable":true,"href":"http:\/\/lahoradelcampo.com.uy\/site\/wp-json\/wp\/v2\/categories?post=16830"},{"taxonomy":"post_tag","embeddable":true,"href":"http:\/\/lahoradelcampo.com.uy\/site\/wp-json\/wp\/v2\/tags?post=16830"}],"curies":[{"name":"wp","href":"https:\/\/api.w.org\/{rel}","templated":true}]}}