{"id":16826,"date":"2020-01-13T17:06:01","date_gmt":"2020-01-13T20:06:01","guid":{"rendered":"http:\/\/lahoradelcampo.com.uy\/site\/?p=16826"},"modified":"2020-01-13T17:06:09","modified_gmt":"2020-01-13T20:06:09","slug":"crecieron-las-exportaciones-de-soja-y-tambien-de-trigo-durante-2019","status":"publish","type":"post","link":"http:\/\/lahoradelcampo.com.uy\/site\/crecieron-las-exportaciones-de-soja-y-tambien-de-trigo-durante-2019\/","title":{"rendered":"Crecieron las exportaciones de soja y tambi\u00e9n de trigo durante 2019"},"content":{"rendered":"\n<figure class=\"wp-block-image\"><img data-recalc-dims=\"1\" loading=\"lazy\" decoding=\"async\" width=\"810\" height=\"405\" data-attachment-id=\"1113\" data-permalink=\"http:\/\/lahoradelcampo.com.uy\/site\/stocks-globales-de-granos-alcanzaran-un-record-en-20172018\/trigo-2\/\" data-orig-file=\"https:\/\/i0.wp.com\/lahoradelcampo.com.uy\/site\/wp-content\/uploads\/2017\/09\/Trigo.jpg?fit=880%2C440\" data-orig-size=\"880,440\" data-comments-opened=\"1\" data-image-meta=\"{&quot;aperture&quot;:&quot;0&quot;,&quot;credit&quot;:&quot;Vicente-Manuel-Tort&quot;,&quot;camera&quot;:&quot;&quot;,&quot;caption&quot;:&quot;&quot;,&quot;created_timestamp&quot;:&quot;0&quot;,&quot;copyright&quot;:&quot;Presidencia de la Republica - Sec.Com.Inst.&quot;,&quot;focal_length&quot;:&quot;0&quot;,&quot;iso&quot;:&quot;0&quot;,&quot;shutter_speed&quot;:&quot;0&quot;,&quot;title&quot;:&quot;&quot;,&quot;orientation&quot;:&quot;1&quot;}\" data-image-title=\"Trigo\" data-image-description=\"\" data-image-caption=\"\" data-large-file=\"https:\/\/i0.wp.com\/lahoradelcampo.com.uy\/site\/wp-content\/uploads\/2017\/09\/Trigo.jpg?fit=810%2C405\" src=\"https:\/\/i0.wp.com\/lahoradelcampo.com.uy\/site\/wp-content\/uploads\/2017\/09\/Trigo.jpg?resize=810%2C405\" alt=\"\" class=\"wp-image-1113\" srcset=\"https:\/\/i0.wp.com\/lahoradelcampo.com.uy\/site\/wp-content\/uploads\/2017\/09\/Trigo.jpg?w=880 880w, https:\/\/i0.wp.com\/lahoradelcampo.com.uy\/site\/wp-content\/uploads\/2017\/09\/Trigo.jpg?resize=300%2C150 300w, https:\/\/i0.wp.com\/lahoradelcampo.com.uy\/site\/wp-content\/uploads\/2017\/09\/Trigo.jpg?resize=768%2C384 768w, https:\/\/i0.wp.com\/lahoradelcampo.com.uy\/site\/wp-content\/uploads\/2017\/09\/Trigo.jpg?resize=820%2C410 820w\" sizes=\"auto, (max-width: 810px) 100vw, 810px\" \/><\/figure>\n\n\n\n<p>El 2019 cerr\u00f3 con aumentos en las exportaciones acumuladas de soja y de trigo. La soja fue el producto con mayor incidencia positiva en las exportaciones uruguayas el a\u00f1o pasado, con un total de US$ 1.002 millones, de acuerdo a los datos publicados por el Instituto Uruguay XXI en su reporte anual.<br><\/p>\n\n\n\n<p>En 2019 el volumen de soja vendida al exterior m\u00e1s que se duplic\u00f3 respecto al a\u00f1o anterior, con una cosecha ayudada por un muy positivo r\u00e9gimen de lluvias luego de la sequ\u00eda de la zafra previa. El incremento en t\u00e9rminos de volumen fue del orden de 117% interanual, mientras que en monto fue algo menor, ubic\u00e1ndose en torno a 90%, debido al descenso en el precio promedio de exportaci\u00f3n.<br><\/p>\n\n\n\n<p>\u201cLa recuperaci\u00f3n de la oferta regional en 2018\/2019, la guerra comercial entre Beijing y Washington y una menor demanda china por la gripe porcina africana, llevaron a una ca\u00edda en los precios. La participaci\u00f3n de China dentro de las compras totales rond\u00f3 el 80% destac\u00e1ndose una mejora del contenido proteico de la soja exportada\u201d, apunt\u00f3 el informe de Uruguay XXI.<br><\/p>\n\n\n\n<p>Las exportaciones de trigo, por su parte, dieron un fuerte salto en 2019. En el acumulado enero-diciembre se ubicaron en US$ 63 millones y casi triplic\u00f3 los US$ 23 millones facturados en 2018.<br><\/p>\n\n\n\n<p>El a\u00f1o pasado el trigo tuvo una participaci\u00f3n de 1% sobre las exportaciones totales de bienes del pa\u00eds.<\/p>\n\n\n\n<p>Fuente: Semillas Genesis<\/p>\n","protected":false},"excerpt":{"rendered":"<p>El 2019 cerr\u00f3 con aumentos en las exportaciones acumuladas de soja y de trigo. La soja fue el producto con mayor incidencia positiva en las exportaciones uruguayas el a\u00f1o pasado, [&hellip;]<\/p>\n","protected":false},"author":5,"featured_media":1113,"comment_status":"open","ping_status":"open","sticky":false,"template":"","format":"standard","meta":{"_price":"","_stock":"","_tribe_ticket_header":"","_tribe_default_ticket_provider":"","_tribe_ticket_capacity":"0","_ticket_start_date":"","_ticket_end_date":"","_tribe_ticket_show_description":"","_tribe_ticket_show_not_going":false,"_tribe_ticket_use_global_stock":"","_tribe_ticket_global_stock_level":"","_global_stock_mode":"","_global_stock_cap":"","_tribe_rsvp_for_event":"","_tribe_ticket_going_count":"","_tribe_ticket_not_going_count":"","_tribe_tickets_list":"[]","_tribe_ticket_has_attendee_info_fields":false,"h5ap_radio_sources":[],"_jetpack_newsletter_access":"","_jetpack_dont_email_post_to_subs":false,"_jetpack_newsletter_tier_id":0,"_jetpack_memberships_contains_paywalled_content":false,"_jetpack_memberships_contains_paid_content":false,"footnotes":""},"categories":[21,7],"tags":[],"class_list":["post-16826","post","type-post","status-publish","format-standard","has-post-thumbnail","hentry","category-actualidad","category-agricultura"],"jetpack_featured_media_url":"https:\/\/i0.wp.com\/lahoradelcampo.com.uy\/site\/wp-content\/uploads\/2017\/09\/Trigo.jpg?fit=880%2C440","jetpack_sharing_enabled":true,"jetpack_shortlink":"https:\/\/wp.me\/p99IaT-4no","jetpack-related-posts":[{"id":49810,"url":"http:\/\/lahoradelcampo.com.uy\/site\/exportaciones-de-bienes-cae-un-4-en-el-reciente-mes-de-marzo\/","url_meta":{"origin":16826,"position":0},"title":"Exportaciones de bienes cae un 4% en el reciente mes de marzo","author":"La Hora del Campo","date":"5 abril, 2023","format":false,"excerpt":"En marzo de 2023, las exportaciones de Uruguay experimentaron una ca\u00edda interanual del 4%, alcanzando un total de U$S 1.033 millones en solicitudes de exportaci\u00f3n, incluyendo zonas francas. La disminuci\u00f3n se debi\u00f3 principalmente a la baja en la venta de carne bovina, trigo y soja. Sin embargo, algunos productos como\u2026","rel":"","context":"En \u00abActualidad\u00bb","block_context":{"text":"Actualidad","link":"http:\/\/lahoradelcampo.com.uy\/site\/category\/actualidad\/"},"img":{"alt_text":"","src":"https:\/\/i0.wp.com\/lahoradelcampo.com.uy\/site\/wp-content\/uploads\/2019\/05\/exportaciones.jpg?fit=880%2C440&resize=350%2C200","width":350,"height":200,"srcset":"https:\/\/i0.wp.com\/lahoradelcampo.com.uy\/site\/wp-content\/uploads\/2019\/05\/exportaciones.jpg?fit=880%2C440&resize=350%2C200 1x, https:\/\/i0.wp.com\/lahoradelcampo.com.uy\/site\/wp-content\/uploads\/2019\/05\/exportaciones.jpg?fit=880%2C440&resize=525%2C300 1.5x, https:\/\/i0.wp.com\/lahoradelcampo.com.uy\/site\/wp-content\/uploads\/2019\/05\/exportaciones.jpg?fit=880%2C440&resize=700%2C400 2x"},"classes":[]},{"id":17674,"url":"http:\/\/lahoradelcampo.com.uy\/site\/suspension-de-las-ventas-de-soja-en-argentina-presiono-al-alza-el-mercado\/","url_meta":{"origin":16826,"position":1},"title":"Suspensi\u00f3n de las ventas de soja en Argentina presion\u00f3 al alza el mercado","author":"La Hora del Campo","date":"27 febrero, 2020","format":false,"excerpt":"Las ventas en la Bolsa de Comercio de Chicago culmin\u00f3 con alzas para la soja y bajas en trigo y ma\u00edz en la jornada de ayer. La suspensi\u00f3n moment\u00e1nea del registro de exportaciones de soja argentina motivaron una presi\u00f3n alcista en los valores de la oleaginosa estadounidense. TRIGO Los futuros\u2026","rel":"","context":"En \u00abActualidad\u00bb","block_context":{"text":"Actualidad","link":"http:\/\/lahoradelcampo.com.uy\/site\/category\/actualidad\/"},"img":{"alt_text":"","src":"https:\/\/i0.wp.com\/lahoradelcampo.com.uy\/site\/wp-content\/uploads\/2017\/11\/Soja-2.jpg?fit=880%2C440&resize=350%2C200","width":350,"height":200,"srcset":"https:\/\/i0.wp.com\/lahoradelcampo.com.uy\/site\/wp-content\/uploads\/2017\/11\/Soja-2.jpg?fit=880%2C440&resize=350%2C200 1x, https:\/\/i0.wp.com\/lahoradelcampo.com.uy\/site\/wp-content\/uploads\/2017\/11\/Soja-2.jpg?fit=880%2C440&resize=525%2C300 1.5x, https:\/\/i0.wp.com\/lahoradelcampo.com.uy\/site\/wp-content\/uploads\/2017\/11\/Soja-2.jpg?fit=880%2C440&resize=700%2C400 2x"},"classes":[]},{"id":54378,"url":"http:\/\/lahoradelcampo.com.uy\/site\/soja-y-celulosa-impulsaron-27-las-exportaciones-de-agosto\/","url_meta":{"origin":16826,"position":2},"title":"Soja y celulosa impulsaron 27% las exportaciones de agosto","author":"La Hora del Campo","date":"3 septiembre, 2024","format":false,"excerpt":"En el octavo mes del a\u00f1o, las solicitudes de exportaci\u00f3n alcanzaron US$ 1.261 millones, lo que represent\u00f3 un incremento de 27% respecto a agosto de 2023. Este es el quinto registro mensual consecutivo que muestra un aumento en las exportaciones de bienes, seg\u00fan inform\u00f3 el instituto Uruguay XXI. Las exportaciones\u2026","rel":"","context":"En \u00abActualidad\u00bb","block_context":{"text":"Actualidad","link":"http:\/\/lahoradelcampo.com.uy\/site\/category\/actualidad\/"},"img":{"alt_text":"","src":"https:\/\/i0.wp.com\/lahoradelcampo.com.uy\/site\/wp-content\/uploads\/2024\/09\/Exportacionesagosto.jpg?fit=880%2C440&resize=350%2C200","width":350,"height":200,"srcset":"https:\/\/i0.wp.com\/lahoradelcampo.com.uy\/site\/wp-content\/uploads\/2024\/09\/Exportacionesagosto.jpg?fit=880%2C440&resize=350%2C200 1x, https:\/\/i0.wp.com\/lahoradelcampo.com.uy\/site\/wp-content\/uploads\/2024\/09\/Exportacionesagosto.jpg?fit=880%2C440&resize=525%2C300 1.5x, https:\/\/i0.wp.com\/lahoradelcampo.com.uy\/site\/wp-content\/uploads\/2024\/09\/Exportacionesagosto.jpg?fit=880%2C440&resize=700%2C400 2x"},"classes":[]},{"id":10807,"url":"http:\/\/lahoradelcampo.com.uy\/site\/crecen-fuertemente-los-stocks-de-arroz-maiz-y-soja\/","url_meta":{"origin":16826,"position":3},"title":"Crecen fuertemente los stocks de arroz, ma\u00edz y soja","author":"La Hora del Campo","date":"16 mayo, 2019","format":false,"excerpt":"El Ministerio de Ganader\u00eda, Agricultura y Pesca (MGAP) dio a conocer la informaci\u00f3n del Plan Nacional de Silos al 1 de mayo de 2019, donde se visualiza un fuerte incremento en las existencias de arroz, ma\u00edz y soja en el pa\u00eds, mientras descienden el sorgo y el trigo, respecto a\u2026","rel":"","context":"En \u00abActualidad\u00bb","block_context":{"text":"Actualidad","link":"http:\/\/lahoradelcampo.com.uy\/site\/category\/actualidad\/"},"img":{"alt_text":"","src":"https:\/\/i0.wp.com\/lahoradelcampo.com.uy\/site\/wp-content\/uploads\/2019\/05\/arroz-2.jpg?fit=880%2C440&resize=350%2C200","width":350,"height":200,"srcset":"https:\/\/i0.wp.com\/lahoradelcampo.com.uy\/site\/wp-content\/uploads\/2019\/05\/arroz-2.jpg?fit=880%2C440&resize=350%2C200 1x, https:\/\/i0.wp.com\/lahoradelcampo.com.uy\/site\/wp-content\/uploads\/2019\/05\/arroz-2.jpg?fit=880%2C440&resize=525%2C300 1.5x, https:\/\/i0.wp.com\/lahoradelcampo.com.uy\/site\/wp-content\/uploads\/2019\/05\/arroz-2.jpg?fit=880%2C440&resize=700%2C400 2x"},"classes":[]},{"id":10519,"url":"http:\/\/lahoradelcampo.com.uy\/site\/exportaciones-acumulan-baja-del-69-en-los-ultimos-12-meses\/","url_meta":{"origin":16826,"position":4},"title":"Exportaciones acumulan baja del 6,9% en los \u00faltimos 12 meses","author":"La Hora del Campo","date":"5 mayo, 2019","format":false,"excerpt":"Las solicitudes de exportaci\u00f3n de bienes aumentaron en abril 4,9% con respecto a igual mes del a\u00f1o pasado, impulsadas por la recuperaci\u00f3n de la soja y subas en carne y madera. Estos datos fueron relevados por la Uni\u00f3n de Exportadores del Uruguay (UEU) en base a los Documentos \u00danicos de\u2026","rel":"","context":"En \u00abActualidad\u00bb","block_context":{"text":"Actualidad","link":"http:\/\/lahoradelcampo.com.uy\/site\/category\/actualidad\/"},"img":{"alt_text":"","src":"https:\/\/i0.wp.com\/lahoradelcampo.com.uy\/site\/wp-content\/uploads\/2019\/05\/exportaciones.jpg?fit=880%2C440&resize=350%2C200","width":350,"height":200,"srcset":"https:\/\/i0.wp.com\/lahoradelcampo.com.uy\/site\/wp-content\/uploads\/2019\/05\/exportaciones.jpg?fit=880%2C440&resize=350%2C200 1x, https:\/\/i0.wp.com\/lahoradelcampo.com.uy\/site\/wp-content\/uploads\/2019\/05\/exportaciones.jpg?fit=880%2C440&resize=525%2C300 1.5x, https:\/\/i0.wp.com\/lahoradelcampo.com.uy\/site\/wp-content\/uploads\/2019\/05\/exportaciones.jpg?fit=880%2C440&resize=700%2C400 2x"},"classes":[]},{"id":26382,"url":"http:\/\/lahoradelcampo.com.uy\/site\/brasil-con-precios-records-para-la-soja-debido-a-las-ventas-anticipadas\/","url_meta":{"origin":16826,"position":5},"title":"Brasil con precios r\u00e9cords para la soja debido a las ventas anticipadas","author":"La Hora del Campo","date":"28 diciembre, 2020","format":false,"excerpt":"Debido a que una importante parte de la zafra 2019\/2020 ya hab\u00eda sido comercializada anticipadamente, a\u00fan en el 2019, los productores brasile\u00f1os comenzaron el 2020 con mayor resistencia en las ventas de vol\u00famenes importantes y fueron comercializando de manera de ir cubriendo contratos y cumpliendo con compromisos propios, a la\u2026","rel":"","context":"En \u00abActualidad\u00bb","block_context":{"text":"Actualidad","link":"http:\/\/lahoradelcampo.com.uy\/site\/category\/actualidad\/"},"img":{"alt_text":"","src":"https:\/\/i0.wp.com\/lahoradelcampo.com.uy\/site\/wp-content\/uploads\/2017\/11\/soja.jpg?fit=880%2C440&resize=350%2C200","width":350,"height":200,"srcset":"https:\/\/i0.wp.com\/lahoradelcampo.com.uy\/site\/wp-content\/uploads\/2017\/11\/soja.jpg?fit=880%2C440&resize=350%2C200 1x, https:\/\/i0.wp.com\/lahoradelcampo.com.uy\/site\/wp-content\/uploads\/2017\/11\/soja.jpg?fit=880%2C440&resize=525%2C300 1.5x, https:\/\/i0.wp.com\/lahoradelcampo.com.uy\/site\/wp-content\/uploads\/2017\/11\/soja.jpg?fit=880%2C440&resize=700%2C400 2x"},"classes":[]}],"jetpack_likes_enabled":true,"_links":{"self":[{"href":"http:\/\/lahoradelcampo.com.uy\/site\/wp-json\/wp\/v2\/posts\/16826","targetHints":{"allow":["GET"]}}],"collection":[{"href":"http:\/\/lahoradelcampo.com.uy\/site\/wp-json\/wp\/v2\/posts"}],"about":[{"href":"http:\/\/lahoradelcampo.com.uy\/site\/wp-json\/wp\/v2\/types\/post"}],"author":[{"embeddable":true,"href":"http:\/\/lahoradelcampo.com.uy\/site\/wp-json\/wp\/v2\/users\/5"}],"replies":[{"embeddable":true,"href":"http:\/\/lahoradelcampo.com.uy\/site\/wp-json\/wp\/v2\/comments?post=16826"}],"version-history":[{"count":1,"href":"http:\/\/lahoradelcampo.com.uy\/site\/wp-json\/wp\/v2\/posts\/16826\/revisions"}],"predecessor-version":[{"id":16828,"href":"http:\/\/lahoradelcampo.com.uy\/site\/wp-json\/wp\/v2\/posts\/16826\/revisions\/16828"}],"wp:featuredmedia":[{"embeddable":true,"href":"http:\/\/lahoradelcampo.com.uy\/site\/wp-json\/wp\/v2\/media\/1113"}],"wp:attachment":[{"href":"http:\/\/lahoradelcampo.com.uy\/site\/wp-json\/wp\/v2\/media?parent=16826"}],"wp:term":[{"taxonomy":"category","embeddable":true,"href":"http:\/\/lahoradelcampo.com.uy\/site\/wp-json\/wp\/v2\/categories?post=16826"},{"taxonomy":"post_tag","embeddable":true,"href":"http:\/\/lahoradelcampo.com.uy\/site\/wp-json\/wp\/v2\/tags?post=16826"}],"curies":[{"name":"wp","href":"https:\/\/api.w.org\/{rel}","templated":true}]}}