{"id":16820,"date":"2020-01-13T16:59:43","date_gmt":"2020-01-13T19:59:43","guid":{"rendered":"http:\/\/lahoradelcampo.com.uy\/site\/?p=16820"},"modified":"2020-01-13T16:59:52","modified_gmt":"2020-01-13T19:59:52","slug":"el-mgap-tiene-2-011-funcionarios-996-estarian-con-causal-jubilatorio-en-2023","status":"publish","type":"post","link":"http:\/\/lahoradelcampo.com.uy\/site\/el-mgap-tiene-2-011-funcionarios-996-estarian-con-causal-jubilatorio-en-2023\/","title":{"rendered":"El MGAP tiene 2.011 funcionarios, 996 estar\u00edan con causal jubilatorio en 2023"},"content":{"rendered":"\n<figure class=\"wp-block-image\"><img data-recalc-dims=\"1\" loading=\"lazy\" decoding=\"async\" width=\"810\" height=\"405\" data-attachment-id=\"16822\" data-permalink=\"http:\/\/lahoradelcampo.com.uy\/site\/el-mgap-tiene-2-011-funcionarios-996-estarian-con-causal-jubilatorio-en-2023\/mgapaa\/\" data-orig-file=\"https:\/\/i0.wp.com\/lahoradelcampo.com.uy\/site\/wp-content\/uploads\/2020\/01\/MGAPaa.jpg?fit=880%2C440\" data-orig-size=\"880,440\" data-comments-opened=\"1\" data-image-meta=\"{&quot;aperture&quot;:&quot;0&quot;,&quot;credit&quot;:&quot;&quot;,&quot;camera&quot;:&quot;&quot;,&quot;caption&quot;:&quot;&quot;,&quot;created_timestamp&quot;:&quot;0&quot;,&quot;copyright&quot;:&quot;&quot;,&quot;focal_length&quot;:&quot;0&quot;,&quot;iso&quot;:&quot;0&quot;,&quot;shutter_speed&quot;:&quot;0&quot;,&quot;title&quot;:&quot;&quot;,&quot;orientation&quot;:&quot;1&quot;}\" data-image-title=\"MGAPaa\" data-image-description=\"\" data-image-caption=\"\" data-large-file=\"https:\/\/i0.wp.com\/lahoradelcampo.com.uy\/site\/wp-content\/uploads\/2020\/01\/MGAPaa.jpg?fit=810%2C405\" src=\"https:\/\/i0.wp.com\/lahoradelcampo.com.uy\/site\/wp-content\/uploads\/2020\/01\/MGAPaa.jpg?resize=810%2C405\" alt=\"\" class=\"wp-image-16822\" srcset=\"https:\/\/i0.wp.com\/lahoradelcampo.com.uy\/site\/wp-content\/uploads\/2020\/01\/MGAPaa.jpg?w=880 880w, https:\/\/i0.wp.com\/lahoradelcampo.com.uy\/site\/wp-content\/uploads\/2020\/01\/MGAPaa.jpg?resize=300%2C150 300w, https:\/\/i0.wp.com\/lahoradelcampo.com.uy\/site\/wp-content\/uploads\/2020\/01\/MGAPaa.jpg?resize=768%2C384 768w, https:\/\/i0.wp.com\/lahoradelcampo.com.uy\/site\/wp-content\/uploads\/2020\/01\/MGAPaa.jpg?resize=820%2C410 820w\" sizes=\"auto, (max-width: 810px) 100vw, 810px\" \/><\/figure>\n\n\n\n<p>En los \u00faltimos d\u00edas integrantes del gobierno electo, plantearon p\u00fablicamente su preocupaci\u00f3n ante la presupuestaci\u00f3n de nuevos funcionarios en los diferentes ministerios, entre ellos el Ministerio de Ganader\u00eda, Agricultura y Pesca. Ante esta situaci\u00f3n el MGAP emiti\u00f3 en su p\u00e1gina web un comunicado sobre la situaci\u00f3n actual del funcionariado de dicha cartera, se\u00f1alando que los datos expuestos en este informe forman parte del documento de transici\u00f3n elaborado y presentado en diciembre de 2019.<br><\/p>\n\n\n\n<p>En el informe establecen que la situaci\u00f3n de los recursos humanos del MGAP se encuentra comprometida debido al alto porcentaje de funcionarios en edad de jubilaci\u00f3n y\/o cese. En ese marco, las autoridades de la cartera han trabajado para reponer la plantilla de funcionarios y no afectar los servicios que brinda dicha cartera y afirman que \u00abno fueron creados nuevos cargos\u00bb.<br><\/p>\n\n\n\n<p>De acuerdo a la informaci\u00f3n proveniente del Sistema de Gesti\u00f3n Humana 1.0, actualizada al 15 de noviembre de 2019, actualmente el MGAP cuenta con 2.011 funcionarios. En el informa del sistema de gesti\u00f3n, se recomienda \u00abproseguir con los ascensos, ya que si bien se est\u00e1 trabajando en dicho asunto, se proyecta que entre los a\u00f1os 2019 y 2023, la cantidad de funcionarios que se encontrar\u00edan con causal jubilatoria o cese obligatorio, ser\u00edan de 996, lo que implicar\u00eda que la plantilla de funcionarios se reducir\u00eda en un 48%, aproximadamente\u00bb.<br><\/p>\n\n\n\n<p>Respecto al retiro de funcionarios de la cartera, el informe establece que \u00aben estos \u00faltimos tiempos se han jubilado un alto n\u00famero de personas con grados altos, significando una plantilla de activos, que en caso de no continuar con la gesti\u00f3n de los ascensos, tender\u00e1 cada vez m\u00e1s a conformarse con personal perteneciente al grado m\u00e1s bajo de cada escalaf\u00f3n\u00bb.<br><\/p>\n\n\n\n<p>Las autoridades del MGAP se\u00f1alan en el informe que se ha realizado un proyecto para la reestructura laboral del ministerio, donde se plantean cambios en los cargos y sueldos. Si bien se logr\u00f3 avanzar en dicho tema, el tiempo llevado para la elaboraci\u00f3n del mismo, no permiti\u00f3 su aprobaci\u00f3n, \u00abya que adem\u00e1s se ten\u00eda un plazo l\u00edmite para remitir el proyecto de reestructura a la Asamblea General de acuerdo al Art. 7 de la ley 19.355 de 19 de diciembre de 2015, pues en octubre de 2018 comenzaba a correr el plazo de veda para ingreso de funcionarios p\u00fablicos\u00bb.<br><\/p>\n\n\n\n<p>El informe se\u00f1ala ademas que \u00aben el a\u00f1o 2020 ser\u00eda conveniente retomar los trabajos para la aprobaci\u00f3n definitiva de la reestructura\u00bb del MGAP.<br><\/p>\n\n\n\n<p>El cuestionamiento de las nuevas autoridades a asumir el 1 de marzo, se basa en la cantidad de personas con contratos en \u00abr\u00e9gimen de provisiorato\u00bb, que de acuerdo a lo establecido por ley, tienen un contrato de 15 meses, donde luego pasar\u00edan a ser funcionarios presupuestados. <br><\/p>\n\n\n\n<p>En este sentido el MGAP se\u00f1al\u00f3 que \u00aba la fecha hay un total de 99 funcionarios en r\u00e9gimen de provisoriato que iniciaron su trabajo en el Inciso en 2018 o 2019. Un total de 52 ya realizaron la etapa de evaluaci\u00f3n y est\u00e1 en tr\u00e1mite su presupuestaci\u00f3n por lo que su proceso culminar\u00eda durante la actual administraci\u00f3n. Se estima que unos 24 funcionarios culminar\u00e1n su proceso de contrataci\u00f3n con la siguiente administraci\u00f3n (2020-2025)\u00bb.<br><\/p>\n\n\n\n<p>Al cierre del informe, el MGAP informa que ingresaron entre 2015 y 2019, al 15 de noviembre, ingresaron al ministerio 278 funcionarios con contratos de 275 r\u00e9gimen provisiorato y 3 presupuestados civiles, en tanto que se dieron de baja 583 funcionarios, en su gran mayor\u00eda por jubilaci\u00f3n y renuncia. <\/p>\n","protected":false},"excerpt":{"rendered":"<p>En los \u00faltimos d\u00edas integrantes del gobierno electo, plantearon p\u00fablicamente su preocupaci\u00f3n ante la presupuestaci\u00f3n de nuevos funcionarios en los diferentes ministerios, entre ellos el Ministerio de Ganader\u00eda, Agricultura y [&hellip;]<\/p>\n","protected":false},"author":5,"featured_media":16822,"comment_status":"open","ping_status":"open","sticky":false,"template":"","format":"standard","meta":{"_price":"","_stock":"","_tribe_ticket_header":"","_tribe_default_ticket_provider":"","_tribe_ticket_capacity":"0","_ticket_start_date":"","_ticket_end_date":"","_tribe_ticket_show_description":"","_tribe_ticket_show_not_going":false,"_tribe_ticket_use_global_stock":"","_tribe_ticket_global_stock_level":"","_global_stock_mode":"","_global_stock_cap":"","_tribe_rsvp_for_event":"","_tribe_ticket_going_count":"","_tribe_ticket_not_going_count":"","_tribe_tickets_list":"[]","_tribe_ticket_has_attendee_info_fields":false,"h5ap_radio_sources":[],"_jetpack_newsletter_access":"","_jetpack_dont_email_post_to_subs":false,"_jetpack_newsletter_tier_id":0,"_jetpack_memberships_contains_paywalled_content":false,"_jetpack_memberships_contains_paid_content":false,"footnotes":""},"categories":[21,5],"tags":[],"class_list":["post-16820","post","type-post","status-publish","format-standard","has-post-thumbnail","hentry","category-actualidad","category-ganaderia"],"jetpack_featured_media_url":"https:\/\/i0.wp.com\/lahoradelcampo.com.uy\/site\/wp-content\/uploads\/2020\/01\/MGAPaa.jpg?fit=880%2C440","jetpack_sharing_enabled":true,"jetpack_shortlink":"https:\/\/wp.me\/p99IaT-4ni","jetpack-related-posts":[{"id":30030,"url":"http:\/\/lahoradelcampo.com.uy\/site\/uriarte-respaldo-al-dr-altuna-al-frente-de-sanidad-animal\/","url_meta":{"origin":16820,"position":0},"title":"Uriarte respaldo al Dr. Altuna al frente de Sanidad Animal","author":"La Hora del Campo","date":"13 mayo, 2021","format":false,"excerpt":"En la jornada de ayer se emiti\u00f3 p\u00fablicamente por parte del gremio de funcionarios del Ministerio de Ganader\u00eda, Agricultura y Pesca (AFGAP) una misiva enviada a los principales de la cartera encabezada por el Ing. Agr. Carlos Mar\u00eda Uriarte, en cual expresan su \"consternaci\u00f3n\" ante la decisi\u00f3n de designaci\u00f3n del\u2026","rel":"","context":"En \u00abActualidad\u00bb","block_context":{"text":"Actualidad","link":"http:\/\/lahoradelcampo.com.uy\/site\/category\/actualidad\/"},"img":{"alt_text":"","src":"https:\/\/i0.wp.com\/lahoradelcampo.com.uy\/site\/wp-content\/uploads\/2019\/12\/Uriarte-granja.jpg?fit=880%2C440&resize=350%2C200","width":350,"height":200,"srcset":"https:\/\/i0.wp.com\/lahoradelcampo.com.uy\/site\/wp-content\/uploads\/2019\/12\/Uriarte-granja.jpg?fit=880%2C440&resize=350%2C200 1x, https:\/\/i0.wp.com\/lahoradelcampo.com.uy\/site\/wp-content\/uploads\/2019\/12\/Uriarte-granja.jpg?fit=880%2C440&resize=525%2C300 1.5x, https:\/\/i0.wp.com\/lahoradelcampo.com.uy\/site\/wp-content\/uploads\/2019\/12\/Uriarte-granja.jpg?fit=880%2C440&resize=700%2C400 2x"},"classes":[]},{"id":35113,"url":"http:\/\/lahoradelcampo.com.uy\/site\/problema-en-frigorifico-rosario-fue-por-falta-de-personal-segun-afgap\/","url_meta":{"origin":16820,"position":1},"title":"Problema en frigor\u00edfico Rosario fue por falta de personal seg\u00fan Afgap","author":"La Hora del Campo","date":"6 octubre, 2021","format":false,"excerpt":"Hablar de la falta de personal en el Ministerio de Ganader\u00eda, Agricultura y Pesca (MGAP) no es algo nuevo, basta recordar cuando las gremiales le reclamaron al Ex- Ministro Tabar\u00e9 Aguerre, por el cierre de algunas oficinas en el interior del pa\u00eds o la ausencia de funcionarios para realizar controles\u2026","rel":"","context":"En \u00abActualidad\u00bb","block_context":{"text":"Actualidad","link":"http:\/\/lahoradelcampo.com.uy\/site\/category\/actualidad\/"},"img":{"alt_text":"","src":"https:\/\/i0.wp.com\/lahoradelcampo.com.uy\/site\/wp-content\/uploads\/2017\/09\/Faena-frigorificos.jpg?fit=880%2C440&resize=350%2C200","width":350,"height":200,"srcset":"https:\/\/i0.wp.com\/lahoradelcampo.com.uy\/site\/wp-content\/uploads\/2017\/09\/Faena-frigorificos.jpg?fit=880%2C440&resize=350%2C200 1x, https:\/\/i0.wp.com\/lahoradelcampo.com.uy\/site\/wp-content\/uploads\/2017\/09\/Faena-frigorificos.jpg?fit=880%2C440&resize=525%2C300 1.5x, https:\/\/i0.wp.com\/lahoradelcampo.com.uy\/site\/wp-content\/uploads\/2017\/09\/Faena-frigorificos.jpg?fit=880%2C440&resize=700%2C400 2x"},"classes":[]},{"id":21034,"url":"http:\/\/lahoradelcampo.com.uy\/site\/afgap-advierte-un-desmantelamiento-del-mgap\/","url_meta":{"origin":16820,"position":2},"title":"AFGAP advierte un desmantelamiento del MGAP","author":"La Hora del Campo","date":"17 junio, 2020","format":false,"excerpt":"El gremio de los funcionarios del Ministerio de Ganader\u00eda, Agricultura y Pesca (AFGAP) ha emitido un comunicado donde advierte la finalizaci\u00f3n de m\u00e1s de 200 contratos a t\u00e9rmino y m\u00e1s de 900 funcionarios con causal jubilatorio en los pr\u00f3ximos a\u00f1os por lo que sostiene que ante ausencias de respuesta a\u2026","rel":"","context":"En \u00abActualidad\u00bb","block_context":{"text":"Actualidad","link":"http:\/\/lahoradelcampo.com.uy\/site\/category\/actualidad\/"},"img":{"alt_text":"","src":"https:\/\/i0.wp.com\/lahoradelcampo.com.uy\/site\/wp-content\/uploads\/2020\/06\/MGAP.jpg?fit=880%2C440&resize=350%2C200","width":350,"height":200,"srcset":"https:\/\/i0.wp.com\/lahoradelcampo.com.uy\/site\/wp-content\/uploads\/2020\/06\/MGAP.jpg?fit=880%2C440&resize=350%2C200 1x, https:\/\/i0.wp.com\/lahoradelcampo.com.uy\/site\/wp-content\/uploads\/2020\/06\/MGAP.jpg?fit=880%2C440&resize=525%2C300 1.5x, https:\/\/i0.wp.com\/lahoradelcampo.com.uy\/site\/wp-content\/uploads\/2020\/06\/MGAP.jpg?fit=880%2C440&resize=700%2C400 2x"},"classes":[]},{"id":23064,"url":"http:\/\/lahoradelcampo.com.uy\/site\/mgap-coordino-ahorro-de-500-millones\/","url_meta":{"origin":16820,"position":3},"title":"MGAP coordin\u00f3 ahorro de $ 500 millones","author":"La Hora del Campo","date":"31 agosto, 2020","format":false,"excerpt":"Esta semana el gobierno nacional presentar\u00e1 el presupuesto, que como est\u00e1 previsto tendr\u00e1 recortes y ahorro en todos los ministerios. El Ministro de Ganader\u00eda, Agricultura y Pesca, Ing. Carlos Mar\u00eda Uriarte, inform\u00f3 que se han realizado los ajustes necesarios en la cartera para ahorrar un 15% del gasto de 2019,\u2026","rel":"","context":"En \u00abActualidad\u00bb","block_context":{"text":"Actualidad","link":"http:\/\/lahoradelcampo.com.uy\/site\/category\/actualidad\/"},"img":{"alt_text":"","src":"https:\/\/i0.wp.com\/lahoradelcampo.com.uy\/site\/wp-content\/uploads\/2020\/01\/MGAPaa.jpg?fit=880%2C440&resize=350%2C200","width":350,"height":200,"srcset":"https:\/\/i0.wp.com\/lahoradelcampo.com.uy\/site\/wp-content\/uploads\/2020\/01\/MGAPaa.jpg?fit=880%2C440&resize=350%2C200 1x, https:\/\/i0.wp.com\/lahoradelcampo.com.uy\/site\/wp-content\/uploads\/2020\/01\/MGAPaa.jpg?fit=880%2C440&resize=525%2C300 1.5x, https:\/\/i0.wp.com\/lahoradelcampo.com.uy\/site\/wp-content\/uploads\/2020\/01\/MGAPaa.jpg?fit=880%2C440&resize=700%2C400 2x"},"classes":[]},{"id":16312,"url":"http:\/\/lahoradelcampo.com.uy\/site\/auditoria-interna-de-la-nacion-detecto-irregularidades-en-inia\/","url_meta":{"origin":16820,"position":4},"title":"Auditor\u00eda Interna de la Naci\u00f3n detect\u00f3 irregularidades en INIA","author":"La Hora del Campo","date":"7 diciembre, 2019","format":false,"excerpt":"El martes 21 de mayo el gremio de funcionarios profesionales universitarios del Instituto Nacional de Investigaci\u00f3n Agropecuaria (INIA) realiz\u00f3 el primer paro de la historia de la instituci\u00f3n ante lo que denunciaron como \"procedimientos irregulares por parte del actual presidente de INIA, Dr. Jos\u00e9 Luis Repetto\". Previ\u00f3 a la decisi\u00f3n\u2026","rel":"","context":"En \u00abActualidad\u00bb","block_context":{"text":"Actualidad","link":"http:\/\/lahoradelcampo.com.uy\/site\/category\/actualidad\/"},"img":{"alt_text":"","src":"https:\/\/i0.wp.com\/lahoradelcampo.com.uy\/site\/wp-content\/uploads\/2019\/12\/Repetto.jpg?fit=880%2C440&resize=350%2C200","width":350,"height":200,"srcset":"https:\/\/i0.wp.com\/lahoradelcampo.com.uy\/site\/wp-content\/uploads\/2019\/12\/Repetto.jpg?fit=880%2C440&resize=350%2C200 1x, https:\/\/i0.wp.com\/lahoradelcampo.com.uy\/site\/wp-content\/uploads\/2019\/12\/Repetto.jpg?fit=880%2C440&resize=525%2C300 1.5x, https:\/\/i0.wp.com\/lahoradelcampo.com.uy\/site\/wp-content\/uploads\/2019\/12\/Repetto.jpg?fit=880%2C440&resize=700%2C400 2x"},"classes":[]},{"id":30986,"url":"http:\/\/lahoradelcampo.com.uy\/site\/mgap-renovo-parte-de-su-flota-vehicular-a-costo-cero\/","url_meta":{"origin":16820,"position":5},"title":"MGAP renov\u00f3 parte de su flota vehicular  a \u00abcosto cero\u00bb","author":"La Hora del Campo","date":"7 junio, 2021","format":false,"excerpt":"El Ministerio de Ganader\u00eda, Agricultura y Pesca (MGAP) inform\u00f3 que el organismo cuenta con una flota vehicular que est\u00e1 compuesta por 394 autos y camionetas, 167 motos y dos casas rodantes. Al mismo tiempo dio a conocer en un comunicado que gran parte de dichos veh\u00edculos se encuentran fuera de\u2026","rel":"","context":"En \u00abActualidad\u00bb","block_context":{"text":"Actualidad","link":"http:\/\/lahoradelcampo.com.uy\/site\/category\/actualidad\/"},"img":{"alt_text":"","src":"https:\/\/i0.wp.com\/lahoradelcampo.com.uy\/site\/wp-content\/uploads\/2021\/06\/MGAPAutos.jpg?fit=880%2C440&resize=350%2C200","width":350,"height":200,"srcset":"https:\/\/i0.wp.com\/lahoradelcampo.com.uy\/site\/wp-content\/uploads\/2021\/06\/MGAPAutos.jpg?fit=880%2C440&resize=350%2C200 1x, https:\/\/i0.wp.com\/lahoradelcampo.com.uy\/site\/wp-content\/uploads\/2021\/06\/MGAPAutos.jpg?fit=880%2C440&resize=525%2C300 1.5x, https:\/\/i0.wp.com\/lahoradelcampo.com.uy\/site\/wp-content\/uploads\/2021\/06\/MGAPAutos.jpg?fit=880%2C440&resize=700%2C400 2x"},"classes":[]}],"jetpack_likes_enabled":true,"_links":{"self":[{"href":"http:\/\/lahoradelcampo.com.uy\/site\/wp-json\/wp\/v2\/posts\/16820","targetHints":{"allow":["GET"]}}],"collection":[{"href":"http:\/\/lahoradelcampo.com.uy\/site\/wp-json\/wp\/v2\/posts"}],"about":[{"href":"http:\/\/lahoradelcampo.com.uy\/site\/wp-json\/wp\/v2\/types\/post"}],"author":[{"embeddable":true,"href":"http:\/\/lahoradelcampo.com.uy\/site\/wp-json\/wp\/v2\/users\/5"}],"replies":[{"embeddable":true,"href":"http:\/\/lahoradelcampo.com.uy\/site\/wp-json\/wp\/v2\/comments?post=16820"}],"version-history":[{"count":1,"href":"http:\/\/lahoradelcampo.com.uy\/site\/wp-json\/wp\/v2\/posts\/16820\/revisions"}],"predecessor-version":[{"id":16824,"href":"http:\/\/lahoradelcampo.com.uy\/site\/wp-json\/wp\/v2\/posts\/16820\/revisions\/16824"}],"wp:featuredmedia":[{"embeddable":true,"href":"http:\/\/lahoradelcampo.com.uy\/site\/wp-json\/wp\/v2\/media\/16822"}],"wp:attachment":[{"href":"http:\/\/lahoradelcampo.com.uy\/site\/wp-json\/wp\/v2\/media?parent=16820"}],"wp:term":[{"taxonomy":"category","embeddable":true,"href":"http:\/\/lahoradelcampo.com.uy\/site\/wp-json\/wp\/v2\/categories?post=16820"},{"taxonomy":"post_tag","embeddable":true,"href":"http:\/\/lahoradelcampo.com.uy\/site\/wp-json\/wp\/v2\/tags?post=16820"}],"curies":[{"name":"wp","href":"https:\/\/api.w.org\/{rel}","templated":true}]}}