{"id":16816,"date":"2020-01-10T21:13:15","date_gmt":"2020-01-11T00:13:15","guid":{"rendered":"http:\/\/lahoradelcampo.com.uy\/site\/?p=16816"},"modified":"2020-01-10T21:13:28","modified_gmt":"2020-01-11T00:13:28","slug":"exportaciones-del-rubro-ovino-cayeron-un-16-en-2019","status":"publish","type":"post","link":"http:\/\/lahoradelcampo.com.uy\/site\/exportaciones-del-rubro-ovino-cayeron-un-16-en-2019\/","title":{"rendered":"Exportaciones del rubro ovino cayeron un 16% en 2019"},"content":{"rendered":"\n<figure class=\"wp-block-image\"><img data-recalc-dims=\"1\" loading=\"lazy\" decoding=\"async\" width=\"810\" height=\"405\" data-attachment-id=\"6251\" data-permalink=\"http:\/\/lahoradelcampo.com.uy\/site\/sul-recomienda-comenzar-las-encarneradas-el-1-de-abril\/ovinos-6\/\" data-orig-file=\"https:\/\/i0.wp.com\/lahoradelcampo.com.uy\/site\/wp-content\/uploads\/2018\/03\/ovinos.jpg?fit=880%2C440\" data-orig-size=\"880,440\" data-comments-opened=\"1\" data-image-meta=\"{&quot;aperture&quot;:&quot;0&quot;,&quot;credit&quot;:&quot;Vicente-Manuel-Tort&quot;,&quot;camera&quot;:&quot;&quot;,&quot;caption&quot;:&quot;&quot;,&quot;created_timestamp&quot;:&quot;0&quot;,&quot;copyright&quot;:&quot;Presidencia de la Republica - Sec.Com.Inst.&quot;,&quot;focal_length&quot;:&quot;0&quot;,&quot;iso&quot;:&quot;0&quot;,&quot;shutter_speed&quot;:&quot;0&quot;,&quot;title&quot;:&quot;&quot;,&quot;orientation&quot;:&quot;1&quot;}\" data-image-title=\"ovinos\" data-image-description=\"\" data-image-caption=\"\" data-large-file=\"https:\/\/i0.wp.com\/lahoradelcampo.com.uy\/site\/wp-content\/uploads\/2018\/03\/ovinos.jpg?fit=810%2C405\" src=\"https:\/\/i0.wp.com\/lahoradelcampo.com.uy\/site\/wp-content\/uploads\/2018\/03\/ovinos.jpg?resize=810%2C405\" alt=\"\" class=\"wp-image-6251\" srcset=\"https:\/\/i0.wp.com\/lahoradelcampo.com.uy\/site\/wp-content\/uploads\/2018\/03\/ovinos.jpg?w=880 880w, https:\/\/i0.wp.com\/lahoradelcampo.com.uy\/site\/wp-content\/uploads\/2018\/03\/ovinos.jpg?resize=300%2C150 300w, https:\/\/i0.wp.com\/lahoradelcampo.com.uy\/site\/wp-content\/uploads\/2018\/03\/ovinos.jpg?resize=768%2C384 768w, https:\/\/i0.wp.com\/lahoradelcampo.com.uy\/site\/wp-content\/uploads\/2018\/03\/ovinos.jpg?resize=820%2C410 820w\" sizes=\"auto, (max-width: 810px) 100vw, 810px\" \/><\/figure>\n\n\n\n<p>El aumento de las exportaciones de carne ovina se diluye en la ca\u00edda que han registrado los diferentes productos que conforman el rubro ovino. Principalmente la baja de las ventas al exterior de lana y productos de lana, a las que se suman las bajas en pieles ovinas y animales en pie. <br><\/p>\n\n\n\n<p>De acuerdo a los datos de la Direcci\u00f3n Nacional de Aduanas, analizadas por el Secretariado Uruguayo de la Lana (SUL), las ventas se posicionaron en US$ 276 millones, descendiendo un 16% frente a 2018.<br><\/p>\n\n\n\n<p>La carne ovina registr\u00f3 un incremento del 7% en el ingreso de divisas al pa\u00eds y un 8,4% m\u00e1s de kilogramos en 2019, con una fuerte demanda de China que pas\u00f3 a posicionarse como nuestro principal destino. <br><\/p>\n\n\n\n<p>El gigante asi\u00e1tico increment\u00f3 un 90% sus compras de carne de esta especie, constituy\u00e9ndose en el 52,6% del total exportado. <br><\/p>\n\n\n\n<p>En t\u00e9rminos de pieles ovinas, debido a la depresi\u00f3n que atraviesa este mercado, las ventas han retrocedido un 54% en su facturaci\u00f3n, situ\u00e1ndose en los US$ 982.756. La exportaci\u00f3n de animales en pie por su parte descendi\u00f3 un 59%, ubic\u00e1ndose en US$ 64.083.<br><\/p>\n\n\n\n<p>La lana y productos de lana, que representan el 71% de las exportaciones del rubro en 2019, registraron un descenso del 21% en el ingreso total de divisas al pa\u00eds. <br><\/p>\n\n\n\n<p>En los \u00faltimos 12 meses se exportaron 35 millones de kilos de lana, equivalente base sucia (14% menos que 2018), este volumen estuvo compuesto en un 57% por lana peinada, 26% lavada y el restante 17% sucia.<br><\/p>\n\n\n\n<p>China con el 51% del total, contin\u00faa siendo el principal destino de nuestras lanas. En lanas sucias el 64% se destin\u00f3 al gigante asi\u00e1tico, en lana lavada represent\u00f3 el 73%, mientras que en lana peinada representa el 38,7%. <\/p>\n","protected":false},"excerpt":{"rendered":"<p>El aumento de las exportaciones de carne ovina se diluye en la ca\u00edda que han registrado los diferentes productos que conforman el rubro ovino. Principalmente la baja de las ventas [&hellip;]<\/p>\n","protected":false},"author":5,"featured_media":6251,"comment_status":"open","ping_status":"open","sticky":false,"template":"","format":"standard","meta":{"_price":"","_stock":"","_tribe_ticket_header":"","_tribe_default_ticket_provider":"","_tribe_ticket_capacity":"0","_ticket_start_date":"","_ticket_end_date":"","_tribe_ticket_show_description":"","_tribe_ticket_show_not_going":false,"_tribe_ticket_use_global_stock":"","_tribe_ticket_global_stock_level":"","_global_stock_mode":"","_global_stock_cap":"","_tribe_rsvp_for_event":"","_tribe_ticket_going_count":"","_tribe_ticket_not_going_count":"","_tribe_tickets_list":"[]","_tribe_ticket_has_attendee_info_fields":false,"h5ap_radio_sources":[],"_jetpack_newsletter_access":"","_jetpack_dont_email_post_to_subs":false,"_jetpack_newsletter_tier_id":0,"_jetpack_memberships_contains_paywalled_content":false,"_jetpack_memberships_contains_paid_content":false,"footnotes":""},"categories":[21,5],"tags":[],"class_list":["post-16816","post","type-post","status-publish","format-standard","has-post-thumbnail","hentry","category-actualidad","category-ganaderia"],"jetpack_featured_media_url":"https:\/\/i0.wp.com\/lahoradelcampo.com.uy\/site\/wp-content\/uploads\/2018\/03\/ovinos.jpg?fit=880%2C440","jetpack_sharing_enabled":true,"jetpack_shortlink":"https:\/\/wp.me\/p99IaT-4ne","jetpack-related-posts":[{"id":3851,"url":"http:\/\/lahoradelcampo.com.uy\/site\/exportaciones-del-rubro-ovino-caen-un-24-en-2017\/","url_meta":{"origin":16816,"position":0},"title":"Exportaciones del rubro ovino caen un 24% en 2017","author":"La Hora del Campo","date":"13 noviembre, 2017","format":false,"excerpt":"En octubre de 2017, las exportaciones del rubro ovino registraron una suba del 25% respecto a octubre 2016. La lana sucia, lavada y peinada registr\u00f3 subas en valor y en volumen. Tambi\u00e9n se incrementaron las exportaciones de carne ovina. Las de grasa de lana y lanolina disminuyeron un 9.9%. Por\u2026","rel":"","context":"En \u00abActualidad\u00bb","block_context":{"text":"Actualidad","link":"http:\/\/lahoradelcampo.com.uy\/site\/category\/actualidad\/"},"img":{"alt_text":"","src":"https:\/\/i0.wp.com\/lahoradelcampo.com.uy\/site\/wp-content\/uploads\/2017\/11\/Ovinos.jpg?fit=880%2C440&resize=350%2C200","width":350,"height":200,"srcset":"https:\/\/i0.wp.com\/lahoradelcampo.com.uy\/site\/wp-content\/uploads\/2017\/11\/Ovinos.jpg?fit=880%2C440&resize=350%2C200 1x, https:\/\/i0.wp.com\/lahoradelcampo.com.uy\/site\/wp-content\/uploads\/2017\/11\/Ovinos.jpg?fit=880%2C440&resize=525%2C300 1.5x, https:\/\/i0.wp.com\/lahoradelcampo.com.uy\/site\/wp-content\/uploads\/2017\/11\/Ovinos.jpg?fit=880%2C440&resize=700%2C400 2x"},"classes":[]},{"id":17364,"url":"http:\/\/lahoradelcampo.com.uy\/site\/exportaciones-del-rubro-ovino-cayeron-un-19-a-enero-de-2020\/","url_meta":{"origin":16816,"position":1},"title":"Exportaciones del rubro ovino cayeron un 19% a enero de 2020","author":"La Hora del Campo","date":"12 febrero, 2020","format":false,"excerpt":"Las exportaciones del rubro ovino durante el 2019 disminuyeron 16 % ubic\u00e1ndose en U$S 276 millones. Las exportaciones de lana y productos de lana registraron una baja del 21 % mientras que las exportaciones de carne aumentaron un 7 % alcanzando los U$S 73 millones. A\u00f1o M\u00f3vil En el \u00faltimo\u2026","rel":"","context":"En \u00abActualidad\u00bb","block_context":{"text":"Actualidad","link":"http:\/\/lahoradelcampo.com.uy\/site\/category\/actualidad\/"},"img":{"alt_text":"","src":"https:\/\/i0.wp.com\/lahoradelcampo.com.uy\/site\/wp-content\/uploads\/2018\/04\/Ovinos.jpg?fit=880%2C440&resize=350%2C200","width":350,"height":200,"srcset":"https:\/\/i0.wp.com\/lahoradelcampo.com.uy\/site\/wp-content\/uploads\/2018\/04\/Ovinos.jpg?fit=880%2C440&resize=350%2C200 1x, https:\/\/i0.wp.com\/lahoradelcampo.com.uy\/site\/wp-content\/uploads\/2018\/04\/Ovinos.jpg?fit=880%2C440&resize=525%2C300 1.5x, https:\/\/i0.wp.com\/lahoradelcampo.com.uy\/site\/wp-content\/uploads\/2018\/04\/Ovinos.jpg?fit=880%2C440&resize=700%2C400 2x"},"classes":[]},{"id":41863,"url":"http:\/\/lahoradelcampo.com.uy\/site\/exportaciones-del-rubro-ovino-subio-un-62\/","url_meta":{"origin":16816,"position":2},"title":"Exportaciones del rubro ovino subi\u00f3 un 62%","author":"La Hora del Campo","date":"16 mayo, 2022","format":false,"excerpt":"Las exportaciones del rubro ovino durante el 2021 aumentaron 62% ubic\u00e1ndose en US$ 303 millones, seg\u00fan inform\u00f3 el Secretariado Uruguayo de la Lana (SUL). Las exportaciones de lana y productos de lana registraron una suba del 67% y las exportaciones de carne aumentaron un 65% alcanzando los US$ 165 millones\u2026","rel":"","context":"En \u00abActualidad\u00bb","block_context":{"text":"Actualidad","link":"http:\/\/lahoradelcampo.com.uy\/site\/category\/actualidad\/"},"img":{"alt_text":"","src":"https:\/\/i0.wp.com\/lahoradelcampo.com.uy\/site\/wp-content\/uploads\/2021\/03\/ovinos1.jpg?fit=880%2C440&resize=350%2C200","width":350,"height":200,"srcset":"https:\/\/i0.wp.com\/lahoradelcampo.com.uy\/site\/wp-content\/uploads\/2021\/03\/ovinos1.jpg?fit=880%2C440&resize=350%2C200 1x, https:\/\/i0.wp.com\/lahoradelcampo.com.uy\/site\/wp-content\/uploads\/2021\/03\/ovinos1.jpg?fit=880%2C440&resize=525%2C300 1.5x, https:\/\/i0.wp.com\/lahoradelcampo.com.uy\/site\/wp-content\/uploads\/2021\/03\/ovinos1.jpg?fit=880%2C440&resize=700%2C400 2x"},"classes":[]},{"id":32104,"url":"http:\/\/lahoradelcampo.com.uy\/site\/exportaciones-del-rubro-ovino-cayeron-un-32-durante-el-2020\/","url_meta":{"origin":16816,"position":3},"title":"Exportaciones del rubro ovino cayeron un 32% durante el 2020","author":"La Hora del Campo","date":"15 julio, 2021","format":false,"excerpt":"De acuerdo al informe elaborado por el Secretariado Uruguayo de la Lana (SUL) en base a los datos de la Direcci\u00f3n Nacional de Aduanas, las exportaciones del rubro ovino durante el a\u00f1o 2020 disminuyeron un 32% para ubicarse en US$ 186 millones. Por su parte las ventas al exterior de\u2026","rel":"","context":"En \u00abActualidad\u00bb","block_context":{"text":"Actualidad","link":"http:\/\/lahoradelcampo.com.uy\/site\/category\/actualidad\/"},"img":{"alt_text":"","src":"https:\/\/i0.wp.com\/lahoradelcampo.com.uy\/site\/wp-content\/uploads\/2017\/12\/Ovinos.jpg?fit=880%2C440&resize=350%2C200","width":350,"height":200,"srcset":"https:\/\/i0.wp.com\/lahoradelcampo.com.uy\/site\/wp-content\/uploads\/2017\/12\/Ovinos.jpg?fit=880%2C440&resize=350%2C200 1x, https:\/\/i0.wp.com\/lahoradelcampo.com.uy\/site\/wp-content\/uploads\/2017\/12\/Ovinos.jpg?fit=880%2C440&resize=525%2C300 1.5x, https:\/\/i0.wp.com\/lahoradelcampo.com.uy\/site\/wp-content\/uploads\/2017\/12\/Ovinos.jpg?fit=880%2C440&resize=700%2C400 2x"},"classes":[]},{"id":18686,"url":"http:\/\/lahoradelcampo.com.uy\/site\/exportaciones-del-rubro-ovino-suman-us-260-millones-en-el-ultimo-ano-movil\/","url_meta":{"origin":16816,"position":4},"title":"Exportaciones del rubro ovino suman US$ 260 millones en el \u00faltimo a\u00f1o m\u00f3vil","author":"La Hora del Campo","date":"7 abril, 2020","format":false,"excerpt":"De acuerdo al informe mensual del Secretariado Uruguayo de la Lana (SUL), el rubro ovino en su conjunto registr\u00f3 un ingreso de US$ 260 millones por las exportaciones en el \u00faltimo a\u00f1o m\u00f3vil (Abril-Marzo), lo cual significa una baja del 20% respecto a igual per\u00edodo anterior. Adem\u00e1s se visualiza en\u2026","rel":"","context":"En \u00abActualidad\u00bb","block_context":{"text":"Actualidad","link":"http:\/\/lahoradelcampo.com.uy\/site\/category\/actualidad\/"},"img":{"alt_text":"","src":"https:\/\/i0.wp.com\/lahoradelcampo.com.uy\/site\/wp-content\/uploads\/2017\/12\/Ovinos.jpg?fit=880%2C440&resize=350%2C200","width":350,"height":200,"srcset":"https:\/\/i0.wp.com\/lahoradelcampo.com.uy\/site\/wp-content\/uploads\/2017\/12\/Ovinos.jpg?fit=880%2C440&resize=350%2C200 1x, https:\/\/i0.wp.com\/lahoradelcampo.com.uy\/site\/wp-content\/uploads\/2017\/12\/Ovinos.jpg?fit=880%2C440&resize=525%2C300 1.5x, https:\/\/i0.wp.com\/lahoradelcampo.com.uy\/site\/wp-content\/uploads\/2017\/12\/Ovinos.jpg?fit=880%2C440&resize=700%2C400 2x"},"classes":[]},{"id":24526,"url":"http:\/\/lahoradelcampo.com.uy\/site\/exportaciones-del-rubro-ovino-sumaron-180-millones-de-dolares-a-setiembre\/","url_meta":{"origin":16816,"position":5},"title":"Exportaciones del rubro ovino sumaron 180 millones de d\u00f3lares a setiembre","author":"La Hora del Campo","date":"10 octubre, 2020","format":false,"excerpt":"Durante el \u00faltimo a\u00f1o m\u00f3vil, octubre 2019-setiembre 2020, ingresaron a Uruguay un total de 180 millones de d\u00f3lares por concepto de exportaciones de los productos que componen el Rubro Ovino (lanas y productos de lana, carne ovina, pieles ovinas, ovinos en pie y grasa de lana y lanolina) de acuerdo\u2026","rel":"","context":"En \u00abActualidad\u00bb","block_context":{"text":"Actualidad","link":"http:\/\/lahoradelcampo.com.uy\/site\/category\/actualidad\/"},"img":{"alt_text":"","src":"https:\/\/i0.wp.com\/lahoradelcampo.com.uy\/site\/wp-content\/uploads\/2017\/11\/Lanas.jpg?fit=880%2C440&resize=350%2C200","width":350,"height":200,"srcset":"https:\/\/i0.wp.com\/lahoradelcampo.com.uy\/site\/wp-content\/uploads\/2017\/11\/Lanas.jpg?fit=880%2C440&resize=350%2C200 1x, https:\/\/i0.wp.com\/lahoradelcampo.com.uy\/site\/wp-content\/uploads\/2017\/11\/Lanas.jpg?fit=880%2C440&resize=525%2C300 1.5x, https:\/\/i0.wp.com\/lahoradelcampo.com.uy\/site\/wp-content\/uploads\/2017\/11\/Lanas.jpg?fit=880%2C440&resize=700%2C400 2x"},"classes":[]}],"jetpack_likes_enabled":true,"_links":{"self":[{"href":"http:\/\/lahoradelcampo.com.uy\/site\/wp-json\/wp\/v2\/posts\/16816","targetHints":{"allow":["GET"]}}],"collection":[{"href":"http:\/\/lahoradelcampo.com.uy\/site\/wp-json\/wp\/v2\/posts"}],"about":[{"href":"http:\/\/lahoradelcampo.com.uy\/site\/wp-json\/wp\/v2\/types\/post"}],"author":[{"embeddable":true,"href":"http:\/\/lahoradelcampo.com.uy\/site\/wp-json\/wp\/v2\/users\/5"}],"replies":[{"embeddable":true,"href":"http:\/\/lahoradelcampo.com.uy\/site\/wp-json\/wp\/v2\/comments?post=16816"}],"version-history":[{"count":1,"href":"http:\/\/lahoradelcampo.com.uy\/site\/wp-json\/wp\/v2\/posts\/16816\/revisions"}],"predecessor-version":[{"id":16818,"href":"http:\/\/lahoradelcampo.com.uy\/site\/wp-json\/wp\/v2\/posts\/16816\/revisions\/16818"}],"wp:featuredmedia":[{"embeddable":true,"href":"http:\/\/lahoradelcampo.com.uy\/site\/wp-json\/wp\/v2\/media\/6251"}],"wp:attachment":[{"href":"http:\/\/lahoradelcampo.com.uy\/site\/wp-json\/wp\/v2\/media?parent=16816"}],"wp:term":[{"taxonomy":"category","embeddable":true,"href":"http:\/\/lahoradelcampo.com.uy\/site\/wp-json\/wp\/v2\/categories?post=16816"},{"taxonomy":"post_tag","embeddable":true,"href":"http:\/\/lahoradelcampo.com.uy\/site\/wp-json\/wp\/v2\/tags?post=16816"}],"curies":[{"name":"wp","href":"https:\/\/api.w.org\/{rel}","templated":true}]}}