{"id":16804,"date":"2020-01-10T21:11:08","date_gmt":"2020-01-11T00:11:08","guid":{"rendered":"http:\/\/lahoradelcampo.com.uy\/site\/?p=16804"},"modified":"2020-01-10T21:11:18","modified_gmt":"2020-01-11T00:11:18","slug":"paralizado-el-mercado-lanero-esta-sin-negocios-en-uruguay","status":"publish","type":"post","link":"http:\/\/lahoradelcampo.com.uy\/site\/paralizado-el-mercado-lanero-esta-sin-negocios-en-uruguay\/","title":{"rendered":"Paralizado: El mercado lanero est\u00e1 sin negocios en Uruguay"},"content":{"rendered":"\n<figure class=\"wp-block-image\"><img data-recalc-dims=\"1\" loading=\"lazy\" decoding=\"async\" width=\"810\" height=\"405\" data-attachment-id=\"3193\" data-permalink=\"http:\/\/lahoradelcampo.com.uy\/site\/el-mercado-lanero-australiano-se-movio-al-ritmo-de-las-monedas\/lanas-6\/\" data-orig-file=\"https:\/\/i0.wp.com\/lahoradelcampo.com.uy\/site\/wp-content\/uploads\/2017\/10\/Lanas-2.jpg?fit=880%2C440\" data-orig-size=\"880,440\" data-comments-opened=\"1\" data-image-meta=\"{&quot;aperture&quot;:&quot;0&quot;,&quot;credit&quot;:&quot;Vicente-Manuel-Tort&quot;,&quot;camera&quot;:&quot;&quot;,&quot;caption&quot;:&quot;&quot;,&quot;created_timestamp&quot;:&quot;0&quot;,&quot;copyright&quot;:&quot;Presidencia de la Republica - Sec.Com.Inst.&quot;,&quot;focal_length&quot;:&quot;0&quot;,&quot;iso&quot;:&quot;0&quot;,&quot;shutter_speed&quot;:&quot;0&quot;,&quot;title&quot;:&quot;&quot;,&quot;orientation&quot;:&quot;1&quot;}\" data-image-title=\"Lanas\" data-image-description=\"\" data-image-caption=\"\" data-large-file=\"https:\/\/i0.wp.com\/lahoradelcampo.com.uy\/site\/wp-content\/uploads\/2017\/10\/Lanas-2.jpg?fit=810%2C405\" src=\"https:\/\/i0.wp.com\/lahoradelcampo.com.uy\/site\/wp-content\/uploads\/2017\/10\/Lanas-2.jpg?resize=810%2C405\" alt=\"\" class=\"wp-image-3193\" srcset=\"https:\/\/i0.wp.com\/lahoradelcampo.com.uy\/site\/wp-content\/uploads\/2017\/10\/Lanas-2.jpg?w=880 880w, https:\/\/i0.wp.com\/lahoradelcampo.com.uy\/site\/wp-content\/uploads\/2017\/10\/Lanas-2.jpg?resize=300%2C150 300w, https:\/\/i0.wp.com\/lahoradelcampo.com.uy\/site\/wp-content\/uploads\/2017\/10\/Lanas-2.jpg?resize=768%2C384 768w, https:\/\/i0.wp.com\/lahoradelcampo.com.uy\/site\/wp-content\/uploads\/2017\/10\/Lanas-2.jpg?resize=820%2C410 820w\" sizes=\"auto, (max-width: 810px) 100vw, 810px\" \/><\/figure>\n\n\n\n<p>El mercado lanero uruguayo est\u00e1 paralizado, sin negocios. Los productores en su gran mayor\u00eda se han retra\u00eddo a la espera de mejores valores o referencias m\u00e1s cercanas a lo que ha sido la \u00faltima zafra, en tanto que la demanda espera por negocios desde el exterior para salir ha adquirir vol\u00famenes importantes. <br><\/p>\n\n\n\n<p>Sobre el cierre de la primera mitad de la zafra, se concretaron algunos negocios con referencias dentro de lo que se manejaba en el mercado. Sin subas de precios. La operativa pas\u00f3 principalmente por negocios puntuales donde para cumplir con ciertos vol\u00famenes, y no m\u00e1s de ello, se han requerido algunos micronajes puntuales. <br><\/p>\n\n\n\n<p>Esta semana, retomando la actividad en 2020, la Uni\u00f3n de Consignatarios y Rematadores de Lana del Uruguay han emitido su planilla de precios esta semana, donde no se muestran nuevas referencias de precios. <\/p>\n","protected":false},"excerpt":{"rendered":"<p>El mercado lanero uruguayo est\u00e1 paralizado, sin negocios. Los productores en su gran mayor\u00eda se han retra\u00eddo a la espera de mejores valores o referencias m\u00e1s cercanas a lo que [&hellip;]<\/p>\n","protected":false},"author":5,"featured_media":3193,"comment_status":"open","ping_status":"open","sticky":false,"template":"","format":"standard","meta":{"_price":"","_stock":"","_tribe_ticket_header":"","_tribe_default_ticket_provider":"","_tribe_ticket_capacity":"0","_ticket_start_date":"","_ticket_end_date":"","_tribe_ticket_show_description":"","_tribe_ticket_show_not_going":false,"_tribe_ticket_use_global_stock":"","_tribe_ticket_global_stock_level":"","_global_stock_mode":"","_global_stock_cap":"","_tribe_rsvp_for_event":"","_tribe_ticket_going_count":"","_tribe_ticket_not_going_count":"","_tribe_tickets_list":"[]","_tribe_ticket_has_attendee_info_fields":false,"h5ap_radio_sources":[],"_jetpack_newsletter_access":"","_jetpack_dont_email_post_to_subs":false,"_jetpack_newsletter_tier_id":0,"_jetpack_memberships_contains_paywalled_content":false,"_jetpack_memberships_contains_paid_content":false,"footnotes":""},"categories":[21,5],"tags":[],"class_list":["post-16804","post","type-post","status-publish","format-standard","has-post-thumbnail","hentry","category-actualidad","category-ganaderia"],"jetpack_featured_media_url":"https:\/\/i0.wp.com\/lahoradelcampo.com.uy\/site\/wp-content\/uploads\/2017\/10\/Lanas-2.jpg?fit=880%2C440","jetpack_sharing_enabled":true,"jetpack_shortlink":"https:\/\/wp.me\/p99IaT-4n2","jetpack-related-posts":[{"id":18160,"url":"http:\/\/lahoradelcampo.com.uy\/site\/paralizado-el-mercado-lanero-interno-a-la-espera-de-novedades-desde-el-exterior%ef%bb%bf\/","url_meta":{"origin":16804,"position":0},"title":"Paralizado. El mercado lanero interno a la espera de novedades desde el exterior\ufeff","author":"La Hora del Campo","date":"19 marzo, 2020","format":false,"excerpt":"PEn el di\u00e1logo con dos empresas topistas nacionales y varios intermediarios, se dej\u00f3 a ver un mercado paralizado, con una demanda internacional lejos de la concreci\u00f3n de negocios y nuevos valores que se puedan trasladar al mercado interno. En principio los dos representantes de las empresas topistas, fueron claros en\u2026","rel":"","context":"En \u00abActualidad\u00bb","block_context":{"text":"Actualidad","link":"http:\/\/lahoradelcampo.com.uy\/site\/category\/actualidad\/"},"img":{"alt_text":"","src":"https:\/\/i0.wp.com\/lahoradelcampo.com.uy\/site\/wp-content\/uploads\/2017\/09\/Banner-lana.jpg?fit=730%2C330&resize=350%2C200","width":350,"height":200,"srcset":"https:\/\/i0.wp.com\/lahoradelcampo.com.uy\/site\/wp-content\/uploads\/2017\/09\/Banner-lana.jpg?fit=730%2C330&resize=350%2C200 1x, https:\/\/i0.wp.com\/lahoradelcampo.com.uy\/site\/wp-content\/uploads\/2017\/09\/Banner-lana.jpg?fit=730%2C330&resize=525%2C300 1.5x, https:\/\/i0.wp.com\/lahoradelcampo.com.uy\/site\/wp-content\/uploads\/2017\/09\/Banner-lana.jpg?fit=730%2C330&resize=700%2C400 2x"},"classes":[]},{"id":13218,"url":"http:\/\/lahoradelcampo.com.uy\/site\/mercado-lanero-uruguayo-a-la-espera-de-la-reapertura-en-australia\/","url_meta":{"origin":16804,"position":1},"title":"Mercado lanero uruguayo a la espera de la reapertura en Australia","author":"La Hora del Campo","date":"1 agosto, 2019","format":false,"excerpt":"El mercado lanero interno en Uruguay retom\u00f3 las esquilas pre-parto esta semana luego de varios d\u00edas de inactividad debido al estado del tiempo, con precipitaciones en pr\u00e1cticamente todo el pa\u00eds. En la jornada de ayer el tiempo inestable en el norte llev\u00f3 a que muchos productores terminaran sus lotes en\u2026","rel":"","context":"En \u00abActualidad\u00bb","block_context":{"text":"Actualidad","link":"http:\/\/lahoradelcampo.com.uy\/site\/category\/actualidad\/"},"img":{"alt_text":"","src":"https:\/\/i0.wp.com\/lahoradelcampo.com.uy\/site\/wp-content\/uploads\/2017\/11\/lana-u.jpg?fit=880%2C440&resize=350%2C200","width":350,"height":200,"srcset":"https:\/\/i0.wp.com\/lahoradelcampo.com.uy\/site\/wp-content\/uploads\/2017\/11\/lana-u.jpg?fit=880%2C440&resize=350%2C200 1x, https:\/\/i0.wp.com\/lahoradelcampo.com.uy\/site\/wp-content\/uploads\/2017\/11\/lana-u.jpg?fit=880%2C440&resize=525%2C300 1.5x, https:\/\/i0.wp.com\/lahoradelcampo.com.uy\/site\/wp-content\/uploads\/2017\/11\/lana-u.jpg?fit=880%2C440&resize=700%2C400 2x"},"classes":[]},{"id":16904,"url":"http:\/\/lahoradelcampo.com.uy\/site\/en-uruguay-el-mercado-continua-retraido-con-negocios-puntuales\/","url_meta":{"origin":16804,"position":2},"title":"En Uruguay el mercado contin\u00faa retra\u00eddo, con negocios puntuales","author":"La Hora del Campo","date":"17 enero, 2020","format":false,"excerpt":"A nivel del mercado interno en Uruguay no se ha logrado a\u00fan captar el comienzo alcista del mercado lanero en Australia, con un sector productivo que contin\u00faa sin presionar a una demanda que tambi\u00e9n est\u00e1 a la espera de negocios en el exterior que permitan una escala de precios que\u2026","rel":"","context":"En \u00abActualidad\u00bb","block_context":{"text":"Actualidad","link":"http:\/\/lahoradelcampo.com.uy\/site\/category\/actualidad\/"},"img":{"alt_text":"","src":"https:\/\/i0.wp.com\/lahoradelcampo.com.uy\/site\/wp-content\/uploads\/2017\/09\/Lanas-a.jpg?fit=880%2C440&resize=350%2C200","width":350,"height":200,"srcset":"https:\/\/i0.wp.com\/lahoradelcampo.com.uy\/site\/wp-content\/uploads\/2017\/09\/Lanas-a.jpg?fit=880%2C440&resize=350%2C200 1x, https:\/\/i0.wp.com\/lahoradelcampo.com.uy\/site\/wp-content\/uploads\/2017\/09\/Lanas-a.jpg?fit=880%2C440&resize=525%2C300 1.5x, https:\/\/i0.wp.com\/lahoradelcampo.com.uy\/site\/wp-content\/uploads\/2017\/09\/Lanas-a.jpg?fit=880%2C440&resize=700%2C400 2x"},"classes":[]},{"id":15990,"url":"http:\/\/lahoradelcampo.com.uy\/site\/mercado-lanero-pocos-negocios-y-los-valores-lejos-de-las-expectativas\/","url_meta":{"origin":16804,"position":3},"title":"Mercado lanero: Pocos negocios y los valores lejos de las expectativas","author":"La Hora del Campo","date":"24 noviembre, 2019","format":false,"excerpt":"El mercado interno se movi\u00f3 lentamente en algunos negocios sobre el pasado fin de semana para luego volver a aquietarse. Como es tradicional al acercarse al cierre del a\u00f1o, algunos productores buscan vender su lana, sin embargo a\u00fan da la sensaci\u00f3n que lejos est\u00e1 de conformarse un mercado fluido en\u2026","rel":"","context":"En \u00abActualidad\u00bb","block_context":{"text":"Actualidad","link":"http:\/\/lahoradelcampo.com.uy\/site\/category\/actualidad\/"},"img":{"alt_text":"","src":"https:\/\/i0.wp.com\/lahoradelcampo.com.uy\/site\/wp-content\/uploads\/2017\/10\/Lanas-2.jpg?fit=880%2C440&resize=350%2C200","width":350,"height":200,"srcset":"https:\/\/i0.wp.com\/lahoradelcampo.com.uy\/site\/wp-content\/uploads\/2017\/10\/Lanas-2.jpg?fit=880%2C440&resize=350%2C200 1x, https:\/\/i0.wp.com\/lahoradelcampo.com.uy\/site\/wp-content\/uploads\/2017\/10\/Lanas-2.jpg?fit=880%2C440&resize=525%2C300 1.5x, https:\/\/i0.wp.com\/lahoradelcampo.com.uy\/site\/wp-content\/uploads\/2017\/10\/Lanas-2.jpg?fit=880%2C440&resize=700%2C400 2x"},"classes":[]},{"id":51281,"url":"http:\/\/lahoradelcampo.com.uy\/site\/el-mercado-lanero-uruguayo-continua-retraido-con-algunos-negocios-en-merino\/","url_meta":{"origin":16804,"position":4},"title":"El mercado lanero uruguayo contin\u00faa retra\u00eddo con algunos negocios en merino","author":"La Hora del Campo","date":"19 junio, 2023","format":false,"excerpt":"El mercado contin\u00faa retra\u00eddo, con algunos negocios puntuales que se van cerrando a medida que se logran encontrar las puntas entre la demanda y lo que procura el productor. Varios operadores y consignatarios laneros consultados al cierre de la semana, informaron un mercado tranquilo, sin movimientos, con precios y demanda\u2026","rel":"","context":"En \u00abActualidad\u00bb","block_context":{"text":"Actualidad","link":"http:\/\/lahoradelcampo.com.uy\/site\/category\/actualidad\/"},"img":{"alt_text":"","src":"https:\/\/i0.wp.com\/lahoradelcampo.com.uy\/site\/wp-content\/uploads\/2018\/03\/lanar-web.jpg?fit=880%2C440&resize=350%2C200","width":350,"height":200,"srcset":"https:\/\/i0.wp.com\/lahoradelcampo.com.uy\/site\/wp-content\/uploads\/2018\/03\/lanar-web.jpg?fit=880%2C440&resize=350%2C200 1x, https:\/\/i0.wp.com\/lahoradelcampo.com.uy\/site\/wp-content\/uploads\/2018\/03\/lanar-web.jpg?fit=880%2C440&resize=525%2C300 1.5x, https:\/\/i0.wp.com\/lahoradelcampo.com.uy\/site\/wp-content\/uploads\/2018\/03\/lanar-web.jpg?fit=880%2C440&resize=700%2C400 2x"},"classes":[]},{"id":15130,"url":"http:\/\/lahoradelcampo.com.uy\/site\/copiando-a-australia-el-mercado-interno-volvio-a-frenarse-en-los-negocios\/","url_meta":{"origin":16804,"position":5},"title":"Copiando a Australia, el mercado interno volvi\u00f3 a frenarse en los negocios","author":"La Hora del Campo ADMIN","date":"17 octubre, 2019","format":false,"excerpt":"El mercado lanero australiano no logra estabilizarse, registrando buenas jornadas de ventas en una semana y bajas a la siguiente, situaci\u00f3n que tambi\u00e9n tiene de reh\u00e9n a los productores uruguayos, debido a que sin una demanda segura de los negocios en el exterior y un mercado inestable en la principal\u2026","rel":"","context":"En \u00abActualidad\u00bb","block_context":{"text":"Actualidad","link":"http:\/\/lahoradelcampo.com.uy\/site\/category\/actualidad\/"},"img":{"alt_text":"","src":"https:\/\/i0.wp.com\/lahoradelcampo.com.uy\/site\/wp-content\/uploads\/2019\/10\/nuevo-proyecto-2-16582000231627624872..jpg?fit=800%2C440&resize=350%2C200","width":350,"height":200,"srcset":"https:\/\/i0.wp.com\/lahoradelcampo.com.uy\/site\/wp-content\/uploads\/2019\/10\/nuevo-proyecto-2-16582000231627624872..jpg?fit=800%2C440&resize=350%2C200 1x, https:\/\/i0.wp.com\/lahoradelcampo.com.uy\/site\/wp-content\/uploads\/2019\/10\/nuevo-proyecto-2-16582000231627624872..jpg?fit=800%2C440&resize=525%2C300 1.5x, https:\/\/i0.wp.com\/lahoradelcampo.com.uy\/site\/wp-content\/uploads\/2019\/10\/nuevo-proyecto-2-16582000231627624872..jpg?fit=800%2C440&resize=700%2C400 2x"},"classes":[]}],"jetpack_likes_enabled":true,"_links":{"self":[{"href":"http:\/\/lahoradelcampo.com.uy\/site\/wp-json\/wp\/v2\/posts\/16804","targetHints":{"allow":["GET"]}}],"collection":[{"href":"http:\/\/lahoradelcampo.com.uy\/site\/wp-json\/wp\/v2\/posts"}],"about":[{"href":"http:\/\/lahoradelcampo.com.uy\/site\/wp-json\/wp\/v2\/types\/post"}],"author":[{"embeddable":true,"href":"http:\/\/lahoradelcampo.com.uy\/site\/wp-json\/wp\/v2\/users\/5"}],"replies":[{"embeddable":true,"href":"http:\/\/lahoradelcampo.com.uy\/site\/wp-json\/wp\/v2\/comments?post=16804"}],"version-history":[{"count":1,"href":"http:\/\/lahoradelcampo.com.uy\/site\/wp-json\/wp\/v2\/posts\/16804\/revisions"}],"predecessor-version":[{"id":16806,"href":"http:\/\/lahoradelcampo.com.uy\/site\/wp-json\/wp\/v2\/posts\/16804\/revisions\/16806"}],"wp:featuredmedia":[{"embeddable":true,"href":"http:\/\/lahoradelcampo.com.uy\/site\/wp-json\/wp\/v2\/media\/3193"}],"wp:attachment":[{"href":"http:\/\/lahoradelcampo.com.uy\/site\/wp-json\/wp\/v2\/media?parent=16804"}],"wp:term":[{"taxonomy":"category","embeddable":true,"href":"http:\/\/lahoradelcampo.com.uy\/site\/wp-json\/wp\/v2\/categories?post=16804"},{"taxonomy":"post_tag","embeddable":true,"href":"http:\/\/lahoradelcampo.com.uy\/site\/wp-json\/wp\/v2\/tags?post=16804"}],"curies":[{"name":"wp","href":"https:\/\/api.w.org\/{rel}","templated":true}]}}