{"id":16800,"date":"2020-01-10T21:08:31","date_gmt":"2020-01-11T00:08:31","guid":{"rendered":"http:\/\/lahoradelcampo.com.uy\/site\/?p=16800"},"modified":"2020-01-10T21:08:40","modified_gmt":"2020-01-11T00:08:40","slug":"el-mercado-lanero-retoma-sus-ventas-en-australia","status":"publish","type":"post","link":"http:\/\/lahoradelcampo.com.uy\/site\/el-mercado-lanero-retoma-sus-ventas-en-australia\/","title":{"rendered":"El mercado lanero retoma sus ventas en Australia"},"content":{"rendered":"\n<figure class=\"wp-block-image\"><img data-recalc-dims=\"1\" loading=\"lazy\" decoding=\"async\" width=\"810\" height=\"405\" data-attachment-id=\"4367\" data-permalink=\"http:\/\/lahoradelcampo.com.uy\/site\/cierre-positivo-para-el-maiz-este-jueves-en-chicago\/lana-australia\/\" data-orig-file=\"https:\/\/i0.wp.com\/lahoradelcampo.com.uy\/site\/wp-content\/uploads\/2017\/12\/Lana-australia.jpg?fit=880%2C440\" data-orig-size=\"880,440\" data-comments-opened=\"1\" data-image-meta=\"{&quot;aperture&quot;:&quot;0&quot;,&quot;credit&quot;:&quot;Vicente-Manuel-Tort&quot;,&quot;camera&quot;:&quot;&quot;,&quot;caption&quot;:&quot;&quot;,&quot;created_timestamp&quot;:&quot;0&quot;,&quot;copyright&quot;:&quot;Presidencia de la Republica - Sec.Com.Inst.&quot;,&quot;focal_length&quot;:&quot;0&quot;,&quot;iso&quot;:&quot;0&quot;,&quot;shutter_speed&quot;:&quot;0&quot;,&quot;title&quot;:&quot;&quot;,&quot;orientation&quot;:&quot;1&quot;}\" data-image-title=\"Lana australia\" data-image-description=\"\" data-image-caption=\"\" data-large-file=\"https:\/\/i0.wp.com\/lahoradelcampo.com.uy\/site\/wp-content\/uploads\/2017\/12\/Lana-australia.jpg?fit=810%2C405\" src=\"https:\/\/i0.wp.com\/lahoradelcampo.com.uy\/site\/wp-content\/uploads\/2017\/12\/Lana-australia.jpg?resize=810%2C405\" alt=\"\" class=\"wp-image-4367\" srcset=\"https:\/\/i0.wp.com\/lahoradelcampo.com.uy\/site\/wp-content\/uploads\/2017\/12\/Lana-australia.jpg?w=880 880w, https:\/\/i0.wp.com\/lahoradelcampo.com.uy\/site\/wp-content\/uploads\/2017\/12\/Lana-australia.jpg?resize=300%2C150 300w, https:\/\/i0.wp.com\/lahoradelcampo.com.uy\/site\/wp-content\/uploads\/2017\/12\/Lana-australia.jpg?resize=768%2C384 768w, https:\/\/i0.wp.com\/lahoradelcampo.com.uy\/site\/wp-content\/uploads\/2017\/12\/Lana-australia.jpg?resize=820%2C410 820w\" sizes=\"auto, (max-width: 810px) 100vw, 810px\" \/><\/figure>\n\n\n\n<p>El mercado lanero australiano retomar\u00e1 sus actividades la pr\u00f3xima semana, con una oferta de 53.766 fardos que se distribuir\u00e1n en tres d\u00edas de actividad, de acuerdo a Australian Wool Exchange (AWEX) comenzando este martes 14 y hasta el jueves 16 en los tres centros de ventas.  La oferta prevista para las tres primeras semanas de ventas, est\u00e1n dentro de lo ofertado en promedio al retorno del receso en las \u00faltimas dos zafras anteriores. <br><\/p>\n\n\n\n<p>Las expectativas son de mejoras en las referencias de los distintos micronajes, principalmente en las lanas finas, luego de lo que representaron las dos \u00faltimas ventas de 2019 donde el Indicador de Mercados (IME) del Este recuper\u00f3 4,2%, a\u00fan con un indicador un 11% por debajo del comienzo de la zafra. Dicha recuperaci\u00f3n se dio luego de las noticias de un posible acuerdo en China y Estados Unidos a su guerra comercial que lleva m\u00e1s de a\u00f1o y medio. <br><\/p>\n\n\n\n<p>El mercado est\u00e1 a la espera de la firma de dicho acuerdo Fase I que se concretar\u00e1 el 15 de enero en suelo norteamericano. La r\u00fabrica de dicho documento se realizar\u00e1 por el presidente estadounidense, Donald Trump, y el Viceprimer Ministro de China, Liu He. A pesar de haberse anunciado dicha firma y la presencia del representante del gobierno chino en Washington entre el 13 y 15 de enero, a\u00fan no se conoce ninguna versi\u00f3n de dicho documento. <br><\/p>\n\n\n\n<p>En la venta del pasado 18 de diciembre de 2019, el IME cerr\u00f3 a US$ 10,66 por kilogramo base limpia. Recordemos que la zafra alcanz\u00f3 un valor m\u00e1ximo de US$ 12,22 en el mes de julio y un m\u00ednimo de US$ 9,10 en el mes de setiembre. En d\u00f3lares australianos el indicador cerr\u00f3 a A$ 15,55 en la \u00faltima venta de diciembre y se encuentra 9,3% por debajo del comienzo de la zafra. <\/p>\n","protected":false},"excerpt":{"rendered":"<p>El mercado lanero australiano retomar\u00e1 sus actividades la pr\u00f3xima semana, con una oferta de 53.766 fardos que se distribuir\u00e1n en tres d\u00edas de actividad, de acuerdo a Australian Wool Exchange [&hellip;]<\/p>\n","protected":false},"author":5,"featured_media":4367,"comment_status":"open","ping_status":"open","sticky":false,"template":"","format":"standard","meta":{"_price":"","_stock":"","_tribe_ticket_header":"","_tribe_default_ticket_provider":"","_tribe_ticket_capacity":"0","_ticket_start_date":"","_ticket_end_date":"","_tribe_ticket_show_description":"","_tribe_ticket_show_not_going":false,"_tribe_ticket_use_global_stock":"","_tribe_ticket_global_stock_level":"","_global_stock_mode":"","_global_stock_cap":"","_tribe_rsvp_for_event":"","_tribe_ticket_going_count":"","_tribe_ticket_not_going_count":"","_tribe_tickets_list":"[]","_tribe_ticket_has_attendee_info_fields":false,"h5ap_radio_sources":[],"_jetpack_newsletter_access":"","_jetpack_dont_email_post_to_subs":false,"_jetpack_newsletter_tier_id":0,"_jetpack_memberships_contains_paywalled_content":false,"_jetpack_memberships_contains_paid_content":false,"footnotes":""},"categories":[21,5],"tags":[],"class_list":["post-16800","post","type-post","status-publish","format-standard","has-post-thumbnail","hentry","category-actualidad","category-ganaderia"],"jetpack_featured_media_url":"https:\/\/i0.wp.com\/lahoradelcampo.com.uy\/site\/wp-content\/uploads\/2017\/12\/Lana-australia.jpg?fit=880%2C440","jetpack_sharing_enabled":true,"jetpack_shortlink":"https:\/\/wp.me\/p99IaT-4mY","jetpack-related-posts":[{"id":23846,"url":"http:\/\/lahoradelcampo.com.uy\/site\/semana-muy-positiva-para-el-mercado-lanero\/","url_meta":{"origin":16800,"position":0},"title":"Semana muy positiva para el mercado lanero","author":"La Hora del Campo","date":"19 septiembre, 2020","format":false,"excerpt":"El mercado lanero australiano cerr\u00f3 la segunda semana consecutiva al alza, con un Indicador de Mercados del Este que trep\u00f3 a los US$ 6,86 por kilogramo base limpia, subiendo 43 centavos tras los dos d\u00edas de ventas. Tras el piso de hace tres semanas atr\u00e1s, donde le indicador cotiz\u00f3 a\u2026","rel":"","context":"En \u00abActualidad\u00bb","block_context":{"text":"Actualidad","link":"http:\/\/lahoradelcampo.com.uy\/site\/category\/actualidad\/"},"img":{"alt_text":"","src":"https:\/\/i0.wp.com\/lahoradelcampo.com.uy\/site\/wp-content\/uploads\/2020\/05\/lana-1.jpg?fit=880%2C440&resize=350%2C200","width":350,"height":200,"srcset":"https:\/\/i0.wp.com\/lahoradelcampo.com.uy\/site\/wp-content\/uploads\/2020\/05\/lana-1.jpg?fit=880%2C440&resize=350%2C200 1x, https:\/\/i0.wp.com\/lahoradelcampo.com.uy\/site\/wp-content\/uploads\/2020\/05\/lana-1.jpg?fit=880%2C440&resize=525%2C300 1.5x, https:\/\/i0.wp.com\/lahoradelcampo.com.uy\/site\/wp-content\/uploads\/2020\/05\/lana-1.jpg?fit=880%2C440&resize=700%2C400 2x"},"classes":[]},{"id":6593,"url":"http:\/\/lahoradelcampo.com.uy\/site\/australia-confirmo-el-cambio-de-tendencia-al-alza-de-la-pasada-semana\/","url_meta":{"origin":16800,"position":1},"title":"Australia confirm\u00f3 el cambio de  tendencia al alza de la pasada semana","author":"La Hora del Campo","date":"20 abril, 2018","format":false,"excerpt":"La pasada semana el mercado lanero australiano insin\u00fao una leve mejora en los precios de la fibra que no permit\u00eda establecer un cambio en la tendencia, sin embargo en los dos remates registrados durante mi\u00e9rcoles y jueves se observ\u00f3 un fuerte incremento impulsado b\u00e1sicamente por la demanda y con muy\u2026","rel":"","context":"En \u00abActualidad\u00bb","block_context":{"text":"Actualidad","link":"http:\/\/lahoradelcampo.com.uy\/site\/category\/actualidad\/"},"img":{"alt_text":"","src":"https:\/\/i0.wp.com\/lahoradelcampo.com.uy\/site\/wp-content\/uploads\/2017\/11\/Lana.jpg?fit=880%2C440&resize=350%2C200","width":350,"height":200,"srcset":"https:\/\/i0.wp.com\/lahoradelcampo.com.uy\/site\/wp-content\/uploads\/2017\/11\/Lana.jpg?fit=880%2C440&resize=350%2C200 1x, https:\/\/i0.wp.com\/lahoradelcampo.com.uy\/site\/wp-content\/uploads\/2017\/11\/Lana.jpg?fit=880%2C440&resize=525%2C300 1.5x, https:\/\/i0.wp.com\/lahoradelcampo.com.uy\/site\/wp-content\/uploads\/2017\/11\/Lana.jpg?fit=880%2C440&resize=700%2C400 2x"},"classes":[]},{"id":29116,"url":"http:\/\/lahoradelcampo.com.uy\/site\/mercado-lanero-australiano-retorna-el-proximo-martes-con-54-062-fardos\/","url_meta":{"origin":16800,"position":2},"title":"Mercado lanero australiano retorna el pr\u00f3ximo martes con 54.062 fardos","author":"La Hora del Campo","date":"9 abril, 2021","format":false,"excerpt":"El mercado lanero australiano, luego se una semana de receso por las tradicionales celebraciones de las Pascuas, retomar\u00e1 la actividad d\u00e1ndole comienzo a las subastas del mes de abril en la pr\u00f3xima semana con una oferta prevista para dos d\u00edas de ventas (martes 13 y mi\u00e9rcoles 14 de abril) en\u2026","rel":"","context":"En \u00abActualidad\u00bb","block_context":{"text":"Actualidad","link":"http:\/\/lahoradelcampo.com.uy\/site\/category\/actualidad\/"},"img":{"alt_text":"","src":"https:\/\/i0.wp.com\/lahoradelcampo.com.uy\/site\/wp-content\/uploads\/2021\/04\/oferta-de-lana.jpg?fit=880%2C440&resize=350%2C200","width":350,"height":200,"srcset":"https:\/\/i0.wp.com\/lahoradelcampo.com.uy\/site\/wp-content\/uploads\/2021\/04\/oferta-de-lana.jpg?fit=880%2C440&resize=350%2C200 1x, https:\/\/i0.wp.com\/lahoradelcampo.com.uy\/site\/wp-content\/uploads\/2021\/04\/oferta-de-lana.jpg?fit=880%2C440&resize=525%2C300 1.5x, https:\/\/i0.wp.com\/lahoradelcampo.com.uy\/site\/wp-content\/uploads\/2021\/04\/oferta-de-lana.jpg?fit=880%2C440&resize=700%2C400 2x"},"classes":[]},{"id":23458,"url":"http:\/\/lahoradelcampo.com.uy\/site\/con-leve-repunte-del-mercado-lanero-australiano-el-ime-cerro-en-us-643\/","url_meta":{"origin":16800,"position":3},"title":"Con leve repunte del mercado lanero australiano, el IME cerr\u00f3 en US$ 6,43","author":"La Hora del Campo","date":"13 septiembre, 2020","format":false,"excerpt":"La segunda semana del mes de setiembre cort\u00f3 una seguidilla de ca\u00eddas consecutivas en el Indicador de Mercados del Este (IME), pero dej\u00f3 un sabor agridulce y no logr\u00f3 despejar la incertidumbre que se cierne sobre las ventas en general, ya que el \u00faltimo d\u00eda de ventas el mercado ajust\u00f3\u2026","rel":"","context":"En \u00abActualidad\u00bb","block_context":{"text":"Actualidad","link":"http:\/\/lahoradelcampo.com.uy\/site\/category\/actualidad\/"},"img":{"alt_text":"","src":"https:\/\/i0.wp.com\/lahoradelcampo.com.uy\/site\/wp-content\/uploads\/2020\/05\/lana-1.jpg?fit=880%2C440&resize=350%2C200","width":350,"height":200,"srcset":"https:\/\/i0.wp.com\/lahoradelcampo.com.uy\/site\/wp-content\/uploads\/2020\/05\/lana-1.jpg?fit=880%2C440&resize=350%2C200 1x, https:\/\/i0.wp.com\/lahoradelcampo.com.uy\/site\/wp-content\/uploads\/2020\/05\/lana-1.jpg?fit=880%2C440&resize=525%2C300 1.5x, https:\/\/i0.wp.com\/lahoradelcampo.com.uy\/site\/wp-content\/uploads\/2020\/05\/lana-1.jpg?fit=880%2C440&resize=700%2C400 2x"},"classes":[]},{"id":14281,"url":"http:\/\/lahoradelcampo.com.uy\/site\/el-ime-subio-us-125-en-las-ultimas-tres-jornadas-de-ventas\/","url_meta":{"origin":16800,"position":4},"title":"El IME subi\u00f3 US$ 1,25 en las \u00faltimas tres jornadas de ventas","author":"La Hora del Campo","date":"13 septiembre, 2019","format":false,"excerpt":"Sorprende la rapidez con la que Australia recupera los centavos perdidos en las \u00faltimas semanas en el Indicador de Mercados del Este. \"Todo lo que sube r\u00e1pido, suele bajar r\u00e1pido\" dec\u00eda un productor ayer en la Expo Prado, sin embargo lo mismo podr\u00eda decirse pero a la inversa. El Indicador\u2026","rel":"","context":"En \u00abActualidad\u00bb","block_context":{"text":"Actualidad","link":"http:\/\/lahoradelcampo.com.uy\/site\/category\/actualidad\/"},"img":{"alt_text":"","src":"https:\/\/i0.wp.com\/lahoradelcampo.com.uy\/site\/wp-content\/uploads\/2018\/03\/lana.jpg?fit=880%2C440&resize=350%2C200","width":350,"height":200,"srcset":"https:\/\/i0.wp.com\/lahoradelcampo.com.uy\/site\/wp-content\/uploads\/2018\/03\/lana.jpg?fit=880%2C440&resize=350%2C200 1x, https:\/\/i0.wp.com\/lahoradelcampo.com.uy\/site\/wp-content\/uploads\/2018\/03\/lana.jpg?fit=880%2C440&resize=525%2C300 1.5x, https:\/\/i0.wp.com\/lahoradelcampo.com.uy\/site\/wp-content\/uploads\/2018\/03\/lana.jpg?fit=880%2C440&resize=700%2C400 2x"},"classes":[]},{"id":4389,"url":"http:\/\/lahoradelcampo.com.uy\/site\/ime-quebro-la-tendencia-bajista\/","url_meta":{"origin":16800,"position":5},"title":"IME quebr\u00f3 la tendencia bajista","author":"La Hora del Campo","date":"1 diciembre, 2017","format":false,"excerpt":"En Australia esta semana, luego de un comienzo bajista durante las ventas en el centro de Melbourne el d\u00eda martes, el mercado quebr\u00f3 levemente la tendencia bajista que se ven\u00eda reflejando en la cotizaci\u00f3n del Indicador de Mercados del Este en las \u00faltimas semanas. En la jornada de ayer jueves\u2026","rel":"","context":"En \u00abGanader\u00eda\u00bb","block_context":{"text":"Ganader\u00eda","link":"http:\/\/lahoradelcampo.com.uy\/site\/category\/ganaderia\/"},"img":{"alt_text":"","src":"https:\/\/i0.wp.com\/lahoradelcampo.com.uy\/site\/wp-content\/uploads\/2017\/12\/Lana-australia.jpg?fit=880%2C440&resize=350%2C200","width":350,"height":200,"srcset":"https:\/\/i0.wp.com\/lahoradelcampo.com.uy\/site\/wp-content\/uploads\/2017\/12\/Lana-australia.jpg?fit=880%2C440&resize=350%2C200 1x, https:\/\/i0.wp.com\/lahoradelcampo.com.uy\/site\/wp-content\/uploads\/2017\/12\/Lana-australia.jpg?fit=880%2C440&resize=525%2C300 1.5x, https:\/\/i0.wp.com\/lahoradelcampo.com.uy\/site\/wp-content\/uploads\/2017\/12\/Lana-australia.jpg?fit=880%2C440&resize=700%2C400 2x"},"classes":[]}],"jetpack_likes_enabled":true,"_links":{"self":[{"href":"http:\/\/lahoradelcampo.com.uy\/site\/wp-json\/wp\/v2\/posts\/16800","targetHints":{"allow":["GET"]}}],"collection":[{"href":"http:\/\/lahoradelcampo.com.uy\/site\/wp-json\/wp\/v2\/posts"}],"about":[{"href":"http:\/\/lahoradelcampo.com.uy\/site\/wp-json\/wp\/v2\/types\/post"}],"author":[{"embeddable":true,"href":"http:\/\/lahoradelcampo.com.uy\/site\/wp-json\/wp\/v2\/users\/5"}],"replies":[{"embeddable":true,"href":"http:\/\/lahoradelcampo.com.uy\/site\/wp-json\/wp\/v2\/comments?post=16800"}],"version-history":[{"count":1,"href":"http:\/\/lahoradelcampo.com.uy\/site\/wp-json\/wp\/v2\/posts\/16800\/revisions"}],"predecessor-version":[{"id":16802,"href":"http:\/\/lahoradelcampo.com.uy\/site\/wp-json\/wp\/v2\/posts\/16800\/revisions\/16802"}],"wp:featuredmedia":[{"embeddable":true,"href":"http:\/\/lahoradelcampo.com.uy\/site\/wp-json\/wp\/v2\/media\/4367"}],"wp:attachment":[{"href":"http:\/\/lahoradelcampo.com.uy\/site\/wp-json\/wp\/v2\/media?parent=16800"}],"wp:term":[{"taxonomy":"category","embeddable":true,"href":"http:\/\/lahoradelcampo.com.uy\/site\/wp-json\/wp\/v2\/categories?post=16800"},{"taxonomy":"post_tag","embeddable":true,"href":"http:\/\/lahoradelcampo.com.uy\/site\/wp-json\/wp\/v2\/tags?post=16800"}],"curies":[{"name":"wp","href":"https:\/\/api.w.org\/{rel}","templated":true}]}}