{"id":16796,"date":"2020-01-10T21:06:03","date_gmt":"2020-01-11T00:06:03","guid":{"rendered":"http:\/\/lahoradelcampo.com.uy\/site\/?p=16796"},"modified":"2020-01-10T21:06:10","modified_gmt":"2020-01-11T00:06:10","slug":"la-farm-se-solidariza-con-los-productores-australianos","status":"publish","type":"post","link":"http:\/\/lahoradelcampo.com.uy\/site\/la-farm-se-solidariza-con-los-productores-australianos\/","title":{"rendered":"La FARM se solidariza con los productores australianos"},"content":{"rendered":"\n<p>La Federaci\u00f3n de Asociaciones Rurales del Mercosur (FARM) emiti\u00f3 un comunicado por medio del cual se solidariz\u00f3 con la situaci\u00f3n que est\u00e1n pasando los productores australianos y el pueblo en general por la ola de incendios en el pa\u00eds.<br><\/p>\n\n\n\n<p>Al mismo tiempo se comunica el envi\u00f3 de una carta al Presidente del Consejo de Ganados de Australia, Tony Hegarty, para dar a conocer dicha solidaridad. La misma es firmada por las diferentes gremiales del Mercosur integrantes de la Farm, entre las cuales se encuentran la Asociaci\u00f3n Rural del Uruguay (ARU) y la Federaci\u00f2n Rural del Uruguay (FR).<br><\/p>\n\n\n\n<p>Carta de la Farm<br><\/p>\n\n\n\n<p>La Federaci\u00f3n de Asociaciones Rurales del Mercosur (FARM), gremial supra nacional que re\u00fane a las principales gremiales de los pa\u00edses miembros, se solidariza con el pueblo australiano ante la cat\u00e1strofe ambiental generada por los incendios forestales. <br><\/p>\n\n\n\n<p>La FARM lamenta la p\u00e9rdida tanto de vidas humanas, como de los m\u00e1s de 500 millones de animales, hechos de los cuales tenemos informaci\u00f3n diaria, a trav\u00e9s de la prensa internacional. <br><\/p>\n\n\n\n<p>La FARM hace llegar su acompa\u00f1amiento a los ciudadanos australianos, y especialmente a todos los productores de ganados y agricultores nucleados en el Consejo de Ganados de Australia. <br><\/p>\n\n\n\n<p>Desde el continente americano les hacemos llegar nuestro fraternal apoyo, y hacemos votos para el fin de esta dif\u00edcil situaci\u00f3n y la pronta recuperaci\u00f3n de todo el pa\u00eds.<\/p>\n","protected":false},"excerpt":{"rendered":"<p>La Federaci\u00f3n de Asociaciones Rurales del Mercosur (FARM) emiti\u00f3 un comunicado por medio del cual se solidariz\u00f3 con la situaci\u00f3n que est\u00e1n pasando los productores australianos y el pueblo en [&hellip;]<\/p>\n","protected":false},"author":5,"featured_media":1757,"comment_status":"open","ping_status":"open","sticky":false,"template":"","format":"standard","meta":{"_price":"","_stock":"","_tribe_ticket_header":"","_tribe_default_ticket_provider":"","_tribe_ticket_capacity":"0","_ticket_start_date":"","_ticket_end_date":"","_tribe_ticket_show_description":"","_tribe_ticket_show_not_going":false,"_tribe_ticket_use_global_stock":"","_tribe_ticket_global_stock_level":"","_global_stock_mode":"","_global_stock_cap":"","_tribe_rsvp_for_event":"","_tribe_ticket_going_count":"","_tribe_ticket_not_going_count":"","_tribe_tickets_list":"[]","_tribe_ticket_has_attendee_info_fields":false,"h5ap_radio_sources":[],"_jetpack_newsletter_access":"","_jetpack_dont_email_post_to_subs":false,"_jetpack_newsletter_tier_id":0,"_jetpack_memberships_contains_paywalled_content":false,"_jetpack_memberships_contains_paid_content":false,"footnotes":""},"categories":[21],"tags":[],"class_list":["post-16796","post","type-post","status-publish","format-standard","has-post-thumbnail","hentry","category-actualidad"],"jetpack_featured_media_url":"https:\/\/i0.wp.com\/lahoradelcampo.com.uy\/site\/wp-content\/uploads\/2017\/09\/Acceso-a-tierras.jpg?fit=880%2C440","jetpack_sharing_enabled":true,"jetpack_shortlink":"https:\/\/wp.me\/p99IaT-4mU","jetpack-related-posts":[{"id":2393,"url":"http:\/\/lahoradelcampo.com.uy\/site\/gremiales-agropecuarias-sostienen-que-la-oferta-europea-es-escasa\/","url_meta":{"origin":16796,"position":0},"title":"Gremiales agropecuarias sostienen que la oferta europea es escasa","author":"La Hora del Campo","date":"9 octubre, 2017","format":false,"excerpt":"La Federaci\u00f3n de Asociaciones Rurales del Mercorsur (FARM), han emitido un comunicado respecto a la oferta realizada por los negociadores europeos para el ingreso de carne vacuna desde los pa\u00edses sudamericanos al bloque europeo. Las gremiales sostienen que la misma resulta escasa. El Mercosur esperaba alcanzar un 5% del consumo\u2026","rel":"","context":"En \u00abActualidad\u00bb","block_context":{"text":"Actualidad","link":"http:\/\/lahoradelcampo.com.uy\/site\/category\/actualidad\/"},"img":{"alt_text":"","src":"https:\/\/i0.wp.com\/lahoradelcampo.com.uy\/site\/wp-content\/uploads\/2017\/10\/UE-Mercosur.jpg?fit=880%2C440&resize=350%2C200","width":350,"height":200,"srcset":"https:\/\/i0.wp.com\/lahoradelcampo.com.uy\/site\/wp-content\/uploads\/2017\/10\/UE-Mercosur.jpg?fit=880%2C440&resize=350%2C200 1x, https:\/\/i0.wp.com\/lahoradelcampo.com.uy\/site\/wp-content\/uploads\/2017\/10\/UE-Mercosur.jpg?fit=880%2C440&resize=525%2C300 1.5x, https:\/\/i0.wp.com\/lahoradelcampo.com.uy\/site\/wp-content\/uploads\/2017\/10\/UE-Mercosur.jpg?fit=880%2C440&resize=700%2C400 2x"},"classes":[]},{"id":19242,"url":"http:\/\/lahoradelcampo.com.uy\/site\/farm-preocupada-por-el-anuncio-argentino-de-retirarse-del-mercosur\/","url_meta":{"origin":16796,"position":1},"title":"FARM preocupada por el anuncio argentino de retirarse del Mercosur","author":"La Hora del Campo","date":"28 abril, 2020","format":false,"excerpt":"Durante el fin de semana las gremiales rurales argentinas reclamaron al gobierno del vecino pa\u00eds \"seguir apostando al Mercosur\". Las gremiales reunidas en la Mesa de Enlace, se\u00f1alan en su comunicado que el acuerdo UE-Mercosur y las dem\u00e1s negociaciones que se llevan adelante, permiten una \"oportunidad insustituible de generar empleo,\u2026","rel":"","context":"En \u00abActualidad\u00bb","block_context":{"text":"Actualidad","link":"http:\/\/lahoradelcampo.com.uy\/site\/category\/actualidad\/"},"img":{"alt_text":"","src":"https:\/\/i0.wp.com\/lahoradelcampo.com.uy\/site\/wp-content\/uploads\/2020\/04\/Farm.jpg?fit=880%2C440&resize=350%2C200","width":350,"height":200,"srcset":"https:\/\/i0.wp.com\/lahoradelcampo.com.uy\/site\/wp-content\/uploads\/2020\/04\/Farm.jpg?fit=880%2C440&resize=350%2C200 1x, https:\/\/i0.wp.com\/lahoradelcampo.com.uy\/site\/wp-content\/uploads\/2020\/04\/Farm.jpg?fit=880%2C440&resize=525%2C300 1.5x, https:\/\/i0.wp.com\/lahoradelcampo.com.uy\/site\/wp-content\/uploads\/2020\/04\/Farm.jpg?fit=880%2C440&resize=700%2C400 2x"},"classes":[]},{"id":3417,"url":"http:\/\/lahoradelcampo.com.uy\/site\/la-farm-rechazo-las-trabas-de-brasil\/","url_meta":{"origin":16796,"position":2},"title":"La Farm rechazo las trabas de Brasil\u00a0","author":"La Hora del Campo ADMIN","date":"31 octubre, 2017","format":false,"excerpt":"A pedido de Uruguay se reuni\u00f3 en Montevideo la Federaci\u00f3n de Asociaciones Rurales del Mercosur para analizar dos temas relevantes para la regi\u00f3n. En primer lugar las negociaciones del Mercosur con la Uni\u00f3n Europea y en segundo lugar las trabas impuestas por Brasil a los productos l\u00e1cteos. La gremial reafirm\u00f3\u2026","rel":"","context":"En \u00abActualidad\u00bb","block_context":{"text":"Actualidad","link":"http:\/\/lahoradelcampo.com.uy\/site\/category\/actualidad\/"},"img":{"alt_text":"","src":"https:\/\/i0.wp.com\/lahoradelcampo.com.uy\/site\/wp-content\/uploads\/2017\/10\/Farm.jpg?fit=880%2C440&resize=350%2C200","width":350,"height":200,"srcset":"https:\/\/i0.wp.com\/lahoradelcampo.com.uy\/site\/wp-content\/uploads\/2017\/10\/Farm.jpg?fit=880%2C440&resize=350%2C200 1x, https:\/\/i0.wp.com\/lahoradelcampo.com.uy\/site\/wp-content\/uploads\/2017\/10\/Farm.jpg?fit=880%2C440&resize=525%2C300 1.5x, https:\/\/i0.wp.com\/lahoradelcampo.com.uy\/site\/wp-content\/uploads\/2017\/10\/Farm.jpg?fit=880%2C440&resize=700%2C400 2x"},"classes":[]},{"id":2031,"url":"http:\/\/lahoradelcampo.com.uy\/site\/la-carne-presente-en-el-acuerdo-mercosurue\/","url_meta":{"origin":16796,"position":3},"title":"La carne presente en el acuerdo Mercosur\/UE","author":"La Hora del Campo","date":"1 octubre, 2017","format":false,"excerpt":"Los productores ganaderos del Mercosur y sus gremiales se juegan cartas importantes, esta semana en la capital de Brasil, que podr\u00edan ser fundamentales para avanzar en la negociaci\u00f3n comercial entre el bloque y la Uni\u00f3n Europea (UE). Y m\u00e1s si se tiene en cuenta las filtraciones de las \u00faltimas horas.\u2026","rel":"","context":"En \u00abGanader\u00eda\u00bb","block_context":{"text":"Ganader\u00eda","link":"http:\/\/lahoradelcampo.com.uy\/site\/category\/ganaderia\/"},"img":{"alt_text":"","src":"https:\/\/i0.wp.com\/lahoradelcampo.com.uy\/site\/wp-content\/uploads\/2017\/10\/Carne-vacuna.jpg?fit=880%2C440&resize=350%2C200","width":350,"height":200,"srcset":"https:\/\/i0.wp.com\/lahoradelcampo.com.uy\/site\/wp-content\/uploads\/2017\/10\/Carne-vacuna.jpg?fit=880%2C440&resize=350%2C200 1x, https:\/\/i0.wp.com\/lahoradelcampo.com.uy\/site\/wp-content\/uploads\/2017\/10\/Carne-vacuna.jpg?fit=880%2C440&resize=525%2C300 1.5x, https:\/\/i0.wp.com\/lahoradelcampo.com.uy\/site\/wp-content\/uploads\/2017\/10\/Carne-vacuna.jpg?fit=880%2C440&resize=700%2C400 2x"},"classes":[]},{"id":55388,"url":"http:\/\/lahoradelcampo.com.uy\/site\/las-gremiales-del-agro-rechazan-paros-sorpresivos\/","url_meta":{"origin":16796,"position":4},"title":"Las gremiales del agro rechazan paros sorpresivos","author":"La Hora del Campo","date":"6 enero, 2025","format":false,"excerpt":"La Federaci\u00f3n de Obreros de la Industria Frigor\u00edfica (Foica) comenz\u00f3 al cierre del 2024, una serie de paros sorpresivos, que han dejado animales en los corrales de espera de los frigor\u00edficos, que ha determinado la indignaci\u00f3n por parte de las gremiales agropecuarias, y el exhort\u00f3 de las autoridades del Ministerio\u2026","rel":"","context":"En \u00abActualidad\u00bb","block_context":{"text":"Actualidad","link":"http:\/\/lahoradelcampo.com.uy\/site\/category\/actualidad\/"},"img":{"alt_text":"","src":"https:\/\/i0.wp.com\/lahoradelcampo.com.uy\/site\/wp-content\/uploads\/2024\/06\/faena-vacuna12.jpg?fit=880%2C440&resize=350%2C200","width":350,"height":200,"srcset":"https:\/\/i0.wp.com\/lahoradelcampo.com.uy\/site\/wp-content\/uploads\/2024\/06\/faena-vacuna12.jpg?fit=880%2C440&resize=350%2C200 1x, https:\/\/i0.wp.com\/lahoradelcampo.com.uy\/site\/wp-content\/uploads\/2024\/06\/faena-vacuna12.jpg?fit=880%2C440&resize=525%2C300 1.5x, https:\/\/i0.wp.com\/lahoradelcampo.com.uy\/site\/wp-content\/uploads\/2024\/06\/faena-vacuna12.jpg?fit=880%2C440&resize=700%2C400 2x"},"classes":[]},{"id":12549,"url":"http:\/\/lahoradelcampo.com.uy\/site\/ante-la-inflexibilidad-del-ministro-de-trabajo-las-gremiales-se-retiraron-de-los-consejos-de-salarios\/","url_meta":{"origin":16796,"position":5},"title":"Ante la inflexibilidad del Ministro de Trabajo, las gremiales se retiraron de los consejos de Salarios","author":"La Hora del Campo","date":"10 julio, 2019","format":false,"excerpt":"Las gremiales agropecuarias representativas de los productores incluidos en el grupo 22 de los Consejos de Salarios, volvieron a retirarse por tercer a\u00f1o consecutivo de las negociaciones. A diferencia de las instancias anteriores, la Asociaci\u00f3n de Cultivadores de Arroz, la Asociaci\u00f3n Nacional de Productores de Leche, la Asociaci\u00f3n Rural del\u2026","rel":"","context":"En \u00abActualidad\u00bb","block_context":{"text":"Actualidad","link":"http:\/\/lahoradelcampo.com.uy\/site\/category\/actualidad\/"},"img":{"alt_text":"","src":"https:\/\/i0.wp.com\/lahoradelcampo.com.uy\/site\/wp-content\/uploads\/2019\/07\/murro.jpg?fit=880%2C440&resize=350%2C200","width":350,"height":200,"srcset":"https:\/\/i0.wp.com\/lahoradelcampo.com.uy\/site\/wp-content\/uploads\/2019\/07\/murro.jpg?fit=880%2C440&resize=350%2C200 1x, https:\/\/i0.wp.com\/lahoradelcampo.com.uy\/site\/wp-content\/uploads\/2019\/07\/murro.jpg?fit=880%2C440&resize=525%2C300 1.5x, https:\/\/i0.wp.com\/lahoradelcampo.com.uy\/site\/wp-content\/uploads\/2019\/07\/murro.jpg?fit=880%2C440&resize=700%2C400 2x"},"classes":[]}],"jetpack_likes_enabled":true,"_links":{"self":[{"href":"http:\/\/lahoradelcampo.com.uy\/site\/wp-json\/wp\/v2\/posts\/16796","targetHints":{"allow":["GET"]}}],"collection":[{"href":"http:\/\/lahoradelcampo.com.uy\/site\/wp-json\/wp\/v2\/posts"}],"about":[{"href":"http:\/\/lahoradelcampo.com.uy\/site\/wp-json\/wp\/v2\/types\/post"}],"author":[{"embeddable":true,"href":"http:\/\/lahoradelcampo.com.uy\/site\/wp-json\/wp\/v2\/users\/5"}],"replies":[{"embeddable":true,"href":"http:\/\/lahoradelcampo.com.uy\/site\/wp-json\/wp\/v2\/comments?post=16796"}],"version-history":[{"count":1,"href":"http:\/\/lahoradelcampo.com.uy\/site\/wp-json\/wp\/v2\/posts\/16796\/revisions"}],"predecessor-version":[{"id":16798,"href":"http:\/\/lahoradelcampo.com.uy\/site\/wp-json\/wp\/v2\/posts\/16796\/revisions\/16798"}],"wp:featuredmedia":[{"embeddable":true,"href":"http:\/\/lahoradelcampo.com.uy\/site\/wp-json\/wp\/v2\/media\/1757"}],"wp:attachment":[{"href":"http:\/\/lahoradelcampo.com.uy\/site\/wp-json\/wp\/v2\/media?parent=16796"}],"wp:term":[{"taxonomy":"category","embeddable":true,"href":"http:\/\/lahoradelcampo.com.uy\/site\/wp-json\/wp\/v2\/categories?post=16796"},{"taxonomy":"post_tag","embeddable":true,"href":"http:\/\/lahoradelcampo.com.uy\/site\/wp-json\/wp\/v2\/tags?post=16796"}],"curies":[{"name":"wp","href":"https:\/\/api.w.org\/{rel}","templated":true}]}}