{"id":16748,"date":"2020-01-07T06:10:02","date_gmt":"2020-01-07T09:10:02","guid":{"rendered":"http:\/\/lahoradelcampo.com.uy\/site\/?p=16748"},"modified":"2020-01-06T14:10:14","modified_gmt":"2020-01-06T17:10:14","slug":"ovejeros-alcanzaron-us-398-en-el-operativo-corderos-de-clu","status":"publish","type":"post","link":"http:\/\/lahoradelcampo.com.uy\/site\/ovejeros-alcanzaron-us-398-en-el-operativo-corderos-de-clu\/","title":{"rendered":"Ovejeros alcanzaron US$ 3,98 en el operativo corderos de CLU"},"content":{"rendered":"\n<figure class=\"wp-block-image\"><img data-recalc-dims=\"1\" loading=\"lazy\" decoding=\"async\" width=\"810\" height=\"405\" data-attachment-id=\"9601\" data-permalink=\"http:\/\/lahoradelcampo.com.uy\/site\/central-lanera-lanzo-su-operativo-corderos-2019-un-sobreprecio-asegurado-para-corderos-de-compartimentos\/corderos-clu\/\" data-orig-file=\"https:\/\/i0.wp.com\/lahoradelcampo.com.uy\/site\/wp-content\/uploads\/2019\/04\/Corderos-CLU.jpg?fit=880%2C440\" data-orig-size=\"880,440\" data-comments-opened=\"1\" data-image-meta=\"{&quot;aperture&quot;:&quot;0&quot;,&quot;credit&quot;:&quot;&quot;,&quot;camera&quot;:&quot;&quot;,&quot;caption&quot;:&quot;&quot;,&quot;created_timestamp&quot;:&quot;0&quot;,&quot;copyright&quot;:&quot;&quot;,&quot;focal_length&quot;:&quot;0&quot;,&quot;iso&quot;:&quot;0&quot;,&quot;shutter_speed&quot;:&quot;0&quot;,&quot;title&quot;:&quot;&quot;,&quot;orientation&quot;:&quot;1&quot;}\" data-image-title=\"Corderos CLU\" data-image-description=\"\" data-image-caption=\"\" data-large-file=\"https:\/\/i0.wp.com\/lahoradelcampo.com.uy\/site\/wp-content\/uploads\/2019\/04\/Corderos-CLU.jpg?fit=810%2C405\" src=\"https:\/\/i0.wp.com\/lahoradelcampo.com.uy\/site\/wp-content\/uploads\/2019\/04\/Corderos-CLU.jpg?resize=810%2C405\" alt=\"\" class=\"wp-image-9601\" srcset=\"https:\/\/i0.wp.com\/lahoradelcampo.com.uy\/site\/wp-content\/uploads\/2019\/04\/Corderos-CLU.jpg?w=880 880w, https:\/\/i0.wp.com\/lahoradelcampo.com.uy\/site\/wp-content\/uploads\/2019\/04\/Corderos-CLU.jpg?resize=300%2C150 300w, https:\/\/i0.wp.com\/lahoradelcampo.com.uy\/site\/wp-content\/uploads\/2019\/04\/Corderos-CLU.jpg?resize=768%2C384 768w, https:\/\/i0.wp.com\/lahoradelcampo.com.uy\/site\/wp-content\/uploads\/2019\/04\/Corderos-CLU.jpg?resize=820%2C410 820w\" sizes=\"auto, (max-width: 810px) 100vw, 810px\" \/><\/figure>\n\n\n\n<p>El pasado 23 de diciembre, Central Lanera Uruguaya (CLU), realiz\u00f3 el cierre del operativo Corderos Pesados 2019, alcanzando valores de punta de US$ 3,98 para aquellos productores que cumplieron con todos los puntos planteados en el acuerdo con la cooperativa. <\/p>\n\n\n\n<p>El operativo el a\u00f1o pasado comenz\u00f3 con un precio base de US$ 3,80 por kilogramo, a lo que se fueron sumando los beneficios y sobreprecios para cada uno de los productores. <\/p>\n\n\n\n<p>De esta manera se logr\u00f3 captar un promedio de US$ 3,95 para los corderos faenados en el mes de octubre y US$ 3,85 para el resto de las mejores carcasas, donde se incluye los cinco centavos de sobreprecio por cumplimiento e inscripci\u00f3n temprana. <\/p>\n\n\n\n<p>La cooperativa comunic\u00f3 adem\u00e1s que para este operativo, se realiz\u00f3 una compensaci\u00f3n a los productores que no hicieron uso de los adelantos otorgados, de 3 centavos por kilogramo, lo que permiti\u00f3 que algunos productores lograran hasta 18 centavos de beneficios, por lo que el precio promedio alcanzado fue de US$ 3,98. <\/p>\n\n\n\n<p>Las autoridades de Central Lanera Uruguaya expresaron su satisfacci\u00f3n con los precios alcanzados y conformidad con el sobreprecio de 10 centavos pago por los corderos faenados en el mes de octubre, ya que se logr\u00f3 el objetivo de adelantar faenas y descomprimir el mes de noviembre. <\/p>\n\n\n\n<p>En lo local los precios se comportaron al alza durante pr\u00e1cticamente todo el a\u00f1o, hasta los primeros d\u00edas de diciembre , donde t\u00edmidamente comenzaron a descender. China y Brasil participaron muy activamente durante este 2019, invirti\u00e9ndose la participaci\u00f3n, liderando esta vez China con un 52% y Brasil con un 32% constituy\u00e9ndose en los principales mercados para la carne ovina. <\/p>\n\n\n\n<p>Desde la cooperativa se inform\u00f3 que se pagar\u00e1n todos los corderos informados y sellados a precio promedio faenados en diciembre, lo que es un elemento de gran importancia en momentos donde los precios evolucionan a la baja. <\/p>\n\n\n\n<p>El 2019 cierra con la consolidaci\u00f3n de nuevos mercados, EEUU con hueso , lo que contribuy\u00f3 a la consolidaci\u00f3n y mejora de los precios mediante la herramienta de compartimentos de bioseguridad. La Central aspira a crecer en 2020 sumando productores al Operativo Ovinos de la cooperativa, entendiendo que es un muy buen negocio para los productores que participan. <\/p>\n\n\n\n<p>En los pr\u00f3ximos meses se estar\u00e1 realizando el lanzamiento del Operativo Ovinos 2020, junto con los valores de los adelantos y dem\u00e1s condiciones comerciales.  <\/p>\n","protected":false},"excerpt":{"rendered":"<p>El pasado 23 de diciembre, Central Lanera Uruguaya (CLU), realiz\u00f3 el cierre del operativo Corderos Pesados 2019, alcanzando valores de punta de US$ 3,98 para aquellos productores que cumplieron con [&hellip;]<\/p>\n","protected":false},"author":5,"featured_media":9601,"comment_status":"open","ping_status":"open","sticky":false,"template":"","format":"standard","meta":{"_price":"","_stock":"","_tribe_ticket_header":"","_tribe_default_ticket_provider":"","_tribe_ticket_capacity":"0","_ticket_start_date":"","_ticket_end_date":"","_tribe_ticket_show_description":"","_tribe_ticket_show_not_going":false,"_tribe_ticket_use_global_stock":"","_tribe_ticket_global_stock_level":"","_global_stock_mode":"","_global_stock_cap":"","_tribe_rsvp_for_event":"","_tribe_ticket_going_count":"","_tribe_ticket_not_going_count":"","_tribe_tickets_list":"[]","_tribe_ticket_has_attendee_info_fields":false,"h5ap_radio_sources":[],"_jetpack_newsletter_access":"","_jetpack_dont_email_post_to_subs":false,"_jetpack_newsletter_tier_id":0,"_jetpack_memberships_contains_paywalled_content":false,"_jetpack_memberships_contains_paid_content":false,"footnotes":""},"categories":[21,5],"tags":[],"class_list":["post-16748","post","type-post","status-publish","format-standard","has-post-thumbnail","hentry","category-actualidad","category-ganaderia"],"jetpack_featured_media_url":"https:\/\/i0.wp.com\/lahoradelcampo.com.uy\/site\/wp-content\/uploads\/2019\/04\/Corderos-CLU.jpg?fit=880%2C440","jetpack_sharing_enabled":true,"jetpack_shortlink":"https:\/\/wp.me\/p99IaT-4m8","jetpack-related-posts":[{"id":5207,"url":"http:\/\/lahoradelcampo.com.uy\/site\/clu-realizo-ayer-el-cierre-del-operativo-ovinos-2017\/","url_meta":{"origin":16748,"position":0},"title":"CLU realiz\u00f3 ayer el cierre del Operativo Ovinos 2017","author":"La Hora del Campo","date":"28 diciembre, 2017","format":false,"excerpt":"Central Lanera Uruguaya (CLU) realiz\u00f3 ayer el cierre del Operativo Corderos Pesados 2017, fijando los precios definitivos y pagando a unos 330 productores de todo el pa\u00eds que embarcaron animales entre agosto y los primeros d\u00edas de diciembre. Los productores remitentes de corderos pesados a trav\u00e9s del sistema cooperativo recibieron\u2026","rel":"","context":"En \u00abActualidad\u00bb","block_context":{"text":"Actualidad","link":"http:\/\/lahoradelcampo.com.uy\/site\/category\/actualidad\/"},"img":{"alt_text":"","src":"https:\/\/i0.wp.com\/lahoradelcampo.com.uy\/site\/wp-content\/uploads\/2017\/12\/CLU.jpg?fit=880%2C440&resize=350%2C200","width":350,"height":200,"srcset":"https:\/\/i0.wp.com\/lahoradelcampo.com.uy\/site\/wp-content\/uploads\/2017\/12\/CLU.jpg?fit=880%2C440&resize=350%2C200 1x, https:\/\/i0.wp.com\/lahoradelcampo.com.uy\/site\/wp-content\/uploads\/2017\/12\/CLU.jpg?fit=880%2C440&resize=525%2C300 1.5x, https:\/\/i0.wp.com\/lahoradelcampo.com.uy\/site\/wp-content\/uploads\/2017\/12\/CLU.jpg?fit=880%2C440&resize=700%2C400 2x"},"classes":[]},{"id":37773,"url":"http:\/\/lahoradelcampo.com.uy\/site\/clu-liquida-a-hoy-el-operativo-cordero-pesado-con-un-maximo-de-us-465\/","url_meta":{"origin":16748,"position":1},"title":"CLU liquida el Operativo Cordero Pesado con un m\u00e1ximo de US$ 4,65","author":"La Hora del Campo","date":"22 diciembre, 2021","format":false,"excerpt":"Hoy, mi\u00e9rcoles 22 de diciembre, Central Lanera Uruguaya est\u00e1 realizando el cierre del Operativo Ovinos 2021, pagando a 450 productores de todo el pa\u00eds que embarcaron animales entre agosto y diciembre. Los productores remitentes de corderos pesados a trav\u00e9s del sistema cooperativo recibieron pagos a cuenta del precio promedio final\u2026","rel":"","context":"En \u00abActualidad\u00bb","block_context":{"text":"Actualidad","link":"http:\/\/lahoradelcampo.com.uy\/site\/category\/actualidad\/"},"img":{"alt_text":"","src":"https:\/\/i0.wp.com\/lahoradelcampo.com.uy\/site\/wp-content\/uploads\/2019\/04\/Corderos-CLU.jpg?fit=880%2C440&resize=350%2C200","width":350,"height":200,"srcset":"https:\/\/i0.wp.com\/lahoradelcampo.com.uy\/site\/wp-content\/uploads\/2019\/04\/Corderos-CLU.jpg?fit=880%2C440&resize=350%2C200 1x, https:\/\/i0.wp.com\/lahoradelcampo.com.uy\/site\/wp-content\/uploads\/2019\/04\/Corderos-CLU.jpg?fit=880%2C440&resize=525%2C300 1.5x, https:\/\/i0.wp.com\/lahoradelcampo.com.uy\/site\/wp-content\/uploads\/2019\/04\/Corderos-CLU.jpg?fit=880%2C440&resize=700%2C400 2x"},"classes":[]},{"id":38461,"url":"http:\/\/lahoradelcampo.com.uy\/site\/clu-lanzo-el-operativo-ovinos-2022-con-base-de-us-400-hasta-marzo\/","url_meta":{"origin":16748,"position":2},"title":"CLU lanz\u00f3 el operativo ovinos 2022, con base de US$ 4,00 hasta marzo","author":"La Hora del Campo","date":"21 enero, 2022","format":false,"excerpt":"La cooperativa Central Lanera Uruguaya en este 2022 cumple 26 a\u00f1os del Operativo Ovinos. Luego del incremento en el volumen de corderos faenados el a\u00f1o pasado, se lanza una nueva campa\u00f1a con sus particulares beneficios y certezas que brinda en la faena. La actual campa\u00f1a de inscripciones comenz\u00f3 en la\u2026","rel":"","context":"En \u00abActualidad\u00bb","block_context":{"text":"Actualidad","link":"http:\/\/lahoradelcampo.com.uy\/site\/category\/actualidad\/"},"img":{"alt_text":"","src":"https:\/\/i0.wp.com\/lahoradelcampo.com.uy\/site\/wp-content\/uploads\/2022\/01\/CLU-corderos.jpg?fit=880%2C440&resize=350%2C200","width":350,"height":200,"srcset":"https:\/\/i0.wp.com\/lahoradelcampo.com.uy\/site\/wp-content\/uploads\/2022\/01\/CLU-corderos.jpg?fit=880%2C440&resize=350%2C200 1x, https:\/\/i0.wp.com\/lahoradelcampo.com.uy\/site\/wp-content\/uploads\/2022\/01\/CLU-corderos.jpg?fit=880%2C440&resize=525%2C300 1.5x, https:\/\/i0.wp.com\/lahoradelcampo.com.uy\/site\/wp-content\/uploads\/2022\/01\/CLU-corderos.jpg?fit=880%2C440&resize=700%2C400 2x"},"classes":[]},{"id":17872,"url":"http:\/\/lahoradelcampo.com.uy\/site\/base-de-us-330-por-kilo-en-la-primera-etapa-del-operativo-cordero-pesado\/","url_meta":{"origin":16748,"position":3},"title":"Base de US$ 3,30 por kilo en la primera etapa del Operativo Cordero Pesado","author":"La Hora del Campo","date":"10 marzo, 2020","format":false,"excerpt":"Central Lanera Uruguaya (CLU) ha puesto en marcha el Operativo Cordero Pesado 2020, que al igual que el a\u00f1o pasado tendr\u00e1 tres per\u00edodos de precios: dos puntuales y uno a promedio. El acuerdo fue alcanzado, con las dos plantas frigor\u00edficas con las que ha venido trabajando la cooperativa. Juan Paperan,\u2026","rel":"","context":"En \u00abActualidad\u00bb","block_context":{"text":"Actualidad","link":"http:\/\/lahoradelcampo.com.uy\/site\/category\/actualidad\/"},"img":{"alt_text":"","src":"https:\/\/i0.wp.com\/lahoradelcampo.com.uy\/site\/wp-content\/uploads\/2020\/03\/papera.jpg?fit=880%2C440&resize=350%2C200","width":350,"height":200,"srcset":"https:\/\/i0.wp.com\/lahoradelcampo.com.uy\/site\/wp-content\/uploads\/2020\/03\/papera.jpg?fit=880%2C440&resize=350%2C200 1x, https:\/\/i0.wp.com\/lahoradelcampo.com.uy\/site\/wp-content\/uploads\/2020\/03\/papera.jpg?fit=880%2C440&resize=525%2C300 1.5x, https:\/\/i0.wp.com\/lahoradelcampo.com.uy\/site\/wp-content\/uploads\/2020\/03\/papera.jpg?fit=880%2C440&resize=700%2C400 2x"},"classes":[]},{"id":26410,"url":"http:\/\/lahoradelcampo.com.uy\/site\/clu-cerro-el-operativo-ovinos-alcanzando-maximos-de-us-340\/","url_meta":{"origin":16748,"position":4},"title":"CLU cerr\u00f3 el operativo ovinos alcanzando m\u00e1ximos de US$ 3,40","author":"La Hora del Campo","date":"29 diciembre, 2020","format":false,"excerpt":"La Cooperativa Central Lanera Uruguaya (CLU) cerr\u00f3 su operativo ovinos 2020, con la liquidaci\u00f3n a 450 productores que embarcaron sus corderos entre agosto y los primeros d\u00edas de diciembre de este a\u00f1o, alcanz\u00e1ndose valores de punta de US$ 3,40 para las mejores carcasas y con todos los beneficios. El operativo,\u2026","rel":"","context":"En \u00abActualidad\u00bb","block_context":{"text":"Actualidad","link":"http:\/\/lahoradelcampo.com.uy\/site\/category\/actualidad\/"},"img":{"alt_text":"","src":"https:\/\/i0.wp.com\/lahoradelcampo.com.uy\/site\/wp-content\/uploads\/2019\/04\/Corderos-CLU.jpg?fit=880%2C440&resize=350%2C200","width":350,"height":200,"srcset":"https:\/\/i0.wp.com\/lahoradelcampo.com.uy\/site\/wp-content\/uploads\/2019\/04\/Corderos-CLU.jpg?fit=880%2C440&resize=350%2C200 1x, https:\/\/i0.wp.com\/lahoradelcampo.com.uy\/site\/wp-content\/uploads\/2019\/04\/Corderos-CLU.jpg?fit=880%2C440&resize=525%2C300 1.5x, https:\/\/i0.wp.com\/lahoradelcampo.com.uy\/site\/wp-content\/uploads\/2019\/04\/Corderos-CLU.jpg?fit=880%2C440&resize=700%2C400 2x"},"classes":[]},{"id":9599,"url":"http:\/\/lahoradelcampo.com.uy\/site\/central-lanera-lanzo-su-operativo-corderos-2019-un-sobreprecio-asegurado-para-corderos-de-compartimentos\/","url_meta":{"origin":16748,"position":5},"title":"Central Lanera lanz\u00f3 su operativo corderos 2019 un sobreprecio asegurado para corderos de compartimentos","author":"La Hora del Campo","date":"5 abril, 2019","format":false,"excerpt":"La cooperativa Central Lanera Uruguaya lanz\u00f3 su operativo de corderos 2019, con una mayor apertura hacia todos los productores. \u201cNo s\u00f3lo los productores ganaderos pueden aprovechar las ventajas del operativo, sino, quienes tengan pasturas de calidad y est\u00e9n evaluando alternativas de uso, tanto en puentes verdes como en campos que\u2026","rel":"","context":"En \u00abActualidad\u00bb","block_context":{"text":"Actualidad","link":"http:\/\/lahoradelcampo.com.uy\/site\/category\/actualidad\/"},"img":{"alt_text":"","src":"https:\/\/i0.wp.com\/lahoradelcampo.com.uy\/site\/wp-content\/uploads\/2019\/04\/Corderos-CLU.jpg?fit=880%2C440&resize=350%2C200","width":350,"height":200,"srcset":"https:\/\/i0.wp.com\/lahoradelcampo.com.uy\/site\/wp-content\/uploads\/2019\/04\/Corderos-CLU.jpg?fit=880%2C440&resize=350%2C200 1x, https:\/\/i0.wp.com\/lahoradelcampo.com.uy\/site\/wp-content\/uploads\/2019\/04\/Corderos-CLU.jpg?fit=880%2C440&resize=525%2C300 1.5x, https:\/\/i0.wp.com\/lahoradelcampo.com.uy\/site\/wp-content\/uploads\/2019\/04\/Corderos-CLU.jpg?fit=880%2C440&resize=700%2C400 2x"},"classes":[]}],"jetpack_likes_enabled":true,"_links":{"self":[{"href":"http:\/\/lahoradelcampo.com.uy\/site\/wp-json\/wp\/v2\/posts\/16748","targetHints":{"allow":["GET"]}}],"collection":[{"href":"http:\/\/lahoradelcampo.com.uy\/site\/wp-json\/wp\/v2\/posts"}],"about":[{"href":"http:\/\/lahoradelcampo.com.uy\/site\/wp-json\/wp\/v2\/types\/post"}],"author":[{"embeddable":true,"href":"http:\/\/lahoradelcampo.com.uy\/site\/wp-json\/wp\/v2\/users\/5"}],"replies":[{"embeddable":true,"href":"http:\/\/lahoradelcampo.com.uy\/site\/wp-json\/wp\/v2\/comments?post=16748"}],"version-history":[{"count":1,"href":"http:\/\/lahoradelcampo.com.uy\/site\/wp-json\/wp\/v2\/posts\/16748\/revisions"}],"predecessor-version":[{"id":16750,"href":"http:\/\/lahoradelcampo.com.uy\/site\/wp-json\/wp\/v2\/posts\/16748\/revisions\/16750"}],"wp:featuredmedia":[{"embeddable":true,"href":"http:\/\/lahoradelcampo.com.uy\/site\/wp-json\/wp\/v2\/media\/9601"}],"wp:attachment":[{"href":"http:\/\/lahoradelcampo.com.uy\/site\/wp-json\/wp\/v2\/media?parent=16748"}],"wp:term":[{"taxonomy":"category","embeddable":true,"href":"http:\/\/lahoradelcampo.com.uy\/site\/wp-json\/wp\/v2\/categories?post=16748"},{"taxonomy":"post_tag","embeddable":true,"href":"http:\/\/lahoradelcampo.com.uy\/site\/wp-json\/wp\/v2\/tags?post=16748"}],"curies":[{"name":"wp","href":"https:\/\/api.w.org\/{rel}","templated":true}]}}