{"id":16742,"date":"2020-01-06T15:47:29","date_gmt":"2020-01-06T18:47:29","guid":{"rendered":"http:\/\/lahoradelcampo.com.uy\/site\/?p=16742"},"modified":"2020-01-06T13:57:13","modified_gmt":"2020-01-06T16:57:13","slug":"soja-brasil-alcanzara-un-record-de-produccion","status":"publish","type":"post","link":"http:\/\/lahoradelcampo.com.uy\/site\/soja-brasil-alcanzara-un-record-de-produccion\/","title":{"rendered":"Soja: Brasil alcanzar\u00e1 un r\u00e9cord de producci\u00f3n"},"content":{"rendered":"\n<figure class=\"wp-block-image\"><img data-recalc-dims=\"1\" loading=\"lazy\" decoding=\"async\" width=\"810\" height=\"405\" data-attachment-id=\"5135\" data-permalink=\"http:\/\/lahoradelcampo.com.uy\/site\/costos-en-suba-y-el-clima-son-factores-determinantes-para-la-zafra-arrocera\/soja-12\/\" data-orig-file=\"https:\/\/i0.wp.com\/lahoradelcampo.com.uy\/site\/wp-content\/uploads\/2017\/12\/Soja-2.jpg?fit=880%2C440\" data-orig-size=\"880,440\" data-comments-opened=\"1\" data-image-meta=\"{&quot;aperture&quot;:&quot;0&quot;,&quot;credit&quot;:&quot;Vicente-Manuel-Tort&quot;,&quot;camera&quot;:&quot;&quot;,&quot;caption&quot;:&quot;&quot;,&quot;created_timestamp&quot;:&quot;0&quot;,&quot;copyright&quot;:&quot;Presidencia de la Republica - Sec.Com.Inst.&quot;,&quot;focal_length&quot;:&quot;0&quot;,&quot;iso&quot;:&quot;0&quot;,&quot;shutter_speed&quot;:&quot;0&quot;,&quot;title&quot;:&quot;&quot;,&quot;orientation&quot;:&quot;1&quot;}\" data-image-title=\"Soja\" data-image-description=\"\" data-image-caption=\"\" data-large-file=\"https:\/\/i0.wp.com\/lahoradelcampo.com.uy\/site\/wp-content\/uploads\/2017\/12\/Soja-2.jpg?fit=810%2C405\" src=\"https:\/\/i0.wp.com\/lahoradelcampo.com.uy\/site\/wp-content\/uploads\/2017\/12\/Soja-2.jpg?resize=810%2C405\" alt=\"\" class=\"wp-image-5135\" srcset=\"https:\/\/i0.wp.com\/lahoradelcampo.com.uy\/site\/wp-content\/uploads\/2017\/12\/Soja-2.jpg?w=880 880w, https:\/\/i0.wp.com\/lahoradelcampo.com.uy\/site\/wp-content\/uploads\/2017\/12\/Soja-2.jpg?resize=300%2C150 300w, https:\/\/i0.wp.com\/lahoradelcampo.com.uy\/site\/wp-content\/uploads\/2017\/12\/Soja-2.jpg?resize=768%2C384 768w, https:\/\/i0.wp.com\/lahoradelcampo.com.uy\/site\/wp-content\/uploads\/2017\/12\/Soja-2.jpg?resize=820%2C410 820w\" sizes=\"auto, (max-width: 810px) 100vw, 810px\" \/><\/figure>\n\n\n\n<p>La Compa\u00f1\u00eda Nacional\nde Abastecimiento (CONAB) estima que Brasil alcanzar\u00e1 un total de 120,86\nmillones de toneladas de soja, lo que se convertir\u00eda en un r\u00e9cord de producci\u00f3n\npara el vecino pa\u00eds norte\u00f1o. <\/p>\n\n\n\n<p>La zafra 2019\/2020\nsin embargo comenz\u00f3 con retraso en las siembras, debido a la incidencia del\nclima, pero en octubre se lograron acelerar y el retorno de las lluvias con\nmayor intensidad favoreci\u00f3 el desarrollo de los cultivos, generando\nexpectativas de una alta productividad, de acuerdo a los t\u00e9cnicos del Centro de\nEconom\u00eda Aplicada de San Pablo (Cepea). <\/p>\n\n\n\n<p>Para los analistas,\nel nuevo r\u00e9cord que alcanzar\u00e1 la producci\u00f3n de la oleaginosa en esta zafra,\ndeber\u00e1 exigir a Brasil, mayores demandas internas y especialmente externas,\npara que los vol\u00famenes producidos no afecten significativamente los valores del\ngrano. <\/p>\n\n\n\n<p>Al cierre del\npasado viernes, el Indicador Esalq\/BM&amp;FBovespa, en el puerto de Paranagu\u00e1 cotiz\u00f3\na US$ 21,94 por bolsa de 60 kilos, subiendo cinco centavos. Por su parte en el\nestado de Paran\u00e1, el valor de la oleaginosa se posiciona en US$ 20,48 por\nbolsa. <\/p>\n","protected":false},"excerpt":{"rendered":"<p>La Compa\u00f1\u00eda Nacional de Abastecimiento (CONAB) estima que Brasil alcanzar\u00e1 un total de 120,86 millones de toneladas de soja, lo que se convertir\u00eda en un r\u00e9cord de producci\u00f3n para el [&hellip;]<\/p>\n","protected":false},"author":5,"featured_media":5135,"comment_status":"open","ping_status":"open","sticky":false,"template":"","format":"standard","meta":{"_price":"","_stock":"","_tribe_ticket_header":"","_tribe_default_ticket_provider":"","_tribe_ticket_capacity":"0","_ticket_start_date":"","_ticket_end_date":"","_tribe_ticket_show_description":"","_tribe_ticket_show_not_going":false,"_tribe_ticket_use_global_stock":"","_tribe_ticket_global_stock_level":"","_global_stock_mode":"","_global_stock_cap":"","_tribe_rsvp_for_event":"","_tribe_ticket_going_count":"","_tribe_ticket_not_going_count":"","_tribe_tickets_list":"[]","_tribe_ticket_has_attendee_info_fields":false,"h5ap_radio_sources":[],"_jetpack_newsletter_access":"","_jetpack_dont_email_post_to_subs":false,"_jetpack_newsletter_tier_id":0,"_jetpack_memberships_contains_paywalled_content":false,"_jetpack_memberships_contains_paid_content":false,"footnotes":""},"categories":[21,7],"tags":[],"class_list":["post-16742","post","type-post","status-publish","format-standard","has-post-thumbnail","hentry","category-actualidad","category-agricultura"],"jetpack_featured_media_url":"https:\/\/i0.wp.com\/lahoradelcampo.com.uy\/site\/wp-content\/uploads\/2017\/12\/Soja-2.jpg?fit=880%2C440","jetpack_sharing_enabled":true,"jetpack_shortlink":"https:\/\/wp.me\/p99IaT-4m2","jetpack-related-posts":[{"id":44999,"url":"http:\/\/lahoradelcampo.com.uy\/site\/conab-anuncio-produccion-record-de-granos-para-la-zafra-22-23\/","url_meta":{"origin":16742,"position":0},"title":"CONAB anunci\u00f3 producci\u00f3n r\u00e9cord de granos para la zafra 22-23","author":"La Hora del Campo","date":"26 agosto, 2022","format":false,"excerpt":"Las primeras proyecciones de producci\u00f3n de granos para la zafra 2022\/23 apuntan a una cosecha de 308 millones de toneladas en Brasil. Seg\u00fan datos difundidos este mi\u00e9rcoles, en Brasilia, por la Compa\u00f1\u00eda Nacional de Abastecimiento (Conab), el resultado es impulsado principalmente por el buen desempe\u00f1o de los mercados de ma\u00edz,\u2026","rel":"","context":"En \u00abActualidad\u00bb","block_context":{"text":"Actualidad","link":"http:\/\/lahoradelcampo.com.uy\/site\/category\/actualidad\/"},"img":{"alt_text":"","src":"https:\/\/i0.wp.com\/lahoradelcampo.com.uy\/site\/wp-content\/uploads\/2022\/08\/CONAB.jpg?fit=880%2C440&resize=350%2C200","width":350,"height":200,"srcset":"https:\/\/i0.wp.com\/lahoradelcampo.com.uy\/site\/wp-content\/uploads\/2022\/08\/CONAB.jpg?fit=880%2C440&resize=350%2C200 1x, https:\/\/i0.wp.com\/lahoradelcampo.com.uy\/site\/wp-content\/uploads\/2022\/08\/CONAB.jpg?fit=880%2C440&resize=525%2C300 1.5x, https:\/\/i0.wp.com\/lahoradelcampo.com.uy\/site\/wp-content\/uploads\/2022\/08\/CONAB.jpg?fit=880%2C440&resize=700%2C400 2x"},"classes":[]},{"id":23262,"url":"http:\/\/lahoradelcampo.com.uy\/site\/cosecha-de-maiz-impulsa-la-produccion-mundial-de-cereales\/","url_meta":{"origin":16742,"position":1},"title":"Cosecha de ma\u00edz impulsa la producci\u00f3n mundial de cereales","author":"La Hora del Campo","date":"5 septiembre, 2020","format":false,"excerpt":"La mayor cosecha de ma\u00edz de la historia es una de las razones por las que el Consejo Internacional de Granos (IGC) prev\u00e9 una producci\u00f3n total r\u00e9cord de cereales en 2020-21. Seg\u00fan el an\u00e1lisis del mercado de granos realizado por la instituci\u00f3n y publicada el 27 de agosto, la producci\u00f3n\u2026","rel":"","context":"En \u00abActualidad\u00bb","block_context":{"text":"Actualidad","link":"http:\/\/lahoradelcampo.com.uy\/site\/category\/actualidad\/"},"img":{"alt_text":"","src":"https:\/\/i0.wp.com\/lahoradelcampo.com.uy\/site\/wp-content\/uploads\/2020\/07\/Maizweb.jpg?fit=880%2C440&resize=350%2C200","width":350,"height":200,"srcset":"https:\/\/i0.wp.com\/lahoradelcampo.com.uy\/site\/wp-content\/uploads\/2020\/07\/Maizweb.jpg?fit=880%2C440&resize=350%2C200 1x, https:\/\/i0.wp.com\/lahoradelcampo.com.uy\/site\/wp-content\/uploads\/2020\/07\/Maizweb.jpg?fit=880%2C440&resize=525%2C300 1.5x, https:\/\/i0.wp.com\/lahoradelcampo.com.uy\/site\/wp-content\/uploads\/2020\/07\/Maizweb.jpg?fit=880%2C440&resize=700%2C400 2x"},"classes":[]},{"id":29894,"url":"http:\/\/lahoradelcampo.com.uy\/site\/el-icg-proyecta-los-stocks-de-arroz-2020-21-en-173-millones-de-toneladas\/","url_meta":{"origin":16742,"position":2},"title":"El ICG proyecta los stocks de arroz 2020\/21 en 173 millones de toneladas","author":"La Hora del Campo","date":"11 mayo, 2021","format":false,"excerpt":"De acuerdo al Consejo Internacional de Cereales (ICG), con la mejora proyectada para las producciones principalmente en el continente asi\u00e1tico, para la actual zafra 2020\/21 la producci\u00f3n mundial de arroz alcanzar\u00e1 una cifra r\u00e9cord, con existencias mundiales de 173 millones de toneladas, valor que supone un leve descenso interanual debido\u2026","rel":"","context":"En \u00abActualidad\u00bb","block_context":{"text":"Actualidad","link":"http:\/\/lahoradelcampo.com.uy\/site\/category\/actualidad\/"},"img":{"alt_text":"","src":"https:\/\/i0.wp.com\/lahoradelcampo.com.uy\/site\/wp-content\/uploads\/2019\/05\/arroz-3.jpg?fit=880%2C440&resize=350%2C200","width":350,"height":200,"srcset":"https:\/\/i0.wp.com\/lahoradelcampo.com.uy\/site\/wp-content\/uploads\/2019\/05\/arroz-3.jpg?fit=880%2C440&resize=350%2C200 1x, https:\/\/i0.wp.com\/lahoradelcampo.com.uy\/site\/wp-content\/uploads\/2019\/05\/arroz-3.jpg?fit=880%2C440&resize=525%2C300 1.5x, https:\/\/i0.wp.com\/lahoradelcampo.com.uy\/site\/wp-content\/uploads\/2019\/05\/arroz-3.jpg?fit=880%2C440&resize=700%2C400 2x"},"classes":[]},{"id":34509,"url":"http:\/\/lahoradelcampo.com.uy\/site\/soja-avanza-la-cosecha-en-eeuu-e-inicia-la-siembra-en-brasil\/","url_meta":{"origin":16742,"position":3},"title":"Soja: Avanza la cosecha en EEUU e inicia  la siembra  en Brasil","author":"La Hora del Campo","date":"22 septiembre, 2021","format":false,"excerpt":"Chicago cerr\u00f3 con recuperaci\u00f3n en los valores de la soja, en sus contratos a futuro, con subas que van desde US$ 4,32 a US$ 3,95 en los negocios hasta julio del a\u00f1o que viene. Los contratos de noviembre est\u00e1n situados en US$ 468,12 y los de julio de 2022 en\u2026","rel":"","context":"En \u00abActualidad\u00bb","block_context":{"text":"Actualidad","link":"http:\/\/lahoradelcampo.com.uy\/site\/category\/actualidad\/"},"img":{"alt_text":"","src":"https:\/\/i0.wp.com\/lahoradelcampo.com.uy\/site\/wp-content\/uploads\/2018\/05\/Soja.jpg?fit=880%2C440&resize=350%2C200","width":350,"height":200,"srcset":"https:\/\/i0.wp.com\/lahoradelcampo.com.uy\/site\/wp-content\/uploads\/2018\/05\/Soja.jpg?fit=880%2C440&resize=350%2C200 1x, https:\/\/i0.wp.com\/lahoradelcampo.com.uy\/site\/wp-content\/uploads\/2018\/05\/Soja.jpg?fit=880%2C440&resize=525%2C300 1.5x, https:\/\/i0.wp.com\/lahoradelcampo.com.uy\/site\/wp-content\/uploads\/2018\/05\/Soja.jpg?fit=880%2C440&resize=700%2C400 2x"},"classes":[]},{"id":47147,"url":"http:\/\/lahoradelcampo.com.uy\/site\/brasil-tendra-la-mayor-zafra-de-soja-de-la-historia\/","url_meta":{"origin":16742,"position":4},"title":"Brasil tendr\u00e1 la mayor zafra de soja de la historia","author":"La Hora del Campo","date":"22 noviembre, 2022","format":false,"excerpt":"La siembra de la nueva zafra de soja Brasil indica que podr\u00e1 ser la mayor zafra de la historia. De acuerdo a la consultora Safras & Mercado, el \u00e1rea estimada se posiciona en 43,74 millones de hect\u00e1reas, un 3,7% sobre el \u00e1rea sembrada en la zafra 2021-22. De acuerdo a\u2026","rel":"","context":"En \u00abActualidad\u00bb","block_context":{"text":"Actualidad","link":"http:\/\/lahoradelcampo.com.uy\/site\/category\/actualidad\/"},"img":{"alt_text":"","src":"https:\/\/i0.wp.com\/lahoradelcampo.com.uy\/site\/wp-content\/uploads\/2019\/08\/Sojaa.jpg?fit=880%2C440&resize=350%2C200","width":350,"height":200,"srcset":"https:\/\/i0.wp.com\/lahoradelcampo.com.uy\/site\/wp-content\/uploads\/2019\/08\/Sojaa.jpg?fit=880%2C440&resize=350%2C200 1x, https:\/\/i0.wp.com\/lahoradelcampo.com.uy\/site\/wp-content\/uploads\/2019\/08\/Sojaa.jpg?fit=880%2C440&resize=525%2C300 1.5x, https:\/\/i0.wp.com\/lahoradelcampo.com.uy\/site\/wp-content\/uploads\/2019\/08\/Sojaa.jpg?fit=880%2C440&resize=700%2C400 2x"},"classes":[]},{"id":3491,"url":"http:\/\/lahoradelcampo.com.uy\/site\/intl-fcstone-preve-caida-en-maiz-y-soja-en-brasil\/","url_meta":{"origin":16742,"position":5},"title":"INTL FCStone prev\u00e9 ca\u00edda en ma\u00edz y soja en Brasil","author":"La Hora del Campo","date":"2 noviembre, 2017","format":false,"excerpt":"Dado el comienzo de siembra de soja y ma\u00edz en Brasil, factores como el clima verificado en las principales regiones productoras durante las \u00faltimas semanas ya muestran se\u00f1ales de que la zafra 2017-2018 ser\u00e1 menor que el ciclo anterior, cuando las condiciones se mostraron excepcionales para la siembra y cosecha.\u2026","rel":"","context":"En \u00abAgricultura\u00bb","block_context":{"text":"Agricultura","link":"http:\/\/lahoradelcampo.com.uy\/site\/category\/agricultura\/"},"img":{"alt_text":"","src":"https:\/\/i0.wp.com\/lahoradelcampo.com.uy\/site\/wp-content\/uploads\/2017\/11\/Soja-brasil.jpg?fit=880%2C440&resize=350%2C200","width":350,"height":200,"srcset":"https:\/\/i0.wp.com\/lahoradelcampo.com.uy\/site\/wp-content\/uploads\/2017\/11\/Soja-brasil.jpg?fit=880%2C440&resize=350%2C200 1x, https:\/\/i0.wp.com\/lahoradelcampo.com.uy\/site\/wp-content\/uploads\/2017\/11\/Soja-brasil.jpg?fit=880%2C440&resize=525%2C300 1.5x, https:\/\/i0.wp.com\/lahoradelcampo.com.uy\/site\/wp-content\/uploads\/2017\/11\/Soja-brasil.jpg?fit=880%2C440&resize=700%2C400 2x"},"classes":[]}],"jetpack_likes_enabled":true,"_links":{"self":[{"href":"http:\/\/lahoradelcampo.com.uy\/site\/wp-json\/wp\/v2\/posts\/16742","targetHints":{"allow":["GET"]}}],"collection":[{"href":"http:\/\/lahoradelcampo.com.uy\/site\/wp-json\/wp\/v2\/posts"}],"about":[{"href":"http:\/\/lahoradelcampo.com.uy\/site\/wp-json\/wp\/v2\/types\/post"}],"author":[{"embeddable":true,"href":"http:\/\/lahoradelcampo.com.uy\/site\/wp-json\/wp\/v2\/users\/5"}],"replies":[{"embeddable":true,"href":"http:\/\/lahoradelcampo.com.uy\/site\/wp-json\/wp\/v2\/comments?post=16742"}],"version-history":[{"count":1,"href":"http:\/\/lahoradelcampo.com.uy\/site\/wp-json\/wp\/v2\/posts\/16742\/revisions"}],"predecessor-version":[{"id":16744,"href":"http:\/\/lahoradelcampo.com.uy\/site\/wp-json\/wp\/v2\/posts\/16742\/revisions\/16744"}],"wp:featuredmedia":[{"embeddable":true,"href":"http:\/\/lahoradelcampo.com.uy\/site\/wp-json\/wp\/v2\/media\/5135"}],"wp:attachment":[{"href":"http:\/\/lahoradelcampo.com.uy\/site\/wp-json\/wp\/v2\/media?parent=16742"}],"wp:term":[{"taxonomy":"category","embeddable":true,"href":"http:\/\/lahoradelcampo.com.uy\/site\/wp-json\/wp\/v2\/categories?post=16742"},{"taxonomy":"post_tag","embeddable":true,"href":"http:\/\/lahoradelcampo.com.uy\/site\/wp-json\/wp\/v2\/tags?post=16742"}],"curies":[{"name":"wp","href":"https:\/\/api.w.org\/{rel}","templated":true}]}}