{"id":16738,"date":"2020-01-06T13:47:01","date_gmt":"2020-01-06T16:47:01","guid":{"rendered":"http:\/\/lahoradelcampo.com.uy\/site\/?p=16738"},"modified":"2020-01-06T13:47:09","modified_gmt":"2020-01-06T16:47:09","slug":"los-precios-del-maiz-deben-mantenerse-en-brasil-durante-2020","status":"publish","type":"post","link":"http:\/\/lahoradelcampo.com.uy\/site\/los-precios-del-maiz-deben-mantenerse-en-brasil-durante-2020\/","title":{"rendered":"Los precios del ma\u00edz deben mantenerse en Brasil durante 2020"},"content":{"rendered":"\n<figure class=\"wp-block-image\"><img data-recalc-dims=\"1\" loading=\"lazy\" decoding=\"async\" width=\"810\" height=\"405\" data-attachment-id=\"3463\" data-permalink=\"http:\/\/lahoradelcampo.com.uy\/site\/cultivos-de-verano-recuperaron-posicion-en-chicago\/maiz\/\" data-orig-file=\"https:\/\/i0.wp.com\/lahoradelcampo.com.uy\/site\/wp-content\/uploads\/2017\/11\/Maiz.jpg?fit=880%2C440\" data-orig-size=\"880,440\" data-comments-opened=\"1\" data-image-meta=\"{&quot;aperture&quot;:&quot;0&quot;,&quot;credit&quot;:&quot;Vicente-Manuel-Tort&quot;,&quot;camera&quot;:&quot;&quot;,&quot;caption&quot;:&quot;&quot;,&quot;created_timestamp&quot;:&quot;0&quot;,&quot;copyright&quot;:&quot;Presidencia de la Republica - Sec.Com.Inst.&quot;,&quot;focal_length&quot;:&quot;0&quot;,&quot;iso&quot;:&quot;0&quot;,&quot;shutter_speed&quot;:&quot;0&quot;,&quot;title&quot;:&quot;&quot;,&quot;orientation&quot;:&quot;1&quot;}\" data-image-title=\"Maiz\" data-image-description=\"\" data-image-caption=\"\" data-large-file=\"https:\/\/i0.wp.com\/lahoradelcampo.com.uy\/site\/wp-content\/uploads\/2017\/11\/Maiz.jpg?fit=810%2C405\" src=\"https:\/\/i0.wp.com\/lahoradelcampo.com.uy\/site\/wp-content\/uploads\/2017\/11\/Maiz.jpg?resize=810%2C405\" alt=\"\" class=\"wp-image-3463\" srcset=\"https:\/\/i0.wp.com\/lahoradelcampo.com.uy\/site\/wp-content\/uploads\/2017\/11\/Maiz.jpg?w=880 880w, https:\/\/i0.wp.com\/lahoradelcampo.com.uy\/site\/wp-content\/uploads\/2017\/11\/Maiz.jpg?resize=300%2C150 300w, https:\/\/i0.wp.com\/lahoradelcampo.com.uy\/site\/wp-content\/uploads\/2017\/11\/Maiz.jpg?resize=768%2C384 768w, https:\/\/i0.wp.com\/lahoradelcampo.com.uy\/site\/wp-content\/uploads\/2017\/11\/Maiz.jpg?resize=820%2C410 820w\" sizes=\"auto, (max-width: 810px) 100vw, 810px\" \/><\/figure>\n\n\n\n<p>La zafra 2019\/2020,\ndeber\u00eda comenzar con una disponibilidad restringida del cereal, en un escenario\nde aumento en el consumo interno de Brasil, al mismo tiempo se espera que el\nverano mantenga la l\u00ednea de lo ocurrido en 2019, lo cual permitir\u00eda no tener cambios\ninternos importantes durante el primer semestre del a\u00f1o. <\/p>\n\n\n\n<p>Los investigadores\ndel Centro de Estudios en Econom\u00eda Aplicada de la Universidad de San Pablo\n(CEPEA) indican que existen factores que sostienen los precios en el corto\nplazo y que tienden a estimular la siembra para la segunda cosecha, por lo que\nse espera un aumento de la oferta para la segunda mitad. <\/p>\n\n\n\n<p>El fuerte\nincremento de los precios internos en el \u00faltimo trimestre de 2019, alent\u00f3 a los\nproductores a aumentar el \u00e1rea de siembra de primera del cereal. Adem\u00e1s existi\u00f3\npara esta zafra, hasta el momento, una mejora en las relaciones de intercambio\ninsumo-producto en las principales regiones productoras. <\/p>\n\n\n\n<p>De acuerdo a CEPEA,\nel Indicador de Ma\u00edz Esalq\/BM&amp;FBovespa, cerr\u00f3 en US$ 12,07 el pasado\nviernes, registrando una suba de 3 centavos al cierre de la semana. Mientras\nque en el municipio de Campinas, en el estado de San Pablo, la referencia es de\nUS$ 11,86 por bolsa de 60 kilos. <\/p>\n","protected":false},"excerpt":{"rendered":"<p>La zafra 2019\/2020, deber\u00eda comenzar con una disponibilidad restringida del cereal, en un escenario de aumento en el consumo interno de Brasil, al mismo tiempo se espera que el verano [&hellip;]<\/p>\n","protected":false},"author":5,"featured_media":3463,"comment_status":"open","ping_status":"open","sticky":false,"template":"","format":"standard","meta":{"_price":"","_stock":"","_tribe_ticket_header":"","_tribe_default_ticket_provider":"","_tribe_ticket_capacity":"0","_ticket_start_date":"","_ticket_end_date":"","_tribe_ticket_show_description":"","_tribe_ticket_show_not_going":false,"_tribe_ticket_use_global_stock":"","_tribe_ticket_global_stock_level":"","_global_stock_mode":"","_global_stock_cap":"","_tribe_rsvp_for_event":"","_tribe_ticket_going_count":"","_tribe_ticket_not_going_count":"","_tribe_tickets_list":"[]","_tribe_ticket_has_attendee_info_fields":false,"h5ap_radio_sources":[],"_jetpack_newsletter_access":"","_jetpack_dont_email_post_to_subs":false,"_jetpack_newsletter_tier_id":0,"_jetpack_memberships_contains_paywalled_content":false,"_jetpack_memberships_contains_paid_content":false,"footnotes":""},"categories":[21,7],"tags":[],"class_list":["post-16738","post","type-post","status-publish","format-standard","has-post-thumbnail","hentry","category-actualidad","category-agricultura"],"jetpack_featured_media_url":"https:\/\/i0.wp.com\/lahoradelcampo.com.uy\/site\/wp-content\/uploads\/2017\/11\/Maiz.jpg?fit=880%2C440","jetpack_sharing_enabled":true,"jetpack_shortlink":"https:\/\/wp.me\/p99IaT-4lY","jetpack-related-posts":[{"id":47813,"url":"http:\/\/lahoradelcampo.com.uy\/site\/exportaciones-impulsaron-el-precio-del-arroz-en-brasil-durante-2022\/","url_meta":{"origin":16738,"position":0},"title":"Exportaciones impulsaron el precio del arroz en Brasil durante 2022","author":"La Hora del Campo","date":"3 enero, 2023","format":false,"excerpt":"De acuerdo al Centro de Estudios Avanzados en Econom\u00eda Aplicada de la Universidad de San Pablo (CEPEA), el crecimiento de las exportaciones de arroz de Brasil, gener\u00f3 subas en el mercado interno durante el 2022, un a\u00f1o que comenz\u00f3 con preocupaciones respecto a los altos stocks internos y el escenario\u2026","rel":"","context":"En \u00abActualidad\u00bb","block_context":{"text":"Actualidad","link":"http:\/\/lahoradelcampo.com.uy\/site\/category\/actualidad\/"},"img":{"alt_text":"","src":"https:\/\/i0.wp.com\/lahoradelcampo.com.uy\/site\/wp-content\/uploads\/2022\/05\/arroz-planta.jpg?fit=880%2C440&resize=350%2C200","width":350,"height":200,"srcset":"https:\/\/i0.wp.com\/lahoradelcampo.com.uy\/site\/wp-content\/uploads\/2022\/05\/arroz-planta.jpg?fit=880%2C440&resize=350%2C200 1x, https:\/\/i0.wp.com\/lahoradelcampo.com.uy\/site\/wp-content\/uploads\/2022\/05\/arroz-planta.jpg?fit=880%2C440&resize=525%2C300 1.5x, https:\/\/i0.wp.com\/lahoradelcampo.com.uy\/site\/wp-content\/uploads\/2022\/05\/arroz-planta.jpg?fit=880%2C440&resize=700%2C400 2x"},"classes":[]},{"id":16616,"url":"http:\/\/lahoradelcampo.com.uy\/site\/2020-sera-un-ano-de-aumento-de-precios-para-la-leche\/","url_meta":{"origin":16738,"position":1},"title":"2020 ser\u00e1 un a\u00f1o de aumento de precios para la leche","author":"La Hora del Campo","date":"27 diciembre, 2019","format":false,"excerpt":"Al finalizar el cuarto trimestre del a\u00f1o, RaboResearch de Rabobank analiza el desempe\u00f1o mundial de los l\u00e1cteos en 2019 y 2020. La producci\u00f3n y los precios de la leche han aumentado, lo que plantea desaf\u00edos para los productores. Los precios de la leche y los productos l\u00e1cteos est\u00e1n aumentando y\u2026","rel":"","context":"En \u00abActualidad\u00bb","block_context":{"text":"Actualidad","link":"http:\/\/lahoradelcampo.com.uy\/site\/category\/actualidad\/"},"img":{"alt_text":"","src":"https:\/\/i0.wp.com\/lahoradelcampo.com.uy\/site\/wp-content\/uploads\/2017\/10\/Lecheria.jpg?fit=880%2C440&resize=350%2C200","width":350,"height":200,"srcset":"https:\/\/i0.wp.com\/lahoradelcampo.com.uy\/site\/wp-content\/uploads\/2017\/10\/Lecheria.jpg?fit=880%2C440&resize=350%2C200 1x, https:\/\/i0.wp.com\/lahoradelcampo.com.uy\/site\/wp-content\/uploads\/2017\/10\/Lecheria.jpg?fit=880%2C440&resize=525%2C300 1.5x, https:\/\/i0.wp.com\/lahoradelcampo.com.uy\/site\/wp-content\/uploads\/2017\/10\/Lecheria.jpg?fit=880%2C440&resize=700%2C400 2x"},"classes":[]},{"id":49502,"url":"http:\/\/lahoradelcampo.com.uy\/site\/precios-del-arroz-se-afirman-en-brasil-a-pesar-del-avance-de-la-cosecha\/","url_meta":{"origin":16738,"position":2},"title":"Precios del arroz se afirman en Brasil, a pesar del avance de la cosecha","author":"La Hora del Campo","date":"27 marzo, 2023","format":false,"excerpt":"El mercado interno de arroz en Brasil se mantiene con precios firmes a pesar del avance de la cosecha, seg\u00fan un informe de la consultora Safras & Mercado. El analista y consultor Evandro Oliveira destac\u00f3 que el final de las ventas sigue distante debido a la espera de mejores condiciones\u2026","rel":"","context":"En \u00abActualidad\u00bb","block_context":{"text":"Actualidad","link":"http:\/\/lahoradelcampo.com.uy\/site\/category\/actualidad\/"},"img":{"alt_text":"","src":"https:\/\/i0.wp.com\/lahoradelcampo.com.uy\/site\/wp-content\/uploads\/2018\/04\/Arroz.jpg?fit=880%2C440&resize=350%2C200","width":350,"height":200,"srcset":"https:\/\/i0.wp.com\/lahoradelcampo.com.uy\/site\/wp-content\/uploads\/2018\/04\/Arroz.jpg?fit=880%2C440&resize=350%2C200 1x, https:\/\/i0.wp.com\/lahoradelcampo.com.uy\/site\/wp-content\/uploads\/2018\/04\/Arroz.jpg?fit=880%2C440&resize=525%2C300 1.5x, https:\/\/i0.wp.com\/lahoradelcampo.com.uy\/site\/wp-content\/uploads\/2018\/04\/Arroz.jpg?fit=880%2C440&resize=700%2C400 2x"},"classes":[]},{"id":26450,"url":"http:\/\/lahoradelcampo.com.uy\/site\/brasil-registro-produccion-y-precios-record-para-el-maiz\/","url_meta":{"origin":16738,"position":3},"title":"Brasil registr\u00f3 producci\u00f3n y precios r\u00e9cord para el ma\u00edz","author":"La Hora del Campo","date":"29 diciembre, 2020","format":false,"excerpt":"El mercado brasilero de ma\u00edz en 2020 fue marcado por producci\u00f3n y precios r\u00e9cords, seg\u00fan el an\u00e1lisis realizado por el Centro de Estudios Avanzados en Econom\u00eda Aplicada de la Universidad de San Pablo (CEPEA). Durante los dos primeros meses del 2020 los menores stocks de ma\u00edz sumados a una baja\u2026","rel":"","context":"En \u00abActualidad\u00bb","block_context":{"text":"Actualidad","link":"http:\/\/lahoradelcampo.com.uy\/site\/category\/actualidad\/"},"img":{"alt_text":"","src":"https:\/\/i0.wp.com\/lahoradelcampo.com.uy\/site\/wp-content\/uploads\/2017\/11\/Maiz.jpg?fit=880%2C440&resize=350%2C200","width":350,"height":200,"srcset":"https:\/\/i0.wp.com\/lahoradelcampo.com.uy\/site\/wp-content\/uploads\/2017\/11\/Maiz.jpg?fit=880%2C440&resize=350%2C200 1x, https:\/\/i0.wp.com\/lahoradelcampo.com.uy\/site\/wp-content\/uploads\/2017\/11\/Maiz.jpg?fit=880%2C440&resize=525%2C300 1.5x, https:\/\/i0.wp.com\/lahoradelcampo.com.uy\/site\/wp-content\/uploads\/2017\/11\/Maiz.jpg?fit=880%2C440&resize=700%2C400 2x"},"classes":[]},{"id":14537,"url":"http:\/\/lahoradelcampo.com.uy\/site\/con-precios-altos-la-lecheria-mundial-continua-en-problemas\/","url_meta":{"origin":16738,"position":4},"title":"Con precios altos  la lecher\u00eda mundial  contin\u00faa en problemas","author":"La Hora del Campo","date":"25 septiembre, 2019","format":false,"excerpt":"El banco de inversiones holand\u00e9s, Rabobank, realiz\u00f3 su informe trimestral para el sector l\u00e1cteo donde remarca que m\u00e1s all\u00e1 de que los precios de los l\u00e1cteos se encuentran relativamente altos a nivel mundial, las principales regiones exportadoras mantienen sus problem\u00e1ticas para lograr convertir estas condicionantes favorables del mercado en un\u2026","rel":"","context":"En \u00abActualidad\u00bb","block_context":{"text":"Actualidad","link":"http:\/\/lahoradelcampo.com.uy\/site\/category\/actualidad\/"},"img":{"alt_text":"","src":"https:\/\/i0.wp.com\/lahoradelcampo.com.uy\/site\/wp-content\/uploads\/2019\/09\/rabobank.jpg?fit=880%2C440&resize=350%2C200","width":350,"height":200,"srcset":"https:\/\/i0.wp.com\/lahoradelcampo.com.uy\/site\/wp-content\/uploads\/2019\/09\/rabobank.jpg?fit=880%2C440&resize=350%2C200 1x, https:\/\/i0.wp.com\/lahoradelcampo.com.uy\/site\/wp-content\/uploads\/2019\/09\/rabobank.jpg?fit=880%2C440&resize=525%2C300 1.5x, https:\/\/i0.wp.com\/lahoradelcampo.com.uy\/site\/wp-content\/uploads\/2019\/09\/rabobank.jpg?fit=880%2C440&resize=700%2C400 2x"},"classes":[]},{"id":50156,"url":"http:\/\/lahoradelcampo.com.uy\/site\/se-preve-una-escasez-historica-de-arroz-en-el-mundo-debido-a-el-nino\/","url_meta":{"origin":16738,"position":5},"title":"Se prev\u00e9 una escasez hist\u00f3rica de arroz en el mundo debido a \u00abEl Ni\u00f1o\u00bb","author":"La Hora del Campo","date":"24 abril, 2023","format":false,"excerpt":"La firma Fitch Solutions ha pronosticado que se producir\u00e1 la mayor escasez mundial de arroz en los \u00faltimos 20 a\u00f1os, lo que resultar\u00e1 en los precios m\u00e1s altos de los \u00faltimos 10 a\u00f1os. Este aumento de precios se debe en gran parte al fen\u00f3meno clim\u00e1tico de 'El Ni\u00f1o', la guerra\u2026","rel":"","context":"En \u00abActualidad\u00bb","block_context":{"text":"Actualidad","link":"http:\/\/lahoradelcampo.com.uy\/site\/category\/actualidad\/"},"img":{"alt_text":"","src":"https:\/\/i0.wp.com\/lahoradelcampo.com.uy\/site\/wp-content\/uploads\/2020\/06\/Arroz-rendimientos.jpg?fit=880%2C440&resize=350%2C200","width":350,"height":200,"srcset":"https:\/\/i0.wp.com\/lahoradelcampo.com.uy\/site\/wp-content\/uploads\/2020\/06\/Arroz-rendimientos.jpg?fit=880%2C440&resize=350%2C200 1x, https:\/\/i0.wp.com\/lahoradelcampo.com.uy\/site\/wp-content\/uploads\/2020\/06\/Arroz-rendimientos.jpg?fit=880%2C440&resize=525%2C300 1.5x, https:\/\/i0.wp.com\/lahoradelcampo.com.uy\/site\/wp-content\/uploads\/2020\/06\/Arroz-rendimientos.jpg?fit=880%2C440&resize=700%2C400 2x"},"classes":[]}],"jetpack_likes_enabled":true,"_links":{"self":[{"href":"http:\/\/lahoradelcampo.com.uy\/site\/wp-json\/wp\/v2\/posts\/16738","targetHints":{"allow":["GET"]}}],"collection":[{"href":"http:\/\/lahoradelcampo.com.uy\/site\/wp-json\/wp\/v2\/posts"}],"about":[{"href":"http:\/\/lahoradelcampo.com.uy\/site\/wp-json\/wp\/v2\/types\/post"}],"author":[{"embeddable":true,"href":"http:\/\/lahoradelcampo.com.uy\/site\/wp-json\/wp\/v2\/users\/5"}],"replies":[{"embeddable":true,"href":"http:\/\/lahoradelcampo.com.uy\/site\/wp-json\/wp\/v2\/comments?post=16738"}],"version-history":[{"count":1,"href":"http:\/\/lahoradelcampo.com.uy\/site\/wp-json\/wp\/v2\/posts\/16738\/revisions"}],"predecessor-version":[{"id":16740,"href":"http:\/\/lahoradelcampo.com.uy\/site\/wp-json\/wp\/v2\/posts\/16738\/revisions\/16740"}],"wp:featuredmedia":[{"embeddable":true,"href":"http:\/\/lahoradelcampo.com.uy\/site\/wp-json\/wp\/v2\/media\/3463"}],"wp:attachment":[{"href":"http:\/\/lahoradelcampo.com.uy\/site\/wp-json\/wp\/v2\/media?parent=16738"}],"wp:term":[{"taxonomy":"category","embeddable":true,"href":"http:\/\/lahoradelcampo.com.uy\/site\/wp-json\/wp\/v2\/categories?post=16738"},{"taxonomy":"post_tag","embeddable":true,"href":"http:\/\/lahoradelcampo.com.uy\/site\/wp-json\/wp\/v2\/tags?post=16738"}],"curies":[{"name":"wp","href":"https:\/\/api.w.org\/{rel}","templated":true}]}}