{"id":16720,"date":"2020-01-06T06:18:25","date_gmt":"2020-01-06T09:18:25","guid":{"rendered":"http:\/\/lahoradelcampo.com.uy\/site\/?p=16720"},"modified":"2020-01-05T11:20:23","modified_gmt":"2020-01-05T14:20:23","slug":"ventas-de-carne-ovina-a-china-crecieron-un-85","status":"publish","type":"post","link":"http:\/\/lahoradelcampo.com.uy\/site\/ventas-de-carne-ovina-a-china-crecieron-un-85\/","title":{"rendered":"Ventas de carne ovina a China crecieron un 85%"},"content":{"rendered":"\n<figure class=\"wp-block-image\"><img data-recalc-dims=\"1\" loading=\"lazy\" decoding=\"async\" width=\"810\" height=\"405\" data-attachment-id=\"1921\" data-permalink=\"http:\/\/lahoradelcampo.com.uy\/site\/salto-es-el-departamento-con-mayor-cantidad-de-ovinos-en-el-pais\/ovinos\/\" data-orig-file=\"https:\/\/i0.wp.com\/lahoradelcampo.com.uy\/site\/wp-content\/uploads\/2017\/09\/Ovinos.jpg?fit=880%2C440\" data-orig-size=\"880,440\" data-comments-opened=\"1\" data-image-meta=\"{&quot;aperture&quot;:&quot;0&quot;,&quot;credit&quot;:&quot;Vicente-Manuel-Tort&quot;,&quot;camera&quot;:&quot;&quot;,&quot;caption&quot;:&quot;&quot;,&quot;created_timestamp&quot;:&quot;0&quot;,&quot;copyright&quot;:&quot;Presidencia de la Republica - Sec.Com.Inst.&quot;,&quot;focal_length&quot;:&quot;0&quot;,&quot;iso&quot;:&quot;0&quot;,&quot;shutter_speed&quot;:&quot;0&quot;,&quot;title&quot;:&quot;&quot;,&quot;orientation&quot;:&quot;1&quot;}\" data-image-title=\"Ovinos\" data-image-description=\"\" data-image-caption=\"\" data-large-file=\"https:\/\/i0.wp.com\/lahoradelcampo.com.uy\/site\/wp-content\/uploads\/2017\/09\/Ovinos.jpg?fit=810%2C405\" src=\"https:\/\/i0.wp.com\/lahoradelcampo.com.uy\/site\/wp-content\/uploads\/2017\/09\/Ovinos.jpg?resize=810%2C405\" alt=\"\" class=\"wp-image-1921\" srcset=\"https:\/\/i0.wp.com\/lahoradelcampo.com.uy\/site\/wp-content\/uploads\/2017\/09\/Ovinos.jpg?w=880 880w, https:\/\/i0.wp.com\/lahoradelcampo.com.uy\/site\/wp-content\/uploads\/2017\/09\/Ovinos.jpg?resize=300%2C150 300w, https:\/\/i0.wp.com\/lahoradelcampo.com.uy\/site\/wp-content\/uploads\/2017\/09\/Ovinos.jpg?resize=768%2C384 768w, https:\/\/i0.wp.com\/lahoradelcampo.com.uy\/site\/wp-content\/uploads\/2017\/09\/Ovinos.jpg?resize=820%2C410 820w\" sizes=\"auto, (max-width: 810px) 100vw, 810px\" \/><\/figure>\n\n\n\n<p>China tambi\u00e9n ha incrementado sus adquisiciones de carne ovina durante el a\u00f1o pasado, superando a Brasil que era nuestro principal destino. <br> Durante 2019 se exportaron 8.049 toneladas peso canal, significando un aumento del 85% y representando el 54% del total comercializado por nuestro pa\u00eds. <br><\/p>\n\n\n\n<p>El valor promedio de la tonelada tambi\u00e9n ha crecido un 24,8%, tras posicionarse en US$ 4.346. <br><\/p>\n\n\n\n<p>Durante los meses de junio y julio, se registraron los menores vol\u00famenes de venta de estas carnes a China, mientras que desde agosto hasta diciembre el volumen y los valores han crecido fuertemente, superando los US$ 5.000 por tonelada peso canal en diciembre.<\/p>\n","protected":false},"excerpt":{"rendered":"<p>China tambi\u00e9n ha incrementado sus adquisiciones de carne ovina durante el a\u00f1o pasado, superando a Brasil que era nuestro principal destino. Durante 2019 se exportaron 8.049 toneladas peso canal, significando [&hellip;]<\/p>\n","protected":false},"author":5,"featured_media":1921,"comment_status":"open","ping_status":"open","sticky":false,"template":"","format":"standard","meta":{"_price":"","_stock":"","_tribe_ticket_header":"","_tribe_default_ticket_provider":"","_tribe_ticket_capacity":"0","_ticket_start_date":"","_ticket_end_date":"","_tribe_ticket_show_description":"","_tribe_ticket_show_not_going":false,"_tribe_ticket_use_global_stock":"","_tribe_ticket_global_stock_level":"","_global_stock_mode":"","_global_stock_cap":"","_tribe_rsvp_for_event":"","_tribe_ticket_going_count":"","_tribe_ticket_not_going_count":"","_tribe_tickets_list":"[]","_tribe_ticket_has_attendee_info_fields":false,"h5ap_radio_sources":[],"_jetpack_newsletter_access":"","_jetpack_dont_email_post_to_subs":false,"_jetpack_newsletter_tier_id":0,"_jetpack_memberships_contains_paywalled_content":false,"_jetpack_memberships_contains_paid_content":false,"footnotes":""},"categories":[21,5],"tags":[],"class_list":["post-16720","post","type-post","status-publish","format-standard","has-post-thumbnail","hentry","category-actualidad","category-ganaderia"],"jetpack_featured_media_url":"https:\/\/i0.wp.com\/lahoradelcampo.com.uy\/site\/wp-content\/uploads\/2017\/09\/Ovinos.jpg?fit=880%2C440","jetpack_sharing_enabled":true,"jetpack_shortlink":"https:\/\/wp.me\/p99IaT-4lG","jetpack-related-posts":[{"id":45229,"url":"http:\/\/lahoradelcampo.com.uy\/site\/compras-de-carne-ovina-uruguaya-desde-china-caen-un-557\/","url_meta":{"origin":16720,"position":0},"title":"Compras de carne ovina uruguaya desde China caen un 55,7%","author":"La Hora del Campo","date":"5 septiembre, 2022","format":false,"excerpt":"Las exportaciones de carne ovina de Uruguay ha sufrido una fuerte ca\u00edda en este 2022, tras un a\u00f1o r\u00e9cord de exportaciones y donde China fue el principal motor de ese nivel de comercializaci\u00f3n. De acuerdo a los datos del Instituto Nacional de Carnes (INAC) las ventas al exterior de esta\u2026","rel":"","context":"En \u00abActualidad\u00bb","block_context":{"text":"Actualidad","link":"http:\/\/lahoradelcampo.com.uy\/site\/category\/actualidad\/"},"img":{"alt_text":"","src":"https:\/\/i0.wp.com\/lahoradelcampo.com.uy\/site\/wp-content\/uploads\/2019\/07\/carne-ovina.jpg?fit=880%2C440&resize=350%2C200","width":350,"height":200,"srcset":"https:\/\/i0.wp.com\/lahoradelcampo.com.uy\/site\/wp-content\/uploads\/2019\/07\/carne-ovina.jpg?fit=880%2C440&resize=350%2C200 1x, https:\/\/i0.wp.com\/lahoradelcampo.com.uy\/site\/wp-content\/uploads\/2019\/07\/carne-ovina.jpg?fit=880%2C440&resize=525%2C300 1.5x, https:\/\/i0.wp.com\/lahoradelcampo.com.uy\/site\/wp-content\/uploads\/2019\/07\/carne-ovina.jpg?fit=880%2C440&resize=700%2C400 2x"},"classes":[]},{"id":15870,"url":"http:\/\/lahoradelcampo.com.uy\/site\/china-se-llevo-el-80-de-la-carne-ovina-en-el-arranque-de-noviembre\/","url_meta":{"origin":16720,"position":1},"title":"China se llev\u00f3 el 80% de la carne ovina en el arranque de noviembre","author":"La Hora del Campo","date":"19 noviembre, 2019","format":false,"excerpt":"La problem\u00e1tica de la peste porcina africana ha generado una demanda extrema por parte de China por carnes, tanto vacuna como ovina. En el caso de la carne vacuna las exportaciones en volumen peso carcasa corresponde por el 65% del total en el transcurso de 2019 y es, debido al\u2026","rel":"","context":"En \u00abActualidad\u00bb","block_context":{"text":"Actualidad","link":"http:\/\/lahoradelcampo.com.uy\/site\/category\/actualidad\/"},"img":{"alt_text":"","src":"https:\/\/i0.wp.com\/lahoradelcampo.com.uy\/site\/wp-content\/uploads\/2019\/04\/Corderos-CLU.jpg?fit=880%2C440&resize=350%2C200","width":350,"height":200,"srcset":"https:\/\/i0.wp.com\/lahoradelcampo.com.uy\/site\/wp-content\/uploads\/2019\/04\/Corderos-CLU.jpg?fit=880%2C440&resize=350%2C200 1x, https:\/\/i0.wp.com\/lahoradelcampo.com.uy\/site\/wp-content\/uploads\/2019\/04\/Corderos-CLU.jpg?fit=880%2C440&resize=525%2C300 1.5x, https:\/\/i0.wp.com\/lahoradelcampo.com.uy\/site\/wp-content\/uploads\/2019\/04\/Corderos-CLU.jpg?fit=880%2C440&resize=700%2C400 2x"},"classes":[]},{"id":26518,"url":"http:\/\/lahoradelcampo.com.uy\/site\/las-exportaciones-de-carne-ovina-crecieron-un-13-en-volumen\/","url_meta":{"origin":16720,"position":2},"title":"Las exportaciones de carne ovina crecieron un 13% en volumen","author":"La Hora del Campo","date":"31 diciembre, 2020","format":false,"excerpt":"De acuerdo a los datos al 26 de diciembre, aportados por el Instituto Nacional de Carnes (INAC) se exportaron en 2020 un total de 16.770 toneladas peso canal (un 13% por encima de 2019), lo que represent\u00f3 un ingreso de 72.998 miles de d\u00f3lares (6% m\u00e1s que el a\u00f1o pasado).\u2026","rel":"","context":"En \u00abActualidad\u00bb","block_context":{"text":"Actualidad","link":"http:\/\/lahoradelcampo.com.uy\/site\/category\/actualidad\/"},"img":{"alt_text":"","src":"https:\/\/i0.wp.com\/lahoradelcampo.com.uy\/site\/wp-content\/uploads\/2017\/12\/Ovinos.jpg?fit=880%2C440&resize=350%2C200","width":350,"height":200,"srcset":"https:\/\/i0.wp.com\/lahoradelcampo.com.uy\/site\/wp-content\/uploads\/2017\/12\/Ovinos.jpg?fit=880%2C440&resize=350%2C200 1x, https:\/\/i0.wp.com\/lahoradelcampo.com.uy\/site\/wp-content\/uploads\/2017\/12\/Ovinos.jpg?fit=880%2C440&resize=525%2C300 1.5x, https:\/\/i0.wp.com\/lahoradelcampo.com.uy\/site\/wp-content\/uploads\/2017\/12\/Ovinos.jpg?fit=880%2C440&resize=700%2C400 2x"},"classes":[]},{"id":9805,"url":"http:\/\/lahoradelcampo.com.uy\/site\/valor-promedio-de-la-tonelada-exportada-de-carne-vacuna-sube-un-16-en-2019\/","url_meta":{"origin":16720,"position":3},"title":"Valor promedio de la tonelada exportada de carne vacuna sube un 1,6% en 2019","author":"La Hora del Campo","date":"10 abril, 2019","format":false,"excerpt":"Las exportaciones de carne vacuna entre el 1 de enero y el 6 de abril de 2019 registr\u00f3 un incremento el 1,6% en el valor promedio de la tonelada comercializada al exterior, sin embargo el volumen exportado descendi\u00f3 un 15% en dicho per\u00edodo. China es el \u00fanico destino que increment\u00f3\u2026","rel":"","context":"En \u00abActualidad\u00bb","block_context":{"text":"Actualidad","link":"http:\/\/lahoradelcampo.com.uy\/site\/category\/actualidad\/"},"img":{"alt_text":"","src":"https:\/\/i0.wp.com\/lahoradelcampo.com.uy\/site\/wp-content\/uploads\/2018\/05\/expportaciones.jpg?fit=880%2C440&resize=350%2C200","width":350,"height":200,"srcset":"https:\/\/i0.wp.com\/lahoradelcampo.com.uy\/site\/wp-content\/uploads\/2018\/05\/expportaciones.jpg?fit=880%2C440&resize=350%2C200 1x, https:\/\/i0.wp.com\/lahoradelcampo.com.uy\/site\/wp-content\/uploads\/2018\/05\/expportaciones.jpg?fit=880%2C440&resize=525%2C300 1.5x, https:\/\/i0.wp.com\/lahoradelcampo.com.uy\/site\/wp-content\/uploads\/2018\/05\/expportaciones.jpg?fit=880%2C440&resize=700%2C400 2x"},"classes":[]},{"id":14393,"url":"http:\/\/lahoradelcampo.com.uy\/site\/china-se-lleva-el-43-de-la-carne-ovina-uruguaya\/","url_meta":{"origin":16720,"position":4},"title":"China se lleva el 43% de la carne ovina uruguaya","author":"La Hora del Campo ADMIN","date":"19 septiembre, 2019","format":false,"excerpt":"El valor promedio de la tonelada de carne ovina peso canal exportada, se ubica en US$ 4.732, lo que marca una ca\u00edda del 5,4% respecto al 2018, entre el 1 de enero y el 14 de setiembre, seg\u00fan los datos publicados por el Instituto Nacional de Carnes (INAC). Entre los\u2026","rel":"","context":"En \u00abActualidad\u00bb","block_context":{"text":"Actualidad","link":"http:\/\/lahoradelcampo.com.uy\/site\/category\/actualidad\/"},"img":{"alt_text":"","src":"https:\/\/i0.wp.com\/lahoradelcampo.com.uy\/site\/wp-content\/uploads\/2019\/07\/carne-ovina.jpg?fit=880%2C440&resize=350%2C200","width":350,"height":200,"srcset":"https:\/\/i0.wp.com\/lahoradelcampo.com.uy\/site\/wp-content\/uploads\/2019\/07\/carne-ovina.jpg?fit=880%2C440&resize=350%2C200 1x, https:\/\/i0.wp.com\/lahoradelcampo.com.uy\/site\/wp-content\/uploads\/2019\/07\/carne-ovina.jpg?fit=880%2C440&resize=525%2C300 1.5x, https:\/\/i0.wp.com\/lahoradelcampo.com.uy\/site\/wp-content\/uploads\/2019\/07\/carne-ovina.jpg?fit=880%2C440&resize=700%2C400 2x"},"classes":[]},{"id":27310,"url":"http:\/\/lahoradelcampo.com.uy\/site\/uruguay-represento-el-22-de-las-compras-de-carne-ovina-en-china\/","url_meta":{"origin":16720,"position":5},"title":"Uruguay represent\u00f3 el 2,2% de las compras de carne ovina en China","author":"La Hora del Campo","date":"3 febrero, 2021","format":false,"excerpt":"Hablar del ovino en esta zona norte del pa\u00eds es important\u00edsimo para muchos productores, principalmente los peque\u00f1os, tanto en la producci\u00f3n de lanas finas, como tambi\u00e9n en la carne ovina. Este comienzo de 2021 ha sido con valores al alza para la especie, con el cordero liviano cotizando a US$\u2026","rel":"","context":"En \u00abActualidad\u00bb","block_context":{"text":"Actualidad","link":"http:\/\/lahoradelcampo.com.uy\/site\/category\/actualidad\/"},"img":{"alt_text":"","src":"https:\/\/i0.wp.com\/lahoradelcampo.com.uy\/site\/wp-content\/uploads\/2019\/07\/carne-ovina.jpg?fit=880%2C440&resize=350%2C200","width":350,"height":200,"srcset":"https:\/\/i0.wp.com\/lahoradelcampo.com.uy\/site\/wp-content\/uploads\/2019\/07\/carne-ovina.jpg?fit=880%2C440&resize=350%2C200 1x, https:\/\/i0.wp.com\/lahoradelcampo.com.uy\/site\/wp-content\/uploads\/2019\/07\/carne-ovina.jpg?fit=880%2C440&resize=525%2C300 1.5x, https:\/\/i0.wp.com\/lahoradelcampo.com.uy\/site\/wp-content\/uploads\/2019\/07\/carne-ovina.jpg?fit=880%2C440&resize=700%2C400 2x"},"classes":[]}],"jetpack_likes_enabled":true,"_links":{"self":[{"href":"http:\/\/lahoradelcampo.com.uy\/site\/wp-json\/wp\/v2\/posts\/16720","targetHints":{"allow":["GET"]}}],"collection":[{"href":"http:\/\/lahoradelcampo.com.uy\/site\/wp-json\/wp\/v2\/posts"}],"about":[{"href":"http:\/\/lahoradelcampo.com.uy\/site\/wp-json\/wp\/v2\/types\/post"}],"author":[{"embeddable":true,"href":"http:\/\/lahoradelcampo.com.uy\/site\/wp-json\/wp\/v2\/users\/5"}],"replies":[{"embeddable":true,"href":"http:\/\/lahoradelcampo.com.uy\/site\/wp-json\/wp\/v2\/comments?post=16720"}],"version-history":[{"count":1,"href":"http:\/\/lahoradelcampo.com.uy\/site\/wp-json\/wp\/v2\/posts\/16720\/revisions"}],"predecessor-version":[{"id":16722,"href":"http:\/\/lahoradelcampo.com.uy\/site\/wp-json\/wp\/v2\/posts\/16720\/revisions\/16722"}],"wp:featuredmedia":[{"embeddable":true,"href":"http:\/\/lahoradelcampo.com.uy\/site\/wp-json\/wp\/v2\/media\/1921"}],"wp:attachment":[{"href":"http:\/\/lahoradelcampo.com.uy\/site\/wp-json\/wp\/v2\/media?parent=16720"}],"wp:term":[{"taxonomy":"category","embeddable":true,"href":"http:\/\/lahoradelcampo.com.uy\/site\/wp-json\/wp\/v2\/categories?post=16720"},{"taxonomy":"post_tag","embeddable":true,"href":"http:\/\/lahoradelcampo.com.uy\/site\/wp-json\/wp\/v2\/tags?post=16720"}],"curies":[{"name":"wp","href":"https:\/\/api.w.org\/{rel}","templated":true}]}}