{"id":16716,"date":"2020-01-06T06:16:14","date_gmt":"2020-01-06T09:16:14","guid":{"rendered":"http:\/\/lahoradelcampo.com.uy\/site\/?p=16716"},"modified":"2020-01-05T11:18:16","modified_gmt":"2020-01-05T14:18:16","slug":"en-2019-se-exporto-un-246-mas-de-carne-vacuna-a-china","status":"publish","type":"post","link":"http:\/\/lahoradelcampo.com.uy\/site\/en-2019-se-exporto-un-246-mas-de-carne-vacuna-a-china\/","title":{"rendered":"En 2019 se export\u00f3 un 24,6%  m\u00e1s de carne vacuna a China"},"content":{"rendered":"\n<figure class=\"wp-block-image\"><img data-recalc-dims=\"1\" loading=\"lazy\" decoding=\"async\" width=\"810\" height=\"405\" data-attachment-id=\"3809\" data-permalink=\"http:\/\/lahoradelcampo.com.uy\/site\/valor-promedio-de-la-tonelada-exportada-se-ubica-05-sobre-2016\/carne\/\" data-orig-file=\"https:\/\/i0.wp.com\/lahoradelcampo.com.uy\/site\/wp-content\/uploads\/2017\/11\/Carne.jpg?fit=880%2C440\" data-orig-size=\"880,440\" data-comments-opened=\"1\" data-image-meta=\"{&quot;aperture&quot;:&quot;0&quot;,&quot;credit&quot;:&quot;Vicente-Manuel-Tort&quot;,&quot;camera&quot;:&quot;&quot;,&quot;caption&quot;:&quot;&quot;,&quot;created_timestamp&quot;:&quot;0&quot;,&quot;copyright&quot;:&quot;Presidencia de la Republica - Sec.Com.Inst.&quot;,&quot;focal_length&quot;:&quot;0&quot;,&quot;iso&quot;:&quot;0&quot;,&quot;shutter_speed&quot;:&quot;0&quot;,&quot;title&quot;:&quot;&quot;,&quot;orientation&quot;:&quot;1&quot;}\" data-image-title=\"Carne\" data-image-description=\"\" data-image-caption=\"\" data-large-file=\"https:\/\/i0.wp.com\/lahoradelcampo.com.uy\/site\/wp-content\/uploads\/2017\/11\/Carne.jpg?fit=810%2C405\" src=\"https:\/\/i0.wp.com\/lahoradelcampo.com.uy\/site\/wp-content\/uploads\/2017\/11\/Carne.jpg?resize=810%2C405\" alt=\"\" class=\"wp-image-3809\" srcset=\"https:\/\/i0.wp.com\/lahoradelcampo.com.uy\/site\/wp-content\/uploads\/2017\/11\/Carne.jpg?w=880 880w, https:\/\/i0.wp.com\/lahoradelcampo.com.uy\/site\/wp-content\/uploads\/2017\/11\/Carne.jpg?resize=300%2C150 300w, https:\/\/i0.wp.com\/lahoradelcampo.com.uy\/site\/wp-content\/uploads\/2017\/11\/Carne.jpg?resize=768%2C384 768w, https:\/\/i0.wp.com\/lahoradelcampo.com.uy\/site\/wp-content\/uploads\/2017\/11\/Carne.jpg?resize=820%2C410 820w\" sizes=\"auto, (max-width: 810px) 100vw, 810px\" \/><\/figure>\n\n\n\n<p>La peste porcina africana registrada en China gener\u00f3 un cambio en el mercado c\u00e1rnico a nivel mundial y nuestro pa\u00eds no se ha quedado fuera de dicha corriente. El a\u00f1o pasado el gigante asi\u00e1tico hasta el mes de noviembre alcanz\u00f3 a importar cerca de 5,5 millones de toneladas de carne vacuna luego de haber incrementado sus compras un 42%.<br><\/p>\n\n\n\n<p>Durante el a\u00f1o pasado hemos incrementado un 24,6% nuestras ventas a dicho destino, a pesar de haber disminuido un 1,6% nuestras ventas totales al exterior. El pico m\u00e1ximo de nuestros embarques hacia China se registr\u00f3 en el mes de abril, cuando se alcanzaron a superar las 30.000 toneladas, de acuerdo a la informaci\u00f3n brindada por el Instituto Nacional de Carnes (INAC).<br><\/p>\n\n\n\n<p>En total se exportaron hacia el gigante asi\u00e1tico 306.422 toneladas peso canal, con un ingreso promedio que ha crecido fuertemente en base a esa demanda, que paso de US$ 2.926 por tonelada en 2018 hasta US$ 3.462 durante el a\u00f1o pasado hasta el 28 de diciembre (18,3%). <br><\/p>\n\n\n\n<p>Los valores han venido  creciendo mes a mes, comenzando el 2019 en US$ 3.001 por tonelada, hasta llegar a diciembre (hasta el 28) en US$ 4.063 por tonelada. En los meses de junio, octubre y noviembre se registraron los mayores aumentos en el valor promedio mensual de la tonelada (8%, 7% y 5% respectivamente). <br><\/p>\n\n\n\n<p>Al cierre de diciembre, las ventas a dicho destino ha sufrido cambios, teniendo en cuenta que varios exportadores se\u00f1alan que se est\u00e1n realizando renegociaciones de precios de cargas que van en pleno altamar o cancelando negocios concretados previamente. <br><\/p>\n\n\n\n<p>De acuerdo al presidente de INAC, Ing. Federico Stanham, la situaci\u00f3n que se vive en China con la fiebre porcina y sus efectos se ver\u00e1 por dos a\u00f1os m\u00e1s por lo menos, por tanto, la tendencia es que los precios en alza de la carne vacuna seguir\u00e1n.<\/p>\n","protected":false},"excerpt":{"rendered":"<p>La peste porcina africana registrada en China gener\u00f3 un cambio en el mercado c\u00e1rnico a nivel mundial y nuestro pa\u00eds no se ha quedado fuera de dicha corriente. El a\u00f1o [&hellip;]<\/p>\n","protected":false},"author":5,"featured_media":3809,"comment_status":"open","ping_status":"open","sticky":false,"template":"","format":"standard","meta":{"_price":"","_stock":"","_tribe_ticket_header":"","_tribe_default_ticket_provider":"","_tribe_ticket_capacity":"0","_ticket_start_date":"","_ticket_end_date":"","_tribe_ticket_show_description":"","_tribe_ticket_show_not_going":false,"_tribe_ticket_use_global_stock":"","_tribe_ticket_global_stock_level":"","_global_stock_mode":"","_global_stock_cap":"","_tribe_rsvp_for_event":"","_tribe_ticket_going_count":"","_tribe_ticket_not_going_count":"","_tribe_tickets_list":"[]","_tribe_ticket_has_attendee_info_fields":false,"h5ap_radio_sources":[],"_jetpack_newsletter_access":"","_jetpack_dont_email_post_to_subs":false,"_jetpack_newsletter_tier_id":0,"_jetpack_memberships_contains_paywalled_content":false,"_jetpack_memberships_contains_paid_content":false,"footnotes":""},"categories":[21,5],"tags":[],"class_list":["post-16716","post","type-post","status-publish","format-standard","has-post-thumbnail","hentry","category-actualidad","category-ganaderia"],"jetpack_featured_media_url":"https:\/\/i0.wp.com\/lahoradelcampo.com.uy\/site\/wp-content\/uploads\/2017\/11\/Carne.jpg?fit=880%2C440","jetpack_sharing_enabled":true,"jetpack_shortlink":"https:\/\/wp.me\/p99IaT-4lC","jetpack-related-posts":[{"id":11523,"url":"http:\/\/lahoradelcampo.com.uy\/site\/china-incremento-un-35-sus-compras-de-carne-en-uruguay\/","url_meta":{"origin":16716,"position":0},"title":"China increment\u00f3 un 35% sus compras de carne en Uruguay","author":"La Hora del Campo","date":"5 junio, 2019","format":false,"excerpt":"Las compras desde China se han incrementado un 35% al cierre del mes de mayo. De acuerdo a los datos de la Direcci\u00f3n Nacional de Aduanas, divulgados por el informe Faxcarne de la Consultora Tardaguila Agromercados, se embarcaron en los primeros cinco meses del a\u00f1o 97.265 toneladas peso embarque de\u2026","rel":"","context":"En \u00abActualidad\u00bb","block_context":{"text":"Actualidad","link":"http:\/\/lahoradelcampo.com.uy\/site\/category\/actualidad\/"},"img":{"alt_text":"","src":"https:\/\/i0.wp.com\/lahoradelcampo.com.uy\/site\/wp-content\/uploads\/2018\/05\/Carnes.jpg?fit=880%2C440&resize=350%2C200","width":350,"height":200,"srcset":"https:\/\/i0.wp.com\/lahoradelcampo.com.uy\/site\/wp-content\/uploads\/2018\/05\/Carnes.jpg?fit=880%2C440&resize=350%2C200 1x, https:\/\/i0.wp.com\/lahoradelcampo.com.uy\/site\/wp-content\/uploads\/2018\/05\/Carnes.jpg?fit=880%2C440&resize=525%2C300 1.5x, https:\/\/i0.wp.com\/lahoradelcampo.com.uy\/site\/wp-content\/uploads\/2018\/05\/Carnes.jpg?fit=880%2C440&resize=700%2C400 2x"},"classes":[]},{"id":15870,"url":"http:\/\/lahoradelcampo.com.uy\/site\/china-se-llevo-el-80-de-la-carne-ovina-en-el-arranque-de-noviembre\/","url_meta":{"origin":16716,"position":1},"title":"China se llev\u00f3 el 80% de la carne ovina en el arranque de noviembre","author":"La Hora del Campo","date":"19 noviembre, 2019","format":false,"excerpt":"La problem\u00e1tica de la peste porcina africana ha generado una demanda extrema por parte de China por carnes, tanto vacuna como ovina. En el caso de la carne vacuna las exportaciones en volumen peso carcasa corresponde por el 65% del total en el transcurso de 2019 y es, debido al\u2026","rel":"","context":"En \u00abActualidad\u00bb","block_context":{"text":"Actualidad","link":"http:\/\/lahoradelcampo.com.uy\/site\/category\/actualidad\/"},"img":{"alt_text":"","src":"https:\/\/i0.wp.com\/lahoradelcampo.com.uy\/site\/wp-content\/uploads\/2019\/04\/Corderos-CLU.jpg?fit=880%2C440&resize=350%2C200","width":350,"height":200,"srcset":"https:\/\/i0.wp.com\/lahoradelcampo.com.uy\/site\/wp-content\/uploads\/2019\/04\/Corderos-CLU.jpg?fit=880%2C440&resize=350%2C200 1x, https:\/\/i0.wp.com\/lahoradelcampo.com.uy\/site\/wp-content\/uploads\/2019\/04\/Corderos-CLU.jpg?fit=880%2C440&resize=525%2C300 1.5x, https:\/\/i0.wp.com\/lahoradelcampo.com.uy\/site\/wp-content\/uploads\/2019\/04\/Corderos-CLU.jpg?fit=880%2C440&resize=700%2C400 2x"},"classes":[]},{"id":10203,"url":"http:\/\/lahoradelcampo.com.uy\/site\/precio-de-la-tonelada-de-carne-vacuna-crece-un-19-en-promedio\/","url_meta":{"origin":16716,"position":2},"title":"Precio de la tonelada de carne vacuna crece un 1,9% en promedio","author":"La Hora del Campo","date":"25 abril, 2019","format":false,"excerpt":"Exportaciones de carne vacuna caen un 12% en volumen y crecen un 1,9% la tonelada en promedio.","rel":"","context":"En \u00abActualidad\u00bb","block_context":{"text":"Actualidad","link":"http:\/\/lahoradelcampo.com.uy\/site\/category\/actualidad\/"},"img":{"alt_text":"","src":"https:\/\/i0.wp.com\/lahoradelcampo.com.uy\/site\/wp-content\/uploads\/2019\/04\/Carne-vacuna.jpg?fit=880%2C440&resize=350%2C200","width":350,"height":200,"srcset":"https:\/\/i0.wp.com\/lahoradelcampo.com.uy\/site\/wp-content\/uploads\/2019\/04\/Carne-vacuna.jpg?fit=880%2C440&resize=350%2C200 1x, https:\/\/i0.wp.com\/lahoradelcampo.com.uy\/site\/wp-content\/uploads\/2019\/04\/Carne-vacuna.jpg?fit=880%2C440&resize=525%2C300 1.5x, https:\/\/i0.wp.com\/lahoradelcampo.com.uy\/site\/wp-content\/uploads\/2019\/04\/Carne-vacuna.jpg?fit=880%2C440&resize=700%2C400 2x"},"classes":[]},{"id":21742,"url":"http:\/\/lahoradelcampo.com.uy\/site\/se-frenaron-las-ventas-de-carne-ovina-a-la-union-europea-y-el-nafta\/","url_meta":{"origin":16716,"position":3},"title":"Se frenaron las ventas de carne ovina a la Uni\u00f3n Europea y el Nafta","author":"La Hora del Campo","date":"13 julio, 2020","format":false,"excerpt":"Las ventas de carne ovina desde Uruguay se encuentran en vol\u00famenes m\u00ednimos hist\u00f3ricos y este a\u00f1o tambi\u00e9n se encuentra con un 21% menos de volumen y de ingresos al pa\u00eds. Hasta el pasado pasado 4 de julio de 2020, las ventas alcanzaron las 23.086 toneladas peso canal y los 5.350\u2026","rel":"","context":"En \u00abActualidad\u00bb","block_context":{"text":"Actualidad","link":"http:\/\/lahoradelcampo.com.uy\/site\/category\/actualidad\/"},"img":{"alt_text":"","src":"https:\/\/i0.wp.com\/lahoradelcampo.com.uy\/site\/wp-content\/uploads\/2017\/09\/Ovinos.jpg?fit=880%2C440&resize=350%2C200","width":350,"height":200,"srcset":"https:\/\/i0.wp.com\/lahoradelcampo.com.uy\/site\/wp-content\/uploads\/2017\/09\/Ovinos.jpg?fit=880%2C440&resize=350%2C200 1x, https:\/\/i0.wp.com\/lahoradelcampo.com.uy\/site\/wp-content\/uploads\/2017\/09\/Ovinos.jpg?fit=880%2C440&resize=525%2C300 1.5x, https:\/\/i0.wp.com\/lahoradelcampo.com.uy\/site\/wp-content\/uploads\/2017\/09\/Ovinos.jpg?fit=880%2C440&resize=700%2C400 2x"},"classes":[]},{"id":22704,"url":"http:\/\/lahoradelcampo.com.uy\/site\/valor-de-la-tonelada-de-carne-vacuna-exportada-crece-un-63\/","url_meta":{"origin":16716,"position":4},"title":"Valor de la tonelada de carne vacuna exportada crece un 6,3%","author":"La Hora del Campo","date":"17 agosto, 2020","format":false,"excerpt":"Las exportaciones del sector c\u00e1rnico uruguayo han descendido un 13,95% en el ingreso de divisas al pa\u00eds en el transcurso de 2020, hasta el pasado s\u00e1bado 8 de agosto, de acuerdo a los datos del Instituto Nacional de Carnes (INAC). En este per\u00edodo ingresaron al pa\u00eds 1.086.953 millones de d\u00f3lares.\u2026","rel":"","context":"En \u00abActualidad\u00bb","block_context":{"text":"Actualidad","link":"http:\/\/lahoradelcampo.com.uy\/site\/category\/actualidad\/"},"img":{"alt_text":"","src":"https:\/\/i0.wp.com\/lahoradelcampo.com.uy\/site\/wp-content\/uploads\/2017\/11\/Carne.jpg?fit=880%2C440&resize=350%2C200","width":350,"height":200,"srcset":"https:\/\/i0.wp.com\/lahoradelcampo.com.uy\/site\/wp-content\/uploads\/2017\/11\/Carne.jpg?fit=880%2C440&resize=350%2C200 1x, https:\/\/i0.wp.com\/lahoradelcampo.com.uy\/site\/wp-content\/uploads\/2017\/11\/Carne.jpg?fit=880%2C440&resize=525%2C300 1.5x, https:\/\/i0.wp.com\/lahoradelcampo.com.uy\/site\/wp-content\/uploads\/2017\/11\/Carne.jpg?fit=880%2C440&resize=700%2C400 2x"},"classes":[]},{"id":21172,"url":"http:\/\/lahoradelcampo.com.uy\/site\/valor-de-la-tonelada-de-carne-vacuna-crece-un-10-frente-al-2019\/","url_meta":{"origin":16716,"position":5},"title":"Valor de la tonelada de carne vacuna crece un 10% frente al 2019","author":"La Hora del Campo","date":"22 junio, 2020","format":false,"excerpt":"Las dificultades generadas en China han determinado un direccionamiento de las ventas por parte de la industria, determinando as\u00ed un incremento en las ventas al mercado del Nafta, siendo este el mercado del mayor volumen exportado en la \u00faltima semana de carne bovina. En tanto que China ha sido el\u2026","rel":"","context":"En \u00abActualidad\u00bb","block_context":{"text":"Actualidad","link":"http:\/\/lahoradelcampo.com.uy\/site\/category\/actualidad\/"},"img":{"alt_text":"","src":"https:\/\/i0.wp.com\/lahoradelcampo.com.uy\/site\/wp-content\/uploads\/2017\/11\/Carne.jpg?fit=880%2C440&resize=350%2C200","width":350,"height":200,"srcset":"https:\/\/i0.wp.com\/lahoradelcampo.com.uy\/site\/wp-content\/uploads\/2017\/11\/Carne.jpg?fit=880%2C440&resize=350%2C200 1x, https:\/\/i0.wp.com\/lahoradelcampo.com.uy\/site\/wp-content\/uploads\/2017\/11\/Carne.jpg?fit=880%2C440&resize=525%2C300 1.5x, https:\/\/i0.wp.com\/lahoradelcampo.com.uy\/site\/wp-content\/uploads\/2017\/11\/Carne.jpg?fit=880%2C440&resize=700%2C400 2x"},"classes":[]}],"jetpack_likes_enabled":true,"_links":{"self":[{"href":"http:\/\/lahoradelcampo.com.uy\/site\/wp-json\/wp\/v2\/posts\/16716","targetHints":{"allow":["GET"]}}],"collection":[{"href":"http:\/\/lahoradelcampo.com.uy\/site\/wp-json\/wp\/v2\/posts"}],"about":[{"href":"http:\/\/lahoradelcampo.com.uy\/site\/wp-json\/wp\/v2\/types\/post"}],"author":[{"embeddable":true,"href":"http:\/\/lahoradelcampo.com.uy\/site\/wp-json\/wp\/v2\/users\/5"}],"replies":[{"embeddable":true,"href":"http:\/\/lahoradelcampo.com.uy\/site\/wp-json\/wp\/v2\/comments?post=16716"}],"version-history":[{"count":1,"href":"http:\/\/lahoradelcampo.com.uy\/site\/wp-json\/wp\/v2\/posts\/16716\/revisions"}],"predecessor-version":[{"id":16718,"href":"http:\/\/lahoradelcampo.com.uy\/site\/wp-json\/wp\/v2\/posts\/16716\/revisions\/16718"}],"wp:featuredmedia":[{"embeddable":true,"href":"http:\/\/lahoradelcampo.com.uy\/site\/wp-json\/wp\/v2\/media\/3809"}],"wp:attachment":[{"href":"http:\/\/lahoradelcampo.com.uy\/site\/wp-json\/wp\/v2\/media?parent=16716"}],"wp:term":[{"taxonomy":"category","embeddable":true,"href":"http:\/\/lahoradelcampo.com.uy\/site\/wp-json\/wp\/v2\/categories?post=16716"},{"taxonomy":"post_tag","embeddable":true,"href":"http:\/\/lahoradelcampo.com.uy\/site\/wp-json\/wp\/v2\/tags?post=16716"}],"curies":[{"name":"wp","href":"https:\/\/api.w.org\/{rel}","templated":true}]}}