{"id":16712,"date":"2020-01-06T06:12:57","date_gmt":"2020-01-06T09:12:57","guid":{"rendered":"http:\/\/lahoradelcampo.com.uy\/site\/?p=16712"},"modified":"2020-01-05T11:16:03","modified_gmt":"2020-01-05T14:16:03","slug":"la-faena-vacuna-se-rejuvenecio-en-2019","status":"publish","type":"post","link":"http:\/\/lahoradelcampo.com.uy\/site\/la-faena-vacuna-se-rejuvenecio-en-2019\/","title":{"rendered":"La faena vacuna se rejuveneci\u00f3 en 2019"},"content":{"rendered":"\n<figure class=\"wp-block-image\"><img data-recalc-dims=\"1\" loading=\"lazy\" decoding=\"async\" width=\"810\" height=\"405\" data-attachment-id=\"1743\" data-permalink=\"http:\/\/lahoradelcampo.com.uy\/site\/faena-se-recupera-un-5-en-la-ultima-semana\/faena-vacuna\/\" data-orig-file=\"https:\/\/i0.wp.com\/lahoradelcampo.com.uy\/site\/wp-content\/uploads\/2017\/09\/Faena-vacuna.jpg?fit=880%2C440\" data-orig-size=\"880,440\" data-comments-opened=\"1\" data-image-meta=\"{&quot;aperture&quot;:&quot;0&quot;,&quot;credit&quot;:&quot;Vicente-Manuel-Tort&quot;,&quot;camera&quot;:&quot;&quot;,&quot;caption&quot;:&quot;&quot;,&quot;created_timestamp&quot;:&quot;0&quot;,&quot;copyright&quot;:&quot;Presidencia de la Republica - Sec.Com.Inst.&quot;,&quot;focal_length&quot;:&quot;0&quot;,&quot;iso&quot;:&quot;0&quot;,&quot;shutter_speed&quot;:&quot;0&quot;,&quot;title&quot;:&quot;&quot;,&quot;orientation&quot;:&quot;1&quot;}\" data-image-title=\"Faena vacuna\" data-image-description=\"\" data-image-caption=\"\" data-large-file=\"https:\/\/i0.wp.com\/lahoradelcampo.com.uy\/site\/wp-content\/uploads\/2017\/09\/Faena-vacuna.jpg?fit=810%2C405\" src=\"https:\/\/i0.wp.com\/lahoradelcampo.com.uy\/site\/wp-content\/uploads\/2017\/09\/Faena-vacuna.jpg?resize=810%2C405\" alt=\"\" class=\"wp-image-1743\" srcset=\"https:\/\/i0.wp.com\/lahoradelcampo.com.uy\/site\/wp-content\/uploads\/2017\/09\/Faena-vacuna.jpg?w=880 880w, https:\/\/i0.wp.com\/lahoradelcampo.com.uy\/site\/wp-content\/uploads\/2017\/09\/Faena-vacuna.jpg?resize=300%2C150 300w, https:\/\/i0.wp.com\/lahoradelcampo.com.uy\/site\/wp-content\/uploads\/2017\/09\/Faena-vacuna.jpg?resize=768%2C384 768w, https:\/\/i0.wp.com\/lahoradelcampo.com.uy\/site\/wp-content\/uploads\/2017\/09\/Faena-vacuna.jpg?resize=820%2C410 820w\" sizes=\"auto, (max-width: 810px) 100vw, 810px\" \/><\/figure>\n\n\n\n<p>El a\u00f1o que acaba de finalizar registr\u00f3 cambios en la ganader\u00eda nacional y uno de los mismos se dio en la faena vacuna, donde se observa un aumento de la faena de vientres y un rejuvenecimiento en las categor\u00edas de animales faenados. El Ing. Jorge Acosta, Director de Informaci\u00f3n y an\u00e1lisis del Instituto Nacional de Carnes (INAC) se\u00f1al\u00f3 que 2019 ha cerrado \u00abcon una faena bastante alta para el promedio de lo que ha sido la \u00faltima d\u00e9cada\u00bb, si bien reconoci\u00f3 que la misma cae un 5% respecto a 2018. <br><\/p>\n\n\n\n<p>Seg\u00fan los datos publicados el pasado lunes, la faena anualizada al 28 de diciembre de 2019 cay\u00f3 un 5% frente a igual per\u00edodo del a\u00f1o anterior. En total se faenaron en el pa\u00eds un total de 2.225.497 cabezas bovinas, \u00abestamos con niveles de faena bastante altos, quiz\u00e1s m\u00e1s alto de las previsiones que hab\u00eda. Las proyecciones era de que iba a bajar mucho m\u00e1s por las menores cantidades de novillos\u00bb se\u00f1al\u00f3 el profesional.<br><\/p>\n\n\n\n<p>En la composici\u00f3n de la faena en 2019, hasta el 28 de diciembre, se ha determinado un aumento en las categor\u00edas de novillos de 2 a 4 dientes y en las vaquillonas y vacas de 6 dientes. En este caso las hembras crecieron del 50,4% al 52,3% entre a\u00f1os, con el incremento en las categor\u00edas m\u00e1s j\u00f3venes. Las vaquillonas pasaron a significar el 26,2% de la faena de hembras y las vacas de 6 dientes un 6%. Por su parte las categor\u00edas de vacas adultas, que son el mayor componente de las hembras, pasaron del 37,7% al 38,6%. <br><\/p>\n\n\n\n<p>La faena de novillos cae, dejando de ser el 47,4% de la faena en 2018 a pasar para el 45,7% del total a nivel nacional en 2019. La ca\u00edda se registra principalmente en las categor\u00edas adultas de 6 y 8 dientes, en tanto que la categor\u00eda de 2 a 4 dientes crece un 5,6%. La faena de terneros tambi\u00e9n cae en la faena nacional. <\/p>\n","protected":false},"excerpt":{"rendered":"<p>El a\u00f1o que acaba de finalizar registr\u00f3 cambios en la ganader\u00eda nacional y uno de los mismos se dio en la faena vacuna, donde se observa un aumento de la [&hellip;]<\/p>\n","protected":false},"author":5,"featured_media":1743,"comment_status":"open","ping_status":"open","sticky":false,"template":"","format":"standard","meta":{"_price":"","_stock":"","_tribe_ticket_header":"","_tribe_default_ticket_provider":"","_tribe_ticket_capacity":"0","_ticket_start_date":"","_ticket_end_date":"","_tribe_ticket_show_description":"","_tribe_ticket_show_not_going":false,"_tribe_ticket_use_global_stock":"","_tribe_ticket_global_stock_level":"","_global_stock_mode":"","_global_stock_cap":"","_tribe_rsvp_for_event":"","_tribe_ticket_going_count":"","_tribe_ticket_not_going_count":"","_tribe_tickets_list":"[]","_tribe_ticket_has_attendee_info_fields":false,"h5ap_radio_sources":[],"_jetpack_newsletter_access":"","_jetpack_dont_email_post_to_subs":false,"_jetpack_newsletter_tier_id":0,"_jetpack_memberships_contains_paywalled_content":false,"_jetpack_memberships_contains_paid_content":false,"footnotes":""},"categories":[21,5],"tags":[],"class_list":["post-16712","post","type-post","status-publish","format-standard","has-post-thumbnail","hentry","category-actualidad","category-ganaderia"],"jetpack_featured_media_url":"https:\/\/i0.wp.com\/lahoradelcampo.com.uy\/site\/wp-content\/uploads\/2017\/09\/Faena-vacuna.jpg?fit=880%2C440","jetpack_sharing_enabled":true,"jetpack_shortlink":"https:\/\/wp.me\/p99IaT-4ly","jetpack-related-posts":[{"id":11203,"url":"http:\/\/lahoradelcampo.com.uy\/site\/la-faena-vacuna-continua-firme-y-se-posiciona-un-2-sobre-2018\/","url_meta":{"origin":16712,"position":0},"title":"La faena vacuna contin\u00faa firme y se posiciona un 2% sobre 2018","author":"La Hora del Campo","date":"28 mayo, 2019","format":false,"excerpt":"En la \u00faltima semana la faena vacuna se posicion\u00f3 en las 49.291 cabezas, un 4% por debajo de la semana anterior, sin embargo al comparar la actividad industrial con la misma semana del a\u00f1o pasado vemos un incremento del 6%. En este contexto el 51,2% de la faena correspondi\u00f3 a\u2026","rel":"","context":"En \u00abActualidad\u00bb","block_context":{"text":"Actualidad","link":"http:\/\/lahoradelcampo.com.uy\/site\/category\/actualidad\/"},"img":{"alt_text":"","src":"https:\/\/i0.wp.com\/lahoradelcampo.com.uy\/site\/wp-content\/uploads\/2019\/05\/Faena-1.jpg?fit=880%2C440&resize=350%2C200","width":350,"height":200,"srcset":"https:\/\/i0.wp.com\/lahoradelcampo.com.uy\/site\/wp-content\/uploads\/2019\/05\/Faena-1.jpg?fit=880%2C440&resize=350%2C200 1x, https:\/\/i0.wp.com\/lahoradelcampo.com.uy\/site\/wp-content\/uploads\/2019\/05\/Faena-1.jpg?fit=880%2C440&resize=525%2C300 1.5x, https:\/\/i0.wp.com\/lahoradelcampo.com.uy\/site\/wp-content\/uploads\/2019\/05\/Faena-1.jpg?fit=880%2C440&resize=700%2C400 2x"},"classes":[]},{"id":11699,"url":"http:\/\/lahoradelcampo.com.uy\/site\/faena-vacuna-continua-descendiendo\/","url_meta":{"origin":16712,"position":1},"title":"Faena vacuna contin\u00faa descendiendo","author":"La Hora del Campo ADMIN","date":"10 junio, 2019","format":false,"excerpt":"La faena vacuna volvi\u00f3 a caer est\u00e1 semana, disminuyendo un 5% respecto a la semana previa que hab\u00eda registrado un d\u00eda menos de actividad. De acuerdo a la informaci\u00f3n del Instituto Nacional de Carnes (INAC), en la semana del 2 al 8 de junio de 2019 la faena se posicion\u00f3\u2026","rel":"","context":"En \u00abActualidad\u00bb","block_context":{"text":"Actualidad","link":"http:\/\/lahoradelcampo.com.uy\/site\/category\/actualidad\/"},"img":{"alt_text":"","src":"https:\/\/i0.wp.com\/lahoradelcampo.com.uy\/site\/wp-content\/uploads\/2019\/06\/Adobe_20190610_175544.jpg?fit=880%2C440&resize=350%2C200","width":350,"height":200,"srcset":"https:\/\/i0.wp.com\/lahoradelcampo.com.uy\/site\/wp-content\/uploads\/2019\/06\/Adobe_20190610_175544.jpg?fit=880%2C440&resize=350%2C200 1x, https:\/\/i0.wp.com\/lahoradelcampo.com.uy\/site\/wp-content\/uploads\/2019\/06\/Adobe_20190610_175544.jpg?fit=880%2C440&resize=525%2C300 1.5x, https:\/\/i0.wp.com\/lahoradelcampo.com.uy\/site\/wp-content\/uploads\/2019\/06\/Adobe_20190610_175544.jpg?fit=880%2C440&resize=700%2C400 2x"},"classes":[]},{"id":45867,"url":"http:\/\/lahoradelcampo.com.uy\/site\/faena-vacuna-crecio-un-19-y-la-ovina-57\/","url_meta":{"origin":16712,"position":2},"title":"Faena vacuna creci\u00f3 un 19% y la ovina 5,7%","author":"La Hora del Campo","date":"27 septiembre, 2022","format":false,"excerpt":"Sin los ganados de corral y con 26 plantas activas, de las 33 que han estado activas en lo que va del a\u00f1o, la faena vacuna subi\u00f3 un 19%. Se debe tener en cuenta que la informaci\u00f3n de la pasada semana ten\u00eda en cuenta un d\u00eda menos de actividad por\u2026","rel":"","context":"En \u00abActualidad\u00bb","block_context":{"text":"Actualidad","link":"http:\/\/lahoradelcampo.com.uy\/site\/category\/actualidad\/"},"img":{"alt_text":"","src":"https:\/\/i0.wp.com\/lahoradelcampo.com.uy\/site\/wp-content\/uploads\/2022\/07\/FAENA-vacuna1.jpg?fit=880%2C440&resize=350%2C200","width":350,"height":200,"srcset":"https:\/\/i0.wp.com\/lahoradelcampo.com.uy\/site\/wp-content\/uploads\/2022\/07\/FAENA-vacuna1.jpg?fit=880%2C440&resize=350%2C200 1x, https:\/\/i0.wp.com\/lahoradelcampo.com.uy\/site\/wp-content\/uploads\/2022\/07\/FAENA-vacuna1.jpg?fit=880%2C440&resize=525%2C300 1.5x, https:\/\/i0.wp.com\/lahoradelcampo.com.uy\/site\/wp-content\/uploads\/2022\/07\/FAENA-vacuna1.jpg?fit=880%2C440&resize=700%2C400 2x"},"classes":[]},{"id":15436,"url":"http:\/\/lahoradelcampo.com.uy\/site\/la-faena-vacuna-semanal-crecio-un-35\/","url_meta":{"origin":16712,"position":3},"title":"La faena vacuna semanal creci\u00f3 un 3,5%","author":"La Hora del Campo","date":"29 octubre, 2019","format":false,"excerpt":"Seg\u00fan los datos aportados por el Instituto Nacional de Carnes, la faena vacuna creci\u00f3 un 3,5% en la \u00faltima semana, tras la recuperaci\u00f3n en el volumen de vacas y novillos en la actividad industrial. Durante los \u00faltimos siete d\u00edas, al 26 de octubre, la faena alcanz\u00f3 las 34.563 cabezas. En\u2026","rel":"","context":"En \u00abActualidad\u00bb","block_context":{"text":"Actualidad","link":"http:\/\/lahoradelcampo.com.uy\/site\/category\/actualidad\/"},"img":{"alt_text":"","src":"https:\/\/i0.wp.com\/lahoradelcampo.com.uy\/site\/wp-content\/uploads\/2017\/10\/faena-vacuna.jpg?fit=880%2C440&resize=350%2C200","width":350,"height":200,"srcset":"https:\/\/i0.wp.com\/lahoradelcampo.com.uy\/site\/wp-content\/uploads\/2017\/10\/faena-vacuna.jpg?fit=880%2C440&resize=350%2C200 1x, https:\/\/i0.wp.com\/lahoradelcampo.com.uy\/site\/wp-content\/uploads\/2017\/10\/faena-vacuna.jpg?fit=880%2C440&resize=525%2C300 1.5x, https:\/\/i0.wp.com\/lahoradelcampo.com.uy\/site\/wp-content\/uploads\/2017\/10\/faena-vacuna.jpg?fit=880%2C440&resize=700%2C400 2x"},"classes":[]},{"id":16866,"url":"http:\/\/lahoradelcampo.com.uy\/site\/faena-vacuna-crecio-un-1085-y-comienza-a-recuperarse\/","url_meta":{"origin":16712,"position":4},"title":"Faena vacuna creci\u00f3 un 108,5% y comienza a recuperarse","author":"La Hora del Campo","date":"14 enero, 2020","format":false,"excerpt":"La faena vacuna creci\u00f3 un 108,5% en la pasada semana, luego de haber ca\u00eddo estrepitosamente en la primera semana del a\u00f1o. Esta recuperaci\u00f3n vino acompa\u00f1ada del retorno a la actividad de varias plantas frigor\u00edficas, entre ellas tres de las cuatro del grupo Marfrig y BPU entre otras. En la \u00faltima\u2026","rel":"","context":"En \u00abActualidad\u00bb","block_context":{"text":"Actualidad","link":"http:\/\/lahoradelcampo.com.uy\/site\/category\/actualidad\/"},"img":{"alt_text":"","src":"https:\/\/i0.wp.com\/lahoradelcampo.com.uy\/site\/wp-content\/uploads\/2017\/10\/Faena.jpg?fit=880%2C440&resize=350%2C200","width":350,"height":200,"srcset":"https:\/\/i0.wp.com\/lahoradelcampo.com.uy\/site\/wp-content\/uploads\/2017\/10\/Faena.jpg?fit=880%2C440&resize=350%2C200 1x, https:\/\/i0.wp.com\/lahoradelcampo.com.uy\/site\/wp-content\/uploads\/2017\/10\/Faena.jpg?fit=880%2C440&resize=525%2C300 1.5x, https:\/\/i0.wp.com\/lahoradelcampo.com.uy\/site\/wp-content\/uploads\/2017\/10\/Faena.jpg?fit=880%2C440&resize=700%2C400 2x"},"classes":[]},{"id":49780,"url":"http:\/\/lahoradelcampo.com.uy\/site\/la-faena-vacuna-cayo-un-109-al-1-de-abril\/","url_meta":{"origin":16712,"position":5},"title":"La faena vacuna cay\u00f3 un 10,9% al 1 de abril","author":"La Hora del Campo","date":"4 abril, 2023","format":false,"excerpt":"La faena vacuna en Uruguay contin\u00faa en descenso, alcanzando un 10,9% de disminuci\u00f3n en la semana del 26 de marzo al 1 de abril de 2023 en comparaci\u00f3n con la semana anterior, seg\u00fan el informe semanal del Instituto Nacional de Carnes (INAC). La menor oferta de ganado terminado debido a\u2026","rel":"","context":"En \u00abActualidad\u00bb","block_context":{"text":"Actualidad","link":"http:\/\/lahoradelcampo.com.uy\/site\/category\/actualidad\/"},"img":{"alt_text":"","src":"https:\/\/i0.wp.com\/lahoradelcampo.com.uy\/site\/wp-content\/uploads\/2020\/06\/Faena-vacuna.jpg?fit=880%2C440&resize=350%2C200","width":350,"height":200,"srcset":"https:\/\/i0.wp.com\/lahoradelcampo.com.uy\/site\/wp-content\/uploads\/2020\/06\/Faena-vacuna.jpg?fit=880%2C440&resize=350%2C200 1x, https:\/\/i0.wp.com\/lahoradelcampo.com.uy\/site\/wp-content\/uploads\/2020\/06\/Faena-vacuna.jpg?fit=880%2C440&resize=525%2C300 1.5x, https:\/\/i0.wp.com\/lahoradelcampo.com.uy\/site\/wp-content\/uploads\/2020\/06\/Faena-vacuna.jpg?fit=880%2C440&resize=700%2C400 2x"},"classes":[]}],"jetpack_likes_enabled":true,"_links":{"self":[{"href":"http:\/\/lahoradelcampo.com.uy\/site\/wp-json\/wp\/v2\/posts\/16712","targetHints":{"allow":["GET"]}}],"collection":[{"href":"http:\/\/lahoradelcampo.com.uy\/site\/wp-json\/wp\/v2\/posts"}],"about":[{"href":"http:\/\/lahoradelcampo.com.uy\/site\/wp-json\/wp\/v2\/types\/post"}],"author":[{"embeddable":true,"href":"http:\/\/lahoradelcampo.com.uy\/site\/wp-json\/wp\/v2\/users\/5"}],"replies":[{"embeddable":true,"href":"http:\/\/lahoradelcampo.com.uy\/site\/wp-json\/wp\/v2\/comments?post=16712"}],"version-history":[{"count":1,"href":"http:\/\/lahoradelcampo.com.uy\/site\/wp-json\/wp\/v2\/posts\/16712\/revisions"}],"predecessor-version":[{"id":16714,"href":"http:\/\/lahoradelcampo.com.uy\/site\/wp-json\/wp\/v2\/posts\/16712\/revisions\/16714"}],"wp:featuredmedia":[{"embeddable":true,"href":"http:\/\/lahoradelcampo.com.uy\/site\/wp-json\/wp\/v2\/media\/1743"}],"wp:attachment":[{"href":"http:\/\/lahoradelcampo.com.uy\/site\/wp-json\/wp\/v2\/media?parent=16712"}],"wp:term":[{"taxonomy":"category","embeddable":true,"href":"http:\/\/lahoradelcampo.com.uy\/site\/wp-json\/wp\/v2\/categories?post=16712"},{"taxonomy":"post_tag","embeddable":true,"href":"http:\/\/lahoradelcampo.com.uy\/site\/wp-json\/wp\/v2\/tags?post=16712"}],"curies":[{"name":"wp","href":"https:\/\/api.w.org\/{rel}","templated":true}]}}