{"id":16708,"date":"2020-01-06T06:10:46","date_gmt":"2020-01-06T09:10:46","guid":{"rendered":"http:\/\/lahoradelcampo.com.uy\/site\/?p=16708"},"modified":"2020-01-05T11:12:29","modified_gmt":"2020-01-05T14:12:29","slug":"el-promedio-de-fonterra-subio-un-3-en-2019","status":"publish","type":"post","link":"http:\/\/lahoradelcampo.com.uy\/site\/el-promedio-de-fonterra-subio-un-3-en-2019\/","title":{"rendered":"El promedio de Fonterra subi\u00f3 un 3% en 2019"},"content":{"rendered":"\n<figure class=\"wp-block-image\"><img data-recalc-dims=\"1\" loading=\"lazy\" decoding=\"async\" width=\"810\" height=\"405\" data-attachment-id=\"2845\" data-permalink=\"http:\/\/lahoradelcampo.com.uy\/site\/bajo-nuevamente-el-indicador-de-fonterra\/fonterra-4\/\" data-orig-file=\"https:\/\/i0.wp.com\/lahoradelcampo.com.uy\/site\/wp-content\/uploads\/2017\/10\/Fonterra-1.jpg?fit=880%2C440\" data-orig-size=\"880,440\" data-comments-opened=\"1\" data-image-meta=\"{&quot;aperture&quot;:&quot;0&quot;,&quot;credit&quot;:&quot;Vicente-Manuel-Tort&quot;,&quot;camera&quot;:&quot;&quot;,&quot;caption&quot;:&quot;&quot;,&quot;created_timestamp&quot;:&quot;0&quot;,&quot;copyright&quot;:&quot;Presidencia de la Republica - Sec.Com.Inst.&quot;,&quot;focal_length&quot;:&quot;0&quot;,&quot;iso&quot;:&quot;0&quot;,&quot;shutter_speed&quot;:&quot;0&quot;,&quot;title&quot;:&quot;&quot;,&quot;orientation&quot;:&quot;1&quot;}\" data-image-title=\"Fonterra\" data-image-description=\"\" data-image-caption=\"\" data-large-file=\"https:\/\/i0.wp.com\/lahoradelcampo.com.uy\/site\/wp-content\/uploads\/2017\/10\/Fonterra-1.jpg?fit=810%2C405\" src=\"https:\/\/i0.wp.com\/lahoradelcampo.com.uy\/site\/wp-content\/uploads\/2017\/10\/Fonterra-1.jpg?resize=810%2C405\" alt=\"\" class=\"wp-image-2845\" srcset=\"https:\/\/i0.wp.com\/lahoradelcampo.com.uy\/site\/wp-content\/uploads\/2017\/10\/Fonterra-1.jpg?w=880 880w, https:\/\/i0.wp.com\/lahoradelcampo.com.uy\/site\/wp-content\/uploads\/2017\/10\/Fonterra-1.jpg?resize=300%2C150 300w, https:\/\/i0.wp.com\/lahoradelcampo.com.uy\/site\/wp-content\/uploads\/2017\/10\/Fonterra-1.jpg?resize=768%2C384 768w, https:\/\/i0.wp.com\/lahoradelcampo.com.uy\/site\/wp-content\/uploads\/2017\/10\/Fonterra-1.jpg?resize=820%2C410 820w\" sizes=\"auto, (max-width: 810px) 100vw, 810px\" \/><\/figure>\n\n\n\n<p>Las ventas a\ntrav\u00e9s de la plataforma electr\u00f3nica Globaldairytrade, donde comercializa la\nneozelandesa Fonterra, finaliz\u00f3 2019 con un valor promedio anual de US$ 3.320\npara todos los productos l\u00e1cteos comercializados, registrando as\u00ed un incremento\ndel 3% respecto al promedio del a\u00f1o anterior, en un per\u00edodo de altibajos y con\nun volumen de venta un 0,36% inferior. <\/p>\n\n\n\n<p>Este incremento\ntambi\u00e9n se vio reflejado en los valores promedios de las referencias para los\nprincipales productos de exportaci\u00f3n de Uruguay. En este sentido la Leche en\nPolvo Descremada (LPD) fue la que registr\u00f3 el mayor aumento (32%), en tanto que\nla Leche en Polvo Entera (LPE) creci\u00f3 un 4% y el Queso Cheddar un 7%.<\/p>\n\n\n\n<p>El a\u00f1o ha sido de\nsubas y bajas, sin embargo desde setiembre la LPD registr\u00f3 una secuencia alcista\nen el promedio de las ventas que la llev\u00f3 a superar los US$ 3.000 por tonelada.\nSin embargo, en la \u00faltima licitaci\u00f3n de 2019 se registr\u00f3 una baja general del\nmercado y de este producto en particular. &nbsp;El promedio para la LPD fue de US$ 2.569 por\ntonelada en 2019, lo que represent\u00f3 un aumento del 32% respecto al a\u00f1o previo. <\/p>\n\n\n\n<p>Para la LPE el a\u00f1o\ntambi\u00e9n fue inestable pero a pesar de ello, luego de superar los US$ 3.000 en\nla tercera licitaci\u00f3n del a\u00f1o, pr\u00e1cticamente no cay\u00f3 de ese n\u00famero. El promedio\npara la LPE fue de US$ 3.118 por tonelada, registrando as\u00ed una suba del 4%\nrespecto a 2018. <\/p>\n\n\n\n<p>El Cheddar subi\u00f3 un\n7% durante el \u00faltimo a\u00f1o, con un promedio anual de US$ 3.863 por tonelada. <\/p>\n\n\n\n<p><strong>Pr\u00f3xima venta<\/strong><\/p>\n\n\n\n<p>En la jornada de\neste martes 7 de enero de 2020, se desarrolla la primera licitaci\u00f3n del a\u00f1o.\nM\u00e1s all\u00e1 de los promedios anuales, la \u00faltima licitaci\u00f3n del a\u00f1o pasado cerr\u00f3 a\nUS$ 3.302 por tonelada. Por su parte la LPE cerr\u00f3 a US$ 3.099 por tonelada, la\nLPD en US$ 2.867 y el Cheddar en US$ 3.869. <\/p>\n","protected":false},"excerpt":{"rendered":"<p>Las ventas a trav\u00e9s de la plataforma electr\u00f3nica Globaldairytrade, donde comercializa la neozelandesa Fonterra, finaliz\u00f3 2019 con un valor promedio anual de US$ 3.320 para todos los productos l\u00e1cteos comercializados, [&hellip;]<\/p>\n","protected":false},"author":5,"featured_media":2845,"comment_status":"open","ping_status":"open","sticky":false,"template":"","format":"standard","meta":{"_price":"","_stock":"","_tribe_ticket_header":"","_tribe_default_ticket_provider":"","_tribe_ticket_capacity":"0","_ticket_start_date":"","_ticket_end_date":"","_tribe_ticket_show_description":"","_tribe_ticket_show_not_going":false,"_tribe_ticket_use_global_stock":"","_tribe_ticket_global_stock_level":"","_global_stock_mode":"","_global_stock_cap":"","_tribe_rsvp_for_event":"","_tribe_ticket_going_count":"","_tribe_ticket_not_going_count":"","_tribe_tickets_list":"[]","_tribe_ticket_has_attendee_info_fields":false,"h5ap_radio_sources":[],"_jetpack_newsletter_access":"","_jetpack_dont_email_post_to_subs":false,"_jetpack_newsletter_tier_id":0,"_jetpack_memberships_contains_paywalled_content":false,"_jetpack_memberships_contains_paid_content":false,"footnotes":""},"categories":[21,11],"tags":[],"class_list":["post-16708","post","type-post","status-publish","format-standard","has-post-thumbnail","hentry","category-actualidad","category-lecheria"],"jetpack_featured_media_url":"https:\/\/i0.wp.com\/lahoradelcampo.com.uy\/site\/wp-content\/uploads\/2017\/10\/Fonterra-1.jpg?fit=880%2C440","jetpack_sharing_enabled":true,"jetpack_shortlink":"https:\/\/wp.me\/p99IaT-4lu","jetpack-related-posts":[{"id":5289,"url":"http:\/\/lahoradelcampo.com.uy\/site\/mejoraron-los-precios-en-la-primera-licitacion-del-ano-de-fonterra\/","url_meta":{"origin":16708,"position":0},"title":"Mejoraron los precios en la primera licitaci\u00f3n del a\u00f1o de Fonterra","author":"La Hora del Campo","date":"2 enero, 2018","format":false,"excerpt":"En la jornada de ayer se registr\u00f3 la primera licitaci\u00f3n del a\u00f1o 2018 de la neozelandesa Fonterra a trav\u00e9s de la plataforma electr\u00f3nica Global Dairy Trade. En esta oportunidad se registr\u00f3 un incremento en el \u00edndice global de los precios, del 2,2% respecto al evento anterior. El valor promedio de\u2026","rel":"","context":"En \u00abActualidad\u00bb","block_context":{"text":"Actualidad","link":"http:\/\/lahoradelcampo.com.uy\/site\/category\/actualidad\/"},"img":{"alt_text":"","src":"https:\/\/i0.wp.com\/lahoradelcampo.com.uy\/site\/wp-content\/uploads\/2017\/09\/Fonterra.jpg?fit=880%2C440&resize=350%2C200","width":350,"height":200,"srcset":"https:\/\/i0.wp.com\/lahoradelcampo.com.uy\/site\/wp-content\/uploads\/2017\/09\/Fonterra.jpg?fit=880%2C440&resize=350%2C200 1x, https:\/\/i0.wp.com\/lahoradelcampo.com.uy\/site\/wp-content\/uploads\/2017\/09\/Fonterra.jpg?fit=880%2C440&resize=525%2C300 1.5x, https:\/\/i0.wp.com\/lahoradelcampo.com.uy\/site\/wp-content\/uploads\/2017\/09\/Fonterra.jpg?fit=880%2C440&resize=700%2C400 2x"},"classes":[]},{"id":17034,"url":"http:\/\/lahoradelcampo.com.uy\/site\/promedio-de-los-lacteos-volvio-a-subir-en-la-licitacion-de-fonterra\/","url_meta":{"origin":16708,"position":1},"title":"Promedio de los l\u00e1cteos volvi\u00f3 a subir en la licitaci\u00f3n de Fonterra","author":"La Hora del Campo","date":"22 enero, 2020","format":false,"excerpt":"En la segunda licitaci\u00f3n del a\u00f1o, de la neozelandesa Fonterra, a trav\u00e9s de la plataforma electr\u00f3nica GlobalDairyTrade, el mercado volvi\u00f3 a cotizar al alza, con una suba del 1,7% sobre la primera venta del a\u00f1o, cerrando a US$ 3.434 por tonelada en promedio para todos los productos l\u00e1cteos comercializados. El\u2026","rel":"","context":"En \u00abActualidad\u00bb","block_context":{"text":"Actualidad","link":"http:\/\/lahoradelcampo.com.uy\/site\/category\/actualidad\/"},"img":{"alt_text":"","src":"https:\/\/i0.wp.com\/lahoradelcampo.com.uy\/site\/wp-content\/uploads\/2017\/10\/Fonterra-1.jpg?fit=880%2C440&resize=350%2C200","width":350,"height":200,"srcset":"https:\/\/i0.wp.com\/lahoradelcampo.com.uy\/site\/wp-content\/uploads\/2017\/10\/Fonterra-1.jpg?fit=880%2C440&resize=350%2C200 1x, https:\/\/i0.wp.com\/lahoradelcampo.com.uy\/site\/wp-content\/uploads\/2017\/10\/Fonterra-1.jpg?fit=880%2C440&resize=525%2C300 1.5x, https:\/\/i0.wp.com\/lahoradelcampo.com.uy\/site\/wp-content\/uploads\/2017\/10\/Fonterra-1.jpg?fit=880%2C440&resize=700%2C400 2x"},"classes":[]},{"id":12379,"url":"http:\/\/lahoradelcampo.com.uy\/site\/volvio-a-caer-el-indice-promedio-de-los-lacteos-en-licitacion-de-fonterra\/","url_meta":{"origin":16708,"position":2},"title":"Volvi\u00f3 a caer el \u00edndice promedio de los l\u00e1cteos en licitaci\u00f3n de Fonterra","author":"La Hora del Campo","date":"3 julio, 2019","format":false,"excerpt":"La plataforma electr\u00f3nica GlobalDairyTrade realiz\u00f3 en la jornada de ayer su primera licitaci\u00f3n del mes de julio, con un nuevo descenso en el valor promedio de los l\u00e1cteos comercializados. En ese contexto bajista \u00fanicamente la Leche en Polvo Descremada logr\u00f3 cerrar en terreno positivo. El promedio de los l\u00e1cteos cerr\u00f3\u2026","rel":"","context":"En \u00abActualidad\u00bb","block_context":{"text":"Actualidad","link":"http:\/\/lahoradelcampo.com.uy\/site\/category\/actualidad\/"},"img":{"alt_text":"","src":"https:\/\/i0.wp.com\/lahoradelcampo.com.uy\/site\/wp-content\/uploads\/2018\/05\/Fonterra.jpg?fit=880%2C440&resize=350%2C200","width":350,"height":200,"srcset":"https:\/\/i0.wp.com\/lahoradelcampo.com.uy\/site\/wp-content\/uploads\/2018\/05\/Fonterra.jpg?fit=880%2C440&resize=350%2C200 1x, https:\/\/i0.wp.com\/lahoradelcampo.com.uy\/site\/wp-content\/uploads\/2018\/05\/Fonterra.jpg?fit=880%2C440&resize=525%2C300 1.5x, https:\/\/i0.wp.com\/lahoradelcampo.com.uy\/site\/wp-content\/uploads\/2018\/05\/Fonterra.jpg?fit=880%2C440&resize=700%2C400 2x"},"classes":[]},{"id":45315,"url":"http:\/\/lahoradelcampo.com.uy\/site\/fonterra-quebro-la-tendencia-a-la-baja-y-cotizo-un-49-al-alza\/","url_meta":{"origin":16708,"position":3},"title":"Fonterra quebr\u00f3 la tendencia a la baja y cotiz\u00f3 un 4,9% al alza","author":"La Hora del Campo","date":"7 septiembre, 2022","format":false,"excerpt":"Ayer se realiz\u00f3 la licitaci\u00f3n 315 en la plataforma electr\u00f3nica GlobalDairyTrade (GDT) donde comercializa principalmente la neozelandesa Fonterra, con un quiebre en la tendencia bajista de cinco ventas consecutivas en el caracter\u00edstico evento de comercializaci\u00f3n. En tanto que la Leche en Polvo Entera (LPE) tambi\u00e9n detuvo la baja que acumulaba\u2026","rel":"","context":"En \u00abActualidad\u00bb","block_context":{"text":"Actualidad","link":"http:\/\/lahoradelcampo.com.uy\/site\/category\/actualidad\/"},"img":{"alt_text":"","src":"https:\/\/i0.wp.com\/lahoradelcampo.com.uy\/site\/wp-content\/uploads\/2021\/11\/Fonterra3.jpg?fit=880%2C440&resize=350%2C200","width":350,"height":200,"srcset":"https:\/\/i0.wp.com\/lahoradelcampo.com.uy\/site\/wp-content\/uploads\/2021\/11\/Fonterra3.jpg?fit=880%2C440&resize=350%2C200 1x, https:\/\/i0.wp.com\/lahoradelcampo.com.uy\/site\/wp-content\/uploads\/2021\/11\/Fonterra3.jpg?fit=880%2C440&resize=525%2C300 1.5x, https:\/\/i0.wp.com\/lahoradelcampo.com.uy\/site\/wp-content\/uploads\/2021\/11\/Fonterra3.jpg?fit=880%2C440&resize=700%2C400 2x"},"classes":[]},{"id":42551,"url":"http:\/\/lahoradelcampo.com.uy\/site\/promedio-en-la-segunda-licitacion-de-fonterra-cerro-en-alza\/","url_meta":{"origin":16708,"position":4},"title":"Promedio en la segunda licitaci\u00f3n de Fonterra cerr\u00f3 en alza","author":"La Hora del Campo","date":"8 junio, 2022","format":false,"excerpt":"En la jornada de ayer se realiz\u00f3 la primera licitaci\u00f3n del mes de junio a trav\u00e9s de la plataforma electr\u00f3nica GlobalDairyTrade, con un incremento promedio de los l\u00e1cteos del 1,5%. Con una variaci\u00f3n al alza en el precio de la leche en polvo entera del 5,7% respecto a la venta\u2026","rel":"","context":"En \u00abActualidad\u00bb","block_context":{"text":"Actualidad","link":"http:\/\/lahoradelcampo.com.uy\/site\/category\/actualidad\/"},"img":{"alt_text":"","src":"https:\/\/i0.wp.com\/lahoradelcampo.com.uy\/site\/wp-content\/uploads\/2019\/07\/Fonterra-1.jpg?fit=880%2C440&resize=350%2C200","width":350,"height":200,"srcset":"https:\/\/i0.wp.com\/lahoradelcampo.com.uy\/site\/wp-content\/uploads\/2019\/07\/Fonterra-1.jpg?fit=880%2C440&resize=350%2C200 1x, https:\/\/i0.wp.com\/lahoradelcampo.com.uy\/site\/wp-content\/uploads\/2019\/07\/Fonterra-1.jpg?fit=880%2C440&resize=525%2C300 1.5x, https:\/\/i0.wp.com\/lahoradelcampo.com.uy\/site\/wp-content\/uploads\/2019\/07\/Fonterra-1.jpg?fit=880%2C440&resize=700%2C400 2x"},"classes":[]},{"id":36651,"url":"http:\/\/lahoradelcampo.com.uy\/site\/septima-suba-consecutiva-de-los-lacteos-en-fonterra\/","url_meta":{"origin":16708,"position":5},"title":"S\u00e9ptima suba consecutiva de los l\u00e1cteos en Fonterra","author":"La Hora del Campo","date":"17 noviembre, 2021","format":false,"excerpt":"Los contratos a futuro de los l\u00e1cteos en Nueva Zelanda ven\u00edan marcando desde la pasada semana, una firmeza muy importante para los valores de la Leche en Polvo Entera, tanto en los contratos m\u00e1s cercanos como tambi\u00e9n hacia julio de 2022, situaci\u00f3n que se traslado tambi\u00e9n a los valores alcanzados\u2026","rel":"","context":"En \u00abActualidad\u00bb","block_context":{"text":"Actualidad","link":"http:\/\/lahoradelcampo.com.uy\/site\/category\/actualidad\/"},"img":{"alt_text":"","src":"https:\/\/i0.wp.com\/lahoradelcampo.com.uy\/site\/wp-content\/uploads\/2017\/10\/Fonterra-1.jpg?fit=880%2C440&resize=350%2C200","width":350,"height":200,"srcset":"https:\/\/i0.wp.com\/lahoradelcampo.com.uy\/site\/wp-content\/uploads\/2017\/10\/Fonterra-1.jpg?fit=880%2C440&resize=350%2C200 1x, https:\/\/i0.wp.com\/lahoradelcampo.com.uy\/site\/wp-content\/uploads\/2017\/10\/Fonterra-1.jpg?fit=880%2C440&resize=525%2C300 1.5x, https:\/\/i0.wp.com\/lahoradelcampo.com.uy\/site\/wp-content\/uploads\/2017\/10\/Fonterra-1.jpg?fit=880%2C440&resize=700%2C400 2x"},"classes":[]}],"jetpack_likes_enabled":true,"_links":{"self":[{"href":"http:\/\/lahoradelcampo.com.uy\/site\/wp-json\/wp\/v2\/posts\/16708","targetHints":{"allow":["GET"]}}],"collection":[{"href":"http:\/\/lahoradelcampo.com.uy\/site\/wp-json\/wp\/v2\/posts"}],"about":[{"href":"http:\/\/lahoradelcampo.com.uy\/site\/wp-json\/wp\/v2\/types\/post"}],"author":[{"embeddable":true,"href":"http:\/\/lahoradelcampo.com.uy\/site\/wp-json\/wp\/v2\/users\/5"}],"replies":[{"embeddable":true,"href":"http:\/\/lahoradelcampo.com.uy\/site\/wp-json\/wp\/v2\/comments?post=16708"}],"version-history":[{"count":1,"href":"http:\/\/lahoradelcampo.com.uy\/site\/wp-json\/wp\/v2\/posts\/16708\/revisions"}],"predecessor-version":[{"id":16710,"href":"http:\/\/lahoradelcampo.com.uy\/site\/wp-json\/wp\/v2\/posts\/16708\/revisions\/16710"}],"wp:featuredmedia":[{"embeddable":true,"href":"http:\/\/lahoradelcampo.com.uy\/site\/wp-json\/wp\/v2\/media\/2845"}],"wp:attachment":[{"href":"http:\/\/lahoradelcampo.com.uy\/site\/wp-json\/wp\/v2\/media?parent=16708"}],"wp:term":[{"taxonomy":"category","embeddable":true,"href":"http:\/\/lahoradelcampo.com.uy\/site\/wp-json\/wp\/v2\/categories?post=16708"},{"taxonomy":"post_tag","embeddable":true,"href":"http:\/\/lahoradelcampo.com.uy\/site\/wp-json\/wp\/v2\/tags?post=16708"}],"curies":[{"name":"wp","href":"https:\/\/api.w.org\/{rel}","templated":true}]}}