{"id":16678,"date":"2020-01-03T06:30:09","date_gmt":"2020-01-03T09:30:09","guid":{"rendered":"http:\/\/lahoradelcampo.com.uy\/site\/?p=16678"},"modified":"2020-01-02T22:33:25","modified_gmt":"2020-01-03T01:33:25","slug":"tips-para-reducir-efectos-negativos-del-estres-calorico","status":"publish","type":"post","link":"http:\/\/lahoradelcampo.com.uy\/site\/tips-para-reducir-efectos-negativos-del-estres-calorico\/","title":{"rendered":"Tips para reducir efectos negativos del estr\u00e9s cal\u00f3rico"},"content":{"rendered":"\n<figure class=\"wp-block-image\"><img data-recalc-dims=\"1\" loading=\"lazy\" decoding=\"async\" width=\"810\" height=\"405\" data-attachment-id=\"16672\" data-permalink=\"http:\/\/lahoradelcampo.com.uy\/site\/ovinos-inia-busca-lineas-de-padres-que-emitan-menos-metano\/herrera\/\" data-orig-file=\"https:\/\/i0.wp.com\/lahoradelcampo.com.uy\/site\/wp-content\/uploads\/2020\/01\/Herrera.jpg?fit=880%2C440\" data-orig-size=\"880,440\" data-comments-opened=\"1\" data-image-meta=\"{&quot;aperture&quot;:&quot;0&quot;,&quot;credit&quot;:&quot;&quot;,&quot;camera&quot;:&quot;&quot;,&quot;caption&quot;:&quot;&quot;,&quot;created_timestamp&quot;:&quot;0&quot;,&quot;copyright&quot;:&quot;&quot;,&quot;focal_length&quot;:&quot;0&quot;,&quot;iso&quot;:&quot;0&quot;,&quot;shutter_speed&quot;:&quot;0&quot;,&quot;title&quot;:&quot;&quot;,&quot;orientation&quot;:&quot;1&quot;}\" data-image-title=\"Herrera\" data-image-description=\"\" data-image-caption=\"\" data-large-file=\"https:\/\/i0.wp.com\/lahoradelcampo.com.uy\/site\/wp-content\/uploads\/2020\/01\/Herrera.jpg?fit=810%2C405\" src=\"https:\/\/i0.wp.com\/lahoradelcampo.com.uy\/site\/wp-content\/uploads\/2020\/01\/Herrera.jpg?resize=810%2C405\" alt=\"\" class=\"wp-image-16672\" srcset=\"https:\/\/i0.wp.com\/lahoradelcampo.com.uy\/site\/wp-content\/uploads\/2020\/01\/Herrera.jpg?w=880 880w, https:\/\/i0.wp.com\/lahoradelcampo.com.uy\/site\/wp-content\/uploads\/2020\/01\/Herrera.jpg?resize=300%2C150 300w, https:\/\/i0.wp.com\/lahoradelcampo.com.uy\/site\/wp-content\/uploads\/2020\/01\/Herrera.jpg?resize=768%2C384 768w, https:\/\/i0.wp.com\/lahoradelcampo.com.uy\/site\/wp-content\/uploads\/2020\/01\/Herrera.jpg?resize=820%2C410 820w\" sizes=\"auto, (max-width: 810px) 100vw, 810px\" \/><\/figure>\n\n\n\n<p>El verano es la estaci\u00f3n m\u00e1s calurosa del a\u00f1o, debido a las condiciones de altas temperaturas sumadas a los altos \u00edndices de humedad, los animales pueden sufrir de estr\u00e9s cal\u00f3rico o t\u00e9rmico. Esta situaci\u00f3n afecta a los animales negativamente, disminuyendo la productividad de los vacunos y en peores situaciones, poniendo en riesgo su supervivencia.<br><\/p>\n\n\n\n<p>La Dra. Valentina Herrera se refiere al estr\u00e9s cal\u00f3rico y como se pueden disminuir sus efectos en la productividad.<br><\/p>\n\n\n\n<p>Sombra<br><\/p>\n\n\n\n<p>En caso de no contar con sombra natural, se sugiere las artificiales (techos, cobertizos, media sombra). Su dimensi\u00f3n debe ser de 4 m de altura, 3- 4 m\u00b2\/animal y una inclinaci\u00f3n de 15\u00ba para que no se acumule agua, preferentemente con direcci\u00f3n norte-sur. Estas dimensiones evitan que los animales se estresen y desarrollen enfermedades.<br><\/p>\n\n\n\n<p>Agua<br><\/p>\n\n\n\n<p>Los animales deben tener acceso ad libitum a agua de bebida, la cual debe ser fresca y de buena calidad. El consumo de agua puede llegar a duplicarse (vacas en lactancia y novillos en terminaci\u00f3n consumen 80 litros por d\u00eda). El frente de bebedero deber\u00eda ser de 6 cm aproximadamente por animal.<br><\/p>\n\n\n\n<p>Manejo animal<br><\/p>\n\n\n\n<p>Evitar arreos, castraciones, vacunaciones y transportes durante las horas de mayor calor. Organizar los trabajos para terminar antes de que comience el calor, no esperar al pico de temperatura para finalizar. Los animales deben tener buen estado sanitario ya que un episodio de estr\u00e9s por calor podr\u00eda agudizar cualquier enfermedad.<br><\/p>\n\n\n\n<p>Alimentaci\u00f3n<br><\/p>\n\n\n\n<p>Se recomienda suministrar al ganado dietas con alto contenido energ\u00e9tico (dietas fr\u00edas). Recuerde que el animal frente al aumento de temperatura disminuye el consumo y aumenta requerimiento de energ\u00eda, por lo cual hay que darle mucha calidad nutricional en poca cantidad.<br><\/p>\n\n\n\n<p>Es importante para el productor conocer los s\u00edntomas de un cuadro de estr\u00e9s cal\u00f3rico: aumenta frecuencia respiratoria, jadeo, disminuci\u00f3n del consumo de alimentos y aumento del consumo de agua. En caso de ver un animal con aspecto muy grave se siguiere bajarle la temperatura de inmediato con ba\u00f1o de aspersi\u00f3n (manguera).<\/p>\n","protected":false},"excerpt":{"rendered":"<p>El verano es la estaci\u00f3n m\u00e1s calurosa del a\u00f1o, debido a las condiciones de altas temperaturas sumadas a los altos \u00edndices de humedad, los animales pueden sufrir de estr\u00e9s cal\u00f3rico [&hellip;]<\/p>\n","protected":false},"author":5,"featured_media":16672,"comment_status":"open","ping_status":"open","sticky":false,"template":"","format":"standard","meta":{"_price":"","_stock":"","_tribe_ticket_header":"","_tribe_default_ticket_provider":"","_tribe_ticket_capacity":"0","_ticket_start_date":"","_ticket_end_date":"","_tribe_ticket_show_description":"","_tribe_ticket_show_not_going":false,"_tribe_ticket_use_global_stock":"","_tribe_ticket_global_stock_level":"","_global_stock_mode":"","_global_stock_cap":"","_tribe_rsvp_for_event":"","_tribe_ticket_going_count":"","_tribe_ticket_not_going_count":"","_tribe_tickets_list":"[]","_tribe_ticket_has_attendee_info_fields":false,"h5ap_radio_sources":[],"_jetpack_newsletter_access":"","_jetpack_dont_email_post_to_subs":false,"_jetpack_newsletter_tier_id":0,"_jetpack_memberships_contains_paywalled_content":false,"_jetpack_memberships_contains_paid_content":false,"footnotes":""},"categories":[21,5],"tags":[],"class_list":["post-16678","post","type-post","status-publish","format-standard","has-post-thumbnail","hentry","category-actualidad","category-ganaderia"],"jetpack_featured_media_url":"https:\/\/i0.wp.com\/lahoradelcampo.com.uy\/site\/wp-content\/uploads\/2020\/01\/Herrera.jpg?fit=880%2C440","jetpack_sharing_enabled":true,"jetpack_shortlink":"https:\/\/wp.me\/p99IaT-4l0","jetpack-related-posts":[{"id":47575,"url":"http:\/\/lahoradelcampo.com.uy\/site\/como-reducir-los-efectos-negativos-del-estres-calorico-en-el-ganado-vacuno\/","url_meta":{"origin":16678,"position":0},"title":"C\u00f3mo reducir los efectos negativos del estr\u00e9s cal\u00f3rico  en el ganado vacuno","author":"La Hora del Campo","date":"12 diciembre, 2022","format":false,"excerpt":"Durante los d\u00edas de calor, los animales pueden sufrir de estr\u00e9s cal\u00f3rico o t\u00e9rmico. Esta situaci\u00f3n afecta a los animales negativamente, disminuyendo la productividad de los vacunos y en peores situaciones, poniendo en riesgo su supervivencia. La Dra. Valentina Herrera se refiere al estr\u00e9s cal\u00f3rico y c\u00f3mo se pueden disminuir\u2026","rel":"","context":"En \u00abActualidad\u00bb","block_context":{"text":"Actualidad","link":"http:\/\/lahoradelcampo.com.uy\/site\/category\/actualidad\/"},"img":{"alt_text":"","src":"https:\/\/i0.wp.com\/lahoradelcampo.com.uy\/site\/wp-content\/uploads\/2020\/01\/Herrera.jpg?fit=880%2C440&resize=350%2C200","width":350,"height":200,"srcset":"https:\/\/i0.wp.com\/lahoradelcampo.com.uy\/site\/wp-content\/uploads\/2020\/01\/Herrera.jpg?fit=880%2C440&resize=350%2C200 1x, https:\/\/i0.wp.com\/lahoradelcampo.com.uy\/site\/wp-content\/uploads\/2020\/01\/Herrera.jpg?fit=880%2C440&resize=525%2C300 1.5x, https:\/\/i0.wp.com\/lahoradelcampo.com.uy\/site\/wp-content\/uploads\/2020\/01\/Herrera.jpg?fit=880%2C440&resize=700%2C400 2x"},"classes":[]},{"id":38009,"url":"http:\/\/lahoradelcampo.com.uy\/site\/medidas-para-mitigar-el-estres-calorico\/","url_meta":{"origin":16678,"position":1},"title":"Medidas para mitigar el estr\u00e9s cal\u00f3rico","author":"La Hora del Campo","date":"3 enero, 2022","format":false,"excerpt":"El verano es la estaci\u00f3n m\u00e1s calurosa del a\u00f1o, debido a las condiciones de altas temperaturas sumadas a los altos \u00edndices de humedad, los animales pueden sufrir de estr\u00e9s cal\u00f3rico o t\u00e9rmico. Esta situaci\u00f3n afecta a los animales negativamente, disminuyendo la productividad de los vacunos y en peores situaciones, poniendo\u2026","rel":"","context":"En \u00abActualidad\u00bb","block_context":{"text":"Actualidad","link":"http:\/\/lahoradelcampo.com.uy\/site\/category\/actualidad\/"},"img":{"alt_text":"","src":"https:\/\/i0.wp.com\/lahoradelcampo.com.uy\/site\/wp-content\/uploads\/2020\/05\/Sequias.jpg?fit=880%2C440&resize=350%2C200","width":350,"height":200,"srcset":"https:\/\/i0.wp.com\/lahoradelcampo.com.uy\/site\/wp-content\/uploads\/2020\/05\/Sequias.jpg?fit=880%2C440&resize=350%2C200 1x, https:\/\/i0.wp.com\/lahoradelcampo.com.uy\/site\/wp-content\/uploads\/2020\/05\/Sequias.jpg?fit=880%2C440&resize=525%2C300 1.5x, https:\/\/i0.wp.com\/lahoradelcampo.com.uy\/site\/wp-content\/uploads\/2020\/05\/Sequias.jpg?fit=880%2C440&resize=700%2C400 2x"},"classes":[]},{"id":47979,"url":"http:\/\/lahoradelcampo.com.uy\/site\/sombra-agua-manejo-y-alimentacion-las-claves-para-disminuir-el-estres-calorico\/","url_meta":{"origin":16678,"position":2},"title":"Sombra, agua, manejo y alimentaci\u00f3n, las claves para disminuir el estr\u00e9s cal\u00f3rico","author":"La Hora del Campo","date":"10 enero, 2023","format":false,"excerpt":"Si bien estamos en verano y es normal que los term\u00f3metros registren altas temperaturas, durante la semana que comienza se registrar\u00e1 una nueva ola de calor, que adem\u00e1s de los picos en las temperaturas extremas, tambi\u00e9n traer\u00e1 noches c\u00e1lidas o \"tropical night\" como son conocidas. Es decir que son noches\u2026","rel":"","context":"En \u00abActualidad\u00bb","block_context":{"text":"Actualidad","link":"http:\/\/lahoradelcampo.com.uy\/site\/category\/actualidad\/"},"img":{"alt_text":"","src":"https:\/\/i0.wp.com\/lahoradelcampo.com.uy\/site\/wp-content\/uploads\/2023\/01\/Sombrayagua.jpg?fit=880%2C440&resize=350%2C200","width":350,"height":200,"srcset":"https:\/\/i0.wp.com\/lahoradelcampo.com.uy\/site\/wp-content\/uploads\/2023\/01\/Sombrayagua.jpg?fit=880%2C440&resize=350%2C200 1x, https:\/\/i0.wp.com\/lahoradelcampo.com.uy\/site\/wp-content\/uploads\/2023\/01\/Sombrayagua.jpg?fit=880%2C440&resize=525%2C300 1.5x, https:\/\/i0.wp.com\/lahoradelcampo.com.uy\/site\/wp-content\/uploads\/2023\/01\/Sombrayagua.jpg?fit=880%2C440&resize=700%2C400 2x"},"classes":[]},{"id":4431,"url":"http:\/\/lahoradelcampo.com.uy\/site\/inia-alerta-por-estres-calorico-en-vacas-lecheras\/","url_meta":{"origin":16678,"position":3},"title":"INIA alerta por estr\u00e9s cal\u00f3rico en vacas lecheras","author":"La Hora del Campo","date":"2 diciembre, 2017","format":false,"excerpt":"Del 5 al 12 de diciembre los diferentes informes meteorol\u00f3gicos que se han venido observando, desde diferentes empresas privadas, es una ausencia de precipitaciones y altos niveles de temperatura y h\u00famedad en todo el territorio nacional. La sede La Estanzuela del Instituto Nacional de Investigaci\u00f3n Agropecuaria (INIA), emiti\u00f3 un alerta\u2026","rel":"","context":"En \u00abLecher\u00eda\u00bb","block_context":{"text":"Lecher\u00eda","link":"http:\/\/lahoradelcampo.com.uy\/site\/category\/lecheria\/"},"img":{"alt_text":"","src":"https:\/\/i0.wp.com\/lahoradelcampo.com.uy\/site\/wp-content\/uploads\/2017\/12\/INIA.jpg?fit=880%2C440&resize=350%2C200","width":350,"height":200,"srcset":"https:\/\/i0.wp.com\/lahoradelcampo.com.uy\/site\/wp-content\/uploads\/2017\/12\/INIA.jpg?fit=880%2C440&resize=350%2C200 1x, https:\/\/i0.wp.com\/lahoradelcampo.com.uy\/site\/wp-content\/uploads\/2017\/12\/INIA.jpg?fit=880%2C440&resize=525%2C300 1.5x, https:\/\/i0.wp.com\/lahoradelcampo.com.uy\/site\/wp-content\/uploads\/2017\/12\/INIA.jpg?fit=880%2C440&resize=700%2C400 2x"},"classes":[]},{"id":17014,"url":"http:\/\/lahoradelcampo.com.uy\/site\/mas-de-1-000-novillos-se-perdieron-por-estres-calorico-al-cierre-de-2019\/","url_meta":{"origin":16678,"position":4},"title":"M\u00e1s de 1.000 novillos se perdieron por estr\u00e9s cal\u00f3rico al cierre de 2019","author":"La Hora del Campo","date":"21 enero, 2020","format":false,"excerpt":"En el departamento de Artigas se registr\u00f3 una mortandad de m\u00e1s de 200 novillos en un feedlot al cierre del a\u00f1o 2019 a consecuencia de las altas temperaturas que se registraron, la falta de sombra, de sistemas de aspersi\u00f3n para mojar a los animales, y de acuerdo a profesionales allegados\u2026","rel":"","context":"En \u00abActualidad\u00bb","block_context":{"text":"Actualidad","link":"http:\/\/lahoradelcampo.com.uy\/site\/category\/actualidad\/"},"img":{"alt_text":"","src":"https:\/\/i0.wp.com\/lahoradelcampo.com.uy\/site\/wp-content\/uploads\/2020\/01\/la-manna.jpg?fit=880%2C440&resize=350%2C200","width":350,"height":200,"srcset":"https:\/\/i0.wp.com\/lahoradelcampo.com.uy\/site\/wp-content\/uploads\/2020\/01\/la-manna.jpg?fit=880%2C440&resize=350%2C200 1x, https:\/\/i0.wp.com\/lahoradelcampo.com.uy\/site\/wp-content\/uploads\/2020\/01\/la-manna.jpg?fit=880%2C440&resize=525%2C300 1.5x, https:\/\/i0.wp.com\/lahoradelcampo.com.uy\/site\/wp-content\/uploads\/2020\/01\/la-manna.jpg?fit=880%2C440&resize=700%2C400 2x"},"classes":[]},{"id":55414,"url":"http:\/\/lahoradelcampo.com.uy\/site\/agua-y-sombra-para-el-ganado-permite-evitar-perdidas-de-prenez\/","url_meta":{"origin":16678,"position":5},"title":"Agua y sombra para el ganado permite evitar p\u00e9rdidas de pre\u00f1ez","author":"La Hora del Campo","date":"8 enero, 2025","format":false,"excerpt":"Con el verano comenzando, d\u00edas de calor y altas temperaturas generan estr\u00e9s tanto a nivel de los seres humanos como tambi\u00e9n de los animales, esto claramente puede causar varios problemas a nivel productivo, como la p\u00e9rdida de estado corporal del ganado, deshidrataci\u00f3n, p\u00e9rdidas de porcentajes de pre\u00f1ez y hasta muerte\u2026","rel":"","context":"En \u00abActualidad\u00bb","block_context":{"text":"Actualidad","link":"http:\/\/lahoradelcampo.com.uy\/site\/category\/actualidad\/"},"img":{"alt_text":"","src":"https:\/\/i0.wp.com\/lahoradelcampo.com.uy\/site\/wp-content\/uploads\/2020\/01\/Herrera.jpg?fit=880%2C440&resize=350%2C200","width":350,"height":200,"srcset":"https:\/\/i0.wp.com\/lahoradelcampo.com.uy\/site\/wp-content\/uploads\/2020\/01\/Herrera.jpg?fit=880%2C440&resize=350%2C200 1x, https:\/\/i0.wp.com\/lahoradelcampo.com.uy\/site\/wp-content\/uploads\/2020\/01\/Herrera.jpg?fit=880%2C440&resize=525%2C300 1.5x, https:\/\/i0.wp.com\/lahoradelcampo.com.uy\/site\/wp-content\/uploads\/2020\/01\/Herrera.jpg?fit=880%2C440&resize=700%2C400 2x"},"classes":[]}],"jetpack_likes_enabled":true,"_links":{"self":[{"href":"http:\/\/lahoradelcampo.com.uy\/site\/wp-json\/wp\/v2\/posts\/16678","targetHints":{"allow":["GET"]}}],"collection":[{"href":"http:\/\/lahoradelcampo.com.uy\/site\/wp-json\/wp\/v2\/posts"}],"about":[{"href":"http:\/\/lahoradelcampo.com.uy\/site\/wp-json\/wp\/v2\/types\/post"}],"author":[{"embeddable":true,"href":"http:\/\/lahoradelcampo.com.uy\/site\/wp-json\/wp\/v2\/users\/5"}],"replies":[{"embeddable":true,"href":"http:\/\/lahoradelcampo.com.uy\/site\/wp-json\/wp\/v2\/comments?post=16678"}],"version-history":[{"count":1,"href":"http:\/\/lahoradelcampo.com.uy\/site\/wp-json\/wp\/v2\/posts\/16678\/revisions"}],"predecessor-version":[{"id":16680,"href":"http:\/\/lahoradelcampo.com.uy\/site\/wp-json\/wp\/v2\/posts\/16678\/revisions\/16680"}],"wp:featuredmedia":[{"embeddable":true,"href":"http:\/\/lahoradelcampo.com.uy\/site\/wp-json\/wp\/v2\/media\/16672"}],"wp:attachment":[{"href":"http:\/\/lahoradelcampo.com.uy\/site\/wp-json\/wp\/v2\/media?parent=16678"}],"wp:term":[{"taxonomy":"category","embeddable":true,"href":"http:\/\/lahoradelcampo.com.uy\/site\/wp-json\/wp\/v2\/categories?post=16678"},{"taxonomy":"post_tag","embeddable":true,"href":"http:\/\/lahoradelcampo.com.uy\/site\/wp-json\/wp\/v2\/tags?post=16678"}],"curies":[{"name":"wp","href":"https:\/\/api.w.org\/{rel}","templated":true}]}}